{"id":1137,"date":"2024-03-04T17:37:15","date_gmt":"2024-03-04T20:37:15","guid":{"rendered":"https:\/\/www.djamilaribeiro.com.br\/?p=1137"},"modified":"2024-03-04T17:51:48","modified_gmt":"2024-03-04T20:51:48","slug":"short-anti-racist-guide-gets-dramatic-version-in-march","status":"publish","type":"post","link":"https:\/\/www.djamilaribeiro.com.br\/en\/short-anti-racist-guide-gets-dramatic-version-in-march\/","title":{"rendered":"&#8220;Short anti-racist guide&#8221; gets dramatic version in March"},"content":{"rendered":"<p>Loosely inspired by Djamila Ribeiro&#8217;s award-winning book, the play &#8220;Pequeno manual antirracista&#8221; (&#8220;Short anti-racist guide&#8221;) opens on March 15 at the Goethe Theater &#8211; Institut in Salvador. On her Instagram, the Brazilian philosopher talked about the news:<\/p>\n<p>&#8220;With great joy, I make this post: &#8220;Pequeno Manual Antirracista&#8221; has been adapted for the theater! With text and direction by the talented Aldri Anuncia\u00e7\u00e3o, produced by Mar\u00e9 Produ\u00e7\u00f5es Culturais and starring the dear Luana Xavier. A book that won over Brazil, read and studied in schools, universities, community libraries; present at educators&#8217; training, companies, Secret Santa, end-of-year parties. A book that has burst bubbles and surprises me every day with its reach and its contribution to anti-racist education. And now it has a new language, another look and perspective. It will reach other audiences, minds and hearts&#8221;.<\/p>\n<p>Djamila also thanked the staff of the play and invited everyone to the premiere: &#8220;I&#8217;ll be there to check it out and I look forward to seeing you!&#8221; she concluded.<\/p>\n<p><strong>Service:<\/strong><br \/>\n<em>Salvador season of &#8220;Pequeno Manual Antirracista&#8221; (&#8220;Short anti-racist guide&#8221;): from March 15th to 31st<\/em><br \/>\n<em>Sessions on Fridays (8pm), Saturdays (4pm and 8pm) and Sundays (5pm).<\/em><br \/>\n<em>Where: Teatro Goethe &#8211; Institut: Avenida Sete de Setembro, 1809, Salvador<\/em><br \/>\n<em>More information: @manualantirracistaapeca<\/em><\/p>\n","protected":false},"excerpt":{"rendered":"<p>Loosely inspired by Djamila Ribeiro&#8217;s award-winning book, the play &#8220;Pequeno manual antirracista&#8221; (&#8220;Short anti-racist guide&#8221;) opens on March 15 at the Goethe Theater &#8211; Institut in Salvador. On her Instagram, the Brazilian philosopher talked about the news: &#8220;With great joy, I make this post: &#8220;Pequeno Manual Antirracista&#8221; has been adapted for the theater! With text [&hellip;]<\/p>\n","protected":false},"author":1,"featured_media":1134,"comment_status":"open","ping_status":"open","sticky":false,"template":"","format":"standard","meta":{"inline_featured_image":false},"categories":[2],"tags":[192,193,75],"acf":[],"yoast_head":"<!-- This site is optimized with the Yoast SEO plugin v20.5 - https:\/\/yoast.com\/wordpress\/plugins\/seo\/ -->\n<title>&quot;Short anti-racist guide&quot; gets dramatic version in March - Djamila Ribeiro<\/title>\n<meta name=\"description\" content=\"Loosely inspired by Djamila Ribeiro&#039;s award-winning book, the play &quot;Pequeno manual antirracista&quot; (&quot;Short anti-racist guide&quot;) opens on March 15 in Salvador.\" \/>\n<meta name=\"robots\" content=\"index, follow, max-snippet:-1, max-image-preview:large, max-video-preview:-1\" \/>\n<link rel=\"canonical\" href=\"https:\/\/www.djamilaribeiro.com.br\/en\/short-anti-racist-guide-gets-dramatic-version-in-march\/\" \/>\n<meta property=\"og:locale\" content=\"en_US\" \/>\n<meta property=\"og:type\" content=\"article\" \/>\n<meta property=\"og:title\" content=\"&quot;Short anti-racist guide&quot; gets dramatic version in March\" \/>\n<meta property=\"og:description\" content=\"Loosely inspired by Djamila Ribeiro&#039;s award-winning book, the play &quot;Pequeno manual antirracista&quot; (&quot;Short anti-racist guide&quot;) opens on March 15 in Salvador.\" \/>\n<meta property=\"og:url\" content=\"https:\/\/www.djamilaribeiro.com.br\/en\/short-anti-racist-guide-gets-dramatic-version-in-march\/\" \/>\n<meta property=\"og:site_name\" content=\"Djamila Ribeiro\" \/>\n<meta property=\"article:published_time\" content=\"2024-03-04T20:37:15+00:00\" \/>\n<meta property=\"article:modified_time\" content=\"2024-03-04T20:51:48+00:00\" \/>\n<meta property=\"og:image\" content=\"https:\/\/www.djamilaribeiro.com.br\/wp-content\/uploads\/2024\/03\/Manual-antirracista_1.jpg\" \/>\n\t<meta property=\"og:image:width\" content=\"1080\" \/>\n\t<meta property=\"og:image:height\" content=\"1201\" \/>\n\t<meta property=\"og:image:type\" content=\"image\/jpeg\" \/>\n<meta name=\"author\" content=\"Reda\u00e7\u00e3o\" \/>\n<meta name=\"twitter:card\" content=\"summary_large_image\" \/>\n<meta name=\"twitter:title\" content=\"&quot;Short anti-racist guide&quot; gets dramatic version in March\" \/>\n<meta name=\"twitter:description\" content=\"Loosely inspired by Djamila Ribeiro&#039;s award-winning book, the play &quot;Pequeno manual antirracista&quot; (&quot;Short anti-racist guide&quot;) opens on March 15 in Salvador.\" \/>\n<meta name=\"twitter:image\" content=\"https:\/\/www.djamilaribeiro.com.br\/wp-content\/uploads\/2024\/03\/Manual-antirracista_1.jpg\" \/>\n<meta name=\"twitter:label1\" content=\"Written by\" \/>\n\t<meta name=\"twitter:data1\" content=\"Reda\u00e7\u00e3o\" \/>\n\t<meta name=\"twitter:label2\" content=\"Est. reading time\" \/>\n\t<meta name=\"twitter:data2\" content=\"1 minute\" \/>\n<script type=\"application\/ld+json\" class=\"yoast-schema-graph\">{\"@context\":\"https:\/\/schema.org\",\"@graph\":[{\"@type\":\"WebPage\",\"@id\":\"https:\/\/www.djamilaribeiro.com.br\/en\/short-anti-racist-guide-gets-dramatic-version-in-march\/\",\"url\":\"https:\/\/www.djamilaribeiro.com.br\/en\/short-anti-racist-guide-gets-dramatic-version-in-march\/\",\"name\":\"\\\"Short anti-racist guide\\\" gets dramatic version in March - Djamila Ribeiro\",\"isPartOf\":{\"@id\":\"https:\/\/www.djamilaribeiro.com.br\/#website\"},\"datePublished\":\"2024-03-04T20:37:15+00:00\",\"dateModified\":\"2024-03-04T20:51:48+00:00\",\"author\":{\"@id\":\"https:\/\/www.djamilaribeiro.com.br\/#\/schema\/person\/a928f404cf733e4c62686bedd437b9ee\"},\"description\":\"Loosely inspired by Djamila Ribeiro's award-winning book, the play \\\"Pequeno manual antirracista\\\" (\\\"Short anti-racist guide\\\") opens on March 15 in Salvador.\",\"breadcrumb\":{\"@id\":\"https:\/\/www.djamilaribeiro.com.br\/en\/short-anti-racist-guide-gets-dramatic-version-in-march\/#breadcrumb\"},\"inLanguage\":\"en-US\",\"potentialAction\":[{\"@type\":\"ReadAction\",\"target\":[\"https:\/\/www.djamilaribeiro.com.br\/en\/short-anti-racist-guide-gets-dramatic-version-in-march\/\"]}]},{\"@type\":\"BreadcrumbList\",\"@id\":\"https:\/\/www.djamilaribeiro.com.br\/en\/short-anti-racist-guide-gets-dramatic-version-in-march\/#breadcrumb\",\"itemListElement\":[{\"@type\":\"ListItem\",\"position\":1,\"name\":\"In\u00edcio\",\"item\":\"https:\/\/www.djamilaribeiro.com.br\/en\/\"},{\"@type\":\"ListItem\",\"position\":2,\"name\":\"&#8220;Short anti-racist guide&#8221; gets dramatic version in March\"}]},{\"@type\":\"WebSite\",\"@id\":\"https:\/\/www.djamilaribeiro.com.br\/#website\",\"url\":\"https:\/\/www.djamilaribeiro.com.br\/\",\"name\":\"Djamila Ribeiro\",\"description\":\"\",\"potentialAction\":[{\"@type\":\"SearchAction\",\"target\":{\"@type\":\"EntryPoint\",\"urlTemplate\":\"https:\/\/www.djamilaribeiro.com.br\/?s={search_term_string}\"},\"query-input\":\"required name=search_term_string\"}],\"inLanguage\":\"en-US\"},{\"@type\":\"Person\",\"@id\":\"https:\/\/www.djamilaribeiro.com.br\/#\/schema\/person\/a928f404cf733e4c62686bedd437b9ee\",\"name\":\"Reda\u00e7\u00e3o\",\"image\":{\"@type\":\"ImageObject\",\"inLanguage\":\"en-US\",\"@id\":\"https:\/\/www.djamilaribeiro.com.br\/#\/schema\/person\/image\/\",\"url\":\"https:\/\/secure.gravatar.com\/avatar\/e22ea52208b383d899430021cb4ecf26?s=96&d=mm&r=g\",\"contentUrl\":\"https:\/\/secure.gravatar.com\/avatar\/e22ea52208b383d899430021cb4ecf26?s=96&d=mm&r=g\",\"caption\":\"Reda\u00e7\u00e3o\"},\"sameAs\":[\"https:\/\/localhost\"],\"url\":\"https:\/\/www.djamilaribeiro.com.br\/en\/author\/djamila\/\"}]}<\/script>\n<!-- \/ Yoast SEO plugin. -->","yoast_head_json":{"title":"\"Short anti-racist guide\" gets dramatic version in March - Djamila Ribeiro","description":"Loosely inspired by Djamila Ribeiro's award-winning book, the play \"Pequeno manual antirracista\" (\"Short anti-racist guide\") opens on March 15 in Salvador.","robots":{"index":"index","follow":"follow","max-snippet":"max-snippet:-1","max-image-preview":"max-image-preview:large","max-video-preview":"max-video-preview:-1"},"canonical":"https:\/\/www.djamilaribeiro.com.br\/en\/short-anti-racist-guide-gets-dramatic-version-in-march\/","og_locale":"en_US","og_type":"article","og_title":"\"Short anti-racist guide\" gets dramatic version in March","og_description":"Loosely inspired by Djamila Ribeiro's award-winning book, the play \"Pequeno manual antirracista\" (\"Short anti-racist guide\") opens on March 15 in Salvador.","og_url":"https:\/\/www.djamilaribeiro.com.br\/en\/short-anti-racist-guide-gets-dramatic-version-in-march\/","og_site_name":"Djamila Ribeiro","article_published_time":"2024-03-04T20:37:15+00:00","article_modified_time":"2024-03-04T20:51:48+00:00","og_image":[{"width":1080,"height":1201,"url":"https:\/\/www.djamilaribeiro.com.br\/wp-content\/uploads\/2024\/03\/Manual-antirracista_1.jpg","type":"image\/jpeg"}],"author":"Reda\u00e7\u00e3o","twitter_card":"summary_large_image","twitter_title":"\"Short anti-racist guide\" gets dramatic version in March","twitter_description":"Loosely inspired by Djamila Ribeiro's award-winning book, the play \"Pequeno manual antirracista\" (\"Short anti-racist guide\") opens on March 15 in Salvador.","twitter_image":"https:\/\/www.djamilaribeiro.com.br\/wp-content\/uploads\/2024\/03\/Manual-antirracista_1.jpg","twitter_misc":{"Written by":"Reda\u00e7\u00e3o","Est. reading time":"1 minute"},"schema":{"@context":"https:\/\/schema.org","@graph":[{"@type":"WebPage","@id":"https:\/\/www.djamilaribeiro.com.br\/en\/short-anti-racist-guide-gets-dramatic-version-in-march\/","url":"https:\/\/www.djamilaribeiro.com.br\/en\/short-anti-racist-guide-gets-dramatic-version-in-march\/","name":"\"Short anti-racist guide\" gets dramatic version in March - Djamila Ribeiro","isPartOf":{"@id":"https:\/\/www.djamilaribeiro.com.br\/#website"},"datePublished":"2024-03-04T20:37:15+00:00","dateModified":"2024-03-04T20:51:48+00:00","author":{"@id":"https:\/\/www.djamilaribeiro.com.br\/#\/schema\/person\/a928f404cf733e4c62686bedd437b9ee"},"description":"Loosely inspired by Djamila Ribeiro's award-winning book, the play \"Pequeno manual antirracista\" (\"Short anti-racist guide\") opens on March 15 in Salvador.","breadcrumb":{"@id":"https:\/\/www.djamilaribeiro.com.br\/en\/short-anti-racist-guide-gets-dramatic-version-in-march\/#breadcrumb"},"inLanguage":"en-US","potentialAction":[{"@type":"ReadAction","target":["https:\/\/www.djamilaribeiro.com.br\/en\/short-anti-racist-guide-gets-dramatic-version-in-march\/"]}]},{"@type":"BreadcrumbList","@id":"https:\/\/www.djamilaribeiro.com.br\/en\/short-anti-racist-guide-gets-dramatic-version-in-march\/#breadcrumb","itemListElement":[{"@type":"ListItem","position":1,"name":"In\u00edcio","item":"https:\/\/www.djamilaribeiro.com.br\/en\/"},{"@type":"ListItem","position":2,"name":"&#8220;Short anti-racist guide&#8221; gets dramatic version in March"}]},{"@type":"WebSite","@id":"https:\/\/www.djamilaribeiro.com.br\/#website","url":"https:\/\/www.djamilaribeiro.com.br\/","name":"Djamila Ribeiro","description":"","potentialAction":[{"@type":"SearchAction","target":{"@type":"EntryPoint","urlTemplate":"https:\/\/www.djamilaribeiro.com.br\/?s={search_term_string}"},"query-input":"required name=search_term_string"}],"inLanguage":"en-US"},{"@type":"Person","@id":"https:\/\/www.djamilaribeiro.com.br\/#\/schema\/person\/a928f404cf733e4c62686bedd437b9ee","name":"Reda\u00e7\u00e3o","image":{"@type":"ImageObject","inLanguage":"en-US","@id":"https:\/\/www.djamilaribeiro.com.br\/#\/schema\/person\/image\/","url":"https:\/\/secure.gravatar.com\/avatar\/e22ea52208b383d899430021cb4ecf26?s=96&d=mm&r=g","contentUrl":"https:\/\/secure.gravatar.com\/avatar\/e22ea52208b383d899430021cb4ecf26?s=96&d=mm&r=g","caption":"Reda\u00e7\u00e3o"},"sameAs":["https:\/\/localhost"],"url":"https:\/\/www.djamilaribeiro.com.br\/en\/author\/djamila\/"}]}},"amp_enabled":true,"_links":{"self":[{"href":"https:\/\/www.djamilaribeiro.com.br\/en\/wp-json\/wp\/v2\/posts\/1137"}],"collection":[{"href":"https:\/\/www.djamilaribeiro.com.br\/en\/wp-json\/wp\/v2\/posts"}],"about":[{"href":"https:\/\/www.djamilaribeiro.com.br\/en\/wp-json\/wp\/v2\/types\/post"}],"author":[{"embeddable":true,"href":"https:\/\/www.djamilaribeiro.com.br\/en\/wp-json\/wp\/v2\/users\/1"}],"replies":[{"embeddable":true,"href":"https:\/\/www.djamilaribeiro.com.br\/en\/wp-json\/wp\/v2\/comments?post=1137"}],"version-history":[{"count":1,"href":"https:\/\/www.djamilaribeiro.com.br\/en\/wp-json\/wp\/v2\/posts\/1137\/revisions"}],"predecessor-version":[{"id":1138,"href":"https:\/\/www.djamilaribeiro.com.br\/en\/wp-json\/wp\/v2\/posts\/1137\/revisions\/1138"}],"wp:featuredmedia":[{"embeddable":true,"href":"https:\/\/www.djamilaribeiro.com.br\/en\/wp-json\/wp\/v2\/media\/1134"}],"wp:attachment":[{"href":"https:\/\/www.djamilaribeiro.com.br\/en\/wp-json\/wp\/v2\/media?parent=1137"}],"wp:term":[{"taxonomy":"category","embeddable":true,"href":"https:\/\/www.djamilaribeiro.com.br\/en\/wp-json\/wp\/v2\/categories?post=1137"},{"taxonomy":"post_tag","embeddable":true,"href":"https:\/\/www.djamilaribeiro.com.br\/en\/wp-json\/wp\/v2\/tags?post=1137"}],"curies":[{"name":"wp","href":"https:\/\/api.w.org\/{rel}","templated":true}]}}