{"id":1267,"date":"2024-04-11T18:11:54","date_gmt":"2024-04-11T21:11:54","guid":{"rendered":"https:\/\/www.djamilaribeiro.com.br\/?p=1267"},"modified":"2024-04-11T18:22:49","modified_gmt":"2024-04-11T21:22:49","slug":"the-tributes-of-djamila-ribeiro-to-maryse-conde","status":"publish","type":"post","link":"https:\/\/www.djamilaribeiro.com.br\/en\/the-tributes-of-djamila-ribeiro-to-maryse-conde\/","title":{"rendered":"The tributes of Djamila Ribeiro to Maryse Cond\u00e9"},"content":{"rendered":"<p>World literature lost one of its great voices with the departure of Maryse Cond\u00e9, on the last 2nd of April. Born on the island of Guadeloupe, a French overseas territory in the Caribbean, Cond\u00e9 left behind a powerful literary legacy that continues to inspire readers around the world.<\/p>\n<p>&#8220;The old witch <a href=\"https:\/\/12ft.io\/proxy?q=https%3A%2F%2Fwww1.folha.uol.com.br%2Filustrada%2F2024%2F04%2Fmorre-maryse-conde-grande-voz-negra-da-literatura-francofona-aos-90-anos.shtml\">has departed from this plane<\/a> and joined the ancestors. Maryse Cond\u00e9, a Caribbean black woman, beloved daughter of the island of Guadeloupe, made her passage at the age of 90, a life that is eternalized in the hall of giants of world literature,&#8221; wrote Djamila Ribeiro in <a href=\"https:\/\/www1.folha.uol.com.br\/colunas\/djamila-ribeiro\/2024\/04\/maryse-conde.shtml\">her column this week in Folha de S. Paulo<\/a>, highlighting the unique style that made Cond\u00e9 one of the most prestigious authors of contemporary times.<\/p>\n<p>&#8220;Words will not suffice to describe what Maryse represented. In the cauldron of Caribbean magic, she reinvented ways of telling stories in books that feed readers passionate about fantastic stories, independent of proselytizing, while being rebellious. These are texts that escape essentialism and embrace honesty, and, perhaps for this reason, she is one of the most celebrated writers of French literature in the last century.&#8221;<\/p>\n<p>Djamila also paid tribute to Cond\u00e9 on<a href=\"https:\/\/www.instagram.com\/p\/C5QsDGqL7pX\/?igsh=MWwxaHluNHl4Z2U2OA==\"> Instagram<\/a>, right after learning of the Guadeloupean writer&#8217;s departure.<\/p>\n<p>&#8220;I wake up to the news of the passing of Maryse Cond\u00e9, one of the giants of literature of all times, a Caribbean woman who illuminated our thoughts and colored the magic of women with her powerful writings. Cond\u00e9 will live forever in her books and in our hearts.&#8221;<\/p>\n<p><em>Image credit: Editora Rosa dos Tempos<\/em><\/p>\n","protected":false},"excerpt":{"rendered":"<p>World literature lost one of its great voices with the departure of Maryse Cond\u00e9, on the last 2nd of April. Born on the island of Guadeloupe, a French overseas territory in the Caribbean, Cond\u00e9 left behind a powerful literary legacy that continues to inspire readers around the world. &#8220;The old witch has departed from this [&hellip;]<\/p>\n","protected":false},"author":1,"featured_media":1250,"comment_status":"open","ping_status":"open","sticky":false,"template":"","format":"standard","meta":{"inline_featured_image":false},"categories":[2],"tags":[228,227],"acf":[],"yoast_head":"<!-- This site is optimized with the Yoast SEO plugin v20.5 - https:\/\/yoast.com\/wordpress\/plugins\/seo\/ -->\n<title>The tributes of Djamila Ribeiro to Maryse Cond\u00e9 - Djamila Ribeiro<\/title>\n<meta name=\"description\" content=\"Read the column in Folha de S\u00e3o Paulo and the tribute that the Brazilian philosopher made, on Instagram, to the Guadeloupean writer.\" \/>\n<meta name=\"robots\" content=\"index, follow, max-snippet:-1, max-image-preview:large, max-video-preview:-1\" \/>\n<link rel=\"canonical\" href=\"https:\/\/www.djamilaribeiro.com.br\/en\/the-tributes-of-djamila-ribeiro-to-maryse-conde\/\" \/>\n<meta property=\"og:locale\" content=\"en_US\" \/>\n<meta property=\"og:type\" content=\"article\" \/>\n<meta property=\"og:title\" content=\"The tributes of Djamila Ribeiro to Maryse Cond\u00e9\" \/>\n<meta property=\"og:description\" content=\"Read the column in Folha de S\u00e3o Paulo and the tribute that the Brazilian philosopher made, on Instagram, to the Guadeloupean writer.\" \/>\n<meta property=\"og:url\" content=\"https:\/\/www.djamilaribeiro.com.br\/en\/the-tributes-of-djamila-ribeiro-to-maryse-conde\/\" \/>\n<meta property=\"og:site_name\" content=\"Djamila Ribeiro\" \/>\n<meta property=\"article:published_time\" content=\"2024-04-11T21:11:54+00:00\" \/>\n<meta property=\"article:modified_time\" content=\"2024-04-11T21:22:49+00:00\" \/>\n<meta property=\"og:image\" content=\"https:\/\/www.djamilaribeiro.com.br\/wp-content\/uploads\/2024\/04\/maryse-conde.png\" \/>\n\t<meta property=\"og:image:width\" content=\"679\" \/>\n\t<meta property=\"og:image:height\" content=\"795\" \/>\n\t<meta property=\"og:image:type\" content=\"image\/png\" \/>\n<meta name=\"author\" content=\"Reda\u00e7\u00e3o\" \/>\n<meta name=\"twitter:card\" content=\"summary_large_image\" \/>\n<meta name=\"twitter:title\" content=\"The tributes of Djamila Ribeiro to Maryse Cond\u00e9\" \/>\n<meta name=\"twitter:description\" content=\"Read the column in Folha de S\u00e3o Paulo and the tribute that the Brazilian philosopher made, on Instagram, to the Guadeloupean writer.\" \/>\n<meta name=\"twitter:image\" content=\"https:\/\/www.djamilaribeiro.com.br\/wp-content\/uploads\/2024\/04\/maryse-conde.png\" \/>\n<meta name=\"twitter:label1\" content=\"Written by\" \/>\n\t<meta name=\"twitter:data1\" content=\"Reda\u00e7\u00e3o\" \/>\n\t<meta name=\"twitter:label2\" content=\"Est. reading time\" \/>\n\t<meta name=\"twitter:data2\" content=\"2 minutes\" \/>\n<script type=\"application\/ld+json\" class=\"yoast-schema-graph\">{\"@context\":\"https:\/\/schema.org\",\"@graph\":[{\"@type\":\"WebPage\",\"@id\":\"https:\/\/www.djamilaribeiro.com.br\/en\/the-tributes-of-djamila-ribeiro-to-maryse-conde\/\",\"url\":\"https:\/\/www.djamilaribeiro.com.br\/en\/the-tributes-of-djamila-ribeiro-to-maryse-conde\/\",\"name\":\"The tributes of Djamila Ribeiro to Maryse Cond\u00e9 - Djamila Ribeiro\",\"isPartOf\":{\"@id\":\"https:\/\/www.djamilaribeiro.com.br\/#website\"},\"datePublished\":\"2024-04-11T21:11:54+00:00\",\"dateModified\":\"2024-04-11T21:22:49+00:00\",\"author\":{\"@id\":\"https:\/\/www.djamilaribeiro.com.br\/#\/schema\/person\/a928f404cf733e4c62686bedd437b9ee\"},\"description\":\"Read the column in Folha de S\u00e3o Paulo and the tribute that the Brazilian philosopher made, on Instagram, to the Guadeloupean writer.\",\"breadcrumb\":{\"@id\":\"https:\/\/www.djamilaribeiro.com.br\/en\/the-tributes-of-djamila-ribeiro-to-maryse-conde\/#breadcrumb\"},\"inLanguage\":\"en-US\",\"potentialAction\":[{\"@type\":\"ReadAction\",\"target\":[\"https:\/\/www.djamilaribeiro.com.br\/en\/the-tributes-of-djamila-ribeiro-to-maryse-conde\/\"]}]},{\"@type\":\"BreadcrumbList\",\"@id\":\"https:\/\/www.djamilaribeiro.com.br\/en\/the-tributes-of-djamila-ribeiro-to-maryse-conde\/#breadcrumb\",\"itemListElement\":[{\"@type\":\"ListItem\",\"position\":1,\"name\":\"In\u00edcio\",\"item\":\"https:\/\/www.djamilaribeiro.com.br\/en\/\"},{\"@type\":\"ListItem\",\"position\":2,\"name\":\"The tributes of Djamila Ribeiro to Maryse Cond\u00e9\"}]},{\"@type\":\"WebSite\",\"@id\":\"https:\/\/www.djamilaribeiro.com.br\/#website\",\"url\":\"https:\/\/www.djamilaribeiro.com.br\/\",\"name\":\"Djamila Ribeiro\",\"description\":\"\",\"potentialAction\":[{\"@type\":\"SearchAction\",\"target\":{\"@type\":\"EntryPoint\",\"urlTemplate\":\"https:\/\/www.djamilaribeiro.com.br\/?s={search_term_string}\"},\"query-input\":\"required name=search_term_string\"}],\"inLanguage\":\"en-US\"},{\"@type\":\"Person\",\"@id\":\"https:\/\/www.djamilaribeiro.com.br\/#\/schema\/person\/a928f404cf733e4c62686bedd437b9ee\",\"name\":\"Reda\u00e7\u00e3o\",\"image\":{\"@type\":\"ImageObject\",\"inLanguage\":\"en-US\",\"@id\":\"https:\/\/www.djamilaribeiro.com.br\/#\/schema\/person\/image\/\",\"url\":\"https:\/\/secure.gravatar.com\/avatar\/e22ea52208b383d899430021cb4ecf26?s=96&d=mm&r=g\",\"contentUrl\":\"https:\/\/secure.gravatar.com\/avatar\/e22ea52208b383d899430021cb4ecf26?s=96&d=mm&r=g\",\"caption\":\"Reda\u00e7\u00e3o\"},\"sameAs\":[\"https:\/\/localhost\"],\"url\":\"https:\/\/www.djamilaribeiro.com.br\/en\/author\/djamila\/\"}]}<\/script>\n<!-- \/ Yoast SEO plugin. -->","yoast_head_json":{"title":"The tributes of Djamila Ribeiro to Maryse Cond\u00e9 - Djamila Ribeiro","description":"Read the column in Folha de S\u00e3o Paulo and the tribute that the Brazilian philosopher made, on Instagram, to the Guadeloupean writer.","robots":{"index":"index","follow":"follow","max-snippet":"max-snippet:-1","max-image-preview":"max-image-preview:large","max-video-preview":"max-video-preview:-1"},"canonical":"https:\/\/www.djamilaribeiro.com.br\/en\/the-tributes-of-djamila-ribeiro-to-maryse-conde\/","og_locale":"en_US","og_type":"article","og_title":"The tributes of Djamila Ribeiro to Maryse Cond\u00e9","og_description":"Read the column in Folha de S\u00e3o Paulo and the tribute that the Brazilian philosopher made, on Instagram, to the Guadeloupean writer.","og_url":"https:\/\/www.djamilaribeiro.com.br\/en\/the-tributes-of-djamila-ribeiro-to-maryse-conde\/","og_site_name":"Djamila Ribeiro","article_published_time":"2024-04-11T21:11:54+00:00","article_modified_time":"2024-04-11T21:22:49+00:00","og_image":[{"width":679,"height":795,"url":"https:\/\/www.djamilaribeiro.com.br\/wp-content\/uploads\/2024\/04\/maryse-conde.png","type":"image\/png"}],"author":"Reda\u00e7\u00e3o","twitter_card":"summary_large_image","twitter_title":"The tributes of Djamila Ribeiro to Maryse Cond\u00e9","twitter_description":"Read the column in Folha de S\u00e3o Paulo and the tribute that the Brazilian philosopher made, on Instagram, to the Guadeloupean writer.","twitter_image":"https:\/\/www.djamilaribeiro.com.br\/wp-content\/uploads\/2024\/04\/maryse-conde.png","twitter_misc":{"Written by":"Reda\u00e7\u00e3o","Est. reading time":"2 minutes"},"schema":{"@context":"https:\/\/schema.org","@graph":[{"@type":"WebPage","@id":"https:\/\/www.djamilaribeiro.com.br\/en\/the-tributes-of-djamila-ribeiro-to-maryse-conde\/","url":"https:\/\/www.djamilaribeiro.com.br\/en\/the-tributes-of-djamila-ribeiro-to-maryse-conde\/","name":"The tributes of Djamila Ribeiro to Maryse Cond\u00e9 - Djamila Ribeiro","isPartOf":{"@id":"https:\/\/www.djamilaribeiro.com.br\/#website"},"datePublished":"2024-04-11T21:11:54+00:00","dateModified":"2024-04-11T21:22:49+00:00","author":{"@id":"https:\/\/www.djamilaribeiro.com.br\/#\/schema\/person\/a928f404cf733e4c62686bedd437b9ee"},"description":"Read the column in Folha de S\u00e3o Paulo and the tribute that the Brazilian philosopher made, on Instagram, to the Guadeloupean writer.","breadcrumb":{"@id":"https:\/\/www.djamilaribeiro.com.br\/en\/the-tributes-of-djamila-ribeiro-to-maryse-conde\/#breadcrumb"},"inLanguage":"en-US","potentialAction":[{"@type":"ReadAction","target":["https:\/\/www.djamilaribeiro.com.br\/en\/the-tributes-of-djamila-ribeiro-to-maryse-conde\/"]}]},{"@type":"BreadcrumbList","@id":"https:\/\/www.djamilaribeiro.com.br\/en\/the-tributes-of-djamila-ribeiro-to-maryse-conde\/#breadcrumb","itemListElement":[{"@type":"ListItem","position":1,"name":"In\u00edcio","item":"https:\/\/www.djamilaribeiro.com.br\/en\/"},{"@type":"ListItem","position":2,"name":"The tributes of Djamila Ribeiro to Maryse Cond\u00e9"}]},{"@type":"WebSite","@id":"https:\/\/www.djamilaribeiro.com.br\/#website","url":"https:\/\/www.djamilaribeiro.com.br\/","name":"Djamila Ribeiro","description":"","potentialAction":[{"@type":"SearchAction","target":{"@type":"EntryPoint","urlTemplate":"https:\/\/www.djamilaribeiro.com.br\/?s={search_term_string}"},"query-input":"required name=search_term_string"}],"inLanguage":"en-US"},{"@type":"Person","@id":"https:\/\/www.djamilaribeiro.com.br\/#\/schema\/person\/a928f404cf733e4c62686bedd437b9ee","name":"Reda\u00e7\u00e3o","image":{"@type":"ImageObject","inLanguage":"en-US","@id":"https:\/\/www.djamilaribeiro.com.br\/#\/schema\/person\/image\/","url":"https:\/\/secure.gravatar.com\/avatar\/e22ea52208b383d899430021cb4ecf26?s=96&d=mm&r=g","contentUrl":"https:\/\/secure.gravatar.com\/avatar\/e22ea52208b383d899430021cb4ecf26?s=96&d=mm&r=g","caption":"Reda\u00e7\u00e3o"},"sameAs":["https:\/\/localhost"],"url":"https:\/\/www.djamilaribeiro.com.br\/en\/author\/djamila\/"}]}},"amp_enabled":true,"_links":{"self":[{"href":"https:\/\/www.djamilaribeiro.com.br\/en\/wp-json\/wp\/v2\/posts\/1267"}],"collection":[{"href":"https:\/\/www.djamilaribeiro.com.br\/en\/wp-json\/wp\/v2\/posts"}],"about":[{"href":"https:\/\/www.djamilaribeiro.com.br\/en\/wp-json\/wp\/v2\/types\/post"}],"author":[{"embeddable":true,"href":"https:\/\/www.djamilaribeiro.com.br\/en\/wp-json\/wp\/v2\/users\/1"}],"replies":[{"embeddable":true,"href":"https:\/\/www.djamilaribeiro.com.br\/en\/wp-json\/wp\/v2\/comments?post=1267"}],"version-history":[{"count":1,"href":"https:\/\/www.djamilaribeiro.com.br\/en\/wp-json\/wp\/v2\/posts\/1267\/revisions"}],"predecessor-version":[{"id":1268,"href":"https:\/\/www.djamilaribeiro.com.br\/en\/wp-json\/wp\/v2\/posts\/1267\/revisions\/1268"}],"wp:featuredmedia":[{"embeddable":true,"href":"https:\/\/www.djamilaribeiro.com.br\/en\/wp-json\/wp\/v2\/media\/1250"}],"wp:attachment":[{"href":"https:\/\/www.djamilaribeiro.com.br\/en\/wp-json\/wp\/v2\/media?parent=1267"}],"wp:term":[{"taxonomy":"category","embeddable":true,"href":"https:\/\/www.djamilaribeiro.com.br\/en\/wp-json\/wp\/v2\/categories?post=1267"},{"taxonomy":"post_tag","embeddable":true,"href":"https:\/\/www.djamilaribeiro.com.br\/en\/wp-json\/wp\/v2\/tags?post=1267"}],"curies":[{"name":"wp","href":"https:\/\/api.w.org\/{rel}","templated":true}]}}