{"id":1284,"date":"2024-04-19T19:07:51","date_gmt":"2024-04-19T22:07:51","guid":{"rendered":"https:\/\/www.djamilaribeiro.com.br\/?p=1284"},"modified":"2024-04-19T19:12:44","modified_gmt":"2024-04-19T22:12:44","slug":"portuguese-edition-of-cartas-para-minha-avo-reaches-bookstores-in-portugal","status":"publish","type":"post","link":"https:\/\/www.djamilaribeiro.com.br\/en\/portuguese-edition-of-cartas-para-minha-avo-reaches-bookstores-in-portugal\/","title":{"rendered":"Portuguese edition of &#8216;Cartas para minha av\u00f3&#8217; reaches bookstores in Portugal"},"content":{"rendered":"<p>This week, Djamila Ribeiro celebrated on her Instagram the publication in Portugal of &#8220;Cartas para minha av\u00f3&#8221; (Letters to My Grandmother).<\/p>\n<p>&#8220;With great joy, I announce that the Portuguese edition of &#8216;Cartas para minha av\u00f3&#8217; has been published and is now available in bookstores across the country! This is my first publication in Portugal and I am very excited to soon host the launch events,&#8221; wrote the Brazilian philosopher.<\/p>\n<p>Djamila praised the final cover art, highlighting that &#8220;it is very significant that my grandmother is on it in a book that connects with my female ancestry.&#8221;<\/p>\n<p>The writer also thanked the editor Zeferino Coelho for his careful editing, and the publisher Leya for the opportunity to publish in Portugal.<\/p>\n<p>Soon, we will announce the dates for the launch events of &#8220;Cartas para minha av\u00f3&#8221; in Portuguese lands!<\/p>\n<p><img decoding=\"async\" loading=\"lazy\" class=\"aligncenter size-full wp-image-1281\" src=\"https:\/\/www.djamilaribeiro.com.br\/wp-content\/uploads\/2024\/04\/cartas_1.png\" alt=\"\" width=\"331\" height=\"480\" srcset=\"https:\/\/www.djamilaribeiro.com.br\/wp-content\/uploads\/2024\/04\/cartas_1.png 331w, https:\/\/www.djamilaribeiro.com.br\/wp-content\/uploads\/2024\/04\/cartas_1-207x300.png 207w\" sizes=\"(max-width: 331px) 100vw, 331px\" \/><\/p>\n<p>&nbsp;<\/p>\n","protected":false},"excerpt":{"rendered":"<p>This week, Djamila Ribeiro celebrated on her Instagram the publication in Portugal of &#8220;Cartas para minha av\u00f3&#8221; (Letters to My Grandmother). &#8220;With great joy, I announce that the Portuguese edition of &#8216;Cartas para minha av\u00f3&#8217; has been published and is now available in bookstores across the country! This is my first publication in Portugal and [&hellip;]<\/p>\n","protected":false},"author":1,"featured_media":1278,"comment_status":"open","ping_status":"open","sticky":false,"template":"","format":"standard","meta":{"inline_featured_image":false},"categories":[2],"tags":[232,76,43],"acf":[],"yoast_head":"<!-- This site is optimized with the Yoast SEO plugin v20.5 - https:\/\/yoast.com\/wordpress\/plugins\/seo\/ -->\n<title>Portuguese edition of &#039;Cartas para minha av\u00f3&#039; reaches bookstores in Portugal - Djamila Ribeiro<\/title>\n<meta name=\"description\" content=\"On Instagram, Djamila Ribeiro celebrated the news, highlighting she will soon announce the dates for the book&#039;s launch events in the country.\" \/>\n<meta name=\"robots\" content=\"index, follow, max-snippet:-1, max-image-preview:large, max-video-preview:-1\" \/>\n<link rel=\"canonical\" href=\"https:\/\/www.djamilaribeiro.com.br\/en\/portuguese-edition-of-cartas-para-minha-avo-reaches-bookstores-in-portugal\/\" \/>\n<meta property=\"og:locale\" content=\"en_US\" \/>\n<meta property=\"og:type\" content=\"article\" \/>\n<meta property=\"og:title\" content=\"Portuguese edition of &#039;Cartas para minha av\u00f3&#039; reaches bookstores in Portugal\" \/>\n<meta property=\"og:description\" content=\"On Instagram, Djamila Ribeiro celebrated the news, highlighting she will soon announce the dates for the book&#039;s launch events in the country.\" \/>\n<meta property=\"og:url\" content=\"https:\/\/www.djamilaribeiro.com.br\/en\/portuguese-edition-of-cartas-para-minha-avo-reaches-bookstores-in-portugal\/\" \/>\n<meta property=\"og:site_name\" content=\"Djamila Ribeiro\" \/>\n<meta property=\"article:published_time\" content=\"2024-04-19T22:07:51+00:00\" \/>\n<meta property=\"article:modified_time\" content=\"2024-04-19T22:12:44+00:00\" \/>\n<meta property=\"og:image\" content=\"https:\/\/www.djamilaribeiro.com.br\/wp-content\/uploads\/2024\/04\/cartas-para-minha-avo-portugal.webp\" \/>\n\t<meta property=\"og:image:width\" content=\"550\" \/>\n\t<meta property=\"og:image:height\" content=\"835\" \/>\n\t<meta property=\"og:image:type\" content=\"image\/webp\" \/>\n<meta name=\"author\" content=\"Reda\u00e7\u00e3o\" \/>\n<meta name=\"twitter:card\" content=\"summary_large_image\" \/>\n<meta name=\"twitter:title\" content=\"Portuguese edition of &#039;Cartas para minha av\u00f3&#039; reaches bookstores in Portugal\" \/>\n<meta name=\"twitter:description\" content=\"On Instagram, Djamila Ribeiro celebrated the news, highlighting she will soon announce the dates for the book&#039;s launch events in the country.\" \/>\n<meta name=\"twitter:image\" content=\"https:\/\/www.djamilaribeiro.com.br\/wp-content\/uploads\/2024\/04\/cartas-para-minha-avo-portugal.webp\" \/>\n<meta name=\"twitter:label1\" content=\"Written by\" \/>\n\t<meta name=\"twitter:data1\" content=\"Reda\u00e7\u00e3o\" \/>\n\t<meta name=\"twitter:label2\" content=\"Est. reading time\" \/>\n\t<meta name=\"twitter:data2\" content=\"1 minute\" \/>\n<script type=\"application\/ld+json\" class=\"yoast-schema-graph\">{\"@context\":\"https:\/\/schema.org\",\"@graph\":[{\"@type\":\"WebPage\",\"@id\":\"https:\/\/www.djamilaribeiro.com.br\/en\/portuguese-edition-of-cartas-para-minha-avo-reaches-bookstores-in-portugal\/\",\"url\":\"https:\/\/www.djamilaribeiro.com.br\/en\/portuguese-edition-of-cartas-para-minha-avo-reaches-bookstores-in-portugal\/\",\"name\":\"Portuguese edition of 'Cartas para minha av\u00f3' reaches bookstores in Portugal - Djamila Ribeiro\",\"isPartOf\":{\"@id\":\"https:\/\/www.djamilaribeiro.com.br\/#website\"},\"datePublished\":\"2024-04-19T22:07:51+00:00\",\"dateModified\":\"2024-04-19T22:12:44+00:00\",\"author\":{\"@id\":\"https:\/\/www.djamilaribeiro.com.br\/#\/schema\/person\/a928f404cf733e4c62686bedd437b9ee\"},\"description\":\"On Instagram, Djamila Ribeiro celebrated the news, highlighting she will soon announce the dates for the book's launch events in the country.\",\"breadcrumb\":{\"@id\":\"https:\/\/www.djamilaribeiro.com.br\/en\/portuguese-edition-of-cartas-para-minha-avo-reaches-bookstores-in-portugal\/#breadcrumb\"},\"inLanguage\":\"en-US\",\"potentialAction\":[{\"@type\":\"ReadAction\",\"target\":[\"https:\/\/www.djamilaribeiro.com.br\/en\/portuguese-edition-of-cartas-para-minha-avo-reaches-bookstores-in-portugal\/\"]}]},{\"@type\":\"BreadcrumbList\",\"@id\":\"https:\/\/www.djamilaribeiro.com.br\/en\/portuguese-edition-of-cartas-para-minha-avo-reaches-bookstores-in-portugal\/#breadcrumb\",\"itemListElement\":[{\"@type\":\"ListItem\",\"position\":1,\"name\":\"In\u00edcio\",\"item\":\"https:\/\/www.djamilaribeiro.com.br\/en\/\"},{\"@type\":\"ListItem\",\"position\":2,\"name\":\"Portuguese edition of &#8216;Cartas para minha av\u00f3&#8217; reaches bookstores in Portugal\"}]},{\"@type\":\"WebSite\",\"@id\":\"https:\/\/www.djamilaribeiro.com.br\/#website\",\"url\":\"https:\/\/www.djamilaribeiro.com.br\/\",\"name\":\"Djamila Ribeiro\",\"description\":\"\",\"potentialAction\":[{\"@type\":\"SearchAction\",\"target\":{\"@type\":\"EntryPoint\",\"urlTemplate\":\"https:\/\/www.djamilaribeiro.com.br\/?s={search_term_string}\"},\"query-input\":\"required name=search_term_string\"}],\"inLanguage\":\"en-US\"},{\"@type\":\"Person\",\"@id\":\"https:\/\/www.djamilaribeiro.com.br\/#\/schema\/person\/a928f404cf733e4c62686bedd437b9ee\",\"name\":\"Reda\u00e7\u00e3o\",\"image\":{\"@type\":\"ImageObject\",\"inLanguage\":\"en-US\",\"@id\":\"https:\/\/www.djamilaribeiro.com.br\/#\/schema\/person\/image\/\",\"url\":\"https:\/\/secure.gravatar.com\/avatar\/e22ea52208b383d899430021cb4ecf26?s=96&d=mm&r=g\",\"contentUrl\":\"https:\/\/secure.gravatar.com\/avatar\/e22ea52208b383d899430021cb4ecf26?s=96&d=mm&r=g\",\"caption\":\"Reda\u00e7\u00e3o\"},\"sameAs\":[\"https:\/\/localhost\"],\"url\":\"https:\/\/www.djamilaribeiro.com.br\/en\/author\/djamila\/\"}]}<\/script>\n<!-- \/ Yoast SEO plugin. -->","yoast_head_json":{"title":"Portuguese edition of 'Cartas para minha av\u00f3' reaches bookstores in Portugal - Djamila Ribeiro","description":"On Instagram, Djamila Ribeiro celebrated the news, highlighting she will soon announce the dates for the book's launch events in the country.","robots":{"index":"index","follow":"follow","max-snippet":"max-snippet:-1","max-image-preview":"max-image-preview:large","max-video-preview":"max-video-preview:-1"},"canonical":"https:\/\/www.djamilaribeiro.com.br\/en\/portuguese-edition-of-cartas-para-minha-avo-reaches-bookstores-in-portugal\/","og_locale":"en_US","og_type":"article","og_title":"Portuguese edition of 'Cartas para minha av\u00f3' reaches bookstores in Portugal","og_description":"On Instagram, Djamila Ribeiro celebrated the news, highlighting she will soon announce the dates for the book's launch events in the country.","og_url":"https:\/\/www.djamilaribeiro.com.br\/en\/portuguese-edition-of-cartas-para-minha-avo-reaches-bookstores-in-portugal\/","og_site_name":"Djamila Ribeiro","article_published_time":"2024-04-19T22:07:51+00:00","article_modified_time":"2024-04-19T22:12:44+00:00","og_image":[{"width":550,"height":835,"url":"https:\/\/www.djamilaribeiro.com.br\/wp-content\/uploads\/2024\/04\/cartas-para-minha-avo-portugal.webp","type":"image\/webp"}],"author":"Reda\u00e7\u00e3o","twitter_card":"summary_large_image","twitter_title":"Portuguese edition of 'Cartas para minha av\u00f3' reaches bookstores in Portugal","twitter_description":"On Instagram, Djamila Ribeiro celebrated the news, highlighting she will soon announce the dates for the book's launch events in the country.","twitter_image":"https:\/\/www.djamilaribeiro.com.br\/wp-content\/uploads\/2024\/04\/cartas-para-minha-avo-portugal.webp","twitter_misc":{"Written by":"Reda\u00e7\u00e3o","Est. reading time":"1 minute"},"schema":{"@context":"https:\/\/schema.org","@graph":[{"@type":"WebPage","@id":"https:\/\/www.djamilaribeiro.com.br\/en\/portuguese-edition-of-cartas-para-minha-avo-reaches-bookstores-in-portugal\/","url":"https:\/\/www.djamilaribeiro.com.br\/en\/portuguese-edition-of-cartas-para-minha-avo-reaches-bookstores-in-portugal\/","name":"Portuguese edition of 'Cartas para minha av\u00f3' reaches bookstores in Portugal - Djamila Ribeiro","isPartOf":{"@id":"https:\/\/www.djamilaribeiro.com.br\/#website"},"datePublished":"2024-04-19T22:07:51+00:00","dateModified":"2024-04-19T22:12:44+00:00","author":{"@id":"https:\/\/www.djamilaribeiro.com.br\/#\/schema\/person\/a928f404cf733e4c62686bedd437b9ee"},"description":"On Instagram, Djamila Ribeiro celebrated the news, highlighting she will soon announce the dates for the book's launch events in the country.","breadcrumb":{"@id":"https:\/\/www.djamilaribeiro.com.br\/en\/portuguese-edition-of-cartas-para-minha-avo-reaches-bookstores-in-portugal\/#breadcrumb"},"inLanguage":"en-US","potentialAction":[{"@type":"ReadAction","target":["https:\/\/www.djamilaribeiro.com.br\/en\/portuguese-edition-of-cartas-para-minha-avo-reaches-bookstores-in-portugal\/"]}]},{"@type":"BreadcrumbList","@id":"https:\/\/www.djamilaribeiro.com.br\/en\/portuguese-edition-of-cartas-para-minha-avo-reaches-bookstores-in-portugal\/#breadcrumb","itemListElement":[{"@type":"ListItem","position":1,"name":"In\u00edcio","item":"https:\/\/www.djamilaribeiro.com.br\/en\/"},{"@type":"ListItem","position":2,"name":"Portuguese edition of &#8216;Cartas para minha av\u00f3&#8217; reaches bookstores in Portugal"}]},{"@type":"WebSite","@id":"https:\/\/www.djamilaribeiro.com.br\/#website","url":"https:\/\/www.djamilaribeiro.com.br\/","name":"Djamila Ribeiro","description":"","potentialAction":[{"@type":"SearchAction","target":{"@type":"EntryPoint","urlTemplate":"https:\/\/www.djamilaribeiro.com.br\/?s={search_term_string}"},"query-input":"required name=search_term_string"}],"inLanguage":"en-US"},{"@type":"Person","@id":"https:\/\/www.djamilaribeiro.com.br\/#\/schema\/person\/a928f404cf733e4c62686bedd437b9ee","name":"Reda\u00e7\u00e3o","image":{"@type":"ImageObject","inLanguage":"en-US","@id":"https:\/\/www.djamilaribeiro.com.br\/#\/schema\/person\/image\/","url":"https:\/\/secure.gravatar.com\/avatar\/e22ea52208b383d899430021cb4ecf26?s=96&d=mm&r=g","contentUrl":"https:\/\/secure.gravatar.com\/avatar\/e22ea52208b383d899430021cb4ecf26?s=96&d=mm&r=g","caption":"Reda\u00e7\u00e3o"},"sameAs":["https:\/\/localhost"],"url":"https:\/\/www.djamilaribeiro.com.br\/en\/author\/djamila\/"}]}},"amp_enabled":true,"_links":{"self":[{"href":"https:\/\/www.djamilaribeiro.com.br\/en\/wp-json\/wp\/v2\/posts\/1284"}],"collection":[{"href":"https:\/\/www.djamilaribeiro.com.br\/en\/wp-json\/wp\/v2\/posts"}],"about":[{"href":"https:\/\/www.djamilaribeiro.com.br\/en\/wp-json\/wp\/v2\/types\/post"}],"author":[{"embeddable":true,"href":"https:\/\/www.djamilaribeiro.com.br\/en\/wp-json\/wp\/v2\/users\/1"}],"replies":[{"embeddable":true,"href":"https:\/\/www.djamilaribeiro.com.br\/en\/wp-json\/wp\/v2\/comments?post=1284"}],"version-history":[{"count":1,"href":"https:\/\/www.djamilaribeiro.com.br\/en\/wp-json\/wp\/v2\/posts\/1284\/revisions"}],"predecessor-version":[{"id":1285,"href":"https:\/\/www.djamilaribeiro.com.br\/en\/wp-json\/wp\/v2\/posts\/1284\/revisions\/1285"}],"wp:featuredmedia":[{"embeddable":true,"href":"https:\/\/www.djamilaribeiro.com.br\/en\/wp-json\/wp\/v2\/media\/1278"}],"wp:attachment":[{"href":"https:\/\/www.djamilaribeiro.com.br\/en\/wp-json\/wp\/v2\/media?parent=1284"}],"wp:term":[{"taxonomy":"category","embeddable":true,"href":"https:\/\/www.djamilaribeiro.com.br\/en\/wp-json\/wp\/v2\/categories?post=1284"},{"taxonomy":"post_tag","embeddable":true,"href":"https:\/\/www.djamilaribeiro.com.br\/en\/wp-json\/wp\/v2\/tags?post=1284"}],"curies":[{"name":"wp","href":"https:\/\/api.w.org\/{rel}","templated":true}]}}