{"id":1357,"date":"2024-05-20T15:45:05","date_gmt":"2024-05-20T18:45:05","guid":{"rendered":"https:\/\/www.djamilaribeiro.com.br\/?p=1357"},"modified":"2024-05-20T18:57:06","modified_gmt":"2024-05-20T21:57:06","slug":"riomar-festival-djamila-ribeiro-moved-by-chico-cesars-tribute","status":"publish","type":"post","link":"https:\/\/www.djamilaribeiro.com.br\/en\/riomar-festival-djamila-ribeiro-moved-by-chico-cesars-tribute\/","title":{"rendered":"RioMar Festival: Djamila Ribeiro moved by Chico C\u00e9sar&#8217;s tribute"},"content":{"rendered":"<p>&#8220;I came back from Recife moved. I was in the city for a day for the RioMar Literature Festival, which paid tribute to Machado de Assis and contemporary Black writers. I met the great L\u00e1zaro Ramos and participated in a fantastic panel with the teacher and journalist Fabiana Moraes,&#8221; wrote Djamila Ribeiro, on the 16th, on her Instagram profile, also highlighting her encounter with Chico C\u00e9sar.<\/p>\n<p>&#8220;But I want to emphasize the HONOR of being celebrated in song by my dear friend, professor, and brother Chico C\u00e9sar, one of the greatest singers and songwriters in this country. In 2020, amid the pandemic, Chico composed the song &#8216;Djamila&#8217; and posted a video singing it at his home. It took years for us to reunite on stage, until yesterday our Orix\u00e1s made this moment possible, captured firsthand in the documentary about my life, currently being produced by Nicole Gullane and Liz D\u00f3rea. Chico will feature the song on his new album, and I am just grateful. Thank you, dear,&#8221; she posted.<\/p>\n<p><strong>Check out the video below of Chico C\u00e9sar singing the song &#8220;Djamila&#8221;<\/strong>:<\/p>\n<blockquote class=\"instagram-media\" style=\"background: #FFF; border: 0; border-radius: 3px; box-shadow: 0 0 1px 0 rgba(0,0,0,0.5),0 1px 10px 0 rgba(0,0,0,0.15); margin: 1px; max-width: 540px; min-width: 326px; padding: 0; width: calc(100% - 2px);\" data-instgrm-captioned=\"\" data-instgrm-permalink=\"https:\/\/www.instagram.com\/p\/C7FSU-Iv9Bk\/?utm_source=ig_embed&amp;utm_campaign=loading\" data-instgrm-version=\"14\">\n<div style=\"padding: 16px;\">\n<div style=\"display: flex; flex-direction: row; align-items: center;\">\n<div style=\"background-color: #f4f4f4; border-radius: 50%; flex-grow: 0; height: 40px; margin-right: 14px; width: 40px;\"><\/div>\n<div style=\"display: flex; flex-direction: column; flex-grow: 1; justify-content: center;\">\n<div style=\"background-color: #f4f4f4; border-radius: 4px; flex-grow: 0; height: 14px; margin-bottom: 6px; width: 100px;\"><\/div>\n<div style=\"background-color: #f4f4f4; border-radius: 4px; flex-grow: 0; height: 14px; width: 60px;\"><\/div>\n<\/div>\n<\/div>\n<div style=\"padding: 19% 0;\"><\/div>\n<div style=\"display: block; height: 50px; margin: 0 auto 12px; width: 50px;\"><\/div>\n<div style=\"padding-top: 8px;\">\n<div style=\"color: #3897f0; font-family: Arial,sans-serif; font-size: 14px; font-style: normal; font-weight: 550; line-height: 18px;\">Ver essa foto no Instagram<\/div>\n<\/div>\n<div style=\"padding: 12.5% 0;\"><\/div>\n<div style=\"display: flex; flex-direction: row; margin-bottom: 14px; align-items: center;\">\n<div>\n<div style=\"background-color: #f4f4f4; border-radius: 50%; height: 12.5px; width: 12.5px; transform: translateX(0px) translateY(7px);\"><\/div>\n<div style=\"background-color: #f4f4f4; height: 12.5px; transform: rotate(-45deg) translateX(3px) translateY(1px); width: 12.5px; flex-grow: 0; margin-right: 14px; margin-left: 2px;\"><\/div>\n<div style=\"background-color: #f4f4f4; border-radius: 50%; height: 12.5px; width: 12.5px; transform: translateX(9px) translateY(-18px);\"><\/div>\n<\/div>\n<div style=\"margin-left: 8px;\">\n<div style=\"background-color: #f4f4f4; border-radius: 50%; flex-grow: 0; height: 20px; width: 20px;\"><\/div>\n<div style=\"width: 0; height: 0; border-top: 2px solid transparent; border-left: 6px solid #f4f4f4; border-bottom: 2px solid transparent; transform: translateX(16px) translateY(-4px) rotate(30deg);\"><\/div>\n<\/div>\n<div style=\"margin-left: auto;\">\n<div style=\"width: 0px; border-top: 8px solid #F4F4F4; border-right: 8px solid transparent; transform: translateY(16px);\"><\/div>\n<div style=\"background-color: #f4f4f4; flex-grow: 0; height: 12px; width: 16px; transform: translateY(-4px);\"><\/div>\n<div style=\"width: 0; height: 0; border-top: 8px solid #F4F4F4; border-left: 8px solid transparent; transform: translateY(-4px) translateX(8px);\"><\/div>\n<\/div>\n<\/div>\n<div style=\"display: flex; flex-direction: column; flex-grow: 1; justify-content: center; margin-bottom: 24px;\">\n<div style=\"background-color: #f4f4f4; border-radius: 4px; flex-grow: 0; height: 14px; margin-bottom: 6px; width: 224px;\"><\/div>\n<div style=\"background-color: #f4f4f4; border-radius: 4px; flex-grow: 0; height: 14px; width: 144px;\"><\/div>\n<\/div>\n<p>&nbsp;<\/p>\n<p style=\"color: #c9c8cd; font-family: Arial,sans-serif; font-size: 14px; line-height: 17px; margin-bottom: 0; margin-top: 8px; overflow: hidden; padding: 8px 0 7px; text-align: center; text-overflow: ellipsis; white-space: nowrap;\"><a style=\"color: #c9c8cd; font-family: Arial,sans-serif; font-size: 14px; font-style: normal; font-weight: normal; line-height: 17px; text-decoration: none;\" href=\"https:\/\/www.instagram.com\/p\/C7FSU-Iv9Bk\/?utm_source=ig_embed&amp;utm_campaign=loading\" target=\"_blank\" rel=\"noopener\">Uma publica\u00e7\u00e3o compartilhada por Djamila Ribeiro (@djamilaribeiro1)<\/a><\/p>\n<\/div>\n<\/blockquote>\n<p><script async src=\"\/\/www.instagram.com\/embed.js\"><\/script><\/p>\n<p><strong>RioMar Festival<\/strong><\/p>\n<p>Curated by Carmen Peixoto, the festival opened with a tribute to Machado de Assis. Pernambucan writer and professor Fl\u00e1via Suassuna, a member of the Pernambuco Academy of Letters (APL), gave a presentation about the author&#8217;s life and works.<\/p>\n<p>Next, actor, director, and writer L\u00e1zaro Ramos spoke with the young audience present, mediated by Pernambucan journalist Pedro Lins. Following this, it was Djamila Ribeiro&#8217;s turn to take the stage to share her experiences. To close the event, there was a concert by the Para\u00edban singer Chico C\u00e9sar.<\/p>\n<p>Throughout the festival, RioMar promoted a campaign to collect children&#8217;s and youth literary books, which will be donated to children in the Sert\u00e3o of Pernambuco.<\/p>\n<p>&#8220;HONOR in being celebrated in song by my dear friend, professor, and brother Chico C\u00e9sar,&#8221; posted the Brazilian philosopher on Instagram.<\/p>\n<p>RioMar Festival: Djamila Ribeiro moved by Chico C\u00e9sar&#8217;s tribute.<\/p>\n","protected":false},"excerpt":{"rendered":"<p>&#8220;I came back from Recife moved. I was in the city for a day for the RioMar Literature Festival, which paid tribute to Machado de Assis and contemporary Black writers. I met the great L\u00e1zaro Ramos and participated in a fantastic panel with the teacher and journalist Fabiana Moraes,&#8221; wrote Djamila Ribeiro, on the 16th, [&hellip;]<\/p>\n","protected":false},"author":1,"featured_media":1352,"comment_status":"open","ping_status":"open","sticky":false,"template":"","format":"standard","meta":{"inline_featured_image":false},"categories":[2],"tags":[249,228,177],"acf":[],"yoast_head":"<!-- This site is optimized with the Yoast SEO plugin v20.5 - https:\/\/yoast.com\/wordpress\/plugins\/seo\/ -->\n<title>RioMar Festival: Djamila Ribeiro moved by Chico C\u00e9sar&#039;s tribute - Djamila Ribeiro<\/title>\n<meta name=\"description\" content=\"&quot;HONOR in being celebrated in song by my dear friend, professor, and brother Chico C\u00e9sar,&quot; posted the Brazilian philosopher on Instagram.\" \/>\n<meta name=\"robots\" content=\"index, follow, max-snippet:-1, max-image-preview:large, max-video-preview:-1\" \/>\n<link rel=\"canonical\" href=\"https:\/\/www.djamilaribeiro.com.br\/en\/riomar-festival-djamila-ribeiro-moved-by-chico-cesars-tribute\/\" \/>\n<meta property=\"og:locale\" content=\"en_US\" \/>\n<meta property=\"og:type\" content=\"article\" \/>\n<meta property=\"og:title\" content=\"RioMar Festival: Djamila Ribeiro moved by Chico C\u00e9sar&#039;s tribute\" \/>\n<meta property=\"og:description\" content=\"&quot;HONOR in being celebrated in song by my dear friend, professor, and brother Chico C\u00e9sar,&quot; posted the Brazilian philosopher on Instagram.\" \/>\n<meta property=\"og:url\" content=\"https:\/\/www.djamilaribeiro.com.br\/en\/riomar-festival-djamila-ribeiro-moved-by-chico-cesars-tribute\/\" \/>\n<meta property=\"og:site_name\" content=\"Djamila Ribeiro\" \/>\n<meta property=\"article:published_time\" content=\"2024-05-20T18:45:05+00:00\" \/>\n<meta property=\"article:modified_time\" content=\"2024-05-20T21:57:06+00:00\" \/>\n<meta property=\"og:image\" content=\"https:\/\/www.djamilaribeiro.com.br\/wp-content\/uploads\/2024\/05\/chico-cesar_1.jpeg\" \/>\n\t<meta property=\"og:image:width\" content=\"1080\" \/>\n\t<meta property=\"og:image:height\" content=\"1059\" \/>\n\t<meta property=\"og:image:type\" content=\"image\/jpeg\" \/>\n<meta name=\"author\" content=\"Reda\u00e7\u00e3o\" \/>\n<meta name=\"twitter:card\" content=\"summary_large_image\" \/>\n<meta name=\"twitter:title\" content=\"RioMar Festival: Djamila Ribeiro moved by Chico C\u00e9sar&#039;s tribute\" \/>\n<meta name=\"twitter:description\" content=\"&quot;HONOR in being celebrated in song by my dear friend, professor, and brother Chico C\u00e9sar,&quot; posted the Brazilian philosopher on Instagram.\" \/>\n<meta name=\"twitter:image\" content=\"https:\/\/www.djamilaribeiro.com.br\/wp-content\/uploads\/2024\/05\/chico-cesar_1.jpeg\" \/>\n<meta name=\"twitter:label1\" content=\"Written by\" \/>\n\t<meta name=\"twitter:data1\" content=\"Reda\u00e7\u00e3o\" \/>\n\t<meta name=\"twitter:label2\" content=\"Est. reading time\" \/>\n\t<meta name=\"twitter:data2\" content=\"2 minutes\" \/>\n<script type=\"application\/ld+json\" class=\"yoast-schema-graph\">{\"@context\":\"https:\/\/schema.org\",\"@graph\":[{\"@type\":\"WebPage\",\"@id\":\"https:\/\/www.djamilaribeiro.com.br\/en\/riomar-festival-djamila-ribeiro-moved-by-chico-cesars-tribute\/\",\"url\":\"https:\/\/www.djamilaribeiro.com.br\/en\/riomar-festival-djamila-ribeiro-moved-by-chico-cesars-tribute\/\",\"name\":\"RioMar Festival: Djamila Ribeiro moved by Chico C\u00e9sar's tribute - Djamila Ribeiro\",\"isPartOf\":{\"@id\":\"https:\/\/www.djamilaribeiro.com.br\/#website\"},\"datePublished\":\"2024-05-20T18:45:05+00:00\",\"dateModified\":\"2024-05-20T21:57:06+00:00\",\"author\":{\"@id\":\"https:\/\/www.djamilaribeiro.com.br\/#\/schema\/person\/a928f404cf733e4c62686bedd437b9ee\"},\"description\":\"\\\"HONOR in being celebrated in song by my dear friend, professor, and brother Chico C\u00e9sar,\\\" posted the Brazilian philosopher on Instagram.\",\"breadcrumb\":{\"@id\":\"https:\/\/www.djamilaribeiro.com.br\/en\/riomar-festival-djamila-ribeiro-moved-by-chico-cesars-tribute\/#breadcrumb\"},\"inLanguage\":\"en-US\",\"potentialAction\":[{\"@type\":\"ReadAction\",\"target\":[\"https:\/\/www.djamilaribeiro.com.br\/en\/riomar-festival-djamila-ribeiro-moved-by-chico-cesars-tribute\/\"]}]},{\"@type\":\"BreadcrumbList\",\"@id\":\"https:\/\/www.djamilaribeiro.com.br\/en\/riomar-festival-djamila-ribeiro-moved-by-chico-cesars-tribute\/#breadcrumb\",\"itemListElement\":[{\"@type\":\"ListItem\",\"position\":1,\"name\":\"In\u00edcio\",\"item\":\"https:\/\/www.djamilaribeiro.com.br\/en\/\"},{\"@type\":\"ListItem\",\"position\":2,\"name\":\"RioMar Festival: Djamila Ribeiro moved by Chico C\u00e9sar&#8217;s tribute\"}]},{\"@type\":\"WebSite\",\"@id\":\"https:\/\/www.djamilaribeiro.com.br\/#website\",\"url\":\"https:\/\/www.djamilaribeiro.com.br\/\",\"name\":\"Djamila Ribeiro\",\"description\":\"\",\"potentialAction\":[{\"@type\":\"SearchAction\",\"target\":{\"@type\":\"EntryPoint\",\"urlTemplate\":\"https:\/\/www.djamilaribeiro.com.br\/?s={search_term_string}\"},\"query-input\":\"required name=search_term_string\"}],\"inLanguage\":\"en-US\"},{\"@type\":\"Person\",\"@id\":\"https:\/\/www.djamilaribeiro.com.br\/#\/schema\/person\/a928f404cf733e4c62686bedd437b9ee\",\"name\":\"Reda\u00e7\u00e3o\",\"image\":{\"@type\":\"ImageObject\",\"inLanguage\":\"en-US\",\"@id\":\"https:\/\/www.djamilaribeiro.com.br\/#\/schema\/person\/image\/\",\"url\":\"https:\/\/secure.gravatar.com\/avatar\/e22ea52208b383d899430021cb4ecf26?s=96&d=mm&r=g\",\"contentUrl\":\"https:\/\/secure.gravatar.com\/avatar\/e22ea52208b383d899430021cb4ecf26?s=96&d=mm&r=g\",\"caption\":\"Reda\u00e7\u00e3o\"},\"sameAs\":[\"https:\/\/localhost\"],\"url\":\"https:\/\/www.djamilaribeiro.com.br\/en\/author\/djamila\/\"}]}<\/script>\n<!-- \/ Yoast SEO plugin. -->","yoast_head_json":{"title":"RioMar Festival: Djamila Ribeiro moved by Chico C\u00e9sar's tribute - Djamila Ribeiro","description":"\"HONOR in being celebrated in song by my dear friend, professor, and brother Chico C\u00e9sar,\" posted the Brazilian philosopher on Instagram.","robots":{"index":"index","follow":"follow","max-snippet":"max-snippet:-1","max-image-preview":"max-image-preview:large","max-video-preview":"max-video-preview:-1"},"canonical":"https:\/\/www.djamilaribeiro.com.br\/en\/riomar-festival-djamila-ribeiro-moved-by-chico-cesars-tribute\/","og_locale":"en_US","og_type":"article","og_title":"RioMar Festival: Djamila Ribeiro moved by Chico C\u00e9sar's tribute","og_description":"\"HONOR in being celebrated in song by my dear friend, professor, and brother Chico C\u00e9sar,\" posted the Brazilian philosopher on Instagram.","og_url":"https:\/\/www.djamilaribeiro.com.br\/en\/riomar-festival-djamila-ribeiro-moved-by-chico-cesars-tribute\/","og_site_name":"Djamila Ribeiro","article_published_time":"2024-05-20T18:45:05+00:00","article_modified_time":"2024-05-20T21:57:06+00:00","og_image":[{"width":1080,"height":1059,"url":"https:\/\/www.djamilaribeiro.com.br\/wp-content\/uploads\/2024\/05\/chico-cesar_1.jpeg","type":"image\/jpeg"}],"author":"Reda\u00e7\u00e3o","twitter_card":"summary_large_image","twitter_title":"RioMar Festival: Djamila Ribeiro moved by Chico C\u00e9sar's tribute","twitter_description":"\"HONOR in being celebrated in song by my dear friend, professor, and brother Chico C\u00e9sar,\" posted the Brazilian philosopher on Instagram.","twitter_image":"https:\/\/www.djamilaribeiro.com.br\/wp-content\/uploads\/2024\/05\/chico-cesar_1.jpeg","twitter_misc":{"Written by":"Reda\u00e7\u00e3o","Est. reading time":"2 minutes"},"schema":{"@context":"https:\/\/schema.org","@graph":[{"@type":"WebPage","@id":"https:\/\/www.djamilaribeiro.com.br\/en\/riomar-festival-djamila-ribeiro-moved-by-chico-cesars-tribute\/","url":"https:\/\/www.djamilaribeiro.com.br\/en\/riomar-festival-djamila-ribeiro-moved-by-chico-cesars-tribute\/","name":"RioMar Festival: Djamila Ribeiro moved by Chico C\u00e9sar's tribute - Djamila Ribeiro","isPartOf":{"@id":"https:\/\/www.djamilaribeiro.com.br\/#website"},"datePublished":"2024-05-20T18:45:05+00:00","dateModified":"2024-05-20T21:57:06+00:00","author":{"@id":"https:\/\/www.djamilaribeiro.com.br\/#\/schema\/person\/a928f404cf733e4c62686bedd437b9ee"},"description":"\"HONOR in being celebrated in song by my dear friend, professor, and brother Chico C\u00e9sar,\" posted the Brazilian philosopher on Instagram.","breadcrumb":{"@id":"https:\/\/www.djamilaribeiro.com.br\/en\/riomar-festival-djamila-ribeiro-moved-by-chico-cesars-tribute\/#breadcrumb"},"inLanguage":"en-US","potentialAction":[{"@type":"ReadAction","target":["https:\/\/www.djamilaribeiro.com.br\/en\/riomar-festival-djamila-ribeiro-moved-by-chico-cesars-tribute\/"]}]},{"@type":"BreadcrumbList","@id":"https:\/\/www.djamilaribeiro.com.br\/en\/riomar-festival-djamila-ribeiro-moved-by-chico-cesars-tribute\/#breadcrumb","itemListElement":[{"@type":"ListItem","position":1,"name":"In\u00edcio","item":"https:\/\/www.djamilaribeiro.com.br\/en\/"},{"@type":"ListItem","position":2,"name":"RioMar Festival: Djamila Ribeiro moved by Chico C\u00e9sar&#8217;s tribute"}]},{"@type":"WebSite","@id":"https:\/\/www.djamilaribeiro.com.br\/#website","url":"https:\/\/www.djamilaribeiro.com.br\/","name":"Djamila Ribeiro","description":"","potentialAction":[{"@type":"SearchAction","target":{"@type":"EntryPoint","urlTemplate":"https:\/\/www.djamilaribeiro.com.br\/?s={search_term_string}"},"query-input":"required name=search_term_string"}],"inLanguage":"en-US"},{"@type":"Person","@id":"https:\/\/www.djamilaribeiro.com.br\/#\/schema\/person\/a928f404cf733e4c62686bedd437b9ee","name":"Reda\u00e7\u00e3o","image":{"@type":"ImageObject","inLanguage":"en-US","@id":"https:\/\/www.djamilaribeiro.com.br\/#\/schema\/person\/image\/","url":"https:\/\/secure.gravatar.com\/avatar\/e22ea52208b383d899430021cb4ecf26?s=96&d=mm&r=g","contentUrl":"https:\/\/secure.gravatar.com\/avatar\/e22ea52208b383d899430021cb4ecf26?s=96&d=mm&r=g","caption":"Reda\u00e7\u00e3o"},"sameAs":["https:\/\/localhost"],"url":"https:\/\/www.djamilaribeiro.com.br\/en\/author\/djamila\/"}]}},"amp_enabled":true,"_links":{"self":[{"href":"https:\/\/www.djamilaribeiro.com.br\/en\/wp-json\/wp\/v2\/posts\/1357"}],"collection":[{"href":"https:\/\/www.djamilaribeiro.com.br\/en\/wp-json\/wp\/v2\/posts"}],"about":[{"href":"https:\/\/www.djamilaribeiro.com.br\/en\/wp-json\/wp\/v2\/types\/post"}],"author":[{"embeddable":true,"href":"https:\/\/www.djamilaribeiro.com.br\/en\/wp-json\/wp\/v2\/users\/1"}],"replies":[{"embeddable":true,"href":"https:\/\/www.djamilaribeiro.com.br\/en\/wp-json\/wp\/v2\/comments?post=1357"}],"version-history":[{"count":1,"href":"https:\/\/www.djamilaribeiro.com.br\/en\/wp-json\/wp\/v2\/posts\/1357\/revisions"}],"predecessor-version":[{"id":1361,"href":"https:\/\/www.djamilaribeiro.com.br\/en\/wp-json\/wp\/v2\/posts\/1357\/revisions\/1361"}],"wp:featuredmedia":[{"embeddable":true,"href":"https:\/\/www.djamilaribeiro.com.br\/en\/wp-json\/wp\/v2\/media\/1352"}],"wp:attachment":[{"href":"https:\/\/www.djamilaribeiro.com.br\/en\/wp-json\/wp\/v2\/media?parent=1357"}],"wp:term":[{"taxonomy":"category","embeddable":true,"href":"https:\/\/www.djamilaribeiro.com.br\/en\/wp-json\/wp\/v2\/categories?post=1357"},{"taxonomy":"post_tag","embeddable":true,"href":"https:\/\/www.djamilaribeiro.com.br\/en\/wp-json\/wp\/v2\/tags?post=1357"}],"curies":[{"name":"wp","href":"https:\/\/api.w.org\/{rel}","templated":true}]}}