{"id":1628,"date":"2024-07-17T19:08:58","date_gmt":"2024-07-17T22:08:58","guid":{"rendered":"https:\/\/www.djamilaribeiro.com.br\/?p=1628"},"modified":"2024-07-17T19:20:16","modified_gmt":"2024-07-17T22:20:16","slug":"forest-protection-day-sao-paulo-academy-of-letters-promotes-tree-planting-initiative","status":"publish","type":"post","link":"https:\/\/www.djamilaribeiro.com.br\/en\/forest-protection-day-sao-paulo-academy-of-letters-promotes-tree-planting-initiative\/","title":{"rendered":"Forest Protection Day: S\u00e3o Paulo Academy of Letters Promotes Tree-Planting Initiative"},"content":{"rendered":"<p>On <a href=\"https:\/\/www.instagram.com\/p\/C9iPHVxvVSN\/?img_index=1\"><strong>Instagram<\/strong><\/a>, Djamila Ribeiro spoke about the social action carried out on Wednesday, July 17:<\/p>\n<p><em>&#8220;Today, on Forest Protection Day, the S\u00e3o Paulo Academy of Letters promoted a beautiful tree-planting event at Martin Luther King Park. Each academic planted a tree in honor of the patron of their chair. I planted a cambuci tree in honor of Caetano de Campos, a Brazilian doctor and educator, and the patron of chair 28.<\/em><\/p>\n<p><em>This important initiative, conceived by Leandro Karnal (<a class=\"x1i10hfl xjbqb8w x1ejq31n xd10rxx x1sy0etr x17r0tee x972fbf xcfux6l x1qhh985 xm0m39n x9f619 x1ypdohk xt0psk2 xe8uvvx xdj266r x11i5rnm xat24cr x1mh8g0r xexx8yu x4uap5 x18d9i69 xkhd6sd x16tdsg8 x1hl2dhg xggy1nq x1a2a7pz notranslate _a6hd\" tabindex=\"0\" role=\"link\" href=\"https:\/\/www.instagram.com\/leandro_karnal\/\">@leandro_karnal<\/a>) and carried forward by Renato Nalini (<a class=\"x1i10hfl xjbqb8w x1ejq31n xd10rxx x1sy0etr x17r0tee x972fbf xcfux6l x1qhh985 xm0m39n x9f619 x1ypdohk xt0psk2 xe8uvvx xdj266r x11i5rnm xat24cr x1mh8g0r xexx8yu x4uap5 x18d9i69 xkhd6sd x16tdsg8 x1hl2dhg xggy1nq x1a2a7pz notranslate _a6hd\" tabindex=\"0\" role=\"link\" href=\"https:\/\/www.instagram.com\/renato_nalini\/\">@renato_nalini<\/a>), became a wonderful movement for the environment and remembrance. By planting trees, we also plant knowledge about important figures in our country&#8217;s history.<\/em><\/p>\n<p><em>Congratulations to the S\u00e3o Paulo Academy of Letters (<a class=\"x1i10hfl xjbqb8w x1ejq31n xd10rxx x1sy0etr x17r0tee x972fbf xcfux6l x1qhh985 xm0m39n x9f619 x1ypdohk xt0psk2 xe8uvvx xdj266r x11i5rnm xat24cr x1mh8g0r xexx8yu x4uap5 x18d9i69 xkhd6sd x16tdsg8 x1hl2dhg xggy1nq x1a2a7pz notranslate _a6hd\" tabindex=\"0\" role=\"link\" href=\"https:\/\/www.instagram.com\/academiapaulistadeletras\/\">@academiapaulistadeletras<\/a>) for this essential social action!<\/em><\/p>\n<p><em>P.S.: They say that in life we should write a book, have a child, and plant a tree. Well, mission accomplished haha.&#8221;<\/em><\/p>\n<p>&nbsp;<\/p>\n<blockquote class=\"instagram-media\" style=\"background: #FFF; border: 0; border-radius: 3px; box-shadow: 0 0 1px 0 rgba(0,0,0,0.5),0 1px 10px 0 rgba(0,0,0,0.15); margin: 1px; max-width: 540px; min-width: 326px; padding: 0; width: calc(100% - 2px);\" data-instgrm-captioned=\"\" data-instgrm-permalink=\"https:\/\/www.instagram.com\/p\/C9iPHVxvVSN\/?utm_source=ig_embed&amp;utm_campaign=loading\" data-instgrm-version=\"14\">\n<div style=\"padding: 16px;\">\n<p>&nbsp;<\/p>\n<div style=\"display: flex; flex-direction: row; align-items: center;\">\n<div style=\"background-color: #f4f4f4; border-radius: 50%; flex-grow: 0; height: 40px; margin-right: 14px; width: 40px;\"><\/div>\n<div style=\"display: flex; flex-direction: column; flex-grow: 1; justify-content: center;\">\n<div style=\"background-color: #f4f4f4; border-radius: 4px; flex-grow: 0; height: 14px; margin-bottom: 6px; width: 100px;\"><\/div>\n<div style=\"background-color: #f4f4f4; border-radius: 4px; flex-grow: 0; height: 14px; width: 60px;\"><\/div>\n<\/div>\n<\/div>\n<div style=\"padding: 19% 0;\"><\/div>\n<div style=\"display: block; height: 50px; margin: 0 auto 12px; width: 50px;\"><\/div>\n<div style=\"padding-top: 8px;\">\n<div style=\"color: #3897f0; font-family: Arial,sans-serif; font-size: 14px; font-style: normal; font-weight: 550; line-height: 18px;\">Ver essa foto no Instagram<\/div>\n<\/div>\n<div style=\"padding: 12.5% 0;\"><\/div>\n<div style=\"display: flex; flex-direction: row; margin-bottom: 14px; align-items: center;\">\n<div>\n<div style=\"background-color: #f4f4f4; border-radius: 50%; height: 12.5px; width: 12.5px; transform: translateX(0px) translateY(7px);\"><\/div>\n<div style=\"background-color: #f4f4f4; height: 12.5px; transform: rotate(-45deg) translateX(3px) translateY(1px); width: 12.5px; flex-grow: 0; margin-right: 14px; margin-left: 2px;\"><\/div>\n<div style=\"background-color: #f4f4f4; border-radius: 50%; height: 12.5px; width: 12.5px; transform: translateX(9px) translateY(-18px);\"><\/div>\n<\/div>\n<div style=\"margin-left: 8px;\">\n<div style=\"background-color: #f4f4f4; border-radius: 50%; flex-grow: 0; height: 20px; width: 20px;\"><\/div>\n<div style=\"width: 0; height: 0; border-top: 2px solid transparent; border-left: 6px solid #f4f4f4; border-bottom: 2px solid transparent; transform: translateX(16px) translateY(-4px) rotate(30deg);\"><\/div>\n<\/div>\n<div style=\"margin-left: auto;\">\n<div style=\"width: 0px; border-top: 8px solid #F4F4F4; border-right: 8px solid transparent; transform: translateY(16px);\"><\/div>\n<div style=\"background-color: #f4f4f4; flex-grow: 0; height: 12px; width: 16px; transform: translateY(-4px);\"><\/div>\n<div style=\"width: 0; height: 0; border-top: 8px solid #F4F4F4; border-left: 8px solid transparent; transform: translateY(-4px) translateX(8px);\"><\/div>\n<\/div>\n<\/div>\n<div style=\"display: flex; flex-direction: column; flex-grow: 1; justify-content: center; margin-bottom: 24px;\">\n<div style=\"background-color: #f4f4f4; border-radius: 4px; flex-grow: 0; height: 14px; margin-bottom: 6px; width: 224px;\"><\/div>\n<div style=\"background-color: #f4f4f4; border-radius: 4px; flex-grow: 0; height: 14px; width: 144px;\"><\/div>\n<\/div>\n<p>&nbsp;<\/p>\n<p style=\"color: #c9c8cd; font-family: Arial,sans-serif; font-size: 14px; line-height: 17px; margin-bottom: 0; margin-top: 8px; overflow: hidden; padding: 8px 0 7px; text-align: center; text-overflow: ellipsis; white-space: nowrap;\"><a style=\"color: #c9c8cd; font-family: Arial,sans-serif; font-size: 14px; font-style: normal; font-weight: normal; line-height: 17px; text-decoration: none;\" href=\"https:\/\/www.instagram.com\/p\/C9iPHVxvVSN\/?utm_source=ig_embed&amp;utm_campaign=loading\" target=\"_blank\" rel=\"noopener\">Uma publica\u00e7\u00e3o compartilhada por Djamila Ribeiro (@djamilaribeiro1)<\/a><\/p>\n<\/div>\n<\/blockquote>\n<p><script async src=\"\/\/www.instagram.com\/embed.js\"><\/script><\/p>\n","protected":false},"excerpt":{"rendered":"<p>On Instagram, Djamila Ribeiro spoke about the social action carried out on Wednesday, July 17: &#8220;Today, on Forest Protection Day, the S\u00e3o Paulo Academy of Letters promoted a beautiful tree-planting event at Martin Luther King Park. Each academic planted a tree in honor of the patron of their chair. I planted a cambuci tree in [&hellip;]<\/p>\n","protected":false},"author":1,"featured_media":1624,"comment_status":"open","ping_status":"open","sticky":false,"template":"","format":"standard","meta":{"inline_featured_image":false},"categories":[2],"tags":[283,282],"acf":[],"yoast_head":"<!-- This site is optimized with the Yoast SEO plugin v20.5 - https:\/\/yoast.com\/wordpress\/plugins\/seo\/ -->\n<title>Forest Protection Day: S\u00e3o Paulo Academy of Letters Promotes Tree-Planting Initiative - Djamila Ribeiro<\/title>\n<meta name=\"description\" content=\"On Instagram, Djamila Ribeiro spoke about the event held on Wednesday, July 17, at Martin Luther King Park in S\u00e3o Paulo.\" \/>\n<meta name=\"robots\" content=\"index, follow, max-snippet:-1, max-image-preview:large, max-video-preview:-1\" \/>\n<link rel=\"canonical\" href=\"https:\/\/www.djamilaribeiro.com.br\/en\/forest-protection-day-sao-paulo-academy-of-letters-promotes-tree-planting-initiative\/\" \/>\n<meta property=\"og:locale\" content=\"en_US\" \/>\n<meta property=\"og:type\" content=\"article\" \/>\n<meta property=\"og:title\" content=\"Forest Protection Day: S\u00e3o Paulo Academy of Letters Promotes Tree-Planting Initiative\" \/>\n<meta property=\"og:description\" content=\"On Instagram, Djamila Ribeiro spoke about the event held on Wednesday, July 17, at Martin Luther King Park in S\u00e3o Paulo.\" \/>\n<meta property=\"og:url\" content=\"https:\/\/www.djamilaribeiro.com.br\/en\/forest-protection-day-sao-paulo-academy-of-letters-promotes-tree-planting-initiative\/\" \/>\n<meta property=\"og:site_name\" content=\"Djamila Ribeiro\" \/>\n<meta property=\"article:published_time\" content=\"2024-07-17T22:08:58+00:00\" \/>\n<meta property=\"article:modified_time\" content=\"2024-07-17T22:20:16+00:00\" \/>\n<meta property=\"og:image\" content=\"https:\/\/www.djamilaribeiro.com.br\/wp-content\/uploads\/2024\/07\/Djamila_1-1.jpg\" \/>\n\t<meta property=\"og:image:width\" content=\"1080\" \/>\n\t<meta property=\"og:image:height\" content=\"1058\" \/>\n\t<meta property=\"og:image:type\" content=\"image\/jpeg\" \/>\n<meta name=\"author\" content=\"Reda\u00e7\u00e3o\" \/>\n<meta name=\"twitter:card\" content=\"summary_large_image\" \/>\n<meta name=\"twitter:title\" content=\"Forest Protection Day: S\u00e3o Paulo Academy of Letters Promotes Tree-Planting Initiative\" \/>\n<meta name=\"twitter:description\" content=\"On Instagram, Djamila Ribeiro spoke about the event held on Wednesday, July 17, at Martin Luther King Park in S\u00e3o Paulo.\" \/>\n<meta name=\"twitter:image\" content=\"https:\/\/www.djamilaribeiro.com.br\/wp-content\/uploads\/2024\/07\/Djamila_1-1.jpg\" \/>\n<meta name=\"twitter:label1\" content=\"Written by\" \/>\n\t<meta name=\"twitter:data1\" content=\"Reda\u00e7\u00e3o\" \/>\n\t<meta name=\"twitter:label2\" content=\"Est. reading time\" \/>\n\t<meta name=\"twitter:data2\" content=\"1 minute\" \/>\n<script type=\"application\/ld+json\" class=\"yoast-schema-graph\">{\"@context\":\"https:\/\/schema.org\",\"@graph\":[{\"@type\":\"WebPage\",\"@id\":\"https:\/\/www.djamilaribeiro.com.br\/en\/forest-protection-day-sao-paulo-academy-of-letters-promotes-tree-planting-initiative\/\",\"url\":\"https:\/\/www.djamilaribeiro.com.br\/en\/forest-protection-day-sao-paulo-academy-of-letters-promotes-tree-planting-initiative\/\",\"name\":\"Forest Protection Day: S\u00e3o Paulo Academy of Letters Promotes Tree-Planting Initiative - Djamila Ribeiro\",\"isPartOf\":{\"@id\":\"https:\/\/www.djamilaribeiro.com.br\/#website\"},\"datePublished\":\"2024-07-17T22:08:58+00:00\",\"dateModified\":\"2024-07-17T22:20:16+00:00\",\"author\":{\"@id\":\"https:\/\/www.djamilaribeiro.com.br\/#\/schema\/person\/a928f404cf733e4c62686bedd437b9ee\"},\"description\":\"On Instagram, Djamila Ribeiro spoke about the event held on Wednesday, July 17, at Martin Luther King Park in S\u00e3o Paulo.\",\"breadcrumb\":{\"@id\":\"https:\/\/www.djamilaribeiro.com.br\/en\/forest-protection-day-sao-paulo-academy-of-letters-promotes-tree-planting-initiative\/#breadcrumb\"},\"inLanguage\":\"en-US\",\"potentialAction\":[{\"@type\":\"ReadAction\",\"target\":[\"https:\/\/www.djamilaribeiro.com.br\/en\/forest-protection-day-sao-paulo-academy-of-letters-promotes-tree-planting-initiative\/\"]}]},{\"@type\":\"BreadcrumbList\",\"@id\":\"https:\/\/www.djamilaribeiro.com.br\/en\/forest-protection-day-sao-paulo-academy-of-letters-promotes-tree-planting-initiative\/#breadcrumb\",\"itemListElement\":[{\"@type\":\"ListItem\",\"position\":1,\"name\":\"In\u00edcio\",\"item\":\"https:\/\/www.djamilaribeiro.com.br\/en\/\"},{\"@type\":\"ListItem\",\"position\":2,\"name\":\"Forest Protection Day: S\u00e3o Paulo Academy of Letters Promotes Tree-Planting Initiative\"}]},{\"@type\":\"WebSite\",\"@id\":\"https:\/\/www.djamilaribeiro.com.br\/#website\",\"url\":\"https:\/\/www.djamilaribeiro.com.br\/\",\"name\":\"Djamila Ribeiro\",\"description\":\"\",\"potentialAction\":[{\"@type\":\"SearchAction\",\"target\":{\"@type\":\"EntryPoint\",\"urlTemplate\":\"https:\/\/www.djamilaribeiro.com.br\/?s={search_term_string}\"},\"query-input\":\"required name=search_term_string\"}],\"inLanguage\":\"en-US\"},{\"@type\":\"Person\",\"@id\":\"https:\/\/www.djamilaribeiro.com.br\/#\/schema\/person\/a928f404cf733e4c62686bedd437b9ee\",\"name\":\"Reda\u00e7\u00e3o\",\"image\":{\"@type\":\"ImageObject\",\"inLanguage\":\"en-US\",\"@id\":\"https:\/\/www.djamilaribeiro.com.br\/#\/schema\/person\/image\/\",\"url\":\"https:\/\/secure.gravatar.com\/avatar\/e22ea52208b383d899430021cb4ecf26?s=96&d=mm&r=g\",\"contentUrl\":\"https:\/\/secure.gravatar.com\/avatar\/e22ea52208b383d899430021cb4ecf26?s=96&d=mm&r=g\",\"caption\":\"Reda\u00e7\u00e3o\"},\"sameAs\":[\"https:\/\/localhost\"],\"url\":\"https:\/\/www.djamilaribeiro.com.br\/en\/author\/djamila\/\"}]}<\/script>\n<!-- \/ Yoast SEO plugin. -->","yoast_head_json":{"title":"Forest Protection Day: S\u00e3o Paulo Academy of Letters Promotes Tree-Planting Initiative - Djamila Ribeiro","description":"On Instagram, Djamila Ribeiro spoke about the event held on Wednesday, July 17, at Martin Luther King Park in S\u00e3o Paulo.","robots":{"index":"index","follow":"follow","max-snippet":"max-snippet:-1","max-image-preview":"max-image-preview:large","max-video-preview":"max-video-preview:-1"},"canonical":"https:\/\/www.djamilaribeiro.com.br\/en\/forest-protection-day-sao-paulo-academy-of-letters-promotes-tree-planting-initiative\/","og_locale":"en_US","og_type":"article","og_title":"Forest Protection Day: S\u00e3o Paulo Academy of Letters Promotes Tree-Planting Initiative","og_description":"On Instagram, Djamila Ribeiro spoke about the event held on Wednesday, July 17, at Martin Luther King Park in S\u00e3o Paulo.","og_url":"https:\/\/www.djamilaribeiro.com.br\/en\/forest-protection-day-sao-paulo-academy-of-letters-promotes-tree-planting-initiative\/","og_site_name":"Djamila Ribeiro","article_published_time":"2024-07-17T22:08:58+00:00","article_modified_time":"2024-07-17T22:20:16+00:00","og_image":[{"width":1080,"height":1058,"url":"https:\/\/www.djamilaribeiro.com.br\/wp-content\/uploads\/2024\/07\/Djamila_1-1.jpg","type":"image\/jpeg"}],"author":"Reda\u00e7\u00e3o","twitter_card":"summary_large_image","twitter_title":"Forest Protection Day: S\u00e3o Paulo Academy of Letters Promotes Tree-Planting Initiative","twitter_description":"On Instagram, Djamila Ribeiro spoke about the event held on Wednesday, July 17, at Martin Luther King Park in S\u00e3o Paulo.","twitter_image":"https:\/\/www.djamilaribeiro.com.br\/wp-content\/uploads\/2024\/07\/Djamila_1-1.jpg","twitter_misc":{"Written by":"Reda\u00e7\u00e3o","Est. reading time":"1 minute"},"schema":{"@context":"https:\/\/schema.org","@graph":[{"@type":"WebPage","@id":"https:\/\/www.djamilaribeiro.com.br\/en\/forest-protection-day-sao-paulo-academy-of-letters-promotes-tree-planting-initiative\/","url":"https:\/\/www.djamilaribeiro.com.br\/en\/forest-protection-day-sao-paulo-academy-of-letters-promotes-tree-planting-initiative\/","name":"Forest Protection Day: S\u00e3o Paulo Academy of Letters Promotes Tree-Planting Initiative - Djamila Ribeiro","isPartOf":{"@id":"https:\/\/www.djamilaribeiro.com.br\/#website"},"datePublished":"2024-07-17T22:08:58+00:00","dateModified":"2024-07-17T22:20:16+00:00","author":{"@id":"https:\/\/www.djamilaribeiro.com.br\/#\/schema\/person\/a928f404cf733e4c62686bedd437b9ee"},"description":"On Instagram, Djamila Ribeiro spoke about the event held on Wednesday, July 17, at Martin Luther King Park in S\u00e3o Paulo.","breadcrumb":{"@id":"https:\/\/www.djamilaribeiro.com.br\/en\/forest-protection-day-sao-paulo-academy-of-letters-promotes-tree-planting-initiative\/#breadcrumb"},"inLanguage":"en-US","potentialAction":[{"@type":"ReadAction","target":["https:\/\/www.djamilaribeiro.com.br\/en\/forest-protection-day-sao-paulo-academy-of-letters-promotes-tree-planting-initiative\/"]}]},{"@type":"BreadcrumbList","@id":"https:\/\/www.djamilaribeiro.com.br\/en\/forest-protection-day-sao-paulo-academy-of-letters-promotes-tree-planting-initiative\/#breadcrumb","itemListElement":[{"@type":"ListItem","position":1,"name":"In\u00edcio","item":"https:\/\/www.djamilaribeiro.com.br\/en\/"},{"@type":"ListItem","position":2,"name":"Forest Protection Day: S\u00e3o Paulo Academy of Letters Promotes Tree-Planting Initiative"}]},{"@type":"WebSite","@id":"https:\/\/www.djamilaribeiro.com.br\/#website","url":"https:\/\/www.djamilaribeiro.com.br\/","name":"Djamila Ribeiro","description":"","potentialAction":[{"@type":"SearchAction","target":{"@type":"EntryPoint","urlTemplate":"https:\/\/www.djamilaribeiro.com.br\/?s={search_term_string}"},"query-input":"required name=search_term_string"}],"inLanguage":"en-US"},{"@type":"Person","@id":"https:\/\/www.djamilaribeiro.com.br\/#\/schema\/person\/a928f404cf733e4c62686bedd437b9ee","name":"Reda\u00e7\u00e3o","image":{"@type":"ImageObject","inLanguage":"en-US","@id":"https:\/\/www.djamilaribeiro.com.br\/#\/schema\/person\/image\/","url":"https:\/\/secure.gravatar.com\/avatar\/e22ea52208b383d899430021cb4ecf26?s=96&d=mm&r=g","contentUrl":"https:\/\/secure.gravatar.com\/avatar\/e22ea52208b383d899430021cb4ecf26?s=96&d=mm&r=g","caption":"Reda\u00e7\u00e3o"},"sameAs":["https:\/\/localhost"],"url":"https:\/\/www.djamilaribeiro.com.br\/en\/author\/djamila\/"}]}},"amp_enabled":true,"_links":{"self":[{"href":"https:\/\/www.djamilaribeiro.com.br\/en\/wp-json\/wp\/v2\/posts\/1628"}],"collection":[{"href":"https:\/\/www.djamilaribeiro.com.br\/en\/wp-json\/wp\/v2\/posts"}],"about":[{"href":"https:\/\/www.djamilaribeiro.com.br\/en\/wp-json\/wp\/v2\/types\/post"}],"author":[{"embeddable":true,"href":"https:\/\/www.djamilaribeiro.com.br\/en\/wp-json\/wp\/v2\/users\/1"}],"replies":[{"embeddable":true,"href":"https:\/\/www.djamilaribeiro.com.br\/en\/wp-json\/wp\/v2\/comments?post=1628"}],"version-history":[{"count":2,"href":"https:\/\/www.djamilaribeiro.com.br\/en\/wp-json\/wp\/v2\/posts\/1628\/revisions"}],"predecessor-version":[{"id":2510,"href":"https:\/\/www.djamilaribeiro.com.br\/en\/wp-json\/wp\/v2\/posts\/1628\/revisions\/2510"}],"wp:featuredmedia":[{"embeddable":true,"href":"https:\/\/www.djamilaribeiro.com.br\/en\/wp-json\/wp\/v2\/media\/1624"}],"wp:attachment":[{"href":"https:\/\/www.djamilaribeiro.com.br\/en\/wp-json\/wp\/v2\/media?parent=1628"}],"wp:term":[{"taxonomy":"category","embeddable":true,"href":"https:\/\/www.djamilaribeiro.com.br\/en\/wp-json\/wp\/v2\/categories?post=1628"},{"taxonomy":"post_tag","embeddable":true,"href":"https:\/\/www.djamilaribeiro.com.br\/en\/wp-json\/wp\/v2\/tags?post=1628"}],"curies":[{"name":"wp","href":"https:\/\/api.w.org\/{rel}","templated":true}]}}