{"id":2284,"date":"2024-11-18T08:03:35","date_gmt":"2024-11-18T11:03:35","guid":{"rendered":"https:\/\/www.djamilaribeiro.com.br\/?p=2284"},"modified":"2024-11-18T08:15:10","modified_gmt":"2024-11-18T11:15:10","slug":"djamila-ribeiro-celebrates-seven-years-since-the-launch-of-lugar-de-fala","status":"publish","type":"post","link":"https:\/\/www.djamilaribeiro.com.br\/en\/djamila-ribeiro-celebrates-seven-years-since-the-launch-of-lugar-de-fala\/","title":{"rendered":"Djamila Ribeiro Celebrates Seven Years Since the Launch of &#8216;Lugar de Fala&#8217;"},"content":{"rendered":"<p>This Sunday, November 17, marked seven years since the publication of the first edition of &#8216;<em>Lugar de Fala&#8217;<\/em> (<em>Where We Stand<\/em>). The debut title of the <em>Feminismos Plurais<\/em> (<em>Plural Feminisms<\/em>) Collection, the book, in Djamila&#8217;s own words, &#8220;made an indelible impact on the public debate in Brazil.&#8221; On her <a href=\"https:\/\/www.instagram.com\/p\/DCcWjuey3Pf\/?img_index=1\"><strong>Instagram profile<\/strong><\/a>, the Brazilian philosopher shared a text commemorating the date and teasing that new projects are on the horizon!<\/p>\n<p><em><strong>7 Years Since the Publication of Lugar de Fala<\/strong><\/em><\/p>\n<p><em>Today marks 7 years since &#8216;Lugar de Fala&#8217; was launched. It was the first title in the Feminismos Plurais Collection and made an indelible impact on public debate in Brazil. At the first launch in Rio de Janeiro in 2017, we closed a street in Lapa to welcome over 3,000 people. And it continued like this in the following years: thousands of people in Belo Horizonte, Natal, Salvador, S\u00e3o Lu\u00eds, Porto Alegre, Fortaleza, Rio Branco, Bras\u00edlia, Teresina, S\u00e3o Paulo, and hundreds of smaller cities across various Brazilian states. We held launch events in every region of Brazil. I traveled extensively throughout the country, breaking attendance records in several cities.<\/em><\/p>\n<p><em>Translated into six languages, &#8216;Lugar de Fala&#8217; is a required reading for the entrance exam of the Federal University of Paran\u00e1 and is included in various undergraduate and postgraduate bibliographies both in Brazil and abroad. We have donated tens of thousands of copies of the Collection to numerous initiatives, and as of 2025, we have surpassed 600,000 books sold.<\/em><\/p>\n<p><em>The Feminismos Plurais Collection is a landmark in the Brazilian publishing market\u2014a watershed moment. This independent project paved the way for many Black authors to gain recognition and even influenced major publishers to follow suit, as we can see today. Fourteen titles have been published, seven translated into French, and three into Italian. We managed to internationalize the project. In total, under the publishing imprint I coordinate, we have published 27 books since 2017, all written by Black authors.<\/em><\/p>\n<p><em>Today, from the U.S., where I\u2019m participating in events launching the English edition of Lugar de Fala (Where We Stand) in various cities, I celebrate the courage to write this book and the tireless work to democratize Black authorship in Brazil.<\/em><\/p>\n<p><em>Gratitude to everyone who made this dream possible. I\u2019ll be sharing exciting updates about the next steps for the Collection soon. Ax\u00e9!<\/em><\/p>\n<blockquote class=\"instagram-media\" style=\"background: #FFF; border: 0; border-radius: 3px; box-shadow: 0 0 1px 0 rgba(0,0,0,0.5),0 1px 10px 0 rgba(0,0,0,0.15); margin: 1px; max-width: 540px; min-width: 326px; padding: 0; width: calc(100% - 2px);\" data-instgrm-captioned=\"\" data-instgrm-permalink=\"https:\/\/www.instagram.com\/p\/DCcWjuey3Pf\/?utm_source=ig_embed&amp;utm_campaign=loading\" data-instgrm-version=\"14\">\n<div style=\"padding: 16px;\">\n<p>&nbsp;<\/p>\n<div style=\"display: flex; flex-direction: row; align-items: center;\">\n<div style=\"background-color: #f4f4f4; border-radius: 50%; flex-grow: 0; height: 40px; margin-right: 14px; width: 40px;\"><\/div>\n<div style=\"display: flex; flex-direction: column; flex-grow: 1; justify-content: center;\">\n<div style=\"background-color: #f4f4f4; border-radius: 4px; flex-grow: 0; height: 14px; margin-bottom: 6px; width: 100px;\"><\/div>\n<div style=\"background-color: #f4f4f4; border-radius: 4px; flex-grow: 0; height: 14px; width: 60px;\"><\/div>\n<\/div>\n<\/div>\n<div style=\"padding: 19% 0;\"><\/div>\n<div style=\"display: block; height: 50px; margin: 0 auto 12px; width: 50px;\"><\/div>\n<div style=\"padding-top: 8px;\">\n<div style=\"color: #3897f0; font-family: Arial,sans-serif; font-size: 14px; font-style: normal; font-weight: 550; line-height: 18px;\">Ver essa foto no Instagram<\/div>\n<\/div>\n<div style=\"padding: 12.5% 0;\"><\/div>\n<div style=\"display: flex; flex-direction: row; margin-bottom: 14px; align-items: center;\">\n<div>\n<div style=\"background-color: #f4f4f4; border-radius: 50%; height: 12.5px; width: 12.5px; transform: translateX(0px) translateY(7px);\"><\/div>\n<div style=\"background-color: #f4f4f4; height: 12.5px; transform: rotate(-45deg) translateX(3px) translateY(1px); width: 12.5px; flex-grow: 0; margin-right: 14px; margin-left: 2px;\"><\/div>\n<div style=\"background-color: #f4f4f4; border-radius: 50%; height: 12.5px; width: 12.5px; transform: translateX(9px) translateY(-18px);\"><\/div>\n<\/div>\n<div style=\"margin-left: 8px;\">\n<div style=\"background-color: #f4f4f4; border-radius: 50%; flex-grow: 0; height: 20px; width: 20px;\"><\/div>\n<div style=\"width: 0; height: 0; border-top: 2px solid transparent; border-left: 6px solid #f4f4f4; border-bottom: 2px solid transparent; transform: translateX(16px) translateY(-4px) rotate(30deg);\"><\/div>\n<\/div>\n<div style=\"margin-left: auto;\">\n<div style=\"width: 0px; border-top: 8px solid #F4F4F4; border-right: 8px solid transparent; transform: translateY(16px);\"><\/div>\n<div style=\"background-color: #f4f4f4; flex-grow: 0; height: 12px; width: 16px; transform: translateY(-4px);\"><\/div>\n<div style=\"width: 0; height: 0; border-top: 8px solid #F4F4F4; border-left: 8px solid transparent; transform: translateY(-4px) translateX(8px);\"><\/div>\n<\/div>\n<\/div>\n<div style=\"display: flex; flex-direction: column; flex-grow: 1; justify-content: center; margin-bottom: 24px;\">\n<div style=\"background-color: #f4f4f4; border-radius: 4px; flex-grow: 0; height: 14px; margin-bottom: 6px; width: 224px;\"><\/div>\n<div style=\"background-color: #f4f4f4; border-radius: 4px; flex-grow: 0; height: 14px; width: 144px;\"><\/div>\n<\/div>\n<p>&nbsp;<\/p>\n<p style=\"color: #c9c8cd; font-family: Arial,sans-serif; font-size: 14px; line-height: 17px; margin-bottom: 0; margin-top: 8px; overflow: hidden; padding: 8px 0 7px; text-align: center; text-overflow: ellipsis; white-space: nowrap;\"><a style=\"color: #c9c8cd; font-family: Arial,sans-serif; font-size: 14px; font-style: normal; font-weight: normal; line-height: 17px; text-decoration: none;\" href=\"https:\/\/www.instagram.com\/p\/DCcWjuey3Pf\/?utm_source=ig_embed&amp;utm_campaign=loading\" target=\"_blank\" rel=\"noopener\">Uma publica\u00e7\u00e3o compartilhada por Djamila Ribeiro (@djamilaribeiro1)<\/a><\/p>\n<\/div>\n<\/blockquote>\n<p><script async src=\"\/\/www.instagram.com\/embed.js\"><\/script><\/p>\n","protected":false},"excerpt":{"rendered":"<p>This Sunday, November 17, marked seven years since the publication of the first edition of &#8216;Lugar de Fala&#8217; (Where We Stand). The debut title of the Feminismos Plurais (Plural Feminisms) Collection, the book, in Djamila&#8217;s own words, &#8220;made an indelible impact on the public debate in Brazil.&#8221; On her Instagram profile, the Brazilian philosopher shared [&hellip;]<\/p>\n","protected":false},"author":1,"featured_media":2281,"comment_status":"open","ping_status":"open","sticky":false,"template":"","format":"standard","meta":{"inline_featured_image":false},"categories":[2],"tags":[239,238],"acf":[],"yoast_head":"<!-- This site is optimized with the Yoast SEO plugin v20.5 - https:\/\/yoast.com\/wordpress\/plugins\/seo\/ -->\n<title>Djamila Ribeiro Celebrates Seven Years Since the Launch of &#039;Lugar de Fala&#039; - Djamila Ribeiro<\/title>\n<meta name=\"description\" content=\"On her Instagram profile, the Brazilian philosopher shared a text remembering the date and teasing that new projects are on the horizon!\" \/>\n<meta name=\"robots\" content=\"index, follow, max-snippet:-1, max-image-preview:large, max-video-preview:-1\" \/>\n<link rel=\"canonical\" href=\"https:\/\/www.djamilaribeiro.com.br\/en\/djamila-ribeiro-celebrates-seven-years-since-the-launch-of-lugar-de-fala\/\" \/>\n<meta property=\"og:locale\" content=\"en_US\" \/>\n<meta property=\"og:type\" content=\"article\" \/>\n<meta property=\"og:title\" content=\"Djamila Ribeiro Celebrates Seven Years Since the Launch of &#039;Lugar de Fala&#039; - Djamila Ribeiro\" \/>\n<meta property=\"og:description\" content=\"On her Instagram profile, the Brazilian philosopher shared a text remembering the date and teasing that new projects are on the horizon!\" \/>\n<meta property=\"og:url\" content=\"https:\/\/www.djamilaribeiro.com.br\/en\/djamila-ribeiro-celebrates-seven-years-since-the-launch-of-lugar-de-fala\/\" \/>\n<meta property=\"og:site_name\" content=\"Djamila Ribeiro\" \/>\n<meta property=\"article:published_time\" content=\"2024-11-18T11:03:35+00:00\" \/>\n<meta property=\"article:modified_time\" content=\"2024-11-18T11:15:10+00:00\" \/>\n<meta property=\"og:image\" content=\"https:\/\/www.djamilaribeiro.com.br\/wp-content\/uploads\/2024\/11\/Lugar_7.jpeg\" \/>\n\t<meta property=\"og:image:width\" content=\"1079\" \/>\n\t<meta property=\"og:image:height\" content=\"1062\" \/>\n\t<meta property=\"og:image:type\" content=\"image\/jpeg\" \/>\n<meta name=\"author\" content=\"Reda\u00e7\u00e3o\" \/>\n<meta name=\"twitter:card\" content=\"summary_large_image\" \/>\n<meta name=\"twitter:label1\" content=\"Written by\" \/>\n\t<meta name=\"twitter:data1\" content=\"Reda\u00e7\u00e3o\" \/>\n\t<meta name=\"twitter:label2\" content=\"Est. reading time\" \/>\n\t<meta name=\"twitter:data2\" content=\"2 minutes\" \/>\n<script type=\"application\/ld+json\" class=\"yoast-schema-graph\">{\"@context\":\"https:\/\/schema.org\",\"@graph\":[{\"@type\":\"WebPage\",\"@id\":\"https:\/\/www.djamilaribeiro.com.br\/en\/djamila-ribeiro-celebrates-seven-years-since-the-launch-of-lugar-de-fala\/\",\"url\":\"https:\/\/www.djamilaribeiro.com.br\/en\/djamila-ribeiro-celebrates-seven-years-since-the-launch-of-lugar-de-fala\/\",\"name\":\"Djamila Ribeiro Celebrates Seven Years Since the Launch of 'Lugar de Fala' - Djamila Ribeiro\",\"isPartOf\":{\"@id\":\"https:\/\/www.djamilaribeiro.com.br\/#website\"},\"datePublished\":\"2024-11-18T11:03:35+00:00\",\"dateModified\":\"2024-11-18T11:15:10+00:00\",\"author\":{\"@id\":\"https:\/\/www.djamilaribeiro.com.br\/#\/schema\/person\/a928f404cf733e4c62686bedd437b9ee\"},\"description\":\"On her Instagram profile, the Brazilian philosopher shared a text remembering the date and teasing that new projects are on the horizon!\",\"breadcrumb\":{\"@id\":\"https:\/\/www.djamilaribeiro.com.br\/en\/djamila-ribeiro-celebrates-seven-years-since-the-launch-of-lugar-de-fala\/#breadcrumb\"},\"inLanguage\":\"en-US\",\"potentialAction\":[{\"@type\":\"ReadAction\",\"target\":[\"https:\/\/www.djamilaribeiro.com.br\/en\/djamila-ribeiro-celebrates-seven-years-since-the-launch-of-lugar-de-fala\/\"]}]},{\"@type\":\"BreadcrumbList\",\"@id\":\"https:\/\/www.djamilaribeiro.com.br\/en\/djamila-ribeiro-celebrates-seven-years-since-the-launch-of-lugar-de-fala\/#breadcrumb\",\"itemListElement\":[{\"@type\":\"ListItem\",\"position\":1,\"name\":\"In\u00edcio\",\"item\":\"https:\/\/www.djamilaribeiro.com.br\/en\/\"},{\"@type\":\"ListItem\",\"position\":2,\"name\":\"Djamila Ribeiro Celebrates Seven Years Since the Launch of &#8216;Lugar de Fala&#8217;\"}]},{\"@type\":\"WebSite\",\"@id\":\"https:\/\/www.djamilaribeiro.com.br\/#website\",\"url\":\"https:\/\/www.djamilaribeiro.com.br\/\",\"name\":\"Djamila Ribeiro\",\"description\":\"\",\"potentialAction\":[{\"@type\":\"SearchAction\",\"target\":{\"@type\":\"EntryPoint\",\"urlTemplate\":\"https:\/\/www.djamilaribeiro.com.br\/?s={search_term_string}\"},\"query-input\":\"required name=search_term_string\"}],\"inLanguage\":\"en-US\"},{\"@type\":\"Person\",\"@id\":\"https:\/\/www.djamilaribeiro.com.br\/#\/schema\/person\/a928f404cf733e4c62686bedd437b9ee\",\"name\":\"Reda\u00e7\u00e3o\",\"image\":{\"@type\":\"ImageObject\",\"inLanguage\":\"en-US\",\"@id\":\"https:\/\/www.djamilaribeiro.com.br\/#\/schema\/person\/image\/\",\"url\":\"https:\/\/secure.gravatar.com\/avatar\/e22ea52208b383d899430021cb4ecf26?s=96&d=mm&r=g\",\"contentUrl\":\"https:\/\/secure.gravatar.com\/avatar\/e22ea52208b383d899430021cb4ecf26?s=96&d=mm&r=g\",\"caption\":\"Reda\u00e7\u00e3o\"},\"sameAs\":[\"https:\/\/localhost\"],\"url\":\"https:\/\/www.djamilaribeiro.com.br\/en\/author\/djamila\/\"}]}<\/script>\n<!-- \/ Yoast SEO plugin. -->","yoast_head_json":{"title":"Djamila Ribeiro Celebrates Seven Years Since the Launch of 'Lugar de Fala' - Djamila Ribeiro","description":"On her Instagram profile, the Brazilian philosopher shared a text remembering the date and teasing that new projects are on the horizon!","robots":{"index":"index","follow":"follow","max-snippet":"max-snippet:-1","max-image-preview":"max-image-preview:large","max-video-preview":"max-video-preview:-1"},"canonical":"https:\/\/www.djamilaribeiro.com.br\/en\/djamila-ribeiro-celebrates-seven-years-since-the-launch-of-lugar-de-fala\/","og_locale":"en_US","og_type":"article","og_title":"Djamila Ribeiro Celebrates Seven Years Since the Launch of 'Lugar de Fala' - Djamila Ribeiro","og_description":"On her Instagram profile, the Brazilian philosopher shared a text remembering the date and teasing that new projects are on the horizon!","og_url":"https:\/\/www.djamilaribeiro.com.br\/en\/djamila-ribeiro-celebrates-seven-years-since-the-launch-of-lugar-de-fala\/","og_site_name":"Djamila Ribeiro","article_published_time":"2024-11-18T11:03:35+00:00","article_modified_time":"2024-11-18T11:15:10+00:00","og_image":[{"width":1079,"height":1062,"url":"https:\/\/www.djamilaribeiro.com.br\/wp-content\/uploads\/2024\/11\/Lugar_7.jpeg","type":"image\/jpeg"}],"author":"Reda\u00e7\u00e3o","twitter_card":"summary_large_image","twitter_misc":{"Written by":"Reda\u00e7\u00e3o","Est. reading time":"2 minutes"},"schema":{"@context":"https:\/\/schema.org","@graph":[{"@type":"WebPage","@id":"https:\/\/www.djamilaribeiro.com.br\/en\/djamila-ribeiro-celebrates-seven-years-since-the-launch-of-lugar-de-fala\/","url":"https:\/\/www.djamilaribeiro.com.br\/en\/djamila-ribeiro-celebrates-seven-years-since-the-launch-of-lugar-de-fala\/","name":"Djamila Ribeiro Celebrates Seven Years Since the Launch of 'Lugar de Fala' - Djamila Ribeiro","isPartOf":{"@id":"https:\/\/www.djamilaribeiro.com.br\/#website"},"datePublished":"2024-11-18T11:03:35+00:00","dateModified":"2024-11-18T11:15:10+00:00","author":{"@id":"https:\/\/www.djamilaribeiro.com.br\/#\/schema\/person\/a928f404cf733e4c62686bedd437b9ee"},"description":"On her Instagram profile, the Brazilian philosopher shared a text remembering the date and teasing that new projects are on the horizon!","breadcrumb":{"@id":"https:\/\/www.djamilaribeiro.com.br\/en\/djamila-ribeiro-celebrates-seven-years-since-the-launch-of-lugar-de-fala\/#breadcrumb"},"inLanguage":"en-US","potentialAction":[{"@type":"ReadAction","target":["https:\/\/www.djamilaribeiro.com.br\/en\/djamila-ribeiro-celebrates-seven-years-since-the-launch-of-lugar-de-fala\/"]}]},{"@type":"BreadcrumbList","@id":"https:\/\/www.djamilaribeiro.com.br\/en\/djamila-ribeiro-celebrates-seven-years-since-the-launch-of-lugar-de-fala\/#breadcrumb","itemListElement":[{"@type":"ListItem","position":1,"name":"In\u00edcio","item":"https:\/\/www.djamilaribeiro.com.br\/en\/"},{"@type":"ListItem","position":2,"name":"Djamila Ribeiro Celebrates Seven Years Since the Launch of &#8216;Lugar de Fala&#8217;"}]},{"@type":"WebSite","@id":"https:\/\/www.djamilaribeiro.com.br\/#website","url":"https:\/\/www.djamilaribeiro.com.br\/","name":"Djamila Ribeiro","description":"","potentialAction":[{"@type":"SearchAction","target":{"@type":"EntryPoint","urlTemplate":"https:\/\/www.djamilaribeiro.com.br\/?s={search_term_string}"},"query-input":"required name=search_term_string"}],"inLanguage":"en-US"},{"@type":"Person","@id":"https:\/\/www.djamilaribeiro.com.br\/#\/schema\/person\/a928f404cf733e4c62686bedd437b9ee","name":"Reda\u00e7\u00e3o","image":{"@type":"ImageObject","inLanguage":"en-US","@id":"https:\/\/www.djamilaribeiro.com.br\/#\/schema\/person\/image\/","url":"https:\/\/secure.gravatar.com\/avatar\/e22ea52208b383d899430021cb4ecf26?s=96&d=mm&r=g","contentUrl":"https:\/\/secure.gravatar.com\/avatar\/e22ea52208b383d899430021cb4ecf26?s=96&d=mm&r=g","caption":"Reda\u00e7\u00e3o"},"sameAs":["https:\/\/localhost"],"url":"https:\/\/www.djamilaribeiro.com.br\/en\/author\/djamila\/"}]}},"amp_enabled":true,"_links":{"self":[{"href":"https:\/\/www.djamilaribeiro.com.br\/en\/wp-json\/wp\/v2\/posts\/2284"}],"collection":[{"href":"https:\/\/www.djamilaribeiro.com.br\/en\/wp-json\/wp\/v2\/posts"}],"about":[{"href":"https:\/\/www.djamilaribeiro.com.br\/en\/wp-json\/wp\/v2\/types\/post"}],"author":[{"embeddable":true,"href":"https:\/\/www.djamilaribeiro.com.br\/en\/wp-json\/wp\/v2\/users\/1"}],"replies":[{"embeddable":true,"href":"https:\/\/www.djamilaribeiro.com.br\/en\/wp-json\/wp\/v2\/comments?post=2284"}],"version-history":[{"count":1,"href":"https:\/\/www.djamilaribeiro.com.br\/en\/wp-json\/wp\/v2\/posts\/2284\/revisions"}],"predecessor-version":[{"id":2285,"href":"https:\/\/www.djamilaribeiro.com.br\/en\/wp-json\/wp\/v2\/posts\/2284\/revisions\/2285"}],"wp:featuredmedia":[{"embeddable":true,"href":"https:\/\/www.djamilaribeiro.com.br\/en\/wp-json\/wp\/v2\/media\/2281"}],"wp:attachment":[{"href":"https:\/\/www.djamilaribeiro.com.br\/en\/wp-json\/wp\/v2\/media?parent=2284"}],"wp:term":[{"taxonomy":"category","embeddable":true,"href":"https:\/\/www.djamilaribeiro.com.br\/en\/wp-json\/wp\/v2\/categories?post=2284"},{"taxonomy":"post_tag","embeddable":true,"href":"https:\/\/www.djamilaribeiro.com.br\/en\/wp-json\/wp\/v2\/tags?post=2284"}],"curies":[{"name":"wp","href":"https:\/\/api.w.org\/{rel}","templated":true}]}}