{"id":2400,"date":"2024-12-06T16:20:48","date_gmt":"2024-12-06T19:20:48","guid":{"rendered":"https:\/\/www.djamilaribeiro.com.br\/?p=2400"},"modified":"2024-12-06T16:39:17","modified_gmt":"2024-12-06T19:39:17","slug":"djamila-ribeiro-launches-where-we-stand-at-the-un-bookstore-in-new-york","status":"publish","type":"post","link":"https:\/\/www.djamilaribeiro.com.br\/en\/djamila-ribeiro-launches-where-we-stand-at-the-un-bookstore-in-new-york\/","title":{"rendered":"Djamila Ribeiro Launches Where We Stand at the UN Bookstore in New York"},"content":{"rendered":"<p>On International Day for the Abolition of Slavery (December 2), Djamila Ribeiro held the launch of Where We Stand at the UN Bookstore in New York. The website of the international organization highlighted the date, emphasizing the relevance of the Brazilian philosopher in the fight for the dignity of Black people.<\/p>\n<p>\u201cAt the UN Bookstore in New York, Brazilian Djamila Ribeiro hosted a book signing session for her new book, Where We Stand, recently published by Yale University in the United States,\u201d the UN website stated, noting that for the United Nations, December 2 symbolizes the quest to eradicate all forms of human subjugation, \u201cwhich include child labor and the forced recruitment of children for use in armed conflicts.\u201d<\/p>\n<h3>Launch and Participation<\/h3>\n<p><strong><a href=\"https:\/\/www.instagram.com\/p\/DDGDavdxcqc\/?img_index=1\">On Instagram<\/a><\/strong>, Djamila celebrated her presence at the UN.<\/p>\n<p>&#8220;Today was a very special day: I was interviewed by the UN podcast about the English edition of Lugar de Fala, Where We Stand. As if this incredible opportunity wasn&#8217;t enough, the ONU bookstore acquired the book and asked me to autograph 50 copies! All articulated by the Abolition Day of Remembrance team, Jayashri Wyatt and Beatriz D&#8217;Alessandro, whom I thank for everything,\u201d Djamila wrote.<\/p>\n<p>She also reflected on her participation in other significant events at the United Nations headquarters.<\/p>\n<p>I&#8217;ve been to the UN headquarters a few times. Twice in 2016 I participated in side events talking about feminism. In 2023, however, it was special: I was the first Brazilian to be the keynote speaker on the Day of Remembrance for the Abolition of Slavery and the Transatlantic Slave Trade, at the UN General Assembly, at the invitation of the President of the General Assembly, Csaba K\u00f3r\u00f6si.<br \/>\nAfter this meeting, I held training for employees and internal discussions about anti-racism. I am happy that we continue in partnership, creating bridges and I thank all the support to my work,\u201d she noted, emphasizing the fruitful outcomes of her groundbreaking participation.<\/p>\n<p>&#8220;After this meeting, I held training for employees and internal discussions about anti-racism. I am happy that we continue in partnership, creating bridges and I thank all the support to my work,&#8221; she concluded.<\/p>\n<p>&nbsp;<\/p>\n\n\t\t<style type=\"text\/css\">\n\t\t\t#gallery-1 {\n\t\t\t\tmargin: auto;\n\t\t\t}\n\t\t\t#gallery-1 .gallery-item {\n\t\t\t\tfloat: left;\n\t\t\t\tmargin-top: 10px;\n\t\t\t\ttext-align: center;\n\t\t\t\twidth: 33%;\n\t\t\t}\n\t\t\t#gallery-1 img {\n\t\t\t\tborder: 2px solid #cfcfcf;\n\t\t\t}\n\t\t\t#gallery-1 .gallery-caption {\n\t\t\t\tmargin-left: 0;\n\t\t\t}\n\t\t\t\/* see gallery_shortcode() in wp-includes\/media.php *\/\n\t\t<\/style>\n\t\t<div id='gallery-1' class='gallery galleryid-2400 gallery-columns-3 gallery-size-large'><dl class='gallery-item'>\n\t\t\t<dt class='gallery-icon portrait'>\n\t\t\t\t<a href='https:\/\/www.djamilaribeiro.com.br\/en\/djamila-ribeiro-launches-where-we-stand-at-the-un-bookstore-in-new-york\/djamila_1-29-2\/'><img width=\"828\" height=\"1024\" src=\"https:\/\/www.djamilaribeiro.com.br\/wp-content\/uploads\/2024\/12\/Djamila_1-828x1024.jpeg\" class=\"attachment-large size-large\" alt=\"\" decoding=\"async\" loading=\"lazy\" srcset=\"https:\/\/www.djamilaribeiro.com.br\/wp-content\/uploads\/2024\/12\/Djamila_1-828x1024.jpeg 828w, https:\/\/www.djamilaribeiro.com.br\/wp-content\/uploads\/2024\/12\/Djamila_1-243x300.jpeg 243w, https:\/\/www.djamilaribeiro.com.br\/wp-content\/uploads\/2024\/12\/Djamila_1-768x950.jpeg 768w, https:\/\/www.djamilaribeiro.com.br\/wp-content\/uploads\/2024\/12\/Djamila_1.jpeg 1080w\" sizes=\"(max-width: 828px) 100vw, 828px\" \/><\/a>\n\t\t\t<\/dt><\/dl><dl class='gallery-item'>\n\t\t\t<dt class='gallery-icon portrait'>\n\t\t\t\t<a href='https:\/\/www.djamilaribeiro.com.br\/en\/djamila-ribeiro-launches-where-we-stand-at-the-un-bookstore-in-new-york\/dja_2-2\/'><img width=\"830\" height=\"1024\" src=\"https:\/\/www.djamilaribeiro.com.br\/wp-content\/uploads\/2024\/12\/dja_2-830x1024.jpeg\" class=\"attachment-large size-large\" alt=\"\" decoding=\"async\" loading=\"lazy\" srcset=\"https:\/\/www.djamilaribeiro.com.br\/wp-content\/uploads\/2024\/12\/dja_2-830x1024.jpeg 830w, https:\/\/www.djamilaribeiro.com.br\/wp-content\/uploads\/2024\/12\/dja_2-243x300.jpeg 243w, https:\/\/www.djamilaribeiro.com.br\/wp-content\/uploads\/2024\/12\/dja_2-768x947.jpeg 768w, https:\/\/www.djamilaribeiro.com.br\/wp-content\/uploads\/2024\/12\/dja_2.jpeg 1080w\" sizes=\"(max-width: 830px) 100vw, 830px\" \/><\/a>\n\t\t\t<\/dt><\/dl><dl class='gallery-item'>\n\t\t\t<dt class='gallery-icon portrait'>\n\t\t\t\t<a href='https:\/\/www.djamilaribeiro.com.br\/en\/djamila-ribeiro-launches-where-we-stand-at-the-un-bookstore-in-new-york\/dja_4-2\/'><img width=\"827\" height=\"1024\" src=\"https:\/\/www.djamilaribeiro.com.br\/wp-content\/uploads\/2024\/12\/dja_4-827x1024.jpeg\" class=\"attachment-large size-large\" alt=\"\" decoding=\"async\" loading=\"lazy\" srcset=\"https:\/\/www.djamilaribeiro.com.br\/wp-content\/uploads\/2024\/12\/dja_4-827x1024.jpeg 827w, https:\/\/www.djamilaribeiro.com.br\/wp-content\/uploads\/2024\/12\/dja_4-242x300.jpeg 242w, https:\/\/www.djamilaribeiro.com.br\/wp-content\/uploads\/2024\/12\/dja_4-768x951.jpeg 768w, https:\/\/www.djamilaribeiro.com.br\/wp-content\/uploads\/2024\/12\/dja_4.jpeg 1080w\" sizes=\"(max-width: 827px) 100vw, 827px\" \/><\/a>\n\t\t\t<\/dt><\/dl><br style=\"clear: both\" \/>\n\t\t<\/div>\n\n<p>&nbsp;<\/p>\n<p>&nbsp;<\/p>\n","protected":false},"excerpt":{"rendered":"<p>On International Day for the Abolition of Slavery (December 2), Djamila Ribeiro held the launch of Where We Stand at the UN Bookstore in New York. The website of the international organization highlighted the date, emphasizing the relevance of the Brazilian philosopher in the fight for the dignity of Black people. \u201cAt the UN Bookstore [&hellip;]<\/p>\n","protected":false},"author":1,"featured_media":2388,"comment_status":"open","ping_status":"open","sticky":false,"template":"","format":"standard","meta":{"inline_featured_image":false},"categories":[2],"tags":[376,129,309,375,374,96,372,373,238,377],"acf":[],"yoast_head":"<!-- This site is optimized with the Yoast SEO plugin v20.5 - https:\/\/yoast.com\/wordpress\/plugins\/seo\/ -->\n<title>Djamila Ribeiro Launches Where We Stand at the UN Bookstore in New York - Djamila Ribeiro<\/title>\n<meta name=\"description\" content=\"The event marked the International Day for the Abolition of Slavery. On Instagram, Djamila Ribeiro shared her experience.\" \/>\n<meta name=\"robots\" content=\"index, follow, max-snippet:-1, max-image-preview:large, max-video-preview:-1\" \/>\n<link rel=\"canonical\" href=\"https:\/\/www.djamilaribeiro.com.br\/en\/djamila-ribeiro-launches-where-we-stand-at-the-un-bookstore-in-new-york\/\" \/>\n<meta property=\"og:locale\" content=\"en_US\" \/>\n<meta property=\"og:type\" content=\"article\" \/>\n<meta property=\"og:title\" content=\"Djamila Ribeiro Launches Where We Stand at the UN Bookstore in New York - Djamila Ribeiro\" \/>\n<meta property=\"og:description\" content=\"The event marked the International Day for the Abolition of Slavery. On Instagram, Djamila Ribeiro shared her experience.\" \/>\n<meta property=\"og:url\" content=\"https:\/\/www.djamilaribeiro.com.br\/en\/djamila-ribeiro-launches-where-we-stand-at-the-un-bookstore-in-new-york\/\" \/>\n<meta property=\"og:site_name\" content=\"Djamila Ribeiro\" \/>\n<meta property=\"article:published_time\" content=\"2024-12-06T19:20:48+00:00\" \/>\n<meta property=\"article:modified_time\" content=\"2024-12-06T19:39:17+00:00\" \/>\n<meta property=\"og:image\" content=\"https:\/\/www.djamilaribeiro.com.br\/wp-content\/uploads\/2024\/12\/dja_3.jpeg\" \/>\n\t<meta property=\"og:image:width\" content=\"1080\" \/>\n\t<meta property=\"og:image:height\" content=\"1338\" \/>\n\t<meta property=\"og:image:type\" content=\"image\/jpeg\" \/>\n<meta name=\"author\" content=\"Reda\u00e7\u00e3o\" \/>\n<meta name=\"twitter:card\" content=\"summary_large_image\" \/>\n<meta name=\"twitter:label1\" content=\"Written by\" \/>\n\t<meta name=\"twitter:data1\" content=\"Reda\u00e7\u00e3o\" \/>\n\t<meta name=\"twitter:label2\" content=\"Est. reading time\" \/>\n\t<meta name=\"twitter:data2\" content=\"2 minutes\" \/>\n<script type=\"application\/ld+json\" class=\"yoast-schema-graph\">{\"@context\":\"https:\/\/schema.org\",\"@graph\":[{\"@type\":\"WebPage\",\"@id\":\"https:\/\/www.djamilaribeiro.com.br\/en\/djamila-ribeiro-launches-where-we-stand-at-the-un-bookstore-in-new-york\/\",\"url\":\"https:\/\/www.djamilaribeiro.com.br\/en\/djamila-ribeiro-launches-where-we-stand-at-the-un-bookstore-in-new-york\/\",\"name\":\"Djamila Ribeiro Launches Where We Stand at the UN Bookstore in New York - Djamila Ribeiro\",\"isPartOf\":{\"@id\":\"https:\/\/www.djamilaribeiro.com.br\/#website\"},\"datePublished\":\"2024-12-06T19:20:48+00:00\",\"dateModified\":\"2024-12-06T19:39:17+00:00\",\"author\":{\"@id\":\"https:\/\/www.djamilaribeiro.com.br\/#\/schema\/person\/a928f404cf733e4c62686bedd437b9ee\"},\"description\":\"The event marked the International Day for the Abolition of Slavery. On Instagram, Djamila Ribeiro shared her experience.\",\"breadcrumb\":{\"@id\":\"https:\/\/www.djamilaribeiro.com.br\/en\/djamila-ribeiro-launches-where-we-stand-at-the-un-bookstore-in-new-york\/#breadcrumb\"},\"inLanguage\":\"en-US\",\"potentialAction\":[{\"@type\":\"ReadAction\",\"target\":[\"https:\/\/www.djamilaribeiro.com.br\/en\/djamila-ribeiro-launches-where-we-stand-at-the-un-bookstore-in-new-york\/\"]}]},{\"@type\":\"BreadcrumbList\",\"@id\":\"https:\/\/www.djamilaribeiro.com.br\/en\/djamila-ribeiro-launches-where-we-stand-at-the-un-bookstore-in-new-york\/#breadcrumb\",\"itemListElement\":[{\"@type\":\"ListItem\",\"position\":1,\"name\":\"In\u00edcio\",\"item\":\"https:\/\/www.djamilaribeiro.com.br\/en\/\"},{\"@type\":\"ListItem\",\"position\":2,\"name\":\"Djamila Ribeiro Launches Where We Stand at the UN Bookstore in New York\"}]},{\"@type\":\"WebSite\",\"@id\":\"https:\/\/www.djamilaribeiro.com.br\/#website\",\"url\":\"https:\/\/www.djamilaribeiro.com.br\/\",\"name\":\"Djamila Ribeiro\",\"description\":\"\",\"potentialAction\":[{\"@type\":\"SearchAction\",\"target\":{\"@type\":\"EntryPoint\",\"urlTemplate\":\"https:\/\/www.djamilaribeiro.com.br\/?s={search_term_string}\"},\"query-input\":\"required name=search_term_string\"}],\"inLanguage\":\"en-US\"},{\"@type\":\"Person\",\"@id\":\"https:\/\/www.djamilaribeiro.com.br\/#\/schema\/person\/a928f404cf733e4c62686bedd437b9ee\",\"name\":\"Reda\u00e7\u00e3o\",\"image\":{\"@type\":\"ImageObject\",\"inLanguage\":\"en-US\",\"@id\":\"https:\/\/www.djamilaribeiro.com.br\/#\/schema\/person\/image\/\",\"url\":\"https:\/\/secure.gravatar.com\/avatar\/e22ea52208b383d899430021cb4ecf26?s=96&d=mm&r=g\",\"contentUrl\":\"https:\/\/secure.gravatar.com\/avatar\/e22ea52208b383d899430021cb4ecf26?s=96&d=mm&r=g\",\"caption\":\"Reda\u00e7\u00e3o\"},\"sameAs\":[\"https:\/\/localhost\"],\"url\":\"https:\/\/www.djamilaribeiro.com.br\/en\/author\/djamila\/\"}]}<\/script>\n<!-- \/ Yoast SEO plugin. -->","yoast_head_json":{"title":"Djamila Ribeiro Launches Where We Stand at the UN Bookstore in New York - Djamila Ribeiro","description":"The event marked the International Day for the Abolition of Slavery. On Instagram, Djamila Ribeiro shared her experience.","robots":{"index":"index","follow":"follow","max-snippet":"max-snippet:-1","max-image-preview":"max-image-preview:large","max-video-preview":"max-video-preview:-1"},"canonical":"https:\/\/www.djamilaribeiro.com.br\/en\/djamila-ribeiro-launches-where-we-stand-at-the-un-bookstore-in-new-york\/","og_locale":"en_US","og_type":"article","og_title":"Djamila Ribeiro Launches Where We Stand at the UN Bookstore in New York - Djamila Ribeiro","og_description":"The event marked the International Day for the Abolition of Slavery. On Instagram, Djamila Ribeiro shared her experience.","og_url":"https:\/\/www.djamilaribeiro.com.br\/en\/djamila-ribeiro-launches-where-we-stand-at-the-un-bookstore-in-new-york\/","og_site_name":"Djamila Ribeiro","article_published_time":"2024-12-06T19:20:48+00:00","article_modified_time":"2024-12-06T19:39:17+00:00","og_image":[{"width":1080,"height":1338,"url":"https:\/\/www.djamilaribeiro.com.br\/wp-content\/uploads\/2024\/12\/dja_3.jpeg","type":"image\/jpeg"}],"author":"Reda\u00e7\u00e3o","twitter_card":"summary_large_image","twitter_misc":{"Written by":"Reda\u00e7\u00e3o","Est. reading time":"2 minutes"},"schema":{"@context":"https:\/\/schema.org","@graph":[{"@type":"WebPage","@id":"https:\/\/www.djamilaribeiro.com.br\/en\/djamila-ribeiro-launches-where-we-stand-at-the-un-bookstore-in-new-york\/","url":"https:\/\/www.djamilaribeiro.com.br\/en\/djamila-ribeiro-launches-where-we-stand-at-the-un-bookstore-in-new-york\/","name":"Djamila Ribeiro Launches Where We Stand at the UN Bookstore in New York - Djamila Ribeiro","isPartOf":{"@id":"https:\/\/www.djamilaribeiro.com.br\/#website"},"datePublished":"2024-12-06T19:20:48+00:00","dateModified":"2024-12-06T19:39:17+00:00","author":{"@id":"https:\/\/www.djamilaribeiro.com.br\/#\/schema\/person\/a928f404cf733e4c62686bedd437b9ee"},"description":"The event marked the International Day for the Abolition of Slavery. On Instagram, Djamila Ribeiro shared her experience.","breadcrumb":{"@id":"https:\/\/www.djamilaribeiro.com.br\/en\/djamila-ribeiro-launches-where-we-stand-at-the-un-bookstore-in-new-york\/#breadcrumb"},"inLanguage":"en-US","potentialAction":[{"@type":"ReadAction","target":["https:\/\/www.djamilaribeiro.com.br\/en\/djamila-ribeiro-launches-where-we-stand-at-the-un-bookstore-in-new-york\/"]}]},{"@type":"BreadcrumbList","@id":"https:\/\/www.djamilaribeiro.com.br\/en\/djamila-ribeiro-launches-where-we-stand-at-the-un-bookstore-in-new-york\/#breadcrumb","itemListElement":[{"@type":"ListItem","position":1,"name":"In\u00edcio","item":"https:\/\/www.djamilaribeiro.com.br\/en\/"},{"@type":"ListItem","position":2,"name":"Djamila Ribeiro Launches Where We Stand at the UN Bookstore in New York"}]},{"@type":"WebSite","@id":"https:\/\/www.djamilaribeiro.com.br\/#website","url":"https:\/\/www.djamilaribeiro.com.br\/","name":"Djamila Ribeiro","description":"","potentialAction":[{"@type":"SearchAction","target":{"@type":"EntryPoint","urlTemplate":"https:\/\/www.djamilaribeiro.com.br\/?s={search_term_string}"},"query-input":"required name=search_term_string"}],"inLanguage":"en-US"},{"@type":"Person","@id":"https:\/\/www.djamilaribeiro.com.br\/#\/schema\/person\/a928f404cf733e4c62686bedd437b9ee","name":"Reda\u00e7\u00e3o","image":{"@type":"ImageObject","inLanguage":"en-US","@id":"https:\/\/www.djamilaribeiro.com.br\/#\/schema\/person\/image\/","url":"https:\/\/secure.gravatar.com\/avatar\/e22ea52208b383d899430021cb4ecf26?s=96&d=mm&r=g","contentUrl":"https:\/\/secure.gravatar.com\/avatar\/e22ea52208b383d899430021cb4ecf26?s=96&d=mm&r=g","caption":"Reda\u00e7\u00e3o"},"sameAs":["https:\/\/localhost"],"url":"https:\/\/www.djamilaribeiro.com.br\/en\/author\/djamila\/"}]}},"amp_enabled":true,"_links":{"self":[{"href":"https:\/\/www.djamilaribeiro.com.br\/en\/wp-json\/wp\/v2\/posts\/2400"}],"collection":[{"href":"https:\/\/www.djamilaribeiro.com.br\/en\/wp-json\/wp\/v2\/posts"}],"about":[{"href":"https:\/\/www.djamilaribeiro.com.br\/en\/wp-json\/wp\/v2\/types\/post"}],"author":[{"embeddable":true,"href":"https:\/\/www.djamilaribeiro.com.br\/en\/wp-json\/wp\/v2\/users\/1"}],"replies":[{"embeddable":true,"href":"https:\/\/www.djamilaribeiro.com.br\/en\/wp-json\/wp\/v2\/comments?post=2400"}],"version-history":[{"count":1,"href":"https:\/\/www.djamilaribeiro.com.br\/en\/wp-json\/wp\/v2\/posts\/2400\/revisions"}],"predecessor-version":[{"id":2406,"href":"https:\/\/www.djamilaribeiro.com.br\/en\/wp-json\/wp\/v2\/posts\/2400\/revisions\/2406"}],"wp:featuredmedia":[{"embeddable":true,"href":"https:\/\/www.djamilaribeiro.com.br\/en\/wp-json\/wp\/v2\/media\/2388"}],"wp:attachment":[{"href":"https:\/\/www.djamilaribeiro.com.br\/en\/wp-json\/wp\/v2\/media?parent=2400"}],"wp:term":[{"taxonomy":"category","embeddable":true,"href":"https:\/\/www.djamilaribeiro.com.br\/en\/wp-json\/wp\/v2\/categories?post=2400"},{"taxonomy":"post_tag","embeddable":true,"href":"https:\/\/www.djamilaribeiro.com.br\/en\/wp-json\/wp\/v2\/tags?post=2400"}],"curies":[{"name":"wp","href":"https:\/\/api.w.org\/{rel}","templated":true}]}}