{"id":2427,"date":"2024-12-12T21:04:51","date_gmt":"2024-12-13T00:04:51","guid":{"rendered":"https:\/\/www.djamilaribeiro.com.br\/?p=2427"},"modified":"2024-12-13T08:06:22","modified_gmt":"2024-12-13T11:06:22","slug":"djamila-ribeiro-concludes-her-time-as-a-visiting-professor-at-nyu","status":"publish","type":"post","link":"https:\/\/www.djamilaribeiro.com.br\/en\/djamila-ribeiro-concludes-her-time-as-a-visiting-professor-at-nyu\/","title":{"rendered":"Djamila Ribeiro concludes her time as a visiting professor at NYU"},"content":{"rendered":"<p><strong>End of the Semester at NYU<\/strong><\/p>\n<p>This week, Djamila Ribeiro celebrated the conclusion of her time as a visiting professor at the Andr\u00e9s Bello Chair at New York University (NYU). On her Instagram profile, the Brazilian philosopher highlighted the significance of the experience, marking her debut as a faculty member at a U.S. university and her first time living abroad.<\/p>\n<p>&#8220;I still need to grade the papers, but the semester has come to an end. It was a remarkable and transformative experience,&#8221; she wrote.<\/p>\n<p><strong>Spotlight on Feminisms of the Global South<\/strong><\/p>\n<p>Teaching <em>Feminisms of the Global South<\/em>, Djamila introduced authors unfamiliar to most of her students. She emphasized the quality of their work: &#8220;I was deeply moved by the students&#8217; feedback on the course and thrilled with their paper presentations. It felt wonderful to know I made a difference in the academic journey of many. What an incredible feeling!&#8221; she shared.<\/p>\n<p>The course schedule also featured guest speakers who contributed to the topics discussed in the class.<\/p>\n<p>&#8220;I would like to especially thank Ibram X. Kendi, Selma Dealdina, Alessandra Devulsky, Linda Alcoff, and Nadia Yala Kisukidi for participating in my public schedule and enriching this experience,&#8221; she noted.<\/p>\n<p>Djamila also expressed her gratitude to Professors Jordana Meldenson and Dylon Robbins for their support and the opportunity to teach during the semester.<\/p>\n<p><strong>New Plans<\/strong><\/p>\n<p>With her formal academic activities concluded, the author plans to remain in New York for the holiday season, enjoying the city with \u201ca heart full of gratitude.\u201d<\/p>\n<p><img decoding=\"async\" loading=\"lazy\" class=\"aligncenter size-large wp-image-2423\" src=\"https:\/\/www.djamilaribeiro.com.br\/wp-content\/uploads\/2024\/12\/Djamila_2-920x1024.jpeg\" alt=\"\" width=\"920\" height=\"1024\" srcset=\"https:\/\/www.djamilaribeiro.com.br\/wp-content\/uploads\/2024\/12\/Djamila_2-920x1024.jpeg 920w, https:\/\/www.djamilaribeiro.com.br\/wp-content\/uploads\/2024\/12\/Djamila_2-270x300.jpeg 270w, https:\/\/www.djamilaribeiro.com.br\/wp-content\/uploads\/2024\/12\/Djamila_2-768x855.jpeg 768w, https:\/\/www.djamilaribeiro.com.br\/wp-content\/uploads\/2024\/12\/Djamila_2.jpeg 1080w\" sizes=\"(max-width: 920px) 100vw, 920px\" \/><\/p>\n","protected":false},"excerpt":{"rendered":"<p>End of the Semester at NYU This week, Djamila Ribeiro celebrated the conclusion of her time as a visiting professor at the Andr\u00e9s Bello Chair at New York University (NYU). On her Instagram profile, the Brazilian philosopher highlighted the significance of the experience, marking her debut as a faculty member at a U.S. university and [&hellip;]<\/p>\n","protected":false},"author":1,"featured_media":2421,"comment_status":"open","ping_status":"open","sticky":false,"template":"","format":"standard","meta":{"inline_featured_image":false},"categories":[2],"tags":[396,33,394,395,96,284],"acf":[],"yoast_head":"<!-- This site is optimized with the Yoast SEO plugin v20.5 - https:\/\/yoast.com\/wordpress\/plugins\/seo\/ -->\n<title>Djamila Ribeiro concludes her time as a visiting professor at NYU - Djamila Ribeiro<\/title>\n<meta name=\"description\" content=\"Brazilian philosopher reflects on her first experience as a visiting professor, spotlighting Global South authors and academic exchanges.\" \/>\n<meta name=\"robots\" content=\"index, follow, max-snippet:-1, max-image-preview:large, max-video-preview:-1\" \/>\n<link rel=\"canonical\" href=\"https:\/\/www.djamilaribeiro.com.br\/en\/djamila-ribeiro-concludes-her-time-as-a-visiting-professor-at-nyu\/\" \/>\n<meta property=\"og:locale\" content=\"en_US\" \/>\n<meta property=\"og:type\" content=\"article\" \/>\n<meta property=\"og:title\" content=\"Djamila Ribeiro concludes her time as a visiting professor at NYU - Djamila Ribeiro\" \/>\n<meta property=\"og:description\" content=\"Brazilian philosopher reflects on her first experience as a visiting professor, spotlighting Global South authors and academic exchanges.\" \/>\n<meta property=\"og:url\" content=\"https:\/\/www.djamilaribeiro.com.br\/en\/djamila-ribeiro-concludes-her-time-as-a-visiting-professor-at-nyu\/\" \/>\n<meta property=\"og:site_name\" content=\"Djamila Ribeiro\" \/>\n<meta property=\"article:published_time\" content=\"2024-12-13T00:04:51+00:00\" \/>\n<meta property=\"article:modified_time\" content=\"2024-12-13T11:06:22+00:00\" \/>\n<meta property=\"og:image\" content=\"https:\/\/www.djamilaribeiro.com.br\/wp-content\/uploads\/2024\/12\/Djamila_1-2.jpeg\" \/>\n\t<meta property=\"og:image:width\" content=\"1080\" \/>\n\t<meta property=\"og:image:height\" content=\"1216\" \/>\n\t<meta property=\"og:image:type\" content=\"image\/jpeg\" \/>\n<meta name=\"author\" content=\"Reda\u00e7\u00e3o\" \/>\n<meta name=\"twitter:card\" content=\"summary_large_image\" \/>\n<meta name=\"twitter:label1\" content=\"Written by\" \/>\n\t<meta name=\"twitter:data1\" content=\"Reda\u00e7\u00e3o\" \/>\n\t<meta name=\"twitter:label2\" content=\"Est. reading time\" \/>\n\t<meta name=\"twitter:data2\" content=\"2 minutes\" \/>\n<script type=\"application\/ld+json\" class=\"yoast-schema-graph\">{\"@context\":\"https:\/\/schema.org\",\"@graph\":[{\"@type\":\"WebPage\",\"@id\":\"https:\/\/www.djamilaribeiro.com.br\/en\/djamila-ribeiro-concludes-her-time-as-a-visiting-professor-at-nyu\/\",\"url\":\"https:\/\/www.djamilaribeiro.com.br\/en\/djamila-ribeiro-concludes-her-time-as-a-visiting-professor-at-nyu\/\",\"name\":\"Djamila Ribeiro concludes her time as a visiting professor at NYU - Djamila Ribeiro\",\"isPartOf\":{\"@id\":\"https:\/\/www.djamilaribeiro.com.br\/#website\"},\"datePublished\":\"2024-12-13T00:04:51+00:00\",\"dateModified\":\"2024-12-13T11:06:22+00:00\",\"author\":{\"@id\":\"https:\/\/www.djamilaribeiro.com.br\/#\/schema\/person\/a928f404cf733e4c62686bedd437b9ee\"},\"description\":\"Brazilian philosopher reflects on her first experience as a visiting professor, spotlighting Global South authors and academic exchanges.\",\"breadcrumb\":{\"@id\":\"https:\/\/www.djamilaribeiro.com.br\/en\/djamila-ribeiro-concludes-her-time-as-a-visiting-professor-at-nyu\/#breadcrumb\"},\"inLanguage\":\"en-US\",\"potentialAction\":[{\"@type\":\"ReadAction\",\"target\":[\"https:\/\/www.djamilaribeiro.com.br\/en\/djamila-ribeiro-concludes-her-time-as-a-visiting-professor-at-nyu\/\"]}]},{\"@type\":\"BreadcrumbList\",\"@id\":\"https:\/\/www.djamilaribeiro.com.br\/en\/djamila-ribeiro-concludes-her-time-as-a-visiting-professor-at-nyu\/#breadcrumb\",\"itemListElement\":[{\"@type\":\"ListItem\",\"position\":1,\"name\":\"In\u00edcio\",\"item\":\"https:\/\/www.djamilaribeiro.com.br\/en\/\"},{\"@type\":\"ListItem\",\"position\":2,\"name\":\"Djamila Ribeiro concludes her time as a visiting professor at NYU\"}]},{\"@type\":\"WebSite\",\"@id\":\"https:\/\/www.djamilaribeiro.com.br\/#website\",\"url\":\"https:\/\/www.djamilaribeiro.com.br\/\",\"name\":\"Djamila Ribeiro\",\"description\":\"\",\"potentialAction\":[{\"@type\":\"SearchAction\",\"target\":{\"@type\":\"EntryPoint\",\"urlTemplate\":\"https:\/\/www.djamilaribeiro.com.br\/?s={search_term_string}\"},\"query-input\":\"required name=search_term_string\"}],\"inLanguage\":\"en-US\"},{\"@type\":\"Person\",\"@id\":\"https:\/\/www.djamilaribeiro.com.br\/#\/schema\/person\/a928f404cf733e4c62686bedd437b9ee\",\"name\":\"Reda\u00e7\u00e3o\",\"image\":{\"@type\":\"ImageObject\",\"inLanguage\":\"en-US\",\"@id\":\"https:\/\/www.djamilaribeiro.com.br\/#\/schema\/person\/image\/\",\"url\":\"https:\/\/secure.gravatar.com\/avatar\/e22ea52208b383d899430021cb4ecf26?s=96&d=mm&r=g\",\"contentUrl\":\"https:\/\/secure.gravatar.com\/avatar\/e22ea52208b383d899430021cb4ecf26?s=96&d=mm&r=g\",\"caption\":\"Reda\u00e7\u00e3o\"},\"sameAs\":[\"https:\/\/localhost\"],\"url\":\"https:\/\/www.djamilaribeiro.com.br\/en\/author\/djamila\/\"}]}<\/script>\n<!-- \/ Yoast SEO plugin. -->","yoast_head_json":{"title":"Djamila Ribeiro concludes her time as a visiting professor at NYU - Djamila Ribeiro","description":"Brazilian philosopher reflects on her first experience as a visiting professor, spotlighting Global South authors and academic exchanges.","robots":{"index":"index","follow":"follow","max-snippet":"max-snippet:-1","max-image-preview":"max-image-preview:large","max-video-preview":"max-video-preview:-1"},"canonical":"https:\/\/www.djamilaribeiro.com.br\/en\/djamila-ribeiro-concludes-her-time-as-a-visiting-professor-at-nyu\/","og_locale":"en_US","og_type":"article","og_title":"Djamila Ribeiro concludes her time as a visiting professor at NYU - Djamila Ribeiro","og_description":"Brazilian philosopher reflects on her first experience as a visiting professor, spotlighting Global South authors and academic exchanges.","og_url":"https:\/\/www.djamilaribeiro.com.br\/en\/djamila-ribeiro-concludes-her-time-as-a-visiting-professor-at-nyu\/","og_site_name":"Djamila Ribeiro","article_published_time":"2024-12-13T00:04:51+00:00","article_modified_time":"2024-12-13T11:06:22+00:00","og_image":[{"width":1080,"height":1216,"url":"https:\/\/www.djamilaribeiro.com.br\/wp-content\/uploads\/2024\/12\/Djamila_1-2.jpeg","type":"image\/jpeg"}],"author":"Reda\u00e7\u00e3o","twitter_card":"summary_large_image","twitter_misc":{"Written by":"Reda\u00e7\u00e3o","Est. reading time":"2 minutes"},"schema":{"@context":"https:\/\/schema.org","@graph":[{"@type":"WebPage","@id":"https:\/\/www.djamilaribeiro.com.br\/en\/djamila-ribeiro-concludes-her-time-as-a-visiting-professor-at-nyu\/","url":"https:\/\/www.djamilaribeiro.com.br\/en\/djamila-ribeiro-concludes-her-time-as-a-visiting-professor-at-nyu\/","name":"Djamila Ribeiro concludes her time as a visiting professor at NYU - Djamila Ribeiro","isPartOf":{"@id":"https:\/\/www.djamilaribeiro.com.br\/#website"},"datePublished":"2024-12-13T00:04:51+00:00","dateModified":"2024-12-13T11:06:22+00:00","author":{"@id":"https:\/\/www.djamilaribeiro.com.br\/#\/schema\/person\/a928f404cf733e4c62686bedd437b9ee"},"description":"Brazilian philosopher reflects on her first experience as a visiting professor, spotlighting Global South authors and academic exchanges.","breadcrumb":{"@id":"https:\/\/www.djamilaribeiro.com.br\/en\/djamila-ribeiro-concludes-her-time-as-a-visiting-professor-at-nyu\/#breadcrumb"},"inLanguage":"en-US","potentialAction":[{"@type":"ReadAction","target":["https:\/\/www.djamilaribeiro.com.br\/en\/djamila-ribeiro-concludes-her-time-as-a-visiting-professor-at-nyu\/"]}]},{"@type":"BreadcrumbList","@id":"https:\/\/www.djamilaribeiro.com.br\/en\/djamila-ribeiro-concludes-her-time-as-a-visiting-professor-at-nyu\/#breadcrumb","itemListElement":[{"@type":"ListItem","position":1,"name":"In\u00edcio","item":"https:\/\/www.djamilaribeiro.com.br\/en\/"},{"@type":"ListItem","position":2,"name":"Djamila Ribeiro concludes her time as a visiting professor at NYU"}]},{"@type":"WebSite","@id":"https:\/\/www.djamilaribeiro.com.br\/#website","url":"https:\/\/www.djamilaribeiro.com.br\/","name":"Djamila Ribeiro","description":"","potentialAction":[{"@type":"SearchAction","target":{"@type":"EntryPoint","urlTemplate":"https:\/\/www.djamilaribeiro.com.br\/?s={search_term_string}"},"query-input":"required name=search_term_string"}],"inLanguage":"en-US"},{"@type":"Person","@id":"https:\/\/www.djamilaribeiro.com.br\/#\/schema\/person\/a928f404cf733e4c62686bedd437b9ee","name":"Reda\u00e7\u00e3o","image":{"@type":"ImageObject","inLanguage":"en-US","@id":"https:\/\/www.djamilaribeiro.com.br\/#\/schema\/person\/image\/","url":"https:\/\/secure.gravatar.com\/avatar\/e22ea52208b383d899430021cb4ecf26?s=96&d=mm&r=g","contentUrl":"https:\/\/secure.gravatar.com\/avatar\/e22ea52208b383d899430021cb4ecf26?s=96&d=mm&r=g","caption":"Reda\u00e7\u00e3o"},"sameAs":["https:\/\/localhost"],"url":"https:\/\/www.djamilaribeiro.com.br\/en\/author\/djamila\/"}]}},"amp_enabled":true,"_links":{"self":[{"href":"https:\/\/www.djamilaribeiro.com.br\/en\/wp-json\/wp\/v2\/posts\/2427"}],"collection":[{"href":"https:\/\/www.djamilaribeiro.com.br\/en\/wp-json\/wp\/v2\/posts"}],"about":[{"href":"https:\/\/www.djamilaribeiro.com.br\/en\/wp-json\/wp\/v2\/types\/post"}],"author":[{"embeddable":true,"href":"https:\/\/www.djamilaribeiro.com.br\/en\/wp-json\/wp\/v2\/users\/1"}],"replies":[{"embeddable":true,"href":"https:\/\/www.djamilaribeiro.com.br\/en\/wp-json\/wp\/v2\/comments?post=2427"}],"version-history":[{"count":1,"href":"https:\/\/www.djamilaribeiro.com.br\/en\/wp-json\/wp\/v2\/posts\/2427\/revisions"}],"predecessor-version":[{"id":2429,"href":"https:\/\/www.djamilaribeiro.com.br\/en\/wp-json\/wp\/v2\/posts\/2427\/revisions\/2429"}],"wp:featuredmedia":[{"embeddable":true,"href":"https:\/\/www.djamilaribeiro.com.br\/en\/wp-json\/wp\/v2\/media\/2421"}],"wp:attachment":[{"href":"https:\/\/www.djamilaribeiro.com.br\/en\/wp-json\/wp\/v2\/media?parent=2427"}],"wp:term":[{"taxonomy":"category","embeddable":true,"href":"https:\/\/www.djamilaribeiro.com.br\/en\/wp-json\/wp\/v2\/categories?post=2427"},{"taxonomy":"post_tag","embeddable":true,"href":"https:\/\/www.djamilaribeiro.com.br\/en\/wp-json\/wp\/v2\/tags?post=2427"}],"curies":[{"name":"wp","href":"https:\/\/api.w.org\/{rel}","templated":true}]}}