{"id":2437,"date":"2024-12-17T09:38:53","date_gmt":"2024-12-17T12:38:53","guid":{"rendered":"https:\/\/www.djamilaribeiro.com.br\/?p=2437"},"modified":"2024-12-17T09:50:47","modified_gmt":"2024-12-17T12:50:47","slug":"antiracism-fashion-and-career-djamila-ribeiro-speaks-to-marie-claire-magazine","status":"publish","type":"post","link":"https:\/\/www.djamilaribeiro.com.br\/en\/antiracism-fashion-and-career-djamila-ribeiro-speaks-to-marie-claire-magazine\/","title":{"rendered":"Antiracism, Fashion, and Career: Djamila Ribeiro Speaks to Marie Claire Magazine"},"content":{"rendered":"<p>Djamila Ribeiro graces the cover of <em>Marie Claire Magazine<\/em>\u00a0for the December-January issue. In an exclusive interview, the Brazilian philosopher discusses the progress and setbacks of the antiracist agenda amid rising conservatism, while emphasizing the urgency of a decolonial debate.<\/p>\n<p>In an Instagram post, <em>Marie Claire<\/em> also mentions Djamila Ribeiro\u2019s autobiographical documentary, currently in production.<\/p>\n<p>\u201cShe celebrates the power of her fashion-forward image and reflects on how feeling comfortable with fashion changes the world\u2019s perception of women in academia,\u201d the post notes.<\/p>\n<p>The <em>Marie Claire<\/em> <em>Magazine<\/em> feature further underscores Djamila\u2019s trajectory \u201cas one of Brazil\u2019s leading contemporary intellectuals, achieving milestones that transcend national borders,\u201d recalling her recent role as a guest lecturer at New York University.<\/p>\n<p>\u201cShe accepted the invitation from New York University, NYU, where she has been teaching Latin American critical thought and Global South feminisms, primarily through the lens of Brazilian women writers,\u201d the article adds.<\/p>\n<p><em>In the United States, there is a tradition of critical race theory studies, but it is an absolutely self-centered academia. That is my challenge. I believe it is important to arrive here and bring discomfort. I come from a tradition where I do not have to bow my head. If these people do not know us, it is time they learn about us and start reading our work too<\/em>,\u00a0Djamila states in an excerpt highlighted by <em>Marie Claire<\/em>.<\/p>\n<p>The full interview is also available on the <strong><a href=\"https:\/\/revistamarieclaire.globo.com\/cultura\/noticia\/2024\/12\/djamila-ribeiro-revela-documentario-biografico-precisou-ser-uma-iniciativa-minha.ghtml\"><em>Marie Claire<\/em> website<\/a><\/strong>.<\/p>\n<blockquote class=\"instagram-media\" style=\"background: #FFF; border: 0; border-radius: 3px; box-shadow: 0 0 1px 0 rgba(0,0,0,0.5),0 1px 10px 0 rgba(0,0,0,0.15); margin: 1px; max-width: 540px; min-width: 326px; padding: 0; width: calc(100% - 2px);\" data-instgrm-captioned=\"\" data-instgrm-permalink=\"https:\/\/www.instagram.com\/reel\/DDQSti-vrFh\/?utm_source=ig_embed&amp;utm_campaign=loading\" data-instgrm-version=\"14\">\n<div style=\"padding: 16px;\">\n<p>&nbsp;<\/p>\n<div style=\"display: flex; flex-direction: row; align-items: center;\">\n<div style=\"background-color: #f4f4f4; border-radius: 50%; flex-grow: 0; height: 40px; margin-right: 14px; width: 40px;\"><\/div>\n<div style=\"display: flex; flex-direction: column; flex-grow: 1; justify-content: center;\">\n<div style=\"background-color: #f4f4f4; border-radius: 4px; flex-grow: 0; height: 14px; margin-bottom: 6px; width: 100px;\"><\/div>\n<div style=\"background-color: #f4f4f4; border-radius: 4px; flex-grow: 0; height: 14px; width: 60px;\"><\/div>\n<\/div>\n<\/div>\n<div style=\"padding: 19% 0;\"><\/div>\n<div style=\"display: block; height: 50px; margin: 0 auto 12px; width: 50px;\"><\/div>\n<div style=\"padding-top: 8px;\">\n<div style=\"color: #3897f0; font-family: Arial,sans-serif; font-size: 14px; font-style: normal; font-weight: 550; line-height: 18px;\">Ver essa foto no Instagram<\/div>\n<\/div>\n<div style=\"padding: 12.5% 0;\"><\/div>\n<div style=\"display: flex; flex-direction: row; margin-bottom: 14px; align-items: center;\">\n<div>\n<div style=\"background-color: #f4f4f4; border-radius: 50%; height: 12.5px; width: 12.5px; transform: translateX(0px) translateY(7px);\"><\/div>\n<div style=\"background-color: #f4f4f4; height: 12.5px; transform: rotate(-45deg) translateX(3px) translateY(1px); width: 12.5px; flex-grow: 0; margin-right: 14px; margin-left: 2px;\"><\/div>\n<div style=\"background-color: #f4f4f4; border-radius: 50%; height: 12.5px; width: 12.5px; transform: translateX(9px) translateY(-18px);\"><\/div>\n<\/div>\n<div style=\"margin-left: 8px;\">\n<div style=\"background-color: #f4f4f4; border-radius: 50%; flex-grow: 0; height: 20px; width: 20px;\"><\/div>\n<div style=\"width: 0; height: 0; border-top: 2px solid transparent; border-left: 6px solid #f4f4f4; border-bottom: 2px solid transparent; transform: translateX(16px) translateY(-4px) rotate(30deg);\"><\/div>\n<\/div>\n<div style=\"margin-left: auto;\">\n<div style=\"width: 0px; border-top: 8px solid #F4F4F4; border-right: 8px solid transparent; transform: translateY(16px);\"><\/div>\n<div style=\"background-color: #f4f4f4; flex-grow: 0; height: 12px; width: 16px; transform: translateY(-4px);\"><\/div>\n<div style=\"width: 0; height: 0; border-top: 8px solid #F4F4F4; border-left: 8px solid transparent; transform: translateY(-4px) translateX(8px);\"><\/div>\n<\/div>\n<\/div>\n<div style=\"display: flex; flex-direction: column; flex-grow: 1; justify-content: center; margin-bottom: 24px;\">\n<div style=\"background-color: #f4f4f4; border-radius: 4px; flex-grow: 0; height: 14px; margin-bottom: 6px; width: 224px;\"><\/div>\n<div style=\"background-color: #f4f4f4; border-radius: 4px; flex-grow: 0; height: 14px; width: 144px;\"><\/div>\n<\/div>\n<p>&nbsp;<\/p>\n<p style=\"color: #c9c8cd; font-family: Arial,sans-serif; font-size: 14px; line-height: 17px; margin-bottom: 0; margin-top: 8px; overflow: hidden; padding: 8px 0 7px; text-align: center; text-overflow: ellipsis; white-space: nowrap;\"><a style=\"color: #c9c8cd; font-family: Arial,sans-serif; font-size: 14px; font-style: normal; font-weight: normal; line-height: 17px; text-decoration: none;\" href=\"https:\/\/www.instagram.com\/reel\/DDQSti-vrFh\/?utm_source=ig_embed&amp;utm_campaign=loading\" target=\"_blank\" rel=\"noopener\">Uma publica\u00e7\u00e3o compartilhada por Marie Claire Brasil (@marieclairebr)<\/a><\/p>\n<\/div>\n<\/blockquote>\n<p><script async src=\"\/\/www.instagram.com\/embed.js\"><\/script><\/p>\n<p>&nbsp;<\/p>\n","protected":false},"excerpt":{"rendered":"<p>Djamila Ribeiro graces the cover of Marie Claire Magazine\u00a0for the December-January issue. In an exclusive interview, the Brazilian philosopher discusses the progress and setbacks of the antiracist agenda amid rising conservatism, while emphasizing the urgency of a decolonial debate. In an Instagram post, Marie Claire also mentions Djamila Ribeiro\u2019s autobiographical documentary, currently in production. \u201cShe [&hellip;]<\/p>\n","protected":false},"author":1,"featured_media":2434,"comment_status":"open","ping_status":"open","sticky":false,"template":"","format":"standard","meta":{"inline_featured_image":false},"categories":[2],"tags":[220,403,129,401,402,404,170,284],"acf":[],"yoast_head":"<!-- This site is optimized with the Yoast SEO plugin v20.5 - https:\/\/yoast.com\/wordpress\/plugins\/seo\/ -->\n<title>Antiracism, Fashion, and Career: Djamila Ribeiro Speaks to Marie Claire Magazine - Djamila Ribeiro<\/title>\n<meta name=\"description\" content=\"The Brazilian philosopher discusses the antiracist struggle, decoloniality, fashion, and her experience as a guest professor at NYU.\" \/>\n<meta name=\"robots\" content=\"index, follow, max-snippet:-1, max-image-preview:large, max-video-preview:-1\" \/>\n<link rel=\"canonical\" href=\"https:\/\/www.djamilaribeiro.com.br\/en\/antiracism-fashion-and-career-djamila-ribeiro-speaks-to-marie-claire-magazine\/\" \/>\n<meta property=\"og:locale\" content=\"en_US\" \/>\n<meta property=\"og:type\" content=\"article\" \/>\n<meta property=\"og:title\" content=\"Antiracism, Fashion, and Career: Djamila Ribeiro Speaks to Marie Claire Magazine - Djamila Ribeiro\" \/>\n<meta property=\"og:description\" content=\"The Brazilian philosopher discusses the antiracist struggle, decoloniality, fashion, and her experience as a guest professor at NYU.\" \/>\n<meta property=\"og:url\" content=\"https:\/\/www.djamilaribeiro.com.br\/en\/antiracism-fashion-and-career-djamila-ribeiro-speaks-to-marie-claire-magazine\/\" \/>\n<meta property=\"og:site_name\" content=\"Djamila Ribeiro\" \/>\n<meta property=\"article:published_time\" content=\"2024-12-17T12:38:53+00:00\" \/>\n<meta property=\"article:modified_time\" content=\"2024-12-17T12:50:47+00:00\" \/>\n<meta property=\"og:image\" content=\"https:\/\/www.djamilaribeiro.com.br\/wp-content\/uploads\/2024\/12\/Marie-Claire_1.jpeg\" \/>\n\t<meta property=\"og:image:width\" content=\"1080\" \/>\n\t<meta property=\"og:image:height\" content=\"1268\" \/>\n\t<meta property=\"og:image:type\" content=\"image\/jpeg\" \/>\n<meta name=\"author\" content=\"Reda\u00e7\u00e3o\" \/>\n<meta name=\"twitter:card\" content=\"summary_large_image\" \/>\n<meta name=\"twitter:label1\" content=\"Written by\" \/>\n\t<meta name=\"twitter:data1\" content=\"Reda\u00e7\u00e3o\" \/>\n\t<meta name=\"twitter:label2\" content=\"Est. reading time\" \/>\n\t<meta name=\"twitter:data2\" content=\"2 minutes\" \/>\n<script type=\"application\/ld+json\" class=\"yoast-schema-graph\">{\"@context\":\"https:\/\/schema.org\",\"@graph\":[{\"@type\":\"WebPage\",\"@id\":\"https:\/\/www.djamilaribeiro.com.br\/en\/antiracism-fashion-and-career-djamila-ribeiro-speaks-to-marie-claire-magazine\/\",\"url\":\"https:\/\/www.djamilaribeiro.com.br\/en\/antiracism-fashion-and-career-djamila-ribeiro-speaks-to-marie-claire-magazine\/\",\"name\":\"Antiracism, Fashion, and Career: Djamila Ribeiro Speaks to Marie Claire Magazine - Djamila Ribeiro\",\"isPartOf\":{\"@id\":\"https:\/\/www.djamilaribeiro.com.br\/#website\"},\"datePublished\":\"2024-12-17T12:38:53+00:00\",\"dateModified\":\"2024-12-17T12:50:47+00:00\",\"author\":{\"@id\":\"https:\/\/www.djamilaribeiro.com.br\/#\/schema\/person\/a928f404cf733e4c62686bedd437b9ee\"},\"description\":\"The Brazilian philosopher discusses the antiracist struggle, decoloniality, fashion, and her experience as a guest professor at NYU.\",\"breadcrumb\":{\"@id\":\"https:\/\/www.djamilaribeiro.com.br\/en\/antiracism-fashion-and-career-djamila-ribeiro-speaks-to-marie-claire-magazine\/#breadcrumb\"},\"inLanguage\":\"en-US\",\"potentialAction\":[{\"@type\":\"ReadAction\",\"target\":[\"https:\/\/www.djamilaribeiro.com.br\/en\/antiracism-fashion-and-career-djamila-ribeiro-speaks-to-marie-claire-magazine\/\"]}]},{\"@type\":\"BreadcrumbList\",\"@id\":\"https:\/\/www.djamilaribeiro.com.br\/en\/antiracism-fashion-and-career-djamila-ribeiro-speaks-to-marie-claire-magazine\/#breadcrumb\",\"itemListElement\":[{\"@type\":\"ListItem\",\"position\":1,\"name\":\"In\u00edcio\",\"item\":\"https:\/\/www.djamilaribeiro.com.br\/en\/\"},{\"@type\":\"ListItem\",\"position\":2,\"name\":\"Antiracism, Fashion, and Career: Djamila Ribeiro Speaks to Marie Claire Magazine\"}]},{\"@type\":\"WebSite\",\"@id\":\"https:\/\/www.djamilaribeiro.com.br\/#website\",\"url\":\"https:\/\/www.djamilaribeiro.com.br\/\",\"name\":\"Djamila Ribeiro\",\"description\":\"\",\"potentialAction\":[{\"@type\":\"SearchAction\",\"target\":{\"@type\":\"EntryPoint\",\"urlTemplate\":\"https:\/\/www.djamilaribeiro.com.br\/?s={search_term_string}\"},\"query-input\":\"required name=search_term_string\"}],\"inLanguage\":\"en-US\"},{\"@type\":\"Person\",\"@id\":\"https:\/\/www.djamilaribeiro.com.br\/#\/schema\/person\/a928f404cf733e4c62686bedd437b9ee\",\"name\":\"Reda\u00e7\u00e3o\",\"image\":{\"@type\":\"ImageObject\",\"inLanguage\":\"en-US\",\"@id\":\"https:\/\/www.djamilaribeiro.com.br\/#\/schema\/person\/image\/\",\"url\":\"https:\/\/secure.gravatar.com\/avatar\/e22ea52208b383d899430021cb4ecf26?s=96&d=mm&r=g\",\"contentUrl\":\"https:\/\/secure.gravatar.com\/avatar\/e22ea52208b383d899430021cb4ecf26?s=96&d=mm&r=g\",\"caption\":\"Reda\u00e7\u00e3o\"},\"sameAs\":[\"https:\/\/localhost\"],\"url\":\"https:\/\/www.djamilaribeiro.com.br\/en\/author\/djamila\/\"}]}<\/script>\n<!-- \/ Yoast SEO plugin. -->","yoast_head_json":{"title":"Antiracism, Fashion, and Career: Djamila Ribeiro Speaks to Marie Claire Magazine - Djamila Ribeiro","description":"The Brazilian philosopher discusses the antiracist struggle, decoloniality, fashion, and her experience as a guest professor at NYU.","robots":{"index":"index","follow":"follow","max-snippet":"max-snippet:-1","max-image-preview":"max-image-preview:large","max-video-preview":"max-video-preview:-1"},"canonical":"https:\/\/www.djamilaribeiro.com.br\/en\/antiracism-fashion-and-career-djamila-ribeiro-speaks-to-marie-claire-magazine\/","og_locale":"en_US","og_type":"article","og_title":"Antiracism, Fashion, and Career: Djamila Ribeiro Speaks to Marie Claire Magazine - Djamila Ribeiro","og_description":"The Brazilian philosopher discusses the antiracist struggle, decoloniality, fashion, and her experience as a guest professor at NYU.","og_url":"https:\/\/www.djamilaribeiro.com.br\/en\/antiracism-fashion-and-career-djamila-ribeiro-speaks-to-marie-claire-magazine\/","og_site_name":"Djamila Ribeiro","article_published_time":"2024-12-17T12:38:53+00:00","article_modified_time":"2024-12-17T12:50:47+00:00","og_image":[{"width":1080,"height":1268,"url":"https:\/\/www.djamilaribeiro.com.br\/wp-content\/uploads\/2024\/12\/Marie-Claire_1.jpeg","type":"image\/jpeg"}],"author":"Reda\u00e7\u00e3o","twitter_card":"summary_large_image","twitter_misc":{"Written by":"Reda\u00e7\u00e3o","Est. reading time":"2 minutes"},"schema":{"@context":"https:\/\/schema.org","@graph":[{"@type":"WebPage","@id":"https:\/\/www.djamilaribeiro.com.br\/en\/antiracism-fashion-and-career-djamila-ribeiro-speaks-to-marie-claire-magazine\/","url":"https:\/\/www.djamilaribeiro.com.br\/en\/antiracism-fashion-and-career-djamila-ribeiro-speaks-to-marie-claire-magazine\/","name":"Antiracism, Fashion, and Career: Djamila Ribeiro Speaks to Marie Claire Magazine - Djamila Ribeiro","isPartOf":{"@id":"https:\/\/www.djamilaribeiro.com.br\/#website"},"datePublished":"2024-12-17T12:38:53+00:00","dateModified":"2024-12-17T12:50:47+00:00","author":{"@id":"https:\/\/www.djamilaribeiro.com.br\/#\/schema\/person\/a928f404cf733e4c62686bedd437b9ee"},"description":"The Brazilian philosopher discusses the antiracist struggle, decoloniality, fashion, and her experience as a guest professor at NYU.","breadcrumb":{"@id":"https:\/\/www.djamilaribeiro.com.br\/en\/antiracism-fashion-and-career-djamila-ribeiro-speaks-to-marie-claire-magazine\/#breadcrumb"},"inLanguage":"en-US","potentialAction":[{"@type":"ReadAction","target":["https:\/\/www.djamilaribeiro.com.br\/en\/antiracism-fashion-and-career-djamila-ribeiro-speaks-to-marie-claire-magazine\/"]}]},{"@type":"BreadcrumbList","@id":"https:\/\/www.djamilaribeiro.com.br\/en\/antiracism-fashion-and-career-djamila-ribeiro-speaks-to-marie-claire-magazine\/#breadcrumb","itemListElement":[{"@type":"ListItem","position":1,"name":"In\u00edcio","item":"https:\/\/www.djamilaribeiro.com.br\/en\/"},{"@type":"ListItem","position":2,"name":"Antiracism, Fashion, and Career: Djamila Ribeiro Speaks to Marie Claire Magazine"}]},{"@type":"WebSite","@id":"https:\/\/www.djamilaribeiro.com.br\/#website","url":"https:\/\/www.djamilaribeiro.com.br\/","name":"Djamila Ribeiro","description":"","potentialAction":[{"@type":"SearchAction","target":{"@type":"EntryPoint","urlTemplate":"https:\/\/www.djamilaribeiro.com.br\/?s={search_term_string}"},"query-input":"required name=search_term_string"}],"inLanguage":"en-US"},{"@type":"Person","@id":"https:\/\/www.djamilaribeiro.com.br\/#\/schema\/person\/a928f404cf733e4c62686bedd437b9ee","name":"Reda\u00e7\u00e3o","image":{"@type":"ImageObject","inLanguage":"en-US","@id":"https:\/\/www.djamilaribeiro.com.br\/#\/schema\/person\/image\/","url":"https:\/\/secure.gravatar.com\/avatar\/e22ea52208b383d899430021cb4ecf26?s=96&d=mm&r=g","contentUrl":"https:\/\/secure.gravatar.com\/avatar\/e22ea52208b383d899430021cb4ecf26?s=96&d=mm&r=g","caption":"Reda\u00e7\u00e3o"},"sameAs":["https:\/\/localhost"],"url":"https:\/\/www.djamilaribeiro.com.br\/en\/author\/djamila\/"}]}},"amp_enabled":true,"_links":{"self":[{"href":"https:\/\/www.djamilaribeiro.com.br\/en\/wp-json\/wp\/v2\/posts\/2437"}],"collection":[{"href":"https:\/\/www.djamilaribeiro.com.br\/en\/wp-json\/wp\/v2\/posts"}],"about":[{"href":"https:\/\/www.djamilaribeiro.com.br\/en\/wp-json\/wp\/v2\/types\/post"}],"author":[{"embeddable":true,"href":"https:\/\/www.djamilaribeiro.com.br\/en\/wp-json\/wp\/v2\/users\/1"}],"replies":[{"embeddable":true,"href":"https:\/\/www.djamilaribeiro.com.br\/en\/wp-json\/wp\/v2\/comments?post=2437"}],"version-history":[{"count":1,"href":"https:\/\/www.djamilaribeiro.com.br\/en\/wp-json\/wp\/v2\/posts\/2437\/revisions"}],"predecessor-version":[{"id":2438,"href":"https:\/\/www.djamilaribeiro.com.br\/en\/wp-json\/wp\/v2\/posts\/2437\/revisions\/2438"}],"wp:featuredmedia":[{"embeddable":true,"href":"https:\/\/www.djamilaribeiro.com.br\/en\/wp-json\/wp\/v2\/media\/2434"}],"wp:attachment":[{"href":"https:\/\/www.djamilaribeiro.com.br\/en\/wp-json\/wp\/v2\/media?parent=2437"}],"wp:term":[{"taxonomy":"category","embeddable":true,"href":"https:\/\/www.djamilaribeiro.com.br\/en\/wp-json\/wp\/v2\/categories?post=2437"},{"taxonomy":"post_tag","embeddable":true,"href":"https:\/\/www.djamilaribeiro.com.br\/en\/wp-json\/wp\/v2\/tags?post=2437"}],"curies":[{"name":"wp","href":"https:\/\/api.w.org\/{rel}","templated":true}]}}