{"id":2457,"date":"2025-01-14T10:50:55","date_gmt":"2025-01-14T13:50:55","guid":{"rendered":"https:\/\/www.djamilaribeiro.com.br\/?p=2457"},"modified":"2025-01-14T11:12:09","modified_gmt":"2025-01-14T14:12:09","slug":"in-an-interview-with-jornal-expresso-portugal-djamila-ribeiro-announces-a-new-book-for-2025","status":"publish","type":"post","link":"https:\/\/www.djamilaribeiro.com.br\/en\/in-an-interview-with-jornal-expresso-portugal-djamila-ribeiro-announces-a-new-book-for-2025\/","title":{"rendered":"In an interview with Jornal Expresso, Portugal, Djamila Ribeiro announces a new book for 2025"},"content":{"rendered":"<p>Djamila Ribeiro gave an interview to Jornal Expresso, one of the leading media outlets in Portugal.<\/p>\n<p>&#8220;When I wanted to study Simone de Beauvoir, people asked, &#8216;Who is she? Sartre&#8217;s wife?'&#8221; said Djamila in a quote selected for the interview&#8217;s title.<\/p>\n<p>On her Instagram profile, the Brazilian philosopher highlighted the publication by the Portuguese newspaper.<\/p>\n<p>&#8220;I\u2019m sharing an excellent interview with Jornal Expresso about my journey, the success of the Portuguese edition of <em>Letters to My Grandmother,<\/em> and the new book I\u2019ll be launching in Portugal this year with Editorial Caminho,&#8221; posted Djamila, referring to her upcoming release: a compilation of the weekly columns she has written for <em>Folha de S. Paulo<\/em> since 2019.<\/p>\n<h2><strong>The &#8216;most-read intellectual in Brazil&#8217;<\/strong><\/h2>\n<p>The interview begins with Djamila reflecting on the fundamental relationship between critical thinking and social change.<\/p>\n<p>&#8220;There wasn\u2019t much choice&#8221; in choosing paths that did not involve &#8220;critically reflecting&#8221; on her time and mobilizing to change what she believes &#8220;needs to be changed.&#8221;<\/p>\n<p>The Portuguese website also highlights the reach of Djamila&#8217;s work and the diversity of her national and international contributions to political and cultural debates.<\/p>\n<p>&#8220;Today, a philosopher, activist, nonfiction author, and professor in New York, Djamila Ribeiro is, with four published books, the &#8216;most-read intellectual in Brazil,'&#8221; points out Expresso.<\/p>\n<blockquote class=\"instagram-media\" style=\"background: #FFF; border: 0; border-radius: 3px; box-shadow: 0 0 1px 0 rgba(0,0,0,0.5),0 1px 10px 0 rgba(0,0,0,0.15); margin: 1px; max-width: 540px; min-width: 326px; padding: 0; width: calc(100% - 2px);\" data-instgrm-captioned=\"\" data-instgrm-permalink=\"https:\/\/www.instagram.com\/p\/DExQJByx5QD\/?utm_source=ig_embed&amp;utm_campaign=loading\" data-instgrm-version=\"14\">\n<div style=\"padding: 16px;\">\n<p>&nbsp;<\/p>\n<div style=\"display: flex; flex-direction: row; align-items: center;\">\n<div style=\"background-color: #f4f4f4; border-radius: 50%; flex-grow: 0; height: 40px; margin-right: 14px; width: 40px;\"><\/div>\n<div style=\"display: flex; flex-direction: column; flex-grow: 1; justify-content: center;\">\n<div style=\"background-color: #f4f4f4; border-radius: 4px; flex-grow: 0; height: 14px; margin-bottom: 6px; width: 100px;\"><\/div>\n<div style=\"background-color: #f4f4f4; border-radius: 4px; flex-grow: 0; height: 14px; width: 60px;\"><\/div>\n<\/div>\n<\/div>\n<div style=\"padding: 19% 0;\"><\/div>\n<div style=\"display: block; height: 50px; margin: 0 auto 12px; width: 50px;\"><\/div>\n<div style=\"padding-top: 8px;\">\n<div style=\"color: #3897f0; font-family: Arial,sans-serif; font-size: 14px; font-style: normal; font-weight: 550; line-height: 18px;\">Ver essa foto no Instagram<\/div>\n<\/div>\n<div style=\"padding: 12.5% 0;\"><\/div>\n<div style=\"display: flex; flex-direction: row; margin-bottom: 14px; align-items: center;\">\n<div>\n<div style=\"background-color: #f4f4f4; border-radius: 50%; height: 12.5px; width: 12.5px; transform: translateX(0px) translateY(7px);\"><\/div>\n<div style=\"background-color: #f4f4f4; height: 12.5px; transform: rotate(-45deg) translateX(3px) translateY(1px); width: 12.5px; flex-grow: 0; margin-right: 14px; margin-left: 2px;\"><\/div>\n<div style=\"background-color: #f4f4f4; border-radius: 50%; height: 12.5px; width: 12.5px; transform: translateX(9px) translateY(-18px);\"><\/div>\n<\/div>\n<div style=\"margin-left: 8px;\">\n<div style=\"background-color: #f4f4f4; border-radius: 50%; flex-grow: 0; height: 20px; width: 20px;\"><\/div>\n<div style=\"width: 0; height: 0; border-top: 2px solid transparent; border-left: 6px solid #f4f4f4; border-bottom: 2px solid transparent; transform: translateX(16px) translateY(-4px) rotate(30deg);\"><\/div>\n<\/div>\n<div style=\"margin-left: auto;\">\n<div style=\"width: 0px; border-top: 8px solid #F4F4F4; border-right: 8px solid transparent; transform: translateY(16px);\"><\/div>\n<div style=\"background-color: #f4f4f4; flex-grow: 0; height: 12px; width: 16px; transform: translateY(-4px);\"><\/div>\n<div style=\"width: 0; height: 0; border-top: 8px solid #F4F4F4; border-left: 8px solid transparent; transform: translateY(-4px) translateX(8px);\"><\/div>\n<\/div>\n<\/div>\n<div style=\"display: flex; flex-direction: column; flex-grow: 1; justify-content: center; margin-bottom: 24px;\">\n<div style=\"background-color: #f4f4f4; border-radius: 4px; flex-grow: 0; height: 14px; margin-bottom: 6px; width: 224px;\"><\/div>\n<div style=\"background-color: #f4f4f4; border-radius: 4px; flex-grow: 0; height: 14px; width: 144px;\"><\/div>\n<\/div>\n<p>&nbsp;<\/p>\n<p style=\"color: #c9c8cd; font-family: Arial,sans-serif; font-size: 14px; line-height: 17px; margin-bottom: 0; margin-top: 8px; overflow: hidden; padding: 8px 0 7px; text-align: center; text-overflow: ellipsis; white-space: nowrap;\"><a style=\"color: #c9c8cd; font-family: Arial,sans-serif; font-size: 14px; font-style: normal; font-weight: normal; line-height: 17px; text-decoration: none;\" href=\"https:\/\/www.instagram.com\/p\/DExQJByx5QD\/?utm_source=ig_embed&amp;utm_campaign=loading\" target=\"_blank\" rel=\"noopener\">Uma publica\u00e7\u00e3o compartilhada por Djamila Ribeiro (@djamilaribeiro1)<\/a><\/p>\n<\/div>\n<\/blockquote>\n<p><script async src=\"\/\/www.instagram.com\/embed.js\"><\/script><\/p>\n<p>&nbsp;<\/p>\n","protected":false},"excerpt":{"rendered":"<p>Djamila Ribeiro gave an interview to Jornal Expresso, one of the leading media outlets in Portugal. &#8220;When I wanted to study Simone de Beauvoir, people asked, &#8216;Who is she? Sartre&#8217;s wife?&#8217;&#8221; said Djamila in a quote selected for the interview&#8217;s title. On her Instagram profile, the Brazilian philosopher highlighted the publication by the Portuguese newspaper. [&hellip;]<\/p>\n","protected":false},"author":1,"featured_media":2454,"comment_status":"open","ping_status":"open","sticky":false,"template":"","format":"standard","meta":{"inline_featured_image":false},"categories":[2],"tags":[410,411],"acf":[],"yoast_head":"<!-- This site is optimized with the Yoast SEO plugin v20.5 - https:\/\/yoast.com\/wordpress\/plugins\/seo\/ -->\n<title>In an interview with Jornal Expresso, Portugal, Djamila Ribeiro announces a new book for 2025 - Djamila Ribeiro<\/title>\n<meta name=\"description\" content=\"Portuguese website highlights Ribeiro&#039;s national and international role in political and cultural debates.\" \/>\n<meta name=\"robots\" content=\"index, follow, max-snippet:-1, max-image-preview:large, max-video-preview:-1\" \/>\n<link rel=\"canonical\" href=\"https:\/\/www.djamilaribeiro.com.br\/en\/in-an-interview-with-jornal-expresso-portugal-djamila-ribeiro-announces-a-new-book-for-2025\/\" \/>\n<meta property=\"og:locale\" content=\"en_US\" \/>\n<meta property=\"og:type\" content=\"article\" \/>\n<meta property=\"og:title\" content=\"In an interview with Jornal Expresso, Portugal, Djamila Ribeiro announces a new book for 2025 - Djamila Ribeiro\" \/>\n<meta property=\"og:description\" content=\"Portuguese website highlights Ribeiro&#039;s national and international role in political and cultural debates.\" \/>\n<meta property=\"og:url\" content=\"https:\/\/www.djamilaribeiro.com.br\/en\/in-an-interview-with-jornal-expresso-portugal-djamila-ribeiro-announces-a-new-book-for-2025\/\" \/>\n<meta property=\"og:site_name\" content=\"Djamila Ribeiro\" \/>\n<meta property=\"article:published_time\" content=\"2025-01-14T13:50:55+00:00\" \/>\n<meta property=\"article:modified_time\" content=\"2025-01-14T14:12:09+00:00\" \/>\n<meta property=\"og:image\" content=\"https:\/\/www.djamilaribeiro.com.br\/wp-content\/uploads\/2025\/01\/Djamila_1-1.jpeg\" \/>\n\t<meta property=\"og:image:width\" content=\"1079\" \/>\n\t<meta property=\"og:image:height\" content=\"909\" \/>\n\t<meta property=\"og:image:type\" content=\"image\/jpeg\" \/>\n<meta name=\"author\" content=\"Reda\u00e7\u00e3o\" \/>\n<meta name=\"twitter:card\" content=\"summary_large_image\" \/>\n<meta name=\"twitter:label1\" content=\"Written by\" \/>\n\t<meta name=\"twitter:data1\" content=\"Reda\u00e7\u00e3o\" \/>\n\t<meta name=\"twitter:label2\" content=\"Est. reading time\" \/>\n\t<meta name=\"twitter:data2\" content=\"1 minute\" \/>\n<script type=\"application\/ld+json\" class=\"yoast-schema-graph\">{\"@context\":\"https:\/\/schema.org\",\"@graph\":[{\"@type\":\"WebPage\",\"@id\":\"https:\/\/www.djamilaribeiro.com.br\/en\/in-an-interview-with-jornal-expresso-portugal-djamila-ribeiro-announces-a-new-book-for-2025\/\",\"url\":\"https:\/\/www.djamilaribeiro.com.br\/en\/in-an-interview-with-jornal-expresso-portugal-djamila-ribeiro-announces-a-new-book-for-2025\/\",\"name\":\"In an interview with Jornal Expresso, Portugal, Djamila Ribeiro announces a new book for 2025 - Djamila Ribeiro\",\"isPartOf\":{\"@id\":\"https:\/\/www.djamilaribeiro.com.br\/#website\"},\"datePublished\":\"2025-01-14T13:50:55+00:00\",\"dateModified\":\"2025-01-14T14:12:09+00:00\",\"author\":{\"@id\":\"https:\/\/www.djamilaribeiro.com.br\/#\/schema\/person\/a928f404cf733e4c62686bedd437b9ee\"},\"description\":\"Portuguese website highlights Ribeiro's national and international role in political and cultural debates.\",\"breadcrumb\":{\"@id\":\"https:\/\/www.djamilaribeiro.com.br\/en\/in-an-interview-with-jornal-expresso-portugal-djamila-ribeiro-announces-a-new-book-for-2025\/#breadcrumb\"},\"inLanguage\":\"en-US\",\"potentialAction\":[{\"@type\":\"ReadAction\",\"target\":[\"https:\/\/www.djamilaribeiro.com.br\/en\/in-an-interview-with-jornal-expresso-portugal-djamila-ribeiro-announces-a-new-book-for-2025\/\"]}]},{\"@type\":\"BreadcrumbList\",\"@id\":\"https:\/\/www.djamilaribeiro.com.br\/en\/in-an-interview-with-jornal-expresso-portugal-djamila-ribeiro-announces-a-new-book-for-2025\/#breadcrumb\",\"itemListElement\":[{\"@type\":\"ListItem\",\"position\":1,\"name\":\"In\u00edcio\",\"item\":\"https:\/\/www.djamilaribeiro.com.br\/en\/\"},{\"@type\":\"ListItem\",\"position\":2,\"name\":\"In an interview with Jornal Expresso, Portugal, Djamila Ribeiro announces a new book for 2025\"}]},{\"@type\":\"WebSite\",\"@id\":\"https:\/\/www.djamilaribeiro.com.br\/#website\",\"url\":\"https:\/\/www.djamilaribeiro.com.br\/\",\"name\":\"Djamila Ribeiro\",\"description\":\"\",\"potentialAction\":[{\"@type\":\"SearchAction\",\"target\":{\"@type\":\"EntryPoint\",\"urlTemplate\":\"https:\/\/www.djamilaribeiro.com.br\/?s={search_term_string}\"},\"query-input\":\"required name=search_term_string\"}],\"inLanguage\":\"en-US\"},{\"@type\":\"Person\",\"@id\":\"https:\/\/www.djamilaribeiro.com.br\/#\/schema\/person\/a928f404cf733e4c62686bedd437b9ee\",\"name\":\"Reda\u00e7\u00e3o\",\"image\":{\"@type\":\"ImageObject\",\"inLanguage\":\"en-US\",\"@id\":\"https:\/\/www.djamilaribeiro.com.br\/#\/schema\/person\/image\/\",\"url\":\"https:\/\/secure.gravatar.com\/avatar\/e22ea52208b383d899430021cb4ecf26?s=96&d=mm&r=g\",\"contentUrl\":\"https:\/\/secure.gravatar.com\/avatar\/e22ea52208b383d899430021cb4ecf26?s=96&d=mm&r=g\",\"caption\":\"Reda\u00e7\u00e3o\"},\"sameAs\":[\"https:\/\/localhost\"],\"url\":\"https:\/\/www.djamilaribeiro.com.br\/en\/author\/djamila\/\"}]}<\/script>\n<!-- \/ Yoast SEO plugin. -->","yoast_head_json":{"title":"In an interview with Jornal Expresso, Portugal, Djamila Ribeiro announces a new book for 2025 - Djamila Ribeiro","description":"Portuguese website highlights Ribeiro's national and international role in political and cultural debates.","robots":{"index":"index","follow":"follow","max-snippet":"max-snippet:-1","max-image-preview":"max-image-preview:large","max-video-preview":"max-video-preview:-1"},"canonical":"https:\/\/www.djamilaribeiro.com.br\/en\/in-an-interview-with-jornal-expresso-portugal-djamila-ribeiro-announces-a-new-book-for-2025\/","og_locale":"en_US","og_type":"article","og_title":"In an interview with Jornal Expresso, Portugal, Djamila Ribeiro announces a new book for 2025 - Djamila Ribeiro","og_description":"Portuguese website highlights Ribeiro's national and international role in political and cultural debates.","og_url":"https:\/\/www.djamilaribeiro.com.br\/en\/in-an-interview-with-jornal-expresso-portugal-djamila-ribeiro-announces-a-new-book-for-2025\/","og_site_name":"Djamila Ribeiro","article_published_time":"2025-01-14T13:50:55+00:00","article_modified_time":"2025-01-14T14:12:09+00:00","og_image":[{"width":1079,"height":909,"url":"https:\/\/www.djamilaribeiro.com.br\/wp-content\/uploads\/2025\/01\/Djamila_1-1.jpeg","type":"image\/jpeg"}],"author":"Reda\u00e7\u00e3o","twitter_card":"summary_large_image","twitter_misc":{"Written by":"Reda\u00e7\u00e3o","Est. reading time":"1 minute"},"schema":{"@context":"https:\/\/schema.org","@graph":[{"@type":"WebPage","@id":"https:\/\/www.djamilaribeiro.com.br\/en\/in-an-interview-with-jornal-expresso-portugal-djamila-ribeiro-announces-a-new-book-for-2025\/","url":"https:\/\/www.djamilaribeiro.com.br\/en\/in-an-interview-with-jornal-expresso-portugal-djamila-ribeiro-announces-a-new-book-for-2025\/","name":"In an interview with Jornal Expresso, Portugal, Djamila Ribeiro announces a new book for 2025 - Djamila Ribeiro","isPartOf":{"@id":"https:\/\/www.djamilaribeiro.com.br\/#website"},"datePublished":"2025-01-14T13:50:55+00:00","dateModified":"2025-01-14T14:12:09+00:00","author":{"@id":"https:\/\/www.djamilaribeiro.com.br\/#\/schema\/person\/a928f404cf733e4c62686bedd437b9ee"},"description":"Portuguese website highlights Ribeiro's national and international role in political and cultural debates.","breadcrumb":{"@id":"https:\/\/www.djamilaribeiro.com.br\/en\/in-an-interview-with-jornal-expresso-portugal-djamila-ribeiro-announces-a-new-book-for-2025\/#breadcrumb"},"inLanguage":"en-US","potentialAction":[{"@type":"ReadAction","target":["https:\/\/www.djamilaribeiro.com.br\/en\/in-an-interview-with-jornal-expresso-portugal-djamila-ribeiro-announces-a-new-book-for-2025\/"]}]},{"@type":"BreadcrumbList","@id":"https:\/\/www.djamilaribeiro.com.br\/en\/in-an-interview-with-jornal-expresso-portugal-djamila-ribeiro-announces-a-new-book-for-2025\/#breadcrumb","itemListElement":[{"@type":"ListItem","position":1,"name":"In\u00edcio","item":"https:\/\/www.djamilaribeiro.com.br\/en\/"},{"@type":"ListItem","position":2,"name":"In an interview with Jornal Expresso, Portugal, Djamila Ribeiro announces a new book for 2025"}]},{"@type":"WebSite","@id":"https:\/\/www.djamilaribeiro.com.br\/#website","url":"https:\/\/www.djamilaribeiro.com.br\/","name":"Djamila Ribeiro","description":"","potentialAction":[{"@type":"SearchAction","target":{"@type":"EntryPoint","urlTemplate":"https:\/\/www.djamilaribeiro.com.br\/?s={search_term_string}"},"query-input":"required name=search_term_string"}],"inLanguage":"en-US"},{"@type":"Person","@id":"https:\/\/www.djamilaribeiro.com.br\/#\/schema\/person\/a928f404cf733e4c62686bedd437b9ee","name":"Reda\u00e7\u00e3o","image":{"@type":"ImageObject","inLanguage":"en-US","@id":"https:\/\/www.djamilaribeiro.com.br\/#\/schema\/person\/image\/","url":"https:\/\/secure.gravatar.com\/avatar\/e22ea52208b383d899430021cb4ecf26?s=96&d=mm&r=g","contentUrl":"https:\/\/secure.gravatar.com\/avatar\/e22ea52208b383d899430021cb4ecf26?s=96&d=mm&r=g","caption":"Reda\u00e7\u00e3o"},"sameAs":["https:\/\/localhost"],"url":"https:\/\/www.djamilaribeiro.com.br\/en\/author\/djamila\/"}]}},"amp_enabled":true,"_links":{"self":[{"href":"https:\/\/www.djamilaribeiro.com.br\/en\/wp-json\/wp\/v2\/posts\/2457"}],"collection":[{"href":"https:\/\/www.djamilaribeiro.com.br\/en\/wp-json\/wp\/v2\/posts"}],"about":[{"href":"https:\/\/www.djamilaribeiro.com.br\/en\/wp-json\/wp\/v2\/types\/post"}],"author":[{"embeddable":true,"href":"https:\/\/www.djamilaribeiro.com.br\/en\/wp-json\/wp\/v2\/users\/1"}],"replies":[{"embeddable":true,"href":"https:\/\/www.djamilaribeiro.com.br\/en\/wp-json\/wp\/v2\/comments?post=2457"}],"version-history":[{"count":1,"href":"https:\/\/www.djamilaribeiro.com.br\/en\/wp-json\/wp\/v2\/posts\/2457\/revisions"}],"predecessor-version":[{"id":2458,"href":"https:\/\/www.djamilaribeiro.com.br\/en\/wp-json\/wp\/v2\/posts\/2457\/revisions\/2458"}],"wp:featuredmedia":[{"embeddable":true,"href":"https:\/\/www.djamilaribeiro.com.br\/en\/wp-json\/wp\/v2\/media\/2454"}],"wp:attachment":[{"href":"https:\/\/www.djamilaribeiro.com.br\/en\/wp-json\/wp\/v2\/media?parent=2457"}],"wp:term":[{"taxonomy":"category","embeddable":true,"href":"https:\/\/www.djamilaribeiro.com.br\/en\/wp-json\/wp\/v2\/categories?post=2457"},{"taxonomy":"post_tag","embeddable":true,"href":"https:\/\/www.djamilaribeiro.com.br\/en\/wp-json\/wp\/v2\/tags?post=2457"}],"curies":[{"name":"wp","href":"https:\/\/api.w.org\/{rel}","templated":true}]}}