{"id":3539,"date":"2025-05-20T10:29:15","date_gmt":"2025-05-20T13:29:15","guid":{"rendered":"https:\/\/www.djamilaribeiro.com.br\/?p=3539"},"modified":"2025-05-20T10:29:15","modified_gmt":"2025-05-20T13:29:15","slug":"professor-djamila-ribeiro-on-brazilian-public-tv-place-of-speech-is-not-a-restriction-its-an-invitation-to-plural-dialogue","status":"publish","type":"post","link":"https:\/\/www.djamilaribeiro.com.br\/en\/professor-djamila-ribeiro-on-brazilian-public-tv-place-of-speech-is-not-a-restriction-its-an-invitation-to-plural-dialogue\/","title":{"rendered":"Professor Djamila Ribeiro on Brazilian Public TV: \u201cPlace of speech is not a restriction, it\u2019s an invitation to plural dialogue\u201d"},"content":{"rendered":"<p class=\"\" data-start=\"119\" data-end=\"363\">On Monday, May 19, 2025, Professora Djamila Ribeiro was one of the guests on the program <em data-start=\"210\" data-end=\"223\">Sem Censura <\/em>(<em>Without Censorship<\/em>), broadcast by TV Brasil, where she spoke about her trajectory in the antiracist struggle and the growing international reach of her work.<\/p>\n<p class=\"\" data-start=\"365\" data-end=\"886\">Her book <em data-start=\"374\" data-end=\"389\">Lugar de Fala<\/em> was published last year for English-speaking audiences under the title <em data-start=\"461\" data-end=\"477\">Where We Stand<\/em> (Yale University Press). In addition, after teaching for a semester in 2024 at New York University (NYU), the writer and philosopher is preparing to take on, in the coming semester, the position of visiting professor at the Massachusetts Institute of Technology (MIT), the top-ranked university in the world. Djamila is the first Brazilian to teach at MIT through a program that honors Martin Luther King Jr.<\/p>\n<p class=\"\" data-start=\"888\" data-end=\"1077\">Other works by Djamila, such as <em data-start=\"920\" data-end=\"943\">Cartas para minha av\u00f3<\/em> (<em>Letters to My Grandmother<\/em>), her most recent publication, are reaching international audiences, with translations into <strong><a href=\"https:\/\/www.djamilaribeiro.com.br\/en\/lettere-a-mia-nonna-djamila-ribeiros-book-dedicated-to-her-grandmother-reaches-the-italian-public\/\">Italian<\/a><\/strong> and <strong><a href=\"https:\/\/www.djamilaribeiro.com.br\/en\/professor-djamila-ribeiro-celebrates-french-edition-of-letters-to-my-grandmother-and-new-partnerships-at-feminismos-plurais-space\/\">French<\/a><\/strong>.<\/p>\n<h3 class=\"\" data-start=\"1079\" data-end=\"1115\"><em data-start=\"1083\" data-end=\"1098\">Where We Stand<\/em> on <em data-start=\"1102\" data-end=\"1115\">Sem Censura<\/em><\/h3>\n<p class=\"\" data-start=\"1117\" data-end=\"1289\">During her conversation with host Cissa Guimar\u00e3es, Djamila emphasized how the concept of <em data-start=\"534\" data-end=\"551\">place of speech<\/em> helps broaden the racial debate.<\/p>\n<p class=\"\" data-start=\"1291\" data-end=\"1795\">\u201c\u2018Place of speech\u2019 does not mean that only Black people can talk about racism. Quite the opposite. Everyone has a place of speech,\u201d she said, adding: \u201cSo, it\u2019s not about what is said. It\u2019s about where it is said from. In other words, we can all talk about everything, but we will speak from different places. Because if you are a white woman and I am a Black woman, you come from a different social position than I do. That influences how each of us experiences and understands the world,\u201d she explained.<\/p>\n<p class=\"\" data-start=\"1797\" data-end=\"2147\">The coordinator of the <strong><a href=\"https:\/\/www.amazon.com.br\/Feminismos-Plurais\/dp\/B0B1NW3W31\"><em data-start=\"1820\" data-end=\"1840\">Feminismos Plurais<\/em> collection<\/a><\/strong> also stressed that the debate on racism must be both critical and collective: \u201cIf there is a group being discriminated against, there is a group doing the discriminating. It\u2019s important that the group that has historically benefited from oppression understands what that means,\u201d she pointed out.<\/p>\n<p class=\"\" data-start=\"2149\" data-end=\"2343\">Djamila Ribeiro reminded viewers that whiteness should be understood as a historically constructed position of privilege within the racism that shaped Brazilian society\u2014not as something natural.<\/p>\n<p class=\"\" data-start=\"2345\" data-end=\"2586\">\u201cWhat do almost four centuries of slavery in this country mean? A slavery that was the foundation of the Brazilian economy and that impoverished the Black population. After abolition, there was no policy of reparation whatsoever,\u201d she noted.<\/p>\n<p class=\"\" data-start=\"2588\" data-end=\"2890\">The visiting professor at MIT reinforced that the goal of the concept of <em data-start=\"2661\" data-end=\"2678\">place of speech<\/em> is to expand\u2014not restrict\u2014the debate: \u201cIt has nothing to do with prohibition. On the contrary: we must broaden the discussion and bring in these multiple worldviews so that we can enrich society,\u201d she concluded.<\/p>\n\n\t\t<style type=\"text\/css\">\n\t\t\t#gallery-1 {\n\t\t\t\tmargin: auto;\n\t\t\t}\n\t\t\t#gallery-1 .gallery-item {\n\t\t\t\tfloat: left;\n\t\t\t\tmargin-top: 10px;\n\t\t\t\ttext-align: center;\n\t\t\t\twidth: 100%;\n\t\t\t}\n\t\t\t#gallery-1 img {\n\t\t\t\tborder: 2px solid #cfcfcf;\n\t\t\t}\n\t\t\t#gallery-1 .gallery-caption {\n\t\t\t\tmargin-left: 0;\n\t\t\t}\n\t\t\t\/* see gallery_shortcode() in wp-includes\/media.php *\/\n\t\t<\/style>\n\t\t<div id='gallery-1' class='gallery galleryid-3539 gallery-columns-1 gallery-size-large'><dl class='gallery-item'>\n\t\t\t<dt class='gallery-icon portrait'>\n\t\t\t\t<a href='https:\/\/www.djamilaribeiro.com.br\/en\/professor-djamila-ribeiro-celebrates-french-edition-of-letters-to-my-grandmother-and-new-partnerships-at-feminismos-plurais-space\/djamila-e-todos\/'><img width=\"819\" height=\"1024\" src=\"https:\/\/www.djamilaribeiro.com.br\/wp-content\/uploads\/2025\/05\/djamila-e-todos-819x1024.jpg\" class=\"attachment-large size-large\" alt=\"\" decoding=\"async\" loading=\"lazy\" srcset=\"https:\/\/www.djamilaribeiro.com.br\/wp-content\/uploads\/2025\/05\/djamila-e-todos-819x1024.jpg 819w, https:\/\/www.djamilaribeiro.com.br\/wp-content\/uploads\/2025\/05\/djamila-e-todos-240x300.jpg 240w, https:\/\/www.djamilaribeiro.com.br\/wp-content\/uploads\/2025\/05\/djamila-e-todos-768x960.jpg 768w, https:\/\/www.djamilaribeiro.com.br\/wp-content\/uploads\/2025\/05\/djamila-e-todos.jpg 1152w\" sizes=\"(max-width: 819px) 100vw, 819px\" \/><\/a>\n\t\t\t<\/dt><\/dl><br style=\"clear: both\" \/>\n\t\t<\/div>\n\n<article class=\"text-token-text-primary w-full\" dir=\"auto\" data-testid=\"conversation-turn-44\" data-scroll-anchor=\"true\">\n<div class=\"text-base my-auto mx-auto py-5 [--thread-content-margin:--spacing(4)] @[37rem]:[--thread-content-margin:--spacing(6)] @[72rem]:[--thread-content-margin:--spacing(16)] px-(--thread-content-margin)\">\n<div class=\"[--thread-content-max-width:32rem] @[34rem]:[--thread-content-max-width:40rem] @[64rem]:[--thread-content-max-width:48rem] mx-auto flex max-w-(--thread-content-max-width) flex-1 text-base gap-4 md:gap-5 lg:gap-6 group\/turn-messages focus-visible:outline-hidden\" tabindex=\"-1\">\n<div class=\"group\/conversation-turn relative flex w-full min-w-0 flex-col agent-turn\">\n<div class=\"relative flex-col gap-1 md:gap-3\">\n<div class=\"flex max-w-full flex-col grow\">\n<div class=\"min-h-8 text-message relative flex w-full flex-col items-end gap-2 text-start break-words whitespace-normal [.text-message+&amp;]:mt-5\" dir=\"auto\" data-message-author-role=\"assistant\" data-message-id=\"2761d16b-d30f-4478-aa3f-ef54f2773ea8\" data-message-model-slug=\"gpt-4o\">\n<div class=\"flex w-full flex-col gap-1 empty:hidden first:pt-[3px]\">\n<div class=\"markdown prose dark:prose-invert w-full break-words light\">\n<p class=\"\" data-start=\"56\" data-end=\"81\"><strong data-start=\"56\" data-end=\"81\">The new <em data-start=\"66\" data-end=\"79\">Sem Censura<\/em><\/strong><\/p>\n<p class=\"\" data-start=\"83\" data-end=\"455\"><em data-start=\"83\" data-end=\"96\">Sem Censura<\/em>, a program that has been part of TV Brasil\u2019s lineup since 1985, returned to the air last year in a daily, live format under the direction of host Cissa Guimar\u00e3es. With 40 years of history, the show goes back to its roots by offering interviews, debates, and reflections on key issues in Brazilian society\u2014now also streamed on the network\u2019s digital platforms.<\/p>\n<p class=\"\" data-start=\"457\" data-end=\"591\">This edition of the program also featured actor Marcelo Faria, ophthalmologist Andressa Guimar\u00e3es, and actress Luana Xavier as guests.<\/p>\n<p data-start=\"457\" data-end=\"591\">\n<blockquote class=\"instagram-media\" style=\"background: #FFF; border: 0; border-radius: 3px; box-shadow: 0 0 1px 0 rgba(0,0,0,0.5),0 1px 10px 0 rgba(0,0,0,0.15); margin: 1px; max-width: 540px; min-width: 326px; padding: 0; width: calc(100% - 2px);\" data-instgrm-captioned=\"\" data-instgrm-permalink=\"https:\/\/www.instagram.com\/reel\/DJ2wjNVum5v\/?utm_source=ig_embed&amp;utm_campaign=loading\" data-instgrm-version=\"14\">\n<div style=\"padding: 16px;\">\n<p>&nbsp;<\/p>\n<div style=\"display: flex; flex-direction: row; align-items: center;\">\n<div style=\"background-color: #f4f4f4; border-radius: 50%; flex-grow: 0; height: 40px; margin-right: 14px; width: 40px;\"><\/div>\n<div style=\"display: flex; flex-direction: column; flex-grow: 1; justify-content: center;\">\n<div style=\"background-color: #f4f4f4; border-radius: 4px; flex-grow: 0; height: 14px; margin-bottom: 6px; width: 100px;\"><\/div>\n<div style=\"background-color: #f4f4f4; border-radius: 4px; flex-grow: 0; height: 14px; width: 60px;\"><\/div>\n<\/div>\n<\/div>\n<div style=\"padding: 19% 0;\"><\/div>\n<div style=\"display: block; height: 50px; margin: 0 auto 12px; width: 50px;\"><\/div>\n<div style=\"padding-top: 8px;\">\n<div style=\"color: #3897f0; font-family: Arial,sans-serif; font-size: 14px; font-style: normal; font-weight: 550; line-height: 18px;\">Ver essa foto no Instagram<\/div>\n<\/div>\n<div style=\"padding: 12.5% 0;\"><\/div>\n<div style=\"display: flex; flex-direction: row; margin-bottom: 14px; align-items: center;\">\n<div>\n<div style=\"background-color: #f4f4f4; border-radius: 50%; height: 12.5px; width: 12.5px; transform: translateX(0px) translateY(7px);\"><\/div>\n<div style=\"background-color: #f4f4f4; height: 12.5px; transform: rotate(-45deg) translateX(3px) translateY(1px); width: 12.5px; flex-grow: 0; margin-right: 14px; margin-left: 2px;\"><\/div>\n<div style=\"background-color: #f4f4f4; border-radius: 50%; height: 12.5px; width: 12.5px; transform: translateX(9px) translateY(-18px);\"><\/div>\n<\/div>\n<div style=\"margin-left: 8px;\">\n<div style=\"background-color: #f4f4f4; border-radius: 50%; flex-grow: 0; height: 20px; width: 20px;\"><\/div>\n<div style=\"width: 0; height: 0; border-top: 2px solid transparent; border-left: 6px solid #f4f4f4; border-bottom: 2px solid transparent; transform: translateX(16px) translateY(-4px) rotate(30deg);\"><\/div>\n<\/div>\n<div style=\"margin-left: auto;\">\n<div style=\"width: 0px; border-top: 8px solid #F4F4F4; border-right: 8px solid transparent; transform: translateY(16px);\"><\/div>\n<div style=\"background-color: #f4f4f4; flex-grow: 0; height: 12px; width: 16px; transform: translateY(-4px);\"><\/div>\n<div style=\"width: 0; height: 0; border-top: 8px solid #F4F4F4; border-left: 8px solid transparent; transform: translateY(-4px) translateX(8px);\"><\/div>\n<\/div>\n<\/div>\n<div style=\"display: flex; flex-direction: column; flex-grow: 1; justify-content: center; margin-bottom: 24px;\">\n<div style=\"background-color: #f4f4f4; border-radius: 4px; flex-grow: 0; height: 14px; margin-bottom: 6px; width: 224px;\"><\/div>\n<div style=\"background-color: #f4f4f4; border-radius: 4px; flex-grow: 0; height: 14px; width: 144px;\"><\/div>\n<\/div>\n<p>&nbsp;<\/p>\n<p style=\"color: #c9c8cd; font-family: Arial,sans-serif; font-size: 14px; line-height: 17px; margin-bottom: 0; margin-top: 8px; overflow: hidden; padding: 8px 0 7px; text-align: center; text-overflow: ellipsis; white-space: nowrap;\"><a style=\"color: #c9c8cd; font-family: Arial,sans-serif; font-size: 14px; font-style: normal; font-weight: normal; line-height: 17px; text-decoration: none;\" href=\"https:\/\/www.instagram.com\/reel\/DJ2wjNVum5v\/?utm_source=ig_embed&amp;utm_campaign=loading\" target=\"_blank\" rel=\"noopener\">Uma publica\u00e7\u00e3o compartilhada por TV Brasil (@tvbrasil)<\/a><\/p>\n<\/div>\n<\/blockquote>\n<p><script async src=\"\/\/www.instagram.com\/embed.js\"><\/script><\/p>\n<\/div>\n<\/div>\n<\/div>\n<\/div>\n<div class=\"flex justify-start\">\n<div class=\"touch:-me-2 touch:-ms-3.5 -ms-2.5 -me-1 flex items-center p-1 select-none -mt-1 duration-[1.5s] focus-within:transition-none hover:transition-none pointer-events-none [mask-image:linear-gradient(to_right,black_33%,transparent_66%)] [mask-size:300%_100%] [mask-position:100%_0%] motion-safe:transition-[mask-position] group-hover\/turn-messages:pointer-events-auto group-hover\/turn-messages:[mask-position:0_0] group-focus-within\/turn-messages:pointer-events-auto group-focus-within\/turn-messages:[mask-position:0_0] has-data-[state=open]:pointer-events-auto has-data-[state=open]:[mask-position:0_0]\"><\/div>\n<\/div>\n<div class=\"mt-3 w-full empty:hidden\">\n<div class=\"text-center\"><\/div>\n<\/div>\n<\/div>\n<div class=\"absolute\">\n<div class=\"flex items-center justify-center\"><\/div>\n<\/div>\n<\/div>\n<\/div>\n<\/div>\n<\/article>\n<div class=\"pointer-events-none h-px w-px\" aria-hidden=\"true\" data-edge=\"true\"><\/div>\n","protected":false},"excerpt":{"rendered":"<p>On Monday, May 19, 2025, Professora Djamila Ribeiro was one of the guests on the program Sem Censura (Without Censorship), broadcast by TV Brasil, where she spoke about her trajectory in the antiracist struggle and the growing international reach of her work. Her book Lugar de Fala was published last year for English-speaking audiences under [&hellip;]<\/p>\n","protected":false},"author":1,"featured_media":3529,"comment_status":"open","ping_status":"open","sticky":false,"template":"","format":"standard","meta":{"inline_featured_image":false},"categories":[2],"tags":[220,129,770,772,654,284,723,768,771,769,150],"acf":[],"yoast_head":"<!-- This site is optimized with the Yoast SEO plugin v20.5 - https:\/\/yoast.com\/wordpress\/plugins\/seo\/ -->\n<title>Professor Djamila Ribeiro on Brazilian Public TV: \u201cPlace of speech is not a restriction, it\u2019s an invitation to plural dialogue\u201d - Djamila Ribeiro<\/title>\n<meta name=\"description\" content=\"The concept deepens the reflection on different social positions in discourse and emphasizes the importance of collective dialogue.\" \/>\n<meta name=\"robots\" content=\"index, follow, max-snippet:-1, max-image-preview:large, max-video-preview:-1\" \/>\n<link rel=\"canonical\" href=\"https:\/\/www.djamilaribeiro.com.br\/en\/professor-djamila-ribeiro-on-brazilian-public-tv-place-of-speech-is-not-a-restriction-its-an-invitation-to-plural-dialogue\/\" \/>\n<meta property=\"og:locale\" content=\"en_US\" \/>\n<meta property=\"og:type\" content=\"article\" \/>\n<meta property=\"og:title\" content=\"Professor Djamila Ribeiro on Brazilian Public TV: \u201cPlace of speech is not a restriction, it\u2019s an invitation to plural dialogue\u201d - Djamila Ribeiro\" \/>\n<meta property=\"og:description\" content=\"The concept deepens the reflection on different social positions in discourse and emphasizes the importance of collective dialogue.\" \/>\n<meta property=\"og:url\" content=\"https:\/\/www.djamilaribeiro.com.br\/en\/professor-djamila-ribeiro-on-brazilian-public-tv-place-of-speech-is-not-a-restriction-its-an-invitation-to-plural-dialogue\/\" \/>\n<meta property=\"og:site_name\" content=\"Djamila Ribeiro\" \/>\n<meta property=\"article:published_time\" content=\"2025-05-20T13:29:15+00:00\" \/>\n<meta property=\"og:image\" content=\"https:\/\/www.djamilaribeiro.com.br\/wp-content\/uploads\/2025\/05\/Djamila-e-Cissa.jpg\" \/>\n\t<meta property=\"og:image:width\" content=\"1154\" \/>\n\t<meta property=\"og:image:height\" content=\"1440\" \/>\n\t<meta property=\"og:image:type\" content=\"image\/jpeg\" \/>\n<meta name=\"author\" content=\"Reda\u00e7\u00e3o\" \/>\n<meta name=\"twitter:card\" content=\"summary_large_image\" \/>\n<meta name=\"twitter:label1\" content=\"Written by\" \/>\n\t<meta name=\"twitter:data1\" content=\"Reda\u00e7\u00e3o\" \/>\n\t<meta name=\"twitter:label2\" content=\"Est. reading time\" \/>\n\t<meta name=\"twitter:data2\" content=\"3 minutes\" \/>\n<script type=\"application\/ld+json\" class=\"yoast-schema-graph\">{\"@context\":\"https:\/\/schema.org\",\"@graph\":[{\"@type\":\"WebPage\",\"@id\":\"https:\/\/www.djamilaribeiro.com.br\/en\/professor-djamila-ribeiro-on-brazilian-public-tv-place-of-speech-is-not-a-restriction-its-an-invitation-to-plural-dialogue\/\",\"url\":\"https:\/\/www.djamilaribeiro.com.br\/en\/professor-djamila-ribeiro-on-brazilian-public-tv-place-of-speech-is-not-a-restriction-its-an-invitation-to-plural-dialogue\/\",\"name\":\"Professor Djamila Ribeiro on Brazilian Public TV: \u201cPlace of speech is not a restriction, it\u2019s an invitation to plural dialogue\u201d - Djamila Ribeiro\",\"isPartOf\":{\"@id\":\"https:\/\/www.djamilaribeiro.com.br\/#website\"},\"datePublished\":\"2025-05-20T13:29:15+00:00\",\"dateModified\":\"2025-05-20T13:29:15+00:00\",\"author\":{\"@id\":\"https:\/\/www.djamilaribeiro.com.br\/#\/schema\/person\/a928f404cf733e4c62686bedd437b9ee\"},\"description\":\"The concept deepens the reflection on different social positions in discourse and emphasizes the importance of collective dialogue.\",\"breadcrumb\":{\"@id\":\"https:\/\/www.djamilaribeiro.com.br\/en\/professor-djamila-ribeiro-on-brazilian-public-tv-place-of-speech-is-not-a-restriction-its-an-invitation-to-plural-dialogue\/#breadcrumb\"},\"inLanguage\":\"en-US\",\"potentialAction\":[{\"@type\":\"ReadAction\",\"target\":[\"https:\/\/www.djamilaribeiro.com.br\/en\/professor-djamila-ribeiro-on-brazilian-public-tv-place-of-speech-is-not-a-restriction-its-an-invitation-to-plural-dialogue\/\"]}]},{\"@type\":\"BreadcrumbList\",\"@id\":\"https:\/\/www.djamilaribeiro.com.br\/en\/professor-djamila-ribeiro-on-brazilian-public-tv-place-of-speech-is-not-a-restriction-its-an-invitation-to-plural-dialogue\/#breadcrumb\",\"itemListElement\":[{\"@type\":\"ListItem\",\"position\":1,\"name\":\"In\u00edcio\",\"item\":\"https:\/\/www.djamilaribeiro.com.br\/en\/\"},{\"@type\":\"ListItem\",\"position\":2,\"name\":\"Professor Djamila Ribeiro on Brazilian Public TV: \u201cPlace of speech is not a restriction, it\u2019s an invitation to plural dialogue\u201d\"}]},{\"@type\":\"WebSite\",\"@id\":\"https:\/\/www.djamilaribeiro.com.br\/#website\",\"url\":\"https:\/\/www.djamilaribeiro.com.br\/\",\"name\":\"Djamila Ribeiro\",\"description\":\"\",\"potentialAction\":[{\"@type\":\"SearchAction\",\"target\":{\"@type\":\"EntryPoint\",\"urlTemplate\":\"https:\/\/www.djamilaribeiro.com.br\/?s={search_term_string}\"},\"query-input\":\"required name=search_term_string\"}],\"inLanguage\":\"en-US\"},{\"@type\":\"Person\",\"@id\":\"https:\/\/www.djamilaribeiro.com.br\/#\/schema\/person\/a928f404cf733e4c62686bedd437b9ee\",\"name\":\"Reda\u00e7\u00e3o\",\"image\":{\"@type\":\"ImageObject\",\"inLanguage\":\"en-US\",\"@id\":\"https:\/\/www.djamilaribeiro.com.br\/#\/schema\/person\/image\/\",\"url\":\"https:\/\/secure.gravatar.com\/avatar\/e22ea52208b383d899430021cb4ecf26?s=96&d=mm&r=g\",\"contentUrl\":\"https:\/\/secure.gravatar.com\/avatar\/e22ea52208b383d899430021cb4ecf26?s=96&d=mm&r=g\",\"caption\":\"Reda\u00e7\u00e3o\"},\"sameAs\":[\"https:\/\/localhost\"],\"url\":\"https:\/\/www.djamilaribeiro.com.br\/en\/author\/djamila\/\"}]}<\/script>\n<!-- \/ Yoast SEO plugin. -->","yoast_head_json":{"title":"Professor Djamila Ribeiro on Brazilian Public TV: \u201cPlace of speech is not a restriction, it\u2019s an invitation to plural dialogue\u201d - Djamila Ribeiro","description":"The concept deepens the reflection on different social positions in discourse and emphasizes the importance of collective dialogue.","robots":{"index":"index","follow":"follow","max-snippet":"max-snippet:-1","max-image-preview":"max-image-preview:large","max-video-preview":"max-video-preview:-1"},"canonical":"https:\/\/www.djamilaribeiro.com.br\/en\/professor-djamila-ribeiro-on-brazilian-public-tv-place-of-speech-is-not-a-restriction-its-an-invitation-to-plural-dialogue\/","og_locale":"en_US","og_type":"article","og_title":"Professor Djamila Ribeiro on Brazilian Public TV: \u201cPlace of speech is not a restriction, it\u2019s an invitation to plural dialogue\u201d - Djamila Ribeiro","og_description":"The concept deepens the reflection on different social positions in discourse and emphasizes the importance of collective dialogue.","og_url":"https:\/\/www.djamilaribeiro.com.br\/en\/professor-djamila-ribeiro-on-brazilian-public-tv-place-of-speech-is-not-a-restriction-its-an-invitation-to-plural-dialogue\/","og_site_name":"Djamila Ribeiro","article_published_time":"2025-05-20T13:29:15+00:00","og_image":[{"width":1154,"height":1440,"url":"https:\/\/www.djamilaribeiro.com.br\/wp-content\/uploads\/2025\/05\/Djamila-e-Cissa.jpg","type":"image\/jpeg"}],"author":"Reda\u00e7\u00e3o","twitter_card":"summary_large_image","twitter_misc":{"Written by":"Reda\u00e7\u00e3o","Est. reading time":"3 minutes"},"schema":{"@context":"https:\/\/schema.org","@graph":[{"@type":"WebPage","@id":"https:\/\/www.djamilaribeiro.com.br\/en\/professor-djamila-ribeiro-on-brazilian-public-tv-place-of-speech-is-not-a-restriction-its-an-invitation-to-plural-dialogue\/","url":"https:\/\/www.djamilaribeiro.com.br\/en\/professor-djamila-ribeiro-on-brazilian-public-tv-place-of-speech-is-not-a-restriction-its-an-invitation-to-plural-dialogue\/","name":"Professor Djamila Ribeiro on Brazilian Public TV: \u201cPlace of speech is not a restriction, it\u2019s an invitation to plural dialogue\u201d - Djamila Ribeiro","isPartOf":{"@id":"https:\/\/www.djamilaribeiro.com.br\/#website"},"datePublished":"2025-05-20T13:29:15+00:00","dateModified":"2025-05-20T13:29:15+00:00","author":{"@id":"https:\/\/www.djamilaribeiro.com.br\/#\/schema\/person\/a928f404cf733e4c62686bedd437b9ee"},"description":"The concept deepens the reflection on different social positions in discourse and emphasizes the importance of collective dialogue.","breadcrumb":{"@id":"https:\/\/www.djamilaribeiro.com.br\/en\/professor-djamila-ribeiro-on-brazilian-public-tv-place-of-speech-is-not-a-restriction-its-an-invitation-to-plural-dialogue\/#breadcrumb"},"inLanguage":"en-US","potentialAction":[{"@type":"ReadAction","target":["https:\/\/www.djamilaribeiro.com.br\/en\/professor-djamila-ribeiro-on-brazilian-public-tv-place-of-speech-is-not-a-restriction-its-an-invitation-to-plural-dialogue\/"]}]},{"@type":"BreadcrumbList","@id":"https:\/\/www.djamilaribeiro.com.br\/en\/professor-djamila-ribeiro-on-brazilian-public-tv-place-of-speech-is-not-a-restriction-its-an-invitation-to-plural-dialogue\/#breadcrumb","itemListElement":[{"@type":"ListItem","position":1,"name":"In\u00edcio","item":"https:\/\/www.djamilaribeiro.com.br\/en\/"},{"@type":"ListItem","position":2,"name":"Professor Djamila Ribeiro on Brazilian Public TV: \u201cPlace of speech is not a restriction, it\u2019s an invitation to plural dialogue\u201d"}]},{"@type":"WebSite","@id":"https:\/\/www.djamilaribeiro.com.br\/#website","url":"https:\/\/www.djamilaribeiro.com.br\/","name":"Djamila Ribeiro","description":"","potentialAction":[{"@type":"SearchAction","target":{"@type":"EntryPoint","urlTemplate":"https:\/\/www.djamilaribeiro.com.br\/?s={search_term_string}"},"query-input":"required name=search_term_string"}],"inLanguage":"en-US"},{"@type":"Person","@id":"https:\/\/www.djamilaribeiro.com.br\/#\/schema\/person\/a928f404cf733e4c62686bedd437b9ee","name":"Reda\u00e7\u00e3o","image":{"@type":"ImageObject","inLanguage":"en-US","@id":"https:\/\/www.djamilaribeiro.com.br\/#\/schema\/person\/image\/","url":"https:\/\/secure.gravatar.com\/avatar\/e22ea52208b383d899430021cb4ecf26?s=96&d=mm&r=g","contentUrl":"https:\/\/secure.gravatar.com\/avatar\/e22ea52208b383d899430021cb4ecf26?s=96&d=mm&r=g","caption":"Reda\u00e7\u00e3o"},"sameAs":["https:\/\/localhost"],"url":"https:\/\/www.djamilaribeiro.com.br\/en\/author\/djamila\/"}]}},"amp_enabled":true,"_links":{"self":[{"href":"https:\/\/www.djamilaribeiro.com.br\/en\/wp-json\/wp\/v2\/posts\/3539"}],"collection":[{"href":"https:\/\/www.djamilaribeiro.com.br\/en\/wp-json\/wp\/v2\/posts"}],"about":[{"href":"https:\/\/www.djamilaribeiro.com.br\/en\/wp-json\/wp\/v2\/types\/post"}],"author":[{"embeddable":true,"href":"https:\/\/www.djamilaribeiro.com.br\/en\/wp-json\/wp\/v2\/users\/1"}],"replies":[{"embeddable":true,"href":"https:\/\/www.djamilaribeiro.com.br\/en\/wp-json\/wp\/v2\/comments?post=3539"}],"version-history":[{"count":1,"href":"https:\/\/www.djamilaribeiro.com.br\/en\/wp-json\/wp\/v2\/posts\/3539\/revisions"}],"predecessor-version":[{"id":3540,"href":"https:\/\/www.djamilaribeiro.com.br\/en\/wp-json\/wp\/v2\/posts\/3539\/revisions\/3540"}],"wp:featuredmedia":[{"embeddable":true,"href":"https:\/\/www.djamilaribeiro.com.br\/en\/wp-json\/wp\/v2\/media\/3529"}],"wp:attachment":[{"href":"https:\/\/www.djamilaribeiro.com.br\/en\/wp-json\/wp\/v2\/media?parent=3539"}],"wp:term":[{"taxonomy":"category","embeddable":true,"href":"https:\/\/www.djamilaribeiro.com.br\/en\/wp-json\/wp\/v2\/categories?post=3539"},{"taxonomy":"post_tag","embeddable":true,"href":"https:\/\/www.djamilaribeiro.com.br\/en\/wp-json\/wp\/v2\/tags?post=3539"}],"curies":[{"name":"wp","href":"https:\/\/api.w.org\/{rel}","templated":true}]}}