{"id":3559,"date":"2025-05-26T10:08:58","date_gmt":"2025-05-26T13:08:58","guid":{"rendered":"https:\/\/www.djamilaribeiro.com.br\/?p=3559"},"modified":"2025-05-26T10:08:58","modified_gmt":"2025-05-26T13:08:58","slug":"a-tribute-to-ignacio-de-loyola-brandao","status":"publish","type":"post","link":"https:\/\/www.djamilaribeiro.com.br\/en\/a-tribute-to-ignacio-de-loyola-brandao\/","title":{"rendered":"A Tribute to Ign\u00e1cio de Loyola Brand\u00e3o"},"content":{"rendered":"<p data-start=\"109\" data-end=\"172\"><em data-start=\"109\" data-end=\"172\">The writer masterfully teaches us the art of sharing memories<\/em><\/p>\n<p data-start=\"174\" data-end=\"421\">I was in Araraquara last Tuesday, the 20th, to attend the launch event of Flisol 2025, the Literary Festival of the Morada do Sol. The event kicks off a series of tributes to celebrate the 60-year career of Ign\u00e1cio de Loyola Brand\u00e3o, our rare gem.<\/p>\n<p data-start=\"423\" data-end=\"716\">At 88 years old, Ign\u00e1cio is on a journey of well-deserved honors, which, I confess, makes me deeply proud to call him a friend. Whenever we meet \u2014 and fortunately, I\u2019ve been able to do so a few times each year \u2014 we laugh a lot at his witty remarks, unusual comparisons, and elephantine memory.<\/p>\n<p data-start=\"718\" data-end=\"1279\">The first time I saw him was at my induction into the Paulista Academy of Letters, in September 2022, where he holds the 37th chair. That night was very special to me, surrounded by dear people \u2014 but above all, because I found myself often imagining the joy and pride my father and mother, who passed away in the early 2000s, would have felt. There I was, wrapped in the sash of chair 28, diploma in hand. Me, the one who &#8220;started late&#8221; and yet became the youngest immortal in the house, occupying the chair once held by the unforgettable Lygia Fagundes Telles.<\/p>\n<p data-start=\"1281\" data-end=\"1649\">It may seem unusual to bring up such personal memories at a moment like this \u2014 but that is precisely what Ign\u00e1cio so masterfully teaches us to do: to share memories. He, who once watched the elite club from the outside and took so long to be recognized, is now one of the immortals of Brazilian literature and has secured his rightful place in the history of the city.<\/p>\n<p data-start=\"1651\" data-end=\"1958\">The energy that night was like something out of a movie. M\u00e1rcia, his life partner, was in the audience, alongside granddaughter Ant\u00f4nia and the whole family. Local authorities, intellectuals, writers, students, artists, and workers from various sectors were also present. The Sesc theater quickly filled up.<\/p>\n<p data-start=\"1960\" data-end=\"2249\">It was truly an honor to be called by him to walk arm in arm as we entered the stage on such a special date. I had the opportunity to share a few brief but sincere words in homage to his brilliance, the vastness of his work, and the generosity with which he interacts with younger writers.<\/p>\n<p data-start=\"2251\" data-end=\"2677\">We sat on stage to watch a <em data-start=\"2278\" data-end=\"2293\">viola caipira*<\/em> performance by members of the Bela Vista settlement \u2014 historic in the region \u2014 followed by the public conferral of the honorary doctorate from Unesp, the institution\u2019s highest accolade. The honor had been granted in 2020, during the height of the pandemic, without an in-person ceremony. This week, that was finally made right. My friend is not only illustrious \u2014 he is now a Doctor.<\/p>\n<p data-start=\"2679\" data-end=\"2977\">I felt grateful to be there witnessing it. Ign\u00e1cio shared unusual stories \u2014 some hilarious, like the time he scribbled mathematical nonsense on the board during an oral exam. He was saved by a professor who, being a reader of his texts, saw in that embarrassment the brilliance of a dreamer&#8217;s soul.<\/p>\n<p data-start=\"2979\" data-end=\"3282\">Alongside his daughter, singer Rita Gullo, he delivered a truly unique performance. I say performance because of the creative nature of the literary event: Ign\u00e1cio told stories, and Rita wove them together with brilliantly interpreted songs. It was a sensorial, deep, curious, fun, and delicate journey.<\/p>\n<p data-start=\"3284\" data-end=\"3462\">It is so beautiful to see an elder celebrated this way. For me, as a woman of Candombl\u00e9, exalting seniority is a blessing. And I feel genuinely happy to see my friend so honored.<\/p>\n<p data-start=\"3464\" data-end=\"3817\">Here, I must salute Bernardete Passos, director of Flisol. One special thing about Flisol is that the honored author of the year is chosen by Ign\u00e1cio, who is the festival\u2019s permanent patron. He chose me in 2024 \u2014 and so I gave a second speech as the sash was passed \u2014 and this year\u2019s honoree will be writer Itamar Vieira J\u00fanior, author of <em data-start=\"3803\" data-end=\"3816\">Torto Arado<\/em>.<\/p>\n<p data-start=\"3819\" data-end=\"4017\">In this way, Ign\u00e1cio, who shone as a journalist, columnist, editor, and author of over 45 books, shows himself \u2014 thanks to Flisol and Bernardete \u2014 to be a first-rate literary curator, modesty aside.<\/p>\n<p data-start=\"4019\" data-end=\"4418\">Bernardete has conceived a very special festival, one that transcends political administrations and is instrumental in establishing this cultural policy in Araraquara \u2014 an inspiration for many others across the country. Throughout the year, public school students read the works of the honored author. The festival also organizes an exhibition about the person, and the entire city becomes involved.<\/p>\n<p data-start=\"4420\" data-end=\"4588\">Once again, I congratulate Flisol on a beautiful evening. The literary festival is always held in the first week of November and this year promises a memorable program.<\/p>\n<p data-start=\"4590\" data-end=\"4738\" data-is-last-node=\"\" data-is-only-node=\"\">And to my dear Ign\u00e1cio, I wish that your friend Exu \u2014 the orix\u00e1 I so often see in you \u2014 continues to open your paths at the crossroads of the world.<\/p>\n<p data-start=\"4590\" data-end=\"4738\" data-is-last-node=\"\" data-is-only-node=\"\"><em>Originally published in the <strong><a href=\"https:\/\/www1.folha.uol.com.br\/colunas\/djamila-ribeiro\/2025\/05\/uma-homenagem-a-ignacio-de-loyola-brandao.shtml\">Folha de S.Paulo<\/a><\/strong> column.<\/em><\/p>\n<p data-start=\"4590\" data-end=\"4738\" data-is-last-node=\"\" data-is-only-node=\"\"><strong>* The <em data-start=\"493\" data-end=\"508\">viola caipira<\/em> is a traditional Brazilian ten-string guitar, typically played in rural folk music. It has a bright, resonant sound and is central to musical styles like <em data-start=\"663\" data-end=\"678\">moda de viola<\/em> and <em data-start=\"683\" data-end=\"691\">toadas<\/em>, which are associated with the countryside and oral storytelling.)<\/strong><\/p>\n","protected":false},"excerpt":{"rendered":"<p>The writer masterfully teaches us the art of sharing memories I was in Araraquara last Tuesday, the 20th, to attend the launch event of Flisol 2025, the Literary Festival of the Morada do Sol. The event kicks off a series of tributes to celebrate the 60-year career of Ign\u00e1cio de Loyola Brand\u00e3o, our rare gem. [&hellip;]<\/p>\n","protected":false},"author":1,"featured_media":3549,"comment_status":"open","ping_status":"open","sticky":false,"template":"","format":"standard","meta":{"inline_featured_image":false},"categories":[2],"tags":[784,441,750,418,783,351,782],"acf":[],"yoast_head":"<!-- This site is optimized with the Yoast SEO plugin v20.5 - https:\/\/yoast.com\/wordpress\/plugins\/seo\/ -->\n<title>A Tribute to Ign\u00e1cio de Loyola Brand\u00e3o - Djamila Ribeiro<\/title>\n<meta name=\"description\" content=\"Djamila Ribeiro honors Ign\u00e1cio de Loyola Brand\u00e3o at Flisol 2025, celebrating his 60-year literary legacy with music and storytelling.\" \/>\n<meta name=\"robots\" content=\"index, follow, max-snippet:-1, max-image-preview:large, max-video-preview:-1\" \/>\n<link rel=\"canonical\" href=\"https:\/\/www.djamilaribeiro.com.br\/en\/a-tribute-to-ignacio-de-loyola-brandao\/\" \/>\n<meta property=\"og:locale\" content=\"en_US\" \/>\n<meta property=\"og:type\" content=\"article\" \/>\n<meta property=\"og:title\" content=\"A Tribute to Ign\u00e1cio de Loyola Brand\u00e3o - Djamila Ribeiro\" \/>\n<meta property=\"og:description\" content=\"Djamila Ribeiro honors Ign\u00e1cio de Loyola Brand\u00e3o at Flisol 2025, celebrating his 60-year literary legacy with music and storytelling.\" \/>\n<meta property=\"og:url\" content=\"https:\/\/www.djamilaribeiro.com.br\/en\/a-tribute-to-ignacio-de-loyola-brandao\/\" \/>\n<meta property=\"og:site_name\" content=\"Djamila Ribeiro\" \/>\n<meta property=\"article:published_time\" content=\"2025-05-26T13:08:58+00:00\" \/>\n<meta property=\"og:image\" content=\"https:\/\/www.djamilaribeiro.com.br\/wp-content\/uploads\/2025\/05\/djamila-flisol.jpeg\" \/>\n\t<meta property=\"og:image:width\" content=\"1200\" \/>\n\t<meta property=\"og:image:height\" content=\"1104\" \/>\n\t<meta property=\"og:image:type\" content=\"image\/jpeg\" \/>\n<meta name=\"author\" content=\"Reda\u00e7\u00e3o\" \/>\n<meta name=\"twitter:card\" content=\"summary_large_image\" \/>\n<meta name=\"twitter:label1\" content=\"Written by\" \/>\n\t<meta name=\"twitter:data1\" content=\"Reda\u00e7\u00e3o\" \/>\n\t<meta name=\"twitter:label2\" content=\"Est. reading time\" \/>\n\t<meta name=\"twitter:data2\" content=\"4 minutes\" \/>\n<script type=\"application\/ld+json\" class=\"yoast-schema-graph\">{\"@context\":\"https:\/\/schema.org\",\"@graph\":[{\"@type\":\"WebPage\",\"@id\":\"https:\/\/www.djamilaribeiro.com.br\/en\/a-tribute-to-ignacio-de-loyola-brandao\/\",\"url\":\"https:\/\/www.djamilaribeiro.com.br\/en\/a-tribute-to-ignacio-de-loyola-brandao\/\",\"name\":\"A Tribute to Ign\u00e1cio de Loyola Brand\u00e3o - Djamila Ribeiro\",\"isPartOf\":{\"@id\":\"https:\/\/www.djamilaribeiro.com.br\/#website\"},\"datePublished\":\"2025-05-26T13:08:58+00:00\",\"dateModified\":\"2025-05-26T13:08:58+00:00\",\"author\":{\"@id\":\"https:\/\/www.djamilaribeiro.com.br\/#\/schema\/person\/a928f404cf733e4c62686bedd437b9ee\"},\"description\":\"Djamila Ribeiro honors Ign\u00e1cio de Loyola Brand\u00e3o at Flisol 2025, celebrating his 60-year literary legacy with music and storytelling.\",\"breadcrumb\":{\"@id\":\"https:\/\/www.djamilaribeiro.com.br\/en\/a-tribute-to-ignacio-de-loyola-brandao\/#breadcrumb\"},\"inLanguage\":\"en-US\",\"potentialAction\":[{\"@type\":\"ReadAction\",\"target\":[\"https:\/\/www.djamilaribeiro.com.br\/en\/a-tribute-to-ignacio-de-loyola-brandao\/\"]}]},{\"@type\":\"BreadcrumbList\",\"@id\":\"https:\/\/www.djamilaribeiro.com.br\/en\/a-tribute-to-ignacio-de-loyola-brandao\/#breadcrumb\",\"itemListElement\":[{\"@type\":\"ListItem\",\"position\":1,\"name\":\"In\u00edcio\",\"item\":\"https:\/\/www.djamilaribeiro.com.br\/en\/\"},{\"@type\":\"ListItem\",\"position\":2,\"name\":\"A Tribute to Ign\u00e1cio de Loyola Brand\u00e3o\"}]},{\"@type\":\"WebSite\",\"@id\":\"https:\/\/www.djamilaribeiro.com.br\/#website\",\"url\":\"https:\/\/www.djamilaribeiro.com.br\/\",\"name\":\"Djamila Ribeiro\",\"description\":\"\",\"potentialAction\":[{\"@type\":\"SearchAction\",\"target\":{\"@type\":\"EntryPoint\",\"urlTemplate\":\"https:\/\/www.djamilaribeiro.com.br\/?s={search_term_string}\"},\"query-input\":\"required name=search_term_string\"}],\"inLanguage\":\"en-US\"},{\"@type\":\"Person\",\"@id\":\"https:\/\/www.djamilaribeiro.com.br\/#\/schema\/person\/a928f404cf733e4c62686bedd437b9ee\",\"name\":\"Reda\u00e7\u00e3o\",\"image\":{\"@type\":\"ImageObject\",\"inLanguage\":\"en-US\",\"@id\":\"https:\/\/www.djamilaribeiro.com.br\/#\/schema\/person\/image\/\",\"url\":\"https:\/\/secure.gravatar.com\/avatar\/e22ea52208b383d899430021cb4ecf26?s=96&d=mm&r=g\",\"contentUrl\":\"https:\/\/secure.gravatar.com\/avatar\/e22ea52208b383d899430021cb4ecf26?s=96&d=mm&r=g\",\"caption\":\"Reda\u00e7\u00e3o\"},\"sameAs\":[\"https:\/\/localhost\"],\"url\":\"https:\/\/www.djamilaribeiro.com.br\/en\/author\/djamila\/\"}]}<\/script>\n<!-- \/ Yoast SEO plugin. -->","yoast_head_json":{"title":"A Tribute to Ign\u00e1cio de Loyola Brand\u00e3o - Djamila Ribeiro","description":"Djamila Ribeiro honors Ign\u00e1cio de Loyola Brand\u00e3o at Flisol 2025, celebrating his 60-year literary legacy with music and storytelling.","robots":{"index":"index","follow":"follow","max-snippet":"max-snippet:-1","max-image-preview":"max-image-preview:large","max-video-preview":"max-video-preview:-1"},"canonical":"https:\/\/www.djamilaribeiro.com.br\/en\/a-tribute-to-ignacio-de-loyola-brandao\/","og_locale":"en_US","og_type":"article","og_title":"A Tribute to Ign\u00e1cio de Loyola Brand\u00e3o - Djamila Ribeiro","og_description":"Djamila Ribeiro honors Ign\u00e1cio de Loyola Brand\u00e3o at Flisol 2025, celebrating his 60-year literary legacy with music and storytelling.","og_url":"https:\/\/www.djamilaribeiro.com.br\/en\/a-tribute-to-ignacio-de-loyola-brandao\/","og_site_name":"Djamila Ribeiro","article_published_time":"2025-05-26T13:08:58+00:00","og_image":[{"width":1200,"height":1104,"url":"https:\/\/www.djamilaribeiro.com.br\/wp-content\/uploads\/2025\/05\/djamila-flisol.jpeg","type":"image\/jpeg"}],"author":"Reda\u00e7\u00e3o","twitter_card":"summary_large_image","twitter_misc":{"Written by":"Reda\u00e7\u00e3o","Est. reading time":"4 minutes"},"schema":{"@context":"https:\/\/schema.org","@graph":[{"@type":"WebPage","@id":"https:\/\/www.djamilaribeiro.com.br\/en\/a-tribute-to-ignacio-de-loyola-brandao\/","url":"https:\/\/www.djamilaribeiro.com.br\/en\/a-tribute-to-ignacio-de-loyola-brandao\/","name":"A Tribute to Ign\u00e1cio de Loyola Brand\u00e3o - Djamila Ribeiro","isPartOf":{"@id":"https:\/\/www.djamilaribeiro.com.br\/#website"},"datePublished":"2025-05-26T13:08:58+00:00","dateModified":"2025-05-26T13:08:58+00:00","author":{"@id":"https:\/\/www.djamilaribeiro.com.br\/#\/schema\/person\/a928f404cf733e4c62686bedd437b9ee"},"description":"Djamila Ribeiro honors Ign\u00e1cio de Loyola Brand\u00e3o at Flisol 2025, celebrating his 60-year literary legacy with music and storytelling.","breadcrumb":{"@id":"https:\/\/www.djamilaribeiro.com.br\/en\/a-tribute-to-ignacio-de-loyola-brandao\/#breadcrumb"},"inLanguage":"en-US","potentialAction":[{"@type":"ReadAction","target":["https:\/\/www.djamilaribeiro.com.br\/en\/a-tribute-to-ignacio-de-loyola-brandao\/"]}]},{"@type":"BreadcrumbList","@id":"https:\/\/www.djamilaribeiro.com.br\/en\/a-tribute-to-ignacio-de-loyola-brandao\/#breadcrumb","itemListElement":[{"@type":"ListItem","position":1,"name":"In\u00edcio","item":"https:\/\/www.djamilaribeiro.com.br\/en\/"},{"@type":"ListItem","position":2,"name":"A Tribute to Ign\u00e1cio de Loyola Brand\u00e3o"}]},{"@type":"WebSite","@id":"https:\/\/www.djamilaribeiro.com.br\/#website","url":"https:\/\/www.djamilaribeiro.com.br\/","name":"Djamila Ribeiro","description":"","potentialAction":[{"@type":"SearchAction","target":{"@type":"EntryPoint","urlTemplate":"https:\/\/www.djamilaribeiro.com.br\/?s={search_term_string}"},"query-input":"required name=search_term_string"}],"inLanguage":"en-US"},{"@type":"Person","@id":"https:\/\/www.djamilaribeiro.com.br\/#\/schema\/person\/a928f404cf733e4c62686bedd437b9ee","name":"Reda\u00e7\u00e3o","image":{"@type":"ImageObject","inLanguage":"en-US","@id":"https:\/\/www.djamilaribeiro.com.br\/#\/schema\/person\/image\/","url":"https:\/\/secure.gravatar.com\/avatar\/e22ea52208b383d899430021cb4ecf26?s=96&d=mm&r=g","contentUrl":"https:\/\/secure.gravatar.com\/avatar\/e22ea52208b383d899430021cb4ecf26?s=96&d=mm&r=g","caption":"Reda\u00e7\u00e3o"},"sameAs":["https:\/\/localhost"],"url":"https:\/\/www.djamilaribeiro.com.br\/en\/author\/djamila\/"}]}},"amp_enabled":true,"_links":{"self":[{"href":"https:\/\/www.djamilaribeiro.com.br\/en\/wp-json\/wp\/v2\/posts\/3559"}],"collection":[{"href":"https:\/\/www.djamilaribeiro.com.br\/en\/wp-json\/wp\/v2\/posts"}],"about":[{"href":"https:\/\/www.djamilaribeiro.com.br\/en\/wp-json\/wp\/v2\/types\/post"}],"author":[{"embeddable":true,"href":"https:\/\/www.djamilaribeiro.com.br\/en\/wp-json\/wp\/v2\/users\/1"}],"replies":[{"embeddable":true,"href":"https:\/\/www.djamilaribeiro.com.br\/en\/wp-json\/wp\/v2\/comments?post=3559"}],"version-history":[{"count":1,"href":"https:\/\/www.djamilaribeiro.com.br\/en\/wp-json\/wp\/v2\/posts\/3559\/revisions"}],"predecessor-version":[{"id":3560,"href":"https:\/\/www.djamilaribeiro.com.br\/en\/wp-json\/wp\/v2\/posts\/3559\/revisions\/3560"}],"wp:featuredmedia":[{"embeddable":true,"href":"https:\/\/www.djamilaribeiro.com.br\/en\/wp-json\/wp\/v2\/media\/3549"}],"wp:attachment":[{"href":"https:\/\/www.djamilaribeiro.com.br\/en\/wp-json\/wp\/v2\/media?parent=3559"}],"wp:term":[{"taxonomy":"category","embeddable":true,"href":"https:\/\/www.djamilaribeiro.com.br\/en\/wp-json\/wp\/v2\/categories?post=3559"},{"taxonomy":"post_tag","embeddable":true,"href":"https:\/\/www.djamilaribeiro.com.br\/en\/wp-json\/wp\/v2\/tags?post=3559"}],"curies":[{"name":"wp","href":"https:\/\/api.w.org\/{rel}","templated":true}]}}