{"id":4120,"date":"2025-08-10T10:58:51","date_gmt":"2025-08-10T13:58:51","guid":{"rendered":"https:\/\/www.djamilaribeiro.com.br\/?p=4120"},"modified":"2025-08-10T11:09:43","modified_gmt":"2025-08-10T14:09:43","slug":"in-her-birthday-month-professor-djamila-ribeiro-is-one-of-the-honorees-at-the-24th-ribeirao-preto-international-book-fair","status":"publish","type":"post","link":"https:\/\/www.djamilaribeiro.com.br\/en\/in-her-birthday-month-professor-djamila-ribeiro-is-one-of-the-honorees-at-the-24th-ribeirao-preto-international-book-fair\/","title":{"rendered":"In Her Birthday Month, Professor Djamila Ribeiro Is One of the Honorees at the 24th Ribeir\u00e3o Preto International Book Fair"},"content":{"rendered":"<p data-start=\"284\" data-end=\"696\">From August 15 to 24, Ribeir\u00e3o Preto, in the state of S\u00e3o Paulo, will once again be a meeting point for readers, authors, and artists at the 24th edition of the Ribeir\u00e3o Preto International Book Fair (Feira Internacional do Livro de Ribeir\u00e3o Preto &#8211; FIL), which in 2024 welcomed 250,000 people to more than 400 activities. This year, one of the honorees is Professor Djamila Ribeiro, internationally recognized as one of the most influential voices of Black feminism in the Global South.<\/p>\n<p data-start=\"698\" data-end=\"1353\">Under the theme <em data-start=\"714\" data-end=\"762\">Possible Futures: Between Lines and Paragraphs<\/em>, inspired by the ideas of Italian sociologist Domenico de Masi, the FIL invites the public to reflect on literature as fertile ground for imagining and collectively building new realities. The proposal stems from the conviction that the future is not built solely on technical or economic progress, but above all on the ability to imagine\u2014individually and collectively\u2014other ways of living. This is a perspective inherent in Djamila\u2019s intellectual work and her defense of writing as a tool for social transformation and for questioning the structures that sustain historical inequalities.<\/p>\n<p data-start=\"1355\" data-end=\"1975\">Her first appearance will be at the opening ceremony on August 15 at 8 p.m. at Theatro Pedro II, alongside the other honorees of this edition: Domenico de Masi (in memoriam), filmmaker Andr\u00e9 Luiz Oliveira, and writer Matheus Arcaro. On the following day, August 16 at 7 p.m., also at Theatro Pedro II, she will take part in <em data-start=\"1679\" data-end=\"1711\">A Meeting with Djamila Ribeiro<\/em>, a session in which the Brazilian philosopher will discuss central themes of her work, such as Black feminism, place of speech, and anti-racism. The schedule will conclude on Saturday, August 17 at 3 p.m., on the Theatro Pedro II Esplanade, with a book signing.<\/p>\n<p data-start=\"1977\" data-end=\"2030\"><strong data-start=\"1977\" data-end=\"2028\">Tributes from the FIL Have Already Begun Online<\/strong><\/p>\n<p data-start=\"2032\" data-end=\"2533\">On FIL\u2019s Instagram profile, tributes to Professor Djamila Ribeiro have already begun. In a video about her journey, led by journalism student Mirella Archangelo, businesswoman Ang\u00e9lica Pires highlights the impact of seeing \u201ca Black Brazilian woman talking about philosophy\u201d as an act of representation and rupture. Entrepreneur Y\u00fa Souza, creator of the Resenha Preta project, shares that reading <em data-start=\"2428\" data-end=\"2461\">Who\u2019s Afraid of Black Feminism?<\/em> was decisive for her self-recognition and her search for new authors.<\/p>\n<p data-start=\"2535\" data-end=\"2843\">With free admission, the FIL is organized by the Ribeir\u00e3o Preto Book and Reading Foundation, with support from Sesc S\u00e3o Paulo and Senac S\u00e3o Paulo. More than a literary celebration, the 24th Ribeir\u00e3o Preto International Book Fair is an invitation to imagine and to write towards the futures we wish to live.<\/p>\n<blockquote class=\"instagram-media\" style=\"background: #FFF; border: 0; border-radius: 3px; box-shadow: 0 0 1px 0 rgba(0,0,0,0.5),0 1px 10px 0 rgba(0,0,0,0.15); margin: 1px; max-width: 540px; min-width: 326px; padding: 0; width: calc(100% - 2px);\" data-instgrm-captioned=\"\" data-instgrm-permalink=\"https:\/\/www.instagram.com\/reel\/DNDs-VvsOBJ\/?utm_source=ig_embed&amp;utm_campaign=loading\" data-instgrm-version=\"14\">\n<div style=\"padding: 16px;\">\n<p>&nbsp;<\/p>\n<div style=\"display: flex; flex-direction: row; align-items: center;\">\n<div style=\"background-color: #f4f4f4; border-radius: 50%; flex-grow: 0; height: 40px; margin-right: 14px; width: 40px;\"><\/div>\n<div style=\"display: flex; flex-direction: column; flex-grow: 1; justify-content: center;\">\n<div style=\"background-color: #f4f4f4; border-radius: 4px; flex-grow: 0; height: 14px; margin-bottom: 6px; width: 100px;\"><\/div>\n<div style=\"background-color: #f4f4f4; border-radius: 4px; flex-grow: 0; height: 14px; width: 60px;\"><\/div>\n<\/div>\n<\/div>\n<div style=\"padding: 19% 0;\"><\/div>\n<div style=\"display: block; height: 50px; margin: 0 auto 12px; width: 50px;\"><\/div>\n<div style=\"padding-top: 8px;\">\n<div style=\"color: #3897f0; font-family: Arial,sans-serif; font-size: 14px; font-style: normal; font-weight: 550; line-height: 18px;\">Ver essa foto no Instagram<\/div>\n<\/div>\n<div style=\"padding: 12.5% 0;\"><\/div>\n<div style=\"display: flex; flex-direction: row; margin-bottom: 14px; align-items: center;\">\n<div>\n<div style=\"background-color: #f4f4f4; border-radius: 50%; height: 12.5px; width: 12.5px; transform: translateX(0px) translateY(7px);\"><\/div>\n<div style=\"background-color: #f4f4f4; height: 12.5px; transform: rotate(-45deg) translateX(3px) translateY(1px); width: 12.5px; flex-grow: 0; margin-right: 14px; margin-left: 2px;\"><\/div>\n<div style=\"background-color: #f4f4f4; border-radius: 50%; height: 12.5px; width: 12.5px; transform: translateX(9px) translateY(-18px);\"><\/div>\n<\/div>\n<div style=\"margin-left: 8px;\">\n<div style=\"background-color: #f4f4f4; border-radius: 50%; flex-grow: 0; height: 20px; width: 20px;\"><\/div>\n<div style=\"width: 0; height: 0; border-top: 2px solid transparent; border-left: 6px solid #f4f4f4; border-bottom: 2px solid transparent; transform: translateX(16px) translateY(-4px) rotate(30deg);\"><\/div>\n<\/div>\n<div style=\"margin-left: auto;\">\n<div style=\"width: 0px; border-top: 8px solid #F4F4F4; border-right: 8px solid transparent; transform: translateY(16px);\"><\/div>\n<div style=\"background-color: #f4f4f4; flex-grow: 0; height: 12px; width: 16px; transform: translateY(-4px);\"><\/div>\n<div style=\"width: 0; height: 0; border-top: 8px solid #F4F4F4; border-left: 8px solid transparent; transform: translateY(-4px) translateX(8px);\"><\/div>\n<\/div>\n<\/div>\n<div style=\"display: flex; flex-direction: column; flex-grow: 1; justify-content: center; margin-bottom: 24px;\">\n<div style=\"background-color: #f4f4f4; border-radius: 4px; flex-grow: 0; height: 14px; margin-bottom: 6px; width: 224px;\"><\/div>\n<div style=\"background-color: #f4f4f4; border-radius: 4px; flex-grow: 0; height: 14px; width: 144px;\"><\/div>\n<\/div>\n<p>&nbsp;<\/p>\n<p style=\"color: #c9c8cd; font-family: Arial,sans-serif; font-size: 14px; line-height: 17px; margin-bottom: 0; margin-top: 8px; overflow: hidden; padding: 8px 0 7px; text-align: center; text-overflow: ellipsis; white-space: nowrap;\"><a style=\"color: #c9c8cd; font-family: Arial,sans-serif; font-size: 14px; font-style: normal; font-weight: normal; line-height: 17px; text-decoration: none;\" href=\"https:\/\/www.instagram.com\/reel\/DNDs-VvsOBJ\/?utm_source=ig_embed&amp;utm_campaign=loading\" target=\"_blank\" rel=\"noopener\">Uma publica\u00e7\u00e3o compartilhada por Funda\u00e7\u00e3o do Livro e Leitura RP (@fundacaolivrorp)<\/a><\/p>\n<\/div>\n<\/blockquote>\n<p><script async src=\"\/\/www.instagram.com\/embed.js\"><\/script><\/p>\n<p data-start=\"2845\" data-end=\"2874\"><strong data-start=\"2845\" data-end=\"2872\">August, a Special Month<\/strong><\/p>\n<p data-start=\"2876\" data-end=\"3046\">On August 1\u2014the opening date of the month dedicated to Obaluai\u00ea, the orix\u00e1 of healing, the earth, and silence\u2014Professor Djamila Ribeiro celebrated another year of life.<\/p>\n<p data-start=\"3048\" data-end=\"3163\">On her Instagram profile, Djamila spoke of the date as a link between spiritual forces that transcend continents.<\/p>\n<p data-start=\"3165\" data-end=\"3468\">In addition to marking the month of Obaluai\u00ea, it is also the Day of Pachamama, the earth goddess revered by Andean communities. In 2023, the thinker took part in Pachamama celebrations in Argentina, as a gesture of connection with the plurality of traditions that honor the earth, care, and community.<\/p>\n<p data-start=\"3470\" data-end=\"3616\">\u201cIt\u2019s beautiful to know that our existence impacts so many others,\u201d she wrote, thanking her followers for the hundreds of messages she received.<\/p>\n","protected":false},"excerpt":{"rendered":"<p>From August 15 to 24, Ribeir\u00e3o Preto, in the state of S\u00e3o Paulo, will once again be a meeting point for readers, authors, and artists at the 24th edition of the Ribeir\u00e3o Preto International Book Fair (Feira Internacional do Livro de Ribeir\u00e3o Preto &#8211; FIL), which in 2024 welcomed 250,000 people to more than 400 [&hellip;]<\/p>\n","protected":false},"author":1,"featured_media":4116,"comment_status":"open","ping_status":"open","sticky":false,"template":"","format":"standard","meta":{"inline_featured_image":false},"categories":[2],"tags":[376,814,129,33,1234,1233,228,239,1232,77],"acf":[],"yoast_head":"<!-- This site is optimized with the Yoast SEO plugin v20.5 - https:\/\/yoast.com\/wordpress\/plugins\/seo\/ -->\n<title>In Her Birthday Month, Professor Djamila Ribeiro Is One of the Honorees at the 24th Ribeir\u00e3o Preto International Book Fair - Djamila Ribeiro<\/title>\n<meta name=\"description\" content=\"Event brings together writers and readers in Ribeir\u00e3o Preto to discuss the role of literature in building new ways of life.\" \/>\n<meta name=\"robots\" content=\"index, follow, max-snippet:-1, max-image-preview:large, max-video-preview:-1\" \/>\n<link rel=\"canonical\" href=\"https:\/\/www.djamilaribeiro.com.br\/en\/in-her-birthday-month-professor-djamila-ribeiro-is-one-of-the-honorees-at-the-24th-ribeirao-preto-international-book-fair\/\" \/>\n<meta property=\"og:locale\" content=\"en_US\" \/>\n<meta property=\"og:type\" content=\"article\" \/>\n<meta property=\"og:title\" content=\"In Her Birthday Month, Professor Djamila Ribeiro Is One of the Honorees at the 24th Ribeir\u00e3o Preto International Book Fair - Djamila Ribeiro\" \/>\n<meta property=\"og:description\" content=\"Event brings together writers and readers in Ribeir\u00e3o Preto to discuss the role of literature in building new ways of life.\" \/>\n<meta property=\"og:url\" content=\"https:\/\/www.djamilaribeiro.com.br\/en\/in-her-birthday-month-professor-djamila-ribeiro-is-one-of-the-honorees-at-the-24th-ribeirao-preto-international-book-fair\/\" \/>\n<meta property=\"og:site_name\" content=\"Djamila Ribeiro\" \/>\n<meta property=\"article:published_time\" content=\"2025-08-10T13:58:51+00:00\" \/>\n<meta property=\"article:modified_time\" content=\"2025-08-10T14:09:43+00:00\" \/>\n<meta property=\"og:image\" content=\"https:\/\/www.djamilaribeiro.com.br\/wp-content\/uploads\/2025\/08\/djamila_1.jpg\" \/>\n\t<meta property=\"og:image:width\" content=\"1080\" \/>\n\t<meta property=\"og:image:height\" content=\"1183\" \/>\n\t<meta property=\"og:image:type\" content=\"image\/jpeg\" \/>\n<meta name=\"author\" content=\"Reda\u00e7\u00e3o\" \/>\n<meta name=\"twitter:card\" content=\"summary_large_image\" \/>\n<meta name=\"twitter:label1\" content=\"Written by\" \/>\n\t<meta name=\"twitter:data1\" content=\"Reda\u00e7\u00e3o\" \/>\n\t<meta name=\"twitter:label2\" content=\"Est. reading time\" \/>\n\t<meta name=\"twitter:data2\" content=\"3 minutes\" \/>\n<script type=\"application\/ld+json\" class=\"yoast-schema-graph\">{\"@context\":\"https:\/\/schema.org\",\"@graph\":[{\"@type\":\"WebPage\",\"@id\":\"https:\/\/www.djamilaribeiro.com.br\/en\/in-her-birthday-month-professor-djamila-ribeiro-is-one-of-the-honorees-at-the-24th-ribeirao-preto-international-book-fair\/\",\"url\":\"https:\/\/www.djamilaribeiro.com.br\/en\/in-her-birthday-month-professor-djamila-ribeiro-is-one-of-the-honorees-at-the-24th-ribeirao-preto-international-book-fair\/\",\"name\":\"In Her Birthday Month, Professor Djamila Ribeiro Is One of the Honorees at the 24th Ribeir\u00e3o Preto International Book Fair - Djamila Ribeiro\",\"isPartOf\":{\"@id\":\"https:\/\/www.djamilaribeiro.com.br\/#website\"},\"datePublished\":\"2025-08-10T13:58:51+00:00\",\"dateModified\":\"2025-08-10T14:09:43+00:00\",\"author\":{\"@id\":\"https:\/\/www.djamilaribeiro.com.br\/#\/schema\/person\/a928f404cf733e4c62686bedd437b9ee\"},\"description\":\"Event brings together writers and readers in Ribeir\u00e3o Preto to discuss the role of literature in building new ways of life.\",\"breadcrumb\":{\"@id\":\"https:\/\/www.djamilaribeiro.com.br\/en\/in-her-birthday-month-professor-djamila-ribeiro-is-one-of-the-honorees-at-the-24th-ribeirao-preto-international-book-fair\/#breadcrumb\"},\"inLanguage\":\"en-US\",\"potentialAction\":[{\"@type\":\"ReadAction\",\"target\":[\"https:\/\/www.djamilaribeiro.com.br\/en\/in-her-birthday-month-professor-djamila-ribeiro-is-one-of-the-honorees-at-the-24th-ribeirao-preto-international-book-fair\/\"]}]},{\"@type\":\"BreadcrumbList\",\"@id\":\"https:\/\/www.djamilaribeiro.com.br\/en\/in-her-birthday-month-professor-djamila-ribeiro-is-one-of-the-honorees-at-the-24th-ribeirao-preto-international-book-fair\/#breadcrumb\",\"itemListElement\":[{\"@type\":\"ListItem\",\"position\":1,\"name\":\"In\u00edcio\",\"item\":\"https:\/\/www.djamilaribeiro.com.br\/en\/\"},{\"@type\":\"ListItem\",\"position\":2,\"name\":\"In Her Birthday Month, Professor Djamila Ribeiro Is One of the Honorees at the 24th Ribeir\u00e3o Preto International Book Fair\"}]},{\"@type\":\"WebSite\",\"@id\":\"https:\/\/www.djamilaribeiro.com.br\/#website\",\"url\":\"https:\/\/www.djamilaribeiro.com.br\/\",\"name\":\"Djamila Ribeiro\",\"description\":\"\",\"potentialAction\":[{\"@type\":\"SearchAction\",\"target\":{\"@type\":\"EntryPoint\",\"urlTemplate\":\"https:\/\/www.djamilaribeiro.com.br\/?s={search_term_string}\"},\"query-input\":\"required name=search_term_string\"}],\"inLanguage\":\"en-US\"},{\"@type\":\"Person\",\"@id\":\"https:\/\/www.djamilaribeiro.com.br\/#\/schema\/person\/a928f404cf733e4c62686bedd437b9ee\",\"name\":\"Reda\u00e7\u00e3o\",\"image\":{\"@type\":\"ImageObject\",\"inLanguage\":\"en-US\",\"@id\":\"https:\/\/www.djamilaribeiro.com.br\/#\/schema\/person\/image\/\",\"url\":\"https:\/\/secure.gravatar.com\/avatar\/e22ea52208b383d899430021cb4ecf26?s=96&d=mm&r=g\",\"contentUrl\":\"https:\/\/secure.gravatar.com\/avatar\/e22ea52208b383d899430021cb4ecf26?s=96&d=mm&r=g\",\"caption\":\"Reda\u00e7\u00e3o\"},\"sameAs\":[\"https:\/\/localhost\"],\"url\":\"https:\/\/www.djamilaribeiro.com.br\/en\/author\/djamila\/\"}]}<\/script>\n<!-- \/ Yoast SEO plugin. -->","yoast_head_json":{"title":"In Her Birthday Month, Professor Djamila Ribeiro Is One of the Honorees at the 24th Ribeir\u00e3o Preto International Book Fair - Djamila Ribeiro","description":"Event brings together writers and readers in Ribeir\u00e3o Preto to discuss the role of literature in building new ways of life.","robots":{"index":"index","follow":"follow","max-snippet":"max-snippet:-1","max-image-preview":"max-image-preview:large","max-video-preview":"max-video-preview:-1"},"canonical":"https:\/\/www.djamilaribeiro.com.br\/en\/in-her-birthday-month-professor-djamila-ribeiro-is-one-of-the-honorees-at-the-24th-ribeirao-preto-international-book-fair\/","og_locale":"en_US","og_type":"article","og_title":"In Her Birthday Month, Professor Djamila Ribeiro Is One of the Honorees at the 24th Ribeir\u00e3o Preto International Book Fair - Djamila Ribeiro","og_description":"Event brings together writers and readers in Ribeir\u00e3o Preto to discuss the role of literature in building new ways of life.","og_url":"https:\/\/www.djamilaribeiro.com.br\/en\/in-her-birthday-month-professor-djamila-ribeiro-is-one-of-the-honorees-at-the-24th-ribeirao-preto-international-book-fair\/","og_site_name":"Djamila Ribeiro","article_published_time":"2025-08-10T13:58:51+00:00","article_modified_time":"2025-08-10T14:09:43+00:00","og_image":[{"width":1080,"height":1183,"url":"https:\/\/www.djamilaribeiro.com.br\/wp-content\/uploads\/2025\/08\/djamila_1.jpg","type":"image\/jpeg"}],"author":"Reda\u00e7\u00e3o","twitter_card":"summary_large_image","twitter_misc":{"Written by":"Reda\u00e7\u00e3o","Est. reading time":"3 minutes"},"schema":{"@context":"https:\/\/schema.org","@graph":[{"@type":"WebPage","@id":"https:\/\/www.djamilaribeiro.com.br\/en\/in-her-birthday-month-professor-djamila-ribeiro-is-one-of-the-honorees-at-the-24th-ribeirao-preto-international-book-fair\/","url":"https:\/\/www.djamilaribeiro.com.br\/en\/in-her-birthday-month-professor-djamila-ribeiro-is-one-of-the-honorees-at-the-24th-ribeirao-preto-international-book-fair\/","name":"In Her Birthday Month, Professor Djamila Ribeiro Is One of the Honorees at the 24th Ribeir\u00e3o Preto International Book Fair - Djamila Ribeiro","isPartOf":{"@id":"https:\/\/www.djamilaribeiro.com.br\/#website"},"datePublished":"2025-08-10T13:58:51+00:00","dateModified":"2025-08-10T14:09:43+00:00","author":{"@id":"https:\/\/www.djamilaribeiro.com.br\/#\/schema\/person\/a928f404cf733e4c62686bedd437b9ee"},"description":"Event brings together writers and readers in Ribeir\u00e3o Preto to discuss the role of literature in building new ways of life.","breadcrumb":{"@id":"https:\/\/www.djamilaribeiro.com.br\/en\/in-her-birthday-month-professor-djamila-ribeiro-is-one-of-the-honorees-at-the-24th-ribeirao-preto-international-book-fair\/#breadcrumb"},"inLanguage":"en-US","potentialAction":[{"@type":"ReadAction","target":["https:\/\/www.djamilaribeiro.com.br\/en\/in-her-birthday-month-professor-djamila-ribeiro-is-one-of-the-honorees-at-the-24th-ribeirao-preto-international-book-fair\/"]}]},{"@type":"BreadcrumbList","@id":"https:\/\/www.djamilaribeiro.com.br\/en\/in-her-birthday-month-professor-djamila-ribeiro-is-one-of-the-honorees-at-the-24th-ribeirao-preto-international-book-fair\/#breadcrumb","itemListElement":[{"@type":"ListItem","position":1,"name":"In\u00edcio","item":"https:\/\/www.djamilaribeiro.com.br\/en\/"},{"@type":"ListItem","position":2,"name":"In Her Birthday Month, Professor Djamila Ribeiro Is One of the Honorees at the 24th Ribeir\u00e3o Preto International Book Fair"}]},{"@type":"WebSite","@id":"https:\/\/www.djamilaribeiro.com.br\/#website","url":"https:\/\/www.djamilaribeiro.com.br\/","name":"Djamila Ribeiro","description":"","potentialAction":[{"@type":"SearchAction","target":{"@type":"EntryPoint","urlTemplate":"https:\/\/www.djamilaribeiro.com.br\/?s={search_term_string}"},"query-input":"required name=search_term_string"}],"inLanguage":"en-US"},{"@type":"Person","@id":"https:\/\/www.djamilaribeiro.com.br\/#\/schema\/person\/a928f404cf733e4c62686bedd437b9ee","name":"Reda\u00e7\u00e3o","image":{"@type":"ImageObject","inLanguage":"en-US","@id":"https:\/\/www.djamilaribeiro.com.br\/#\/schema\/person\/image\/","url":"https:\/\/secure.gravatar.com\/avatar\/e22ea52208b383d899430021cb4ecf26?s=96&d=mm&r=g","contentUrl":"https:\/\/secure.gravatar.com\/avatar\/e22ea52208b383d899430021cb4ecf26?s=96&d=mm&r=g","caption":"Reda\u00e7\u00e3o"},"sameAs":["https:\/\/localhost"],"url":"https:\/\/www.djamilaribeiro.com.br\/en\/author\/djamila\/"}]}},"amp_enabled":true,"_links":{"self":[{"href":"https:\/\/www.djamilaribeiro.com.br\/en\/wp-json\/wp\/v2\/posts\/4120"}],"collection":[{"href":"https:\/\/www.djamilaribeiro.com.br\/en\/wp-json\/wp\/v2\/posts"}],"about":[{"href":"https:\/\/www.djamilaribeiro.com.br\/en\/wp-json\/wp\/v2\/types\/post"}],"author":[{"embeddable":true,"href":"https:\/\/www.djamilaribeiro.com.br\/en\/wp-json\/wp\/v2\/users\/1"}],"replies":[{"embeddable":true,"href":"https:\/\/www.djamilaribeiro.com.br\/en\/wp-json\/wp\/v2\/comments?post=4120"}],"version-history":[{"count":1,"href":"https:\/\/www.djamilaribeiro.com.br\/en\/wp-json\/wp\/v2\/posts\/4120\/revisions"}],"predecessor-version":[{"id":4121,"href":"https:\/\/www.djamilaribeiro.com.br\/en\/wp-json\/wp\/v2\/posts\/4120\/revisions\/4121"}],"wp:featuredmedia":[{"embeddable":true,"href":"https:\/\/www.djamilaribeiro.com.br\/en\/wp-json\/wp\/v2\/media\/4116"}],"wp:attachment":[{"href":"https:\/\/www.djamilaribeiro.com.br\/en\/wp-json\/wp\/v2\/media?parent=4120"}],"wp:term":[{"taxonomy":"category","embeddable":true,"href":"https:\/\/www.djamilaribeiro.com.br\/en\/wp-json\/wp\/v2\/categories?post=4120"},{"taxonomy":"post_tag","embeddable":true,"href":"https:\/\/www.djamilaribeiro.com.br\/en\/wp-json\/wp\/v2\/tags?post=4120"}],"curies":[{"name":"wp","href":"https:\/\/api.w.org\/{rel}","templated":true}]}}