{"id":4125,"date":"2025-08-14T13:51:04","date_gmt":"2025-08-14T16:51:04","guid":{"rendered":"https:\/\/www.djamilaribeiro.com.br\/?p=4125"},"modified":"2025-08-14T13:52:46","modified_gmt":"2025-08-14T16:52:46","slug":"opinion-what-gives-the-media-the-right-to-show-a-person-being-assaulted","status":"publish","type":"post","link":"https:\/\/www.djamilaribeiro.com.br\/en\/opinion-what-gives-the-media-the-right-to-show-a-person-being-assaulted\/","title":{"rendered":"Opinion: What gives the media the right to show a person being assaulted?"},"content":{"rendered":"<p data-start=\"354\" data-end=\"587\">On July 26, in a luxury condominium in the Ponta Negra neighborhood of Natal, Brazil, Juliana, a 35-year-old librarian, was brutally attacked by her 29-year-old ex-boyfriend, a former player of the Brazilian national basketball team.<\/p>\n<p data-start=\"589\" data-end=\"950\">Inside an elevator, he delivered 61 punches to her face, leaving her bloodied and disfigured. She suffered multiple fractures to her jaw and face, required hospital care, and is now preparing for reconstructive facial surgery. The attacker was caught in the act and had his arrest converted into preventive detention. He will face charges of attempted femicide.<\/p>\n<p data-start=\"952\" data-end=\"1316\">The case quickly gained widespread attention on social media. What struck me most was seeing many news outlets broadcasting the footage of the assault repeatedly, playing the sequence of punches in a loop while journalists narrated the violent scene. Even if the image was blurred or pixelated \u2014 and in some cases barely discernible \u2014 I find this deeply troubling.<\/p>\n<p data-start=\"1318\" data-end=\"1552\">Of course, the news had to be reported. But I believe it is crucial to question the supposed right these companies believe they have to broadcast someone being violently assaulted in this way, especially without their express consent.<\/p>\n<p data-start=\"1554\" data-end=\"1918\">For women \u2014 and especially for collectives of women \u2014 this repetition of images acts as a trigger for painful memories and traumatic experiences. It is essential to approach cases like this with care. And being careful does not mean downplaying or softening the severity of the issue \u2014 it means treating violence with the seriousness and responsibility it demands.<\/p>\n<p data-start=\"1920\" data-end=\"2291\">Even outlets that spared viewers the grotesque images fell into another trap: treating the 61 punches as an anomaly, something detached from the patriarchal society in which we live. This type of coverage fades quickly \u2014 tomorrow there will be another &#8220;isolated case&#8221; \u2014 and it detaches the story from the social structures that normalize violence against women in Brazil.<\/p>\n<p data-start=\"2293\" data-end=\"2469\">A view that truly upholds the dignity of women must connect this crime to all areas of society: culture, justice, sports, politics, economics, and even international relations.<\/p>\n<p data-start=\"2471\" data-end=\"2834\">If this man was a former player for the national basketball team, then investigative journalism shouldn\u2019t just mention his sports career as if it were a mere curiosity. It should go further: what is the Brazilian Basketball Confederation doing in terms of training athletes around gender, masculinity, and violence prevention? What do those in charge have to say?<\/p>\n<p data-start=\"2836\" data-end=\"3133\">In my last column, I demanded a statement from the governor of Amazonas regarding the Indigenous woman subjected to nine months of sexual violence within the state prison system. He remained silent. In this case, however, Governor F\u00e1tima Bezerra spoke out immediately and expressed her solidarity.<\/p>\n<p data-start=\"3135\" data-end=\"3572\">Still, the crime occurred. So, with respect to the professionals working in the field, the media must follow up on the protection mechanisms that exist and investigate how \u2014 and if \u2014 they are actually accessible. It should assess their effectiveness and hold state-level executive, legislative, and judicial branches accountable in a collective effort to strengthen policies that prevent another woman from experiencing what Juliana did.<\/p>\n<p data-start=\"3574\" data-end=\"3797\">This would be possible if there were a genuine commitment to women&#8217;s lives. But how can we remain hopeful when Brazil breaks records for femicide and rape \u2014 as it did in 2024 \u2014 and these data fail to become front-page news?<\/p>\n<p data-start=\"3799\" data-end=\"3921\">The Annual Public Safety Yearbook exposed an ongoing massacre. Still, we continue to see violence treated as a \u201cfootnote.\u201d<\/p>\n<p data-start=\"3923\" data-end=\"4357\">It is tragic \u2014 these are not footnotes, but record highs. And amid so many of them, and such a brutal case, questions abound. What were the previous federal government&#8217;s projects for women in the state? What was the budget? What about the current administration\u2019s projects? When will the Casa da Mulher Brasileira (Brazilian Women&#8217;s Center) open in Natal? Why wasn&#8217;t it delivered earlier? What is the Ministry of Women&#8217;s budget today?<\/p>\n<p data-start=\"4359\" data-end=\"4575\">These questions fade away because, in the end, 61 punches depict a country where violence against women is structural and normalized \u2014 and where public policies for combating it are being dismantled and made generic.<\/p>\n<p data-start=\"4577\" data-end=\"4766\">A country that prefers sensationalism \u2014 and instead of confronting the reality \u2014 tries to put makeup on its raw, screaming truth. I deeply understand feminists who feel exhausted by it all.<\/p>\n<p data-start=\"4361\" data-end=\"4617\">Originally published in\u00a0\u00a0<strong><a href=\"https:\/\/www1.folha.uol.com.br\/colunas\/djamila-ribeiro\/2025\/07\/o-que-autoriza-veiculos-de-imprensa-a-exibir-uma-pessoa-sendo-violentada.shtml\">Folha de S. Paulo<\/a><\/strong>.<\/p>\n<p><strong>Content translated with the assistance of AI.<\/strong><\/p>\n","protected":false},"excerpt":{"rendered":"<p>On July 26, in a luxury condominium in the Ponta Negra neighborhood of Natal, Brazil, Juliana, a 35-year-old librarian, was brutally attacked by her 29-year-old ex-boyfriend, a former player of the Brazilian national basketball team. Inside an elevator, he delivered 61 punches to her face, leaving her bloodied and disfigured. She suffered multiple fractures to [&hellip;]<\/p>\n","protected":false},"author":1,"featured_media":4130,"comment_status":"open","ping_status":"open","sticky":false,"template":"","format":"standard","meta":{"inline_featured_image":false},"categories":[2],"tags":[432,33,1197,1240,438,752,481],"acf":[],"yoast_head":"<!-- This site is optimized with the Yoast SEO plugin v20.5 - https:\/\/yoast.com\/wordpress\/plugins\/seo\/ -->\n<title>Opinion: What gives the media the right to show a person being assaulted? - Djamila Ribeiro<\/title>\n<meta name=\"description\" content=\"Djamila Ribeiro criticizes sensationalist media coverage and demands accountability after the brutal attack on Juliana in Natal.\" \/>\n<meta name=\"robots\" content=\"index, follow, max-snippet:-1, max-image-preview:large, max-video-preview:-1\" \/>\n<link rel=\"canonical\" href=\"https:\/\/www.djamilaribeiro.com.br\/en\/opinion-what-gives-the-media-the-right-to-show-a-person-being-assaulted\/\" \/>\n<meta property=\"og:locale\" content=\"en_US\" \/>\n<meta property=\"og:type\" content=\"article\" \/>\n<meta property=\"og:title\" content=\"Opinion: What gives the media the right to show a person being assaulted? - Djamila Ribeiro\" \/>\n<meta property=\"og:description\" content=\"Djamila Ribeiro criticizes sensationalist media coverage and demands accountability after the brutal attack on Juliana in Natal.\" \/>\n<meta property=\"og:url\" content=\"https:\/\/www.djamilaribeiro.com.br\/en\/opinion-what-gives-the-media-the-right-to-show-a-person-being-assaulted\/\" \/>\n<meta property=\"og:site_name\" content=\"Djamila Ribeiro\" \/>\n<meta property=\"article:published_time\" content=\"2025-08-14T16:51:04+00:00\" \/>\n<meta property=\"article:modified_time\" content=\"2025-08-14T16:52:46+00:00\" \/>\n<meta property=\"og:image\" content=\"https:\/\/www.djamilaribeiro.com.br\/wp-content\/uploads\/2025\/08\/paper-2.jpg\" \/>\n\t<meta property=\"og:image:width\" content=\"1024\" \/>\n\t<meta property=\"og:image:height\" content=\"1024\" \/>\n\t<meta property=\"og:image:type\" content=\"image\/jpeg\" \/>\n<meta name=\"author\" content=\"Reda\u00e7\u00e3o\" \/>\n<meta name=\"twitter:card\" content=\"summary_large_image\" \/>\n<meta name=\"twitter:label1\" content=\"Written by\" \/>\n\t<meta name=\"twitter:data1\" content=\"Reda\u00e7\u00e3o\" \/>\n\t<meta name=\"twitter:label2\" content=\"Est. reading time\" \/>\n\t<meta name=\"twitter:data2\" content=\"4 minutes\" \/>\n<script type=\"application\/ld+json\" class=\"yoast-schema-graph\">{\"@context\":\"https:\/\/schema.org\",\"@graph\":[{\"@type\":\"WebPage\",\"@id\":\"https:\/\/www.djamilaribeiro.com.br\/en\/opinion-what-gives-the-media-the-right-to-show-a-person-being-assaulted\/\",\"url\":\"https:\/\/www.djamilaribeiro.com.br\/en\/opinion-what-gives-the-media-the-right-to-show-a-person-being-assaulted\/\",\"name\":\"Opinion: What gives the media the right to show a person being assaulted? - Djamila Ribeiro\",\"isPartOf\":{\"@id\":\"https:\/\/www.djamilaribeiro.com.br\/#website\"},\"datePublished\":\"2025-08-14T16:51:04+00:00\",\"dateModified\":\"2025-08-14T16:52:46+00:00\",\"author\":{\"@id\":\"https:\/\/www.djamilaribeiro.com.br\/#\/schema\/person\/a928f404cf733e4c62686bedd437b9ee\"},\"description\":\"Djamila Ribeiro criticizes sensationalist media coverage and demands accountability after the brutal attack on Juliana in Natal.\",\"breadcrumb\":{\"@id\":\"https:\/\/www.djamilaribeiro.com.br\/en\/opinion-what-gives-the-media-the-right-to-show-a-person-being-assaulted\/#breadcrumb\"},\"inLanguage\":\"en-US\",\"potentialAction\":[{\"@type\":\"ReadAction\",\"target\":[\"https:\/\/www.djamilaribeiro.com.br\/en\/opinion-what-gives-the-media-the-right-to-show-a-person-being-assaulted\/\"]}]},{\"@type\":\"BreadcrumbList\",\"@id\":\"https:\/\/www.djamilaribeiro.com.br\/en\/opinion-what-gives-the-media-the-right-to-show-a-person-being-assaulted\/#breadcrumb\",\"itemListElement\":[{\"@type\":\"ListItem\",\"position\":1,\"name\":\"In\u00edcio\",\"item\":\"https:\/\/www.djamilaribeiro.com.br\/en\/\"},{\"@type\":\"ListItem\",\"position\":2,\"name\":\"Opinion: What gives the media the right to show a person being assaulted?\"}]},{\"@type\":\"WebSite\",\"@id\":\"https:\/\/www.djamilaribeiro.com.br\/#website\",\"url\":\"https:\/\/www.djamilaribeiro.com.br\/\",\"name\":\"Djamila Ribeiro\",\"description\":\"\",\"potentialAction\":[{\"@type\":\"SearchAction\",\"target\":{\"@type\":\"EntryPoint\",\"urlTemplate\":\"https:\/\/www.djamilaribeiro.com.br\/?s={search_term_string}\"},\"query-input\":\"required name=search_term_string\"}],\"inLanguage\":\"en-US\"},{\"@type\":\"Person\",\"@id\":\"https:\/\/www.djamilaribeiro.com.br\/#\/schema\/person\/a928f404cf733e4c62686bedd437b9ee\",\"name\":\"Reda\u00e7\u00e3o\",\"image\":{\"@type\":\"ImageObject\",\"inLanguage\":\"en-US\",\"@id\":\"https:\/\/www.djamilaribeiro.com.br\/#\/schema\/person\/image\/\",\"url\":\"https:\/\/secure.gravatar.com\/avatar\/e22ea52208b383d899430021cb4ecf26?s=96&d=mm&r=g\",\"contentUrl\":\"https:\/\/secure.gravatar.com\/avatar\/e22ea52208b383d899430021cb4ecf26?s=96&d=mm&r=g\",\"caption\":\"Reda\u00e7\u00e3o\"},\"sameAs\":[\"https:\/\/localhost\"],\"url\":\"https:\/\/www.djamilaribeiro.com.br\/en\/author\/djamila\/\"}]}<\/script>\n<!-- \/ Yoast SEO plugin. -->","yoast_head_json":{"title":"Opinion: What gives the media the right to show a person being assaulted? - Djamila Ribeiro","description":"Djamila Ribeiro criticizes sensationalist media coverage and demands accountability after the brutal attack on Juliana in Natal.","robots":{"index":"index","follow":"follow","max-snippet":"max-snippet:-1","max-image-preview":"max-image-preview:large","max-video-preview":"max-video-preview:-1"},"canonical":"https:\/\/www.djamilaribeiro.com.br\/en\/opinion-what-gives-the-media-the-right-to-show-a-person-being-assaulted\/","og_locale":"en_US","og_type":"article","og_title":"Opinion: What gives the media the right to show a person being assaulted? - Djamila Ribeiro","og_description":"Djamila Ribeiro criticizes sensationalist media coverage and demands accountability after the brutal attack on Juliana in Natal.","og_url":"https:\/\/www.djamilaribeiro.com.br\/en\/opinion-what-gives-the-media-the-right-to-show-a-person-being-assaulted\/","og_site_name":"Djamila Ribeiro","article_published_time":"2025-08-14T16:51:04+00:00","article_modified_time":"2025-08-14T16:52:46+00:00","og_image":[{"width":1024,"height":1024,"url":"https:\/\/www.djamilaribeiro.com.br\/wp-content\/uploads\/2025\/08\/paper-2.jpg","type":"image\/jpeg"}],"author":"Reda\u00e7\u00e3o","twitter_card":"summary_large_image","twitter_misc":{"Written by":"Reda\u00e7\u00e3o","Est. reading time":"4 minutes"},"schema":{"@context":"https:\/\/schema.org","@graph":[{"@type":"WebPage","@id":"https:\/\/www.djamilaribeiro.com.br\/en\/opinion-what-gives-the-media-the-right-to-show-a-person-being-assaulted\/","url":"https:\/\/www.djamilaribeiro.com.br\/en\/opinion-what-gives-the-media-the-right-to-show-a-person-being-assaulted\/","name":"Opinion: What gives the media the right to show a person being assaulted? - Djamila Ribeiro","isPartOf":{"@id":"https:\/\/www.djamilaribeiro.com.br\/#website"},"datePublished":"2025-08-14T16:51:04+00:00","dateModified":"2025-08-14T16:52:46+00:00","author":{"@id":"https:\/\/www.djamilaribeiro.com.br\/#\/schema\/person\/a928f404cf733e4c62686bedd437b9ee"},"description":"Djamila Ribeiro criticizes sensationalist media coverage and demands accountability after the brutal attack on Juliana in Natal.","breadcrumb":{"@id":"https:\/\/www.djamilaribeiro.com.br\/en\/opinion-what-gives-the-media-the-right-to-show-a-person-being-assaulted\/#breadcrumb"},"inLanguage":"en-US","potentialAction":[{"@type":"ReadAction","target":["https:\/\/www.djamilaribeiro.com.br\/en\/opinion-what-gives-the-media-the-right-to-show-a-person-being-assaulted\/"]}]},{"@type":"BreadcrumbList","@id":"https:\/\/www.djamilaribeiro.com.br\/en\/opinion-what-gives-the-media-the-right-to-show-a-person-being-assaulted\/#breadcrumb","itemListElement":[{"@type":"ListItem","position":1,"name":"In\u00edcio","item":"https:\/\/www.djamilaribeiro.com.br\/en\/"},{"@type":"ListItem","position":2,"name":"Opinion: What gives the media the right to show a person being assaulted?"}]},{"@type":"WebSite","@id":"https:\/\/www.djamilaribeiro.com.br\/#website","url":"https:\/\/www.djamilaribeiro.com.br\/","name":"Djamila Ribeiro","description":"","potentialAction":[{"@type":"SearchAction","target":{"@type":"EntryPoint","urlTemplate":"https:\/\/www.djamilaribeiro.com.br\/?s={search_term_string}"},"query-input":"required name=search_term_string"}],"inLanguage":"en-US"},{"@type":"Person","@id":"https:\/\/www.djamilaribeiro.com.br\/#\/schema\/person\/a928f404cf733e4c62686bedd437b9ee","name":"Reda\u00e7\u00e3o","image":{"@type":"ImageObject","inLanguage":"en-US","@id":"https:\/\/www.djamilaribeiro.com.br\/#\/schema\/person\/image\/","url":"https:\/\/secure.gravatar.com\/avatar\/e22ea52208b383d899430021cb4ecf26?s=96&d=mm&r=g","contentUrl":"https:\/\/secure.gravatar.com\/avatar\/e22ea52208b383d899430021cb4ecf26?s=96&d=mm&r=g","caption":"Reda\u00e7\u00e3o"},"sameAs":["https:\/\/localhost"],"url":"https:\/\/www.djamilaribeiro.com.br\/en\/author\/djamila\/"}]}},"amp_enabled":true,"_links":{"self":[{"href":"https:\/\/www.djamilaribeiro.com.br\/en\/wp-json\/wp\/v2\/posts\/4125"}],"collection":[{"href":"https:\/\/www.djamilaribeiro.com.br\/en\/wp-json\/wp\/v2\/posts"}],"about":[{"href":"https:\/\/www.djamilaribeiro.com.br\/en\/wp-json\/wp\/v2\/types\/post"}],"author":[{"embeddable":true,"href":"https:\/\/www.djamilaribeiro.com.br\/en\/wp-json\/wp\/v2\/users\/1"}],"replies":[{"embeddable":true,"href":"https:\/\/www.djamilaribeiro.com.br\/en\/wp-json\/wp\/v2\/comments?post=4125"}],"version-history":[{"count":3,"href":"https:\/\/www.djamilaribeiro.com.br\/en\/wp-json\/wp\/v2\/posts\/4125\/revisions"}],"predecessor-version":[{"id":4136,"href":"https:\/\/www.djamilaribeiro.com.br\/en\/wp-json\/wp\/v2\/posts\/4125\/revisions\/4136"}],"wp:featuredmedia":[{"embeddable":true,"href":"https:\/\/www.djamilaribeiro.com.br\/en\/wp-json\/wp\/v2\/media\/4130"}],"wp:attachment":[{"href":"https:\/\/www.djamilaribeiro.com.br\/en\/wp-json\/wp\/v2\/media?parent=4125"}],"wp:term":[{"taxonomy":"category","embeddable":true,"href":"https:\/\/www.djamilaribeiro.com.br\/en\/wp-json\/wp\/v2\/categories?post=4125"},{"taxonomy":"post_tag","embeddable":true,"href":"https:\/\/www.djamilaribeiro.com.br\/en\/wp-json\/wp\/v2\/tags?post=4125"}],"curies":[{"name":"wp","href":"https:\/\/api.w.org\/{rel}","templated":true}]}}