{"id":4146,"date":"2025-08-18T12:34:06","date_gmt":"2025-08-18T15:34:06","guid":{"rendered":"https:\/\/www.djamilaribeiro.com.br\/?p=4146"},"modified":"2025-08-22T12:34:01","modified_gmt":"2025-08-22T15:34:01","slug":"professor-djamila-ribeiro-receives-honorary-citizenship-of-ribeirao-preto","status":"publish","type":"post","link":"https:\/\/www.djamilaribeiro.com.br\/en\/professor-djamila-ribeiro-receives-honorary-citizenship-of-ribeirao-preto\/","title":{"rendered":"Professor Djamila Ribeiro receives honorary citizenship of Ribeir\u00e3o Preto"},"content":{"rendered":"<p data-start=\"390\" data-end=\"774\">Ribeir\u00e3o Preto witnessed a historic evening on Saturday, August 16. During a lecture on the stage of Theatro Pedro II, at the opening of the 24th edition of the International Book Fair (FIL), Professor Djamila Ribeiro was awarded honorary citizenship of the city. Honored as one of the central figures of this year\u2019s edition, Djamila was given a standing ovation by a packed audience.<\/p>\n<p data-start=\"776\" data-end=\"1031\">The honor was proposed by councilwoman Duda Hidalgo (PT). \u201cYou chose not to keep knowledge confined to academia. You are also a popular educator, because you decided to spread this knowledge and turn your words into struggle, immortalizing them in books.&#8221;<\/p>\n<p data-start=\"1033\" data-end=\"1338\">In her speech, Djamila recalled the silencing she faced throughout her academic journey. \u201cWhen I questioned my professors about the absence of female voices, about the absence of Black voices, I was told that this was not philosophy,\u201d said the Brazilian philosopher, currently a<strong><a href=\"https:\/\/wgs.mit.edu\/visiting-scholar\"> visiting scholar at MIT<\/a><\/strong>.<\/p>\n<p data-start=\"1340\" data-end=\"2130\">Her statement opened space for a reflection on the erasure of Black thought in university curricula. \u201cI&#8217;m not saying we shouldn&#8217;t read the Global North. Quite the opposite. I&#8217;m saying we need to stop placing Europe or the United States at the center,&#8221; she affirmed, emphasizing the importance of collective work to amplify historically marginalized perspectives. \u201c<em data-start=\"1704\" data-end=\"1719\">Lugar de Fala<\/em> (Place of Speech), my first book, published in 2017, was born within a collection. Because it didn\u2019t make sense to come alone. Since then, there have been 14 titles in the <em data-start=\"1892\" data-end=\"1912\">Feminismos Plurais<\/em> collection and, counting all titles under the Sueli Carneiro publishing label, 27 books have been released \u2014 all written by Black authors. This is the commitment we need to make, to our own production,\u201d she concluded.<\/p>\n<h3 data-start=\"2132\" data-end=\"2157\"><strong data-start=\"2136\" data-end=\"2157\">Tribute in series<\/strong><\/h3>\n<p data-start=\"2159\" data-end=\"2452\">On social media, FIL released <strong><a href=\"https:\/\/www.instagram.com\/p\/DNDs-VvsOBJ\/\">a special series about Djamila<\/a><\/strong>, hosted by journalism student Mirella Archangelo. Over the course of three episodes, Mirella interviewed local leaders, educators, and entrepreneurs about the influence of Djamila\u2019s ideas on their personal and professional journeys.<\/p>\n<h3 data-start=\"2454\" data-end=\"2478\"><strong data-start=\"2458\" data-end=\"2478\">Possible Futures<\/strong><\/h3>\n<p data-start=\"2480\" data-end=\"2698\">The theme of this year&#8217;s FIL was <em data-start=\"2513\" data-end=\"2531\">Possible Futures<\/em>. Commenting on the choice of Djamila Ribeiro as an honoree, curator Adriana Silva noted that \u201cit is not possible to speak of the future without speaking of ancestry.\u201d<\/p>\n<p data-start=\"2700\" data-end=\"2858\">In Ribeir\u00e3o Preto\u2019s public schools, Djamila\u2019s works are already part of pedagogical activities focused on discussing racism in Brazil \u2014 and its intersections.<\/p>\n<p data-start=\"2860\" data-end=\"3037\">The tributes paid in Ribeir\u00e3o Preto reaffirm Djamila Ribeiro\u2019s role as an intellectual reference for a present that envisions futures based on collectivity and critical thought.<\/p>\n<blockquote class=\"instagram-media\" style=\"background: #FFF; border: 0; border-radius: 3px; box-shadow: 0 0 1px 0 rgba(0,0,0,0.5),0 1px 10px 0 rgba(0,0,0,0.15); margin: 1px; max-width: 540px; min-width: 326px; padding: 0; width: calc(100% - 2px);\" data-instgrm-captioned=\"\" data-instgrm-permalink=\"https:\/\/www.instagram.com\/reel\/DNcJ_nLtU3A\/?utm_source=ig_embed&amp;utm_campaign=loading\" data-instgrm-version=\"14\">\n<div style=\"padding: 16px;\">\n<p>&nbsp;<\/p>\n<div style=\"display: flex; flex-direction: row; align-items: center;\">\n<div style=\"background-color: #f4f4f4; border-radius: 50%; flex-grow: 0; height: 40px; margin-right: 14px; width: 40px;\"><\/div>\n<div style=\"display: flex; flex-direction: column; flex-grow: 1; justify-content: center;\">\n<div style=\"background-color: #f4f4f4; border-radius: 4px; flex-grow: 0; height: 14px; margin-bottom: 6px; width: 100px;\"><\/div>\n<div style=\"background-color: #f4f4f4; border-radius: 4px; flex-grow: 0; height: 14px; width: 60px;\"><\/div>\n<\/div>\n<\/div>\n<div style=\"padding: 19% 0;\"><\/div>\n<div style=\"display: block; height: 50px; margin: 0 auto 12px; width: 50px;\"><\/div>\n<div style=\"padding-top: 8px;\">\n<div style=\"color: #3897f0; font-family: Arial,sans-serif; font-size: 14px; font-style: normal; font-weight: 550; line-height: 18px;\">Ver essa foto no Instagram<\/div>\n<\/div>\n<div style=\"padding: 12.5% 0;\"><\/div>\n<div style=\"display: flex; flex-direction: row; margin-bottom: 14px; align-items: center;\">\n<div>\n<div style=\"background-color: #f4f4f4; border-radius: 50%; height: 12.5px; width: 12.5px; transform: translateX(0px) translateY(7px);\"><\/div>\n<div style=\"background-color: #f4f4f4; height: 12.5px; transform: rotate(-45deg) translateX(3px) translateY(1px); width: 12.5px; flex-grow: 0; margin-right: 14px; margin-left: 2px;\"><\/div>\n<div style=\"background-color: #f4f4f4; border-radius: 50%; height: 12.5px; width: 12.5px; transform: translateX(9px) translateY(-18px);\"><\/div>\n<\/div>\n<div style=\"margin-left: 8px;\">\n<div style=\"background-color: #f4f4f4; border-radius: 50%; flex-grow: 0; height: 20px; width: 20px;\"><\/div>\n<div style=\"width: 0; height: 0; border-top: 2px solid transparent; border-left: 6px solid #f4f4f4; border-bottom: 2px solid transparent; transform: translateX(16px) translateY(-4px) rotate(30deg);\"><\/div>\n<\/div>\n<div style=\"margin-left: auto;\">\n<div style=\"width: 0px; border-top: 8px solid #F4F4F4; border-right: 8px solid transparent; transform: translateY(16px);\"><\/div>\n<div style=\"background-color: #f4f4f4; flex-grow: 0; height: 12px; width: 16px; transform: translateY(-4px);\"><\/div>\n<div style=\"width: 0; height: 0; border-top: 8px solid #F4F4F4; border-left: 8px solid transparent; transform: translateY(-4px) translateX(8px);\"><\/div>\n<\/div>\n<\/div>\n<div style=\"display: flex; flex-direction: column; flex-grow: 1; justify-content: center; margin-bottom: 24px;\">\n<div style=\"background-color: #f4f4f4; border-radius: 4px; flex-grow: 0; height: 14px; margin-bottom: 6px; width: 224px;\"><\/div>\n<div style=\"background-color: #f4f4f4; border-radius: 4px; flex-grow: 0; height: 14px; width: 144px;\"><\/div>\n<\/div>\n<p>&nbsp;<\/p>\n<p style=\"color: #c9c8cd; font-family: Arial,sans-serif; font-size: 14px; line-height: 17px; margin-bottom: 0; margin-top: 8px; overflow: hidden; padding: 8px 0 7px; text-align: center; text-overflow: ellipsis; white-space: nowrap;\"><a style=\"color: #c9c8cd; font-family: Arial,sans-serif; font-size: 14px; font-style: normal; font-weight: normal; line-height: 17px; text-decoration: none;\" href=\"https:\/\/www.instagram.com\/reel\/DNcJ_nLtU3A\/?utm_source=ig_embed&amp;utm_campaign=loading\" target=\"_blank\" rel=\"noopener\">Uma publica\u00e7\u00e3o compartilhada por Funda\u00e7\u00e3o do Livro e Leitura RP (@fundacaolivrorp)<\/a><\/p>\n<\/div>\n<\/blockquote>\n<p><script async src=\"\/\/www.instagram.com\/embed.js\"><\/script><\/p>\n<blockquote class=\"instagram-media\" style=\"background: #FFF; border: 0; border-radius: 3px; box-shadow: 0 0 1px 0 rgba(0,0,0,0.5),0 1px 10px 0 rgba(0,0,0,0.15); margin: 1px; max-width: 540px; min-width: 326px; padding: 0; width: calc(100% - 2px);\" data-instgrm-captioned=\"\" data-instgrm-permalink=\"https:\/\/www.instagram.com\/reel\/DNcJ_nLtU3A\/?utm_source=ig_embed&amp;utm_campaign=loading\" data-instgrm-version=\"14\">\n<div style=\"padding: 16px;\">\n<p>&nbsp;<\/p>\n<div style=\"display: flex; flex-direction: row; align-items: center;\">\n<div style=\"background-color: #f4f4f4; border-radius: 50%; flex-grow: 0; height: 40px; margin-right: 14px; width: 40px;\"><\/div>\n<div style=\"display: flex; flex-direction: column; flex-grow: 1; justify-content: center;\">\n<div style=\"background-color: #f4f4f4; border-radius: 4px; flex-grow: 0; height: 14px; margin-bottom: 6px; width: 100px;\"><\/div>\n<div style=\"background-color: #f4f4f4; border-radius: 4px; flex-grow: 0; height: 14px; width: 60px;\"><\/div>\n<\/div>\n<\/div>\n<div style=\"padding: 19% 0;\"><\/div>\n<div style=\"display: block; height: 50px; margin: 0 auto 12px; width: 50px;\"><\/div>\n<div style=\"padding-top: 8px;\">\n<div style=\"color: #3897f0; font-family: Arial,sans-serif; font-size: 14px; font-style: normal; font-weight: 550; line-height: 18px;\">Ver essa foto no Instagram<\/div>\n<\/div>\n<div style=\"padding: 12.5% 0;\"><\/div>\n<div style=\"display: flex; flex-direction: row; margin-bottom: 14px; align-items: center;\">\n<div>\n<div style=\"background-color: #f4f4f4; border-radius: 50%; height: 12.5px; width: 12.5px; transform: translateX(0px) translateY(7px);\"><\/div>\n<div style=\"background-color: #f4f4f4; height: 12.5px; transform: rotate(-45deg) translateX(3px) translateY(1px); width: 12.5px; flex-grow: 0; margin-right: 14px; margin-left: 2px;\"><\/div>\n<div style=\"background-color: #f4f4f4; border-radius: 50%; height: 12.5px; width: 12.5px; transform: translateX(9px) translateY(-18px);\"><\/div>\n<\/div>\n<div style=\"margin-left: 8px;\">\n<div style=\"background-color: #f4f4f4; border-radius: 50%; flex-grow: 0; height: 20px; width: 20px;\"><\/div>\n<div style=\"width: 0; height: 0; border-top: 2px solid transparent; border-left: 6px solid #f4f4f4; border-bottom: 2px solid transparent; transform: translateX(16px) translateY(-4px) rotate(30deg);\"><\/div>\n<\/div>\n<div style=\"margin-left: auto;\">\n<div style=\"width: 0px; border-top: 8px solid #F4F4F4; border-right: 8px solid transparent; transform: translateY(16px);\"><\/div>\n<div style=\"background-color: #f4f4f4; flex-grow: 0; height: 12px; width: 16px; transform: translateY(-4px);\"><\/div>\n<div style=\"width: 0; height: 0; border-top: 8px solid #F4F4F4; border-left: 8px solid transparent; transform: translateY(-4px) translateX(8px);\"><\/div>\n<\/div>\n<\/div>\n<div style=\"display: flex; flex-direction: column; flex-grow: 1; justify-content: center; margin-bottom: 24px;\">\n<div style=\"background-color: #f4f4f4; border-radius: 4px; flex-grow: 0; height: 14px; margin-bottom: 6px; width: 224px;\"><\/div>\n<div style=\"background-color: #f4f4f4; border-radius: 4px; flex-grow: 0; height: 14px; width: 144px;\"><\/div>\n<\/div>\n<p>&nbsp;<\/p>\n<p style=\"color: #c9c8cd; font-family: Arial,sans-serif; font-size: 14px; line-height: 17px; margin-bottom: 0; margin-top: 8px; overflow: hidden; padding: 8px 0 7px; text-align: center; text-overflow: ellipsis; white-space: nowrap;\"><a style=\"color: #c9c8cd; font-family: Arial,sans-serif; font-size: 14px; font-style: normal; font-weight: normal; line-height: 17px; text-decoration: none;\" href=\"https:\/\/www.instagram.com\/reel\/DNcJ_nLtU3A\/?utm_source=ig_embed&amp;utm_campaign=loading\" target=\"_blank\" rel=\"noopener\">Uma publica\u00e7\u00e3o compartilhada por Funda\u00e7\u00e3o do Livro e Leitura RP (@fundacaolivrorp)<\/a><\/p>\n<\/div>\n<\/blockquote>\n<p><script async src=\"\/\/www.instagram.com\/embed.js\"><\/script><\/p>\n<p><strong>Content translated with the assistance of AI.<\/strong><\/p>\n","protected":false},"excerpt":{"rendered":"<p>Ribeir\u00e3o Preto witnessed a historic evening on Saturday, August 16. During a lecture on the stage of Theatro Pedro II, at the opening of the 24th edition of the International Book Fair (FIL), Professor Djamila Ribeiro was awarded honorary citizenship of the city. Honored as one of the central figures of this year\u2019s edition, Djamila [&hellip;]<\/p>\n","protected":false},"author":1,"featured_media":4142,"comment_status":"open","ping_status":"open","sticky":false,"template":"","format":"standard","meta":{"inline_featured_image":false},"categories":[2],"tags":[468,1256,129,1255,1233,1254,1253,723,1232,1259,1258,1257,238],"acf":[],"yoast_head":"<!-- This site is optimized with the Yoast SEO plugin v20.5 - https:\/\/yoast.com\/wordpress\/plugins\/seo\/ -->\n<title>Professor Djamila Ribeiro receives honorary citizenship of Ribeir\u00e3o Preto - Djamila Ribeiro<\/title>\n<meta name=\"description\" content=\"Reflections on silencing, collective Black production, and critical thinking in schools mark Ribeiro\u2019s historic participation in FIL 2025.\" \/>\n<meta name=\"robots\" content=\"index, follow, max-snippet:-1, max-image-preview:large, max-video-preview:-1\" \/>\n<link rel=\"canonical\" href=\"https:\/\/www.djamilaribeiro.com.br\/en\/professor-djamila-ribeiro-receives-honorary-citizenship-of-ribeirao-preto\/\" \/>\n<meta property=\"og:locale\" content=\"en_US\" \/>\n<meta property=\"og:type\" content=\"article\" \/>\n<meta property=\"og:title\" content=\"Professor Djamila Ribeiro receives honorary citizenship of Ribeir\u00e3o Preto - Djamila Ribeiro\" \/>\n<meta property=\"og:description\" content=\"Reflections on silencing, collective Black production, and critical thinking in schools mark Ribeiro\u2019s historic participation in FIL 2025.\" \/>\n<meta property=\"og:url\" content=\"https:\/\/www.djamilaribeiro.com.br\/en\/professor-djamila-ribeiro-receives-honorary-citizenship-of-ribeirao-preto\/\" \/>\n<meta property=\"og:site_name\" content=\"Djamila Ribeiro\" \/>\n<meta property=\"article:published_time\" content=\"2025-08-18T15:34:06+00:00\" \/>\n<meta property=\"article:modified_time\" content=\"2025-08-22T15:34:01+00:00\" \/>\n<meta property=\"og:image\" content=\"https:\/\/www.djamilaribeiro.com.br\/wp-content\/uploads\/2025\/08\/djamila-4.jpg\" \/>\n\t<meta property=\"og:image:width\" content=\"1080\" \/>\n\t<meta property=\"og:image:height\" content=\"1338\" \/>\n\t<meta property=\"og:image:type\" content=\"image\/jpeg\" \/>\n<meta name=\"author\" content=\"Reda\u00e7\u00e3o\" \/>\n<meta name=\"twitter:card\" content=\"summary_large_image\" \/>\n<meta name=\"twitter:label1\" content=\"Written by\" \/>\n\t<meta name=\"twitter:data1\" content=\"Reda\u00e7\u00e3o\" \/>\n\t<meta name=\"twitter:label2\" content=\"Est. reading time\" \/>\n\t<meta name=\"twitter:data2\" content=\"2 minutes\" \/>\n<script type=\"application\/ld+json\" class=\"yoast-schema-graph\">{\"@context\":\"https:\/\/schema.org\",\"@graph\":[{\"@type\":\"WebPage\",\"@id\":\"https:\/\/www.djamilaribeiro.com.br\/en\/professor-djamila-ribeiro-receives-honorary-citizenship-of-ribeirao-preto\/\",\"url\":\"https:\/\/www.djamilaribeiro.com.br\/en\/professor-djamila-ribeiro-receives-honorary-citizenship-of-ribeirao-preto\/\",\"name\":\"Professor Djamila Ribeiro receives honorary citizenship of Ribeir\u00e3o Preto - Djamila Ribeiro\",\"isPartOf\":{\"@id\":\"https:\/\/www.djamilaribeiro.com.br\/#website\"},\"datePublished\":\"2025-08-18T15:34:06+00:00\",\"dateModified\":\"2025-08-22T15:34:01+00:00\",\"author\":{\"@id\":\"https:\/\/www.djamilaribeiro.com.br\/#\/schema\/person\/a928f404cf733e4c62686bedd437b9ee\"},\"description\":\"Reflections on silencing, collective Black production, and critical thinking in schools mark Ribeiro\u2019s historic participation in FIL 2025.\",\"breadcrumb\":{\"@id\":\"https:\/\/www.djamilaribeiro.com.br\/en\/professor-djamila-ribeiro-receives-honorary-citizenship-of-ribeirao-preto\/#breadcrumb\"},\"inLanguage\":\"en-US\",\"potentialAction\":[{\"@type\":\"ReadAction\",\"target\":[\"https:\/\/www.djamilaribeiro.com.br\/en\/professor-djamila-ribeiro-receives-honorary-citizenship-of-ribeirao-preto\/\"]}]},{\"@type\":\"BreadcrumbList\",\"@id\":\"https:\/\/www.djamilaribeiro.com.br\/en\/professor-djamila-ribeiro-receives-honorary-citizenship-of-ribeirao-preto\/#breadcrumb\",\"itemListElement\":[{\"@type\":\"ListItem\",\"position\":1,\"name\":\"In\u00edcio\",\"item\":\"https:\/\/www.djamilaribeiro.com.br\/en\/\"},{\"@type\":\"ListItem\",\"position\":2,\"name\":\"Professor Djamila Ribeiro receives honorary citizenship of Ribeir\u00e3o Preto\"}]},{\"@type\":\"WebSite\",\"@id\":\"https:\/\/www.djamilaribeiro.com.br\/#website\",\"url\":\"https:\/\/www.djamilaribeiro.com.br\/\",\"name\":\"Djamila Ribeiro\",\"description\":\"\",\"potentialAction\":[{\"@type\":\"SearchAction\",\"target\":{\"@type\":\"EntryPoint\",\"urlTemplate\":\"https:\/\/www.djamilaribeiro.com.br\/?s={search_term_string}\"},\"query-input\":\"required name=search_term_string\"}],\"inLanguage\":\"en-US\"},{\"@type\":\"Person\",\"@id\":\"https:\/\/www.djamilaribeiro.com.br\/#\/schema\/person\/a928f404cf733e4c62686bedd437b9ee\",\"name\":\"Reda\u00e7\u00e3o\",\"image\":{\"@type\":\"ImageObject\",\"inLanguage\":\"en-US\",\"@id\":\"https:\/\/www.djamilaribeiro.com.br\/#\/schema\/person\/image\/\",\"url\":\"https:\/\/secure.gravatar.com\/avatar\/e22ea52208b383d899430021cb4ecf26?s=96&d=mm&r=g\",\"contentUrl\":\"https:\/\/secure.gravatar.com\/avatar\/e22ea52208b383d899430021cb4ecf26?s=96&d=mm&r=g\",\"caption\":\"Reda\u00e7\u00e3o\"},\"sameAs\":[\"https:\/\/localhost\"],\"url\":\"https:\/\/www.djamilaribeiro.com.br\/en\/author\/djamila\/\"}]}<\/script>\n<!-- \/ Yoast SEO plugin. -->","yoast_head_json":{"title":"Professor Djamila Ribeiro receives honorary citizenship of Ribeir\u00e3o Preto - Djamila Ribeiro","description":"Reflections on silencing, collective Black production, and critical thinking in schools mark Ribeiro\u2019s historic participation in FIL 2025.","robots":{"index":"index","follow":"follow","max-snippet":"max-snippet:-1","max-image-preview":"max-image-preview:large","max-video-preview":"max-video-preview:-1"},"canonical":"https:\/\/www.djamilaribeiro.com.br\/en\/professor-djamila-ribeiro-receives-honorary-citizenship-of-ribeirao-preto\/","og_locale":"en_US","og_type":"article","og_title":"Professor Djamila Ribeiro receives honorary citizenship of Ribeir\u00e3o Preto - Djamila Ribeiro","og_description":"Reflections on silencing, collective Black production, and critical thinking in schools mark Ribeiro\u2019s historic participation in FIL 2025.","og_url":"https:\/\/www.djamilaribeiro.com.br\/en\/professor-djamila-ribeiro-receives-honorary-citizenship-of-ribeirao-preto\/","og_site_name":"Djamila Ribeiro","article_published_time":"2025-08-18T15:34:06+00:00","article_modified_time":"2025-08-22T15:34:01+00:00","og_image":[{"width":1080,"height":1338,"url":"https:\/\/www.djamilaribeiro.com.br\/wp-content\/uploads\/2025\/08\/djamila-4.jpg","type":"image\/jpeg"}],"author":"Reda\u00e7\u00e3o","twitter_card":"summary_large_image","twitter_misc":{"Written by":"Reda\u00e7\u00e3o","Est. reading time":"2 minutes"},"schema":{"@context":"https:\/\/schema.org","@graph":[{"@type":"WebPage","@id":"https:\/\/www.djamilaribeiro.com.br\/en\/professor-djamila-ribeiro-receives-honorary-citizenship-of-ribeirao-preto\/","url":"https:\/\/www.djamilaribeiro.com.br\/en\/professor-djamila-ribeiro-receives-honorary-citizenship-of-ribeirao-preto\/","name":"Professor Djamila Ribeiro receives honorary citizenship of Ribeir\u00e3o Preto - Djamila Ribeiro","isPartOf":{"@id":"https:\/\/www.djamilaribeiro.com.br\/#website"},"datePublished":"2025-08-18T15:34:06+00:00","dateModified":"2025-08-22T15:34:01+00:00","author":{"@id":"https:\/\/www.djamilaribeiro.com.br\/#\/schema\/person\/a928f404cf733e4c62686bedd437b9ee"},"description":"Reflections on silencing, collective Black production, and critical thinking in schools mark Ribeiro\u2019s historic participation in FIL 2025.","breadcrumb":{"@id":"https:\/\/www.djamilaribeiro.com.br\/en\/professor-djamila-ribeiro-receives-honorary-citizenship-of-ribeirao-preto\/#breadcrumb"},"inLanguage":"en-US","potentialAction":[{"@type":"ReadAction","target":["https:\/\/www.djamilaribeiro.com.br\/en\/professor-djamila-ribeiro-receives-honorary-citizenship-of-ribeirao-preto\/"]}]},{"@type":"BreadcrumbList","@id":"https:\/\/www.djamilaribeiro.com.br\/en\/professor-djamila-ribeiro-receives-honorary-citizenship-of-ribeirao-preto\/#breadcrumb","itemListElement":[{"@type":"ListItem","position":1,"name":"In\u00edcio","item":"https:\/\/www.djamilaribeiro.com.br\/en\/"},{"@type":"ListItem","position":2,"name":"Professor Djamila Ribeiro receives honorary citizenship of Ribeir\u00e3o Preto"}]},{"@type":"WebSite","@id":"https:\/\/www.djamilaribeiro.com.br\/#website","url":"https:\/\/www.djamilaribeiro.com.br\/","name":"Djamila Ribeiro","description":"","potentialAction":[{"@type":"SearchAction","target":{"@type":"EntryPoint","urlTemplate":"https:\/\/www.djamilaribeiro.com.br\/?s={search_term_string}"},"query-input":"required name=search_term_string"}],"inLanguage":"en-US"},{"@type":"Person","@id":"https:\/\/www.djamilaribeiro.com.br\/#\/schema\/person\/a928f404cf733e4c62686bedd437b9ee","name":"Reda\u00e7\u00e3o","image":{"@type":"ImageObject","inLanguage":"en-US","@id":"https:\/\/www.djamilaribeiro.com.br\/#\/schema\/person\/image\/","url":"https:\/\/secure.gravatar.com\/avatar\/e22ea52208b383d899430021cb4ecf26?s=96&d=mm&r=g","contentUrl":"https:\/\/secure.gravatar.com\/avatar\/e22ea52208b383d899430021cb4ecf26?s=96&d=mm&r=g","caption":"Reda\u00e7\u00e3o"},"sameAs":["https:\/\/localhost"],"url":"https:\/\/www.djamilaribeiro.com.br\/en\/author\/djamila\/"}]}},"amp_enabled":true,"_links":{"self":[{"href":"https:\/\/www.djamilaribeiro.com.br\/en\/wp-json\/wp\/v2\/posts\/4146"}],"collection":[{"href":"https:\/\/www.djamilaribeiro.com.br\/en\/wp-json\/wp\/v2\/posts"}],"about":[{"href":"https:\/\/www.djamilaribeiro.com.br\/en\/wp-json\/wp\/v2\/types\/post"}],"author":[{"embeddable":true,"href":"https:\/\/www.djamilaribeiro.com.br\/en\/wp-json\/wp\/v2\/users\/1"}],"replies":[{"embeddable":true,"href":"https:\/\/www.djamilaribeiro.com.br\/en\/wp-json\/wp\/v2\/comments?post=4146"}],"version-history":[{"count":3,"href":"https:\/\/www.djamilaribeiro.com.br\/en\/wp-json\/wp\/v2\/posts\/4146\/revisions"}],"predecessor-version":[{"id":4152,"href":"https:\/\/www.djamilaribeiro.com.br\/en\/wp-json\/wp\/v2\/posts\/4146\/revisions\/4152"}],"wp:featuredmedia":[{"embeddable":true,"href":"https:\/\/www.djamilaribeiro.com.br\/en\/wp-json\/wp\/v2\/media\/4142"}],"wp:attachment":[{"href":"https:\/\/www.djamilaribeiro.com.br\/en\/wp-json\/wp\/v2\/media?parent=4146"}],"wp:term":[{"taxonomy":"category","embeddable":true,"href":"https:\/\/www.djamilaribeiro.com.br\/en\/wp-json\/wp\/v2\/categories?post=4146"},{"taxonomy":"post_tag","embeddable":true,"href":"https:\/\/www.djamilaribeiro.com.br\/en\/wp-json\/wp\/v2\/tags?post=4146"}],"curies":[{"name":"wp","href":"https:\/\/api.w.org\/{rel}","templated":true}]}}