{"id":4163,"date":"2025-08-25T10:28:36","date_gmt":"2025-08-25T13:28:36","guid":{"rendered":"https:\/\/www.djamilaribeiro.com.br\/?p=4163"},"modified":"2025-08-25T10:37:02","modified_gmt":"2025-08-25T13:37:02","slug":"project-combinando-palavras-connects-djamila-ribeiros-work-with-public-school-students-in-sao-paulo-state","status":"publish","type":"post","link":"https:\/\/www.djamilaribeiro.com.br\/en\/project-combinando-palavras-connects-djamila-ribeiros-work-with-public-school-students-in-sao-paulo-state\/","title":{"rendered":"Project Combinando Palavras connects Djamila Ribeiro\u2019s work with public school students in S\u00e3o Paulo state"},"content":{"rendered":"<p data-start=\"434\" data-end=\"1103\">The <em data-start=\"438\" data-end=\"459\">Combinando Palavras<\/em> (\u201cCombining Words\u201d) project marked the presence of Professor Djamila Ribeiro at the 24th edition of the Ribeir\u00e3o Preto International Book Fair (FIL), held in the state of S\u00e3o Paulo from August 16 to 24. On August 18, hundreds of public school students from five municipalities in the region gathered at Theatro Dom Pedro II to present original songs, dances, documentaries, and performances inspired by the Brazilian philosopher\u2019s books. \u201cI received so many gifts! It was one of the most emotional days for me. Seeing my work resonate so deeply in the minds and hearts of young students is incredibly empowering,\u201d Ribeiro wrote on Instagram.<\/p>\n<p data-start=\"1105\" data-end=\"1487\">In total, 12 state schools, linked to the Regional Board of Education of Ribeir\u00e3o Preto, took part in the project. The participating schools were from Ribeir\u00e3o Preto, Bonfim Paulista, S\u00e3o Sim\u00e3o, Santa Rosa de Viterbo, and Cravinhos. \u201cI have been present in public schools for years, but taking part in <em data-start=\"1407\" data-end=\"1428\">Combinando Palavras<\/em> gave everything an even deeper meaning,\u201d she emphasized.<\/p>\n<h3 data-start=\"1489\" data-end=\"1548\">Honored author and honorary citizen of Ribeir\u00e3o Preto<\/h3>\n<p data-start=\"1550\" data-end=\"2304\">In addition to the student encounter, Professor Djamila Ribeiro was the honored author in the Education category of FIL and was granted the title of honorary citizen of Ribeir\u00e3o Preto. The recognition was approved by the City Council through a bill proposed by councilwoman Duda Hidalgo (Workers\u2019 Party \u2013 PT). The award was presented during the opening conference at Theatro Dom Pedro II on August 16. On that occasion, Ribeiro highlighted the importance of education as a right: \u201cIf I am here today, it is because I had the opportunity to study. I do not come from an academic family and had to learn everything within the feminist movement and through public policies that expanded access. Education is a collective right that can transform society.\u201d<\/p>\n<p data-start=\"2306\" data-end=\"2575\">This was her third participation in FIL, one of the largest literary fairs in Brazil. On all occasions, the theater was filled to capacity. \u201cSeeing this six-year cycle gaining legitimacy and strength shows the impact, permanence, and reach of our work,\u201d she observed.<\/p>\n<p data-start=\"2306\" data-end=\"2575\"><img decoding=\"async\" loading=\"lazy\" class=\"aligncenter size-large wp-image-4164\" src=\"https:\/\/www.djamilaribeiro.com.br\/wp-content\/uploads\/2025\/08\/Combinando-1-1024x1012.jpg\" alt=\"\" width=\"1024\" height=\"1012\" srcset=\"https:\/\/www.djamilaribeiro.com.br\/wp-content\/uploads\/2025\/08\/Combinando-1-1024x1012.jpg 1024w, https:\/\/www.djamilaribeiro.com.br\/wp-content\/uploads\/2025\/08\/Combinando-1-300x296.jpg 300w, https:\/\/www.djamilaribeiro.com.br\/wp-content\/uploads\/2025\/08\/Combinando-1-768x759.jpg 768w, https:\/\/www.djamilaribeiro.com.br\/wp-content\/uploads\/2025\/08\/Combinando-1-35x35.jpg 35w, https:\/\/www.djamilaribeiro.com.br\/wp-content\/uploads\/2025\/08\/Combinando-1.jpg 1080w\" sizes=\"(max-width: 1024px) 100vw, 1024px\" \/><\/p>\n<h3 data-start=\"2577\" data-end=\"2602\">Homage and ancestry<\/h3>\n<p data-start=\"2604\" data-end=\"2868\">The Abayomi Collective also moved Ribeiro with the presentation of an <em data-start=\"2674\" data-end=\"2680\">itan<\/em> \u2014 a sacred narrative from Yoruba oral tradition \u2014 about <em data-start=\"2737\" data-end=\"2744\">Iyami<\/em> (ancestral female power) and <em data-start=\"2774\" data-end=\"2782\">Ox\u00f3ssi<\/em> (a deity of the forests and hunting in Afro-Brazilian religions such as Candombl\u00e9).<\/p>\n<p data-start=\"2870\" data-end=\"3148\">During the honorary citizenship ceremony, councilwoman Duda Hidalgo stressed Ribeiro\u2019s role as a popular educator: \u201cYou chose not to keep knowledge confined to academia. You decided to spread this knowledge and transform your words into struggle, immortalizing them in books.\u201d<\/p>\n<h3 data-start=\"3150\" data-end=\"3207\">Anti-racist education and collective transformation<\/h3>\n<p data-start=\"3209\" data-end=\"3816\">The experience in Ribeir\u00e3o Preto echoed the central proposal of the <em data-start=\"3277\" data-end=\"3297\">Feminismos Plurais<\/em> (Plural Feminisms) collection, coordinated by Ribeiro, which already includes 27 titles written by Black authors. In <em data-start=\"3415\" data-end=\"3444\">Pequeno Manual Antirracista<\/em> (<em data-start=\"3446\" data-end=\"3476\">A Short Anti-Racist Handbook<\/em>), she reminds readers of the urgency of expanding references in education, noting that \u201cthe model of science that is valued and considered universal is white.\u201d The <em data-start=\"3641\" data-end=\"3662\">Combinando Palavras<\/em> project brought this transformation to life by incorporating <em data-start=\"3724\" data-end=\"3739\">lugar de fala<\/em> (\u201cplace of speech\u201d) into classroom practices in a creative and plural way.<\/p>\n<p data-start=\"3818\" data-end=\"3984\">\u201cNow, as a citizen of Ribeir\u00e3o Preto, I thank you for the exchanges and for the unique welcome. Together we continue working for transformation,\u201d Ribeiro concluded.<\/p>\n<p data-start=\"3818\" data-end=\"3984\">\n<blockquote class=\"instagram-media\" style=\"background: #FFF; border: 0; border-radius: 3px; box-shadow: 0 0 1px 0 rgba(0,0,0,0.5),0 1px 10px 0 rgba(0,0,0,0.15); margin: 1px; max-width: 540px; min-width: 326px; padding: 0; width: calc(100% - 2px);\" data-instgrm-captioned=\"\" data-instgrm-permalink=\"https:\/\/www.instagram.com\/reel\/DNg4tTjx08l\/?utm_source=ig_embed&amp;utm_campaign=loading\" data-instgrm-version=\"14\">\n<div style=\"padding: 16px;\">\n<p>&nbsp;<\/p>\n<div style=\"display: flex; flex-direction: row; align-items: center;\">\n<div style=\"background-color: #f4f4f4; border-radius: 50%; flex-grow: 0; height: 40px; margin-right: 14px; width: 40px;\"><\/div>\n<div style=\"display: flex; flex-direction: column; flex-grow: 1; justify-content: center;\">\n<div style=\"background-color: #f4f4f4; border-radius: 4px; flex-grow: 0; height: 14px; margin-bottom: 6px; width: 100px;\"><\/div>\n<div style=\"background-color: #f4f4f4; border-radius: 4px; flex-grow: 0; height: 14px; width: 60px;\"><\/div>\n<\/div>\n<\/div>\n<div style=\"padding: 19% 0;\"><\/div>\n<div style=\"display: block; height: 50px; margin: 0 auto 12px; width: 50px;\"><\/div>\n<div style=\"padding-top: 8px;\">\n<div style=\"color: #3897f0; font-family: Arial,sans-serif; font-size: 14px; font-style: normal; font-weight: 550; line-height: 18px;\">Ver essa foto no Instagram<\/div>\n<\/div>\n<div style=\"padding: 12.5% 0;\"><\/div>\n<div style=\"display: flex; flex-direction: row; margin-bottom: 14px; align-items: center;\">\n<div>\n<div style=\"background-color: #f4f4f4; border-radius: 50%; height: 12.5px; width: 12.5px; transform: translateX(0px) translateY(7px);\"><\/div>\n<div style=\"background-color: #f4f4f4; height: 12.5px; transform: rotate(-45deg) translateX(3px) translateY(1px); width: 12.5px; flex-grow: 0; margin-right: 14px; margin-left: 2px;\"><\/div>\n<div style=\"background-color: #f4f4f4; border-radius: 50%; height: 12.5px; width: 12.5px; transform: translateX(9px) translateY(-18px);\"><\/div>\n<\/div>\n<div style=\"margin-left: 8px;\">\n<div style=\"background-color: #f4f4f4; border-radius: 50%; flex-grow: 0; height: 20px; width: 20px;\"><\/div>\n<div style=\"width: 0; height: 0; border-top: 2px solid transparent; border-left: 6px solid #f4f4f4; border-bottom: 2px solid transparent; transform: translateX(16px) translateY(-4px) rotate(30deg);\"><\/div>\n<\/div>\n<div style=\"margin-left: auto;\">\n<div style=\"width: 0px; border-top: 8px solid #F4F4F4; border-right: 8px solid transparent; transform: translateY(16px);\"><\/div>\n<div style=\"background-color: #f4f4f4; flex-grow: 0; height: 12px; width: 16px; transform: translateY(-4px);\"><\/div>\n<div style=\"width: 0; height: 0; border-top: 8px solid #F4F4F4; border-left: 8px solid transparent; transform: translateY(-4px) translateX(8px);\"><\/div>\n<\/div>\n<\/div>\n<div style=\"display: flex; flex-direction: column; flex-grow: 1; justify-content: center; margin-bottom: 24px;\">\n<div style=\"background-color: #f4f4f4; border-radius: 4px; flex-grow: 0; height: 14px; margin-bottom: 6px; width: 224px;\"><\/div>\n<div style=\"background-color: #f4f4f4; border-radius: 4px; flex-grow: 0; height: 14px; width: 144px;\"><\/div>\n<\/div>\n<p>&nbsp;<\/p>\n<p style=\"color: #c9c8cd; font-family: Arial,sans-serif; font-size: 14px; line-height: 17px; margin-bottom: 0; margin-top: 8px; overflow: hidden; padding: 8px 0 7px; text-align: center; text-overflow: ellipsis; white-space: nowrap;\"><a style=\"color: #c9c8cd; font-family: Arial,sans-serif; font-size: 14px; font-style: normal; font-weight: normal; line-height: 17px; text-decoration: none;\" href=\"https:\/\/www.instagram.com\/reel\/DNg4tTjx08l\/?utm_source=ig_embed&amp;utm_campaign=loading\" target=\"_blank\" rel=\"noopener\">Uma publica\u00e7\u00e3o compartilhada por Djamila Ribeiro (@djamilaribeiro1)<\/a><\/p>\n<\/div>\n<\/blockquote>\n<p><script async src=\"\/\/www.instagram.com\/embed.js\"><\/script><\/p>\n<blockquote class=\"instagram-media\" style=\"background: #FFF; border: 0; border-radius: 3px; box-shadow: 0 0 1px 0 rgba(0,0,0,0.5),0 1px 10px 0 rgba(0,0,0,0.15); margin: 1px; max-width: 540px; min-width: 326px; padding: 0; width: calc(100% - 2px);\" data-instgrm-captioned=\"\" data-instgrm-permalink=\"https:\/\/www.instagram.com\/p\/DNiqhTEtN-Q\/?utm_source=ig_embed&amp;utm_campaign=loading\" data-instgrm-version=\"14\">\n<div style=\"padding: 16px;\">\n<p>&nbsp;<\/p>\n<div style=\"display: flex; flex-direction: row; align-items: center;\">\n<div style=\"background-color: #f4f4f4; border-radius: 50%; flex-grow: 0; height: 40px; margin-right: 14px; width: 40px;\"><\/div>\n<div style=\"display: flex; flex-direction: column; flex-grow: 1; justify-content: center;\">\n<div style=\"background-color: #f4f4f4; border-radius: 4px; flex-grow: 0; height: 14px; margin-bottom: 6px; width: 100px;\"><\/div>\n<div style=\"background-color: #f4f4f4; border-radius: 4px; flex-grow: 0; height: 14px; width: 60px;\"><\/div>\n<\/div>\n<\/div>\n<div style=\"padding: 19% 0;\"><\/div>\n<div style=\"display: block; height: 50px; margin: 0 auto 12px; width: 50px;\"><\/div>\n<div style=\"padding-top: 8px;\">\n<div style=\"color: #3897f0; font-family: Arial,sans-serif; font-size: 14px; font-style: normal; font-weight: 550; line-height: 18px;\">Ver essa foto no Instagram<\/div>\n<\/div>\n<div style=\"padding: 12.5% 0;\"><\/div>\n<div style=\"display: flex; flex-direction: row; margin-bottom: 14px; align-items: center;\">\n<div>\n<div style=\"background-color: #f4f4f4; border-radius: 50%; height: 12.5px; width: 12.5px; transform: translateX(0px) translateY(7px);\"><\/div>\n<div style=\"background-color: #f4f4f4; height: 12.5px; transform: rotate(-45deg) translateX(3px) translateY(1px); width: 12.5px; flex-grow: 0; margin-right: 14px; margin-left: 2px;\"><\/div>\n<div style=\"background-color: #f4f4f4; border-radius: 50%; height: 12.5px; width: 12.5px; transform: translateX(9px) translateY(-18px);\"><\/div>\n<\/div>\n<div style=\"margin-left: 8px;\">\n<div style=\"background-color: #f4f4f4; border-radius: 50%; flex-grow: 0; height: 20px; width: 20px;\"><\/div>\n<div style=\"width: 0; height: 0; border-top: 2px solid transparent; border-left: 6px solid #f4f4f4; border-bottom: 2px solid transparent; transform: translateX(16px) translateY(-4px) rotate(30deg);\"><\/div>\n<\/div>\n<div style=\"margin-left: auto;\">\n<div style=\"width: 0px; border-top: 8px solid #F4F4F4; border-right: 8px solid transparent; transform: translateY(16px);\"><\/div>\n<div style=\"background-color: #f4f4f4; flex-grow: 0; height: 12px; width: 16px; transform: translateY(-4px);\"><\/div>\n<div style=\"width: 0; height: 0; border-top: 8px solid #F4F4F4; border-left: 8px solid transparent; transform: translateY(-4px) translateX(8px);\"><\/div>\n<\/div>\n<\/div>\n<div style=\"display: flex; flex-direction: column; flex-grow: 1; justify-content: center; margin-bottom: 24px;\">\n<div style=\"background-color: #f4f4f4; border-radius: 4px; flex-grow: 0; height: 14px; margin-bottom: 6px; width: 224px;\"><\/div>\n<div style=\"background-color: #f4f4f4; border-radius: 4px; flex-grow: 0; height: 14px; width: 144px;\"><\/div>\n<\/div>\n<p>&nbsp;<\/p>\n<p style=\"color: #c9c8cd; font-family: Arial,sans-serif; font-size: 14px; line-height: 17px; margin-bottom: 0; margin-top: 8px; overflow: hidden; padding: 8px 0 7px; text-align: center; text-overflow: ellipsis; white-space: nowrap;\"><a style=\"color: #c9c8cd; font-family: Arial,sans-serif; font-size: 14px; font-style: normal; font-weight: normal; line-height: 17px; text-decoration: none;\" href=\"https:\/\/www.instagram.com\/p\/DNiqhTEtN-Q\/?utm_source=ig_embed&amp;utm_campaign=loading\" target=\"_blank\" rel=\"noopener\">Uma publica\u00e7\u00e3o compartilhada por Djamila Ribeiro (@djamilaribeiro1)<\/a><\/p>\n<\/div>\n<\/blockquote>\n<p><script async src=\"\/\/www.instagram.com\/embed.js\"><\/script><\/p>\n<p><strong>Content translated with the assistance of AI.<\/strong><\/p>\n","protected":false},"excerpt":{"rendered":"<p>The Combinando Palavras (\u201cCombining Words\u201d) project marked the presence of Professor Djamila Ribeiro at the 24th edition of the Ribeir\u00e3o Preto International Book Fair (FIL), held in the state of S\u00e3o Paulo from August 16 to 24. On August 18, hundreds of public school students from five municipalities in the region gathered at Theatro Dom [&hellip;]<\/p>\n","protected":false},"author":1,"featured_media":4156,"comment_status":"open","ping_status":"open","sticky":false,"template":"","format":"standard","meta":{"inline_featured_image":false},"categories":[2],"tags":[1274,590,129,1277,1233,1254,1253,239,723,1276,1259,1275],"acf":[],"yoast_head":"<!-- This site is optimized with the Yoast SEO plugin v20.5 - https:\/\/yoast.com\/wordpress\/plugins\/seo\/ -->\n<title>Project Combinando Palavras connects Djamila Ribeiro\u2019s work with public school students in S\u00e3o Paulo state - Djamila Ribeiro<\/title>\n<meta name=\"description\" content=\"Students performed songs, dances, and artistic projects inspired by Djamila Ribeiro\u2019s books, as she was honored at FIL 2025.\" \/>\n<meta name=\"robots\" content=\"index, follow, max-snippet:-1, max-image-preview:large, max-video-preview:-1\" \/>\n<link rel=\"canonical\" href=\"https:\/\/www.djamilaribeiro.com.br\/en\/project-combinando-palavras-connects-djamila-ribeiros-work-with-public-school-students-in-sao-paulo-state\/\" \/>\n<meta property=\"og:locale\" content=\"en_US\" \/>\n<meta property=\"og:type\" content=\"article\" \/>\n<meta property=\"og:title\" content=\"Project Combinando Palavras connects Djamila Ribeiro\u2019s work with public school students in S\u00e3o Paulo state - Djamila Ribeiro\" \/>\n<meta property=\"og:description\" content=\"Students performed songs, dances, and artistic projects inspired by Djamila Ribeiro\u2019s books, as she was honored at FIL 2025.\" \/>\n<meta property=\"og:url\" content=\"https:\/\/www.djamilaribeiro.com.br\/en\/project-combinando-palavras-connects-djamila-ribeiros-work-with-public-school-students-in-sao-paulo-state\/\" \/>\n<meta property=\"og:site_name\" content=\"Djamila Ribeiro\" \/>\n<meta property=\"article:published_time\" content=\"2025-08-25T13:28:36+00:00\" \/>\n<meta property=\"article:modified_time\" content=\"2025-08-25T13:37:02+00:00\" \/>\n<meta property=\"og:image\" content=\"https:\/\/www.djamilaribeiro.com.br\/wp-content\/uploads\/2025\/08\/Combinando-2.jpg\" \/>\n\t<meta property=\"og:image:width\" content=\"1080\" \/>\n\t<meta property=\"og:image:height\" content=\"1068\" \/>\n\t<meta property=\"og:image:type\" content=\"image\/jpeg\" \/>\n<meta name=\"author\" content=\"Reda\u00e7\u00e3o\" \/>\n<meta name=\"twitter:card\" content=\"summary_large_image\" \/>\n<meta name=\"twitter:label1\" content=\"Written by\" \/>\n\t<meta name=\"twitter:data1\" content=\"Reda\u00e7\u00e3o\" \/>\n\t<meta name=\"twitter:label2\" content=\"Est. reading time\" \/>\n\t<meta name=\"twitter:data2\" content=\"3 minutes\" \/>\n<script type=\"application\/ld+json\" class=\"yoast-schema-graph\">{\"@context\":\"https:\/\/schema.org\",\"@graph\":[{\"@type\":\"WebPage\",\"@id\":\"https:\/\/www.djamilaribeiro.com.br\/en\/project-combinando-palavras-connects-djamila-ribeiros-work-with-public-school-students-in-sao-paulo-state\/\",\"url\":\"https:\/\/www.djamilaribeiro.com.br\/en\/project-combinando-palavras-connects-djamila-ribeiros-work-with-public-school-students-in-sao-paulo-state\/\",\"name\":\"Project Combinando Palavras connects Djamila Ribeiro\u2019s work with public school students in S\u00e3o Paulo state - Djamila Ribeiro\",\"isPartOf\":{\"@id\":\"https:\/\/www.djamilaribeiro.com.br\/#website\"},\"datePublished\":\"2025-08-25T13:28:36+00:00\",\"dateModified\":\"2025-08-25T13:37:02+00:00\",\"author\":{\"@id\":\"https:\/\/www.djamilaribeiro.com.br\/#\/schema\/person\/a928f404cf733e4c62686bedd437b9ee\"},\"description\":\"Students performed songs, dances, and artistic projects inspired by Djamila Ribeiro\u2019s books, as she was honored at FIL 2025.\",\"breadcrumb\":{\"@id\":\"https:\/\/www.djamilaribeiro.com.br\/en\/project-combinando-palavras-connects-djamila-ribeiros-work-with-public-school-students-in-sao-paulo-state\/#breadcrumb\"},\"inLanguage\":\"en-US\",\"potentialAction\":[{\"@type\":\"ReadAction\",\"target\":[\"https:\/\/www.djamilaribeiro.com.br\/en\/project-combinando-palavras-connects-djamila-ribeiros-work-with-public-school-students-in-sao-paulo-state\/\"]}]},{\"@type\":\"BreadcrumbList\",\"@id\":\"https:\/\/www.djamilaribeiro.com.br\/en\/project-combinando-palavras-connects-djamila-ribeiros-work-with-public-school-students-in-sao-paulo-state\/#breadcrumb\",\"itemListElement\":[{\"@type\":\"ListItem\",\"position\":1,\"name\":\"In\u00edcio\",\"item\":\"https:\/\/www.djamilaribeiro.com.br\/en\/\"},{\"@type\":\"ListItem\",\"position\":2,\"name\":\"Project Combinando Palavras connects Djamila Ribeiro\u2019s work with public school students in S\u00e3o Paulo state\"}]},{\"@type\":\"WebSite\",\"@id\":\"https:\/\/www.djamilaribeiro.com.br\/#website\",\"url\":\"https:\/\/www.djamilaribeiro.com.br\/\",\"name\":\"Djamila Ribeiro\",\"description\":\"\",\"potentialAction\":[{\"@type\":\"SearchAction\",\"target\":{\"@type\":\"EntryPoint\",\"urlTemplate\":\"https:\/\/www.djamilaribeiro.com.br\/?s={search_term_string}\"},\"query-input\":\"required name=search_term_string\"}],\"inLanguage\":\"en-US\"},{\"@type\":\"Person\",\"@id\":\"https:\/\/www.djamilaribeiro.com.br\/#\/schema\/person\/a928f404cf733e4c62686bedd437b9ee\",\"name\":\"Reda\u00e7\u00e3o\",\"image\":{\"@type\":\"ImageObject\",\"inLanguage\":\"en-US\",\"@id\":\"https:\/\/www.djamilaribeiro.com.br\/#\/schema\/person\/image\/\",\"url\":\"https:\/\/secure.gravatar.com\/avatar\/e22ea52208b383d899430021cb4ecf26?s=96&d=mm&r=g\",\"contentUrl\":\"https:\/\/secure.gravatar.com\/avatar\/e22ea52208b383d899430021cb4ecf26?s=96&d=mm&r=g\",\"caption\":\"Reda\u00e7\u00e3o\"},\"sameAs\":[\"https:\/\/localhost\"],\"url\":\"https:\/\/www.djamilaribeiro.com.br\/en\/author\/djamila\/\"}]}<\/script>\n<!-- \/ Yoast SEO plugin. -->","yoast_head_json":{"title":"Project Combinando Palavras connects Djamila Ribeiro\u2019s work with public school students in S\u00e3o Paulo state - Djamila Ribeiro","description":"Students performed songs, dances, and artistic projects inspired by Djamila Ribeiro\u2019s books, as she was honored at FIL 2025.","robots":{"index":"index","follow":"follow","max-snippet":"max-snippet:-1","max-image-preview":"max-image-preview:large","max-video-preview":"max-video-preview:-1"},"canonical":"https:\/\/www.djamilaribeiro.com.br\/en\/project-combinando-palavras-connects-djamila-ribeiros-work-with-public-school-students-in-sao-paulo-state\/","og_locale":"en_US","og_type":"article","og_title":"Project Combinando Palavras connects Djamila Ribeiro\u2019s work with public school students in S\u00e3o Paulo state - Djamila Ribeiro","og_description":"Students performed songs, dances, and artistic projects inspired by Djamila Ribeiro\u2019s books, as she was honored at FIL 2025.","og_url":"https:\/\/www.djamilaribeiro.com.br\/en\/project-combinando-palavras-connects-djamila-ribeiros-work-with-public-school-students-in-sao-paulo-state\/","og_site_name":"Djamila Ribeiro","article_published_time":"2025-08-25T13:28:36+00:00","article_modified_time":"2025-08-25T13:37:02+00:00","og_image":[{"width":1080,"height":1068,"url":"https:\/\/www.djamilaribeiro.com.br\/wp-content\/uploads\/2025\/08\/Combinando-2.jpg","type":"image\/jpeg"}],"author":"Reda\u00e7\u00e3o","twitter_card":"summary_large_image","twitter_misc":{"Written by":"Reda\u00e7\u00e3o","Est. reading time":"3 minutes"},"schema":{"@context":"https:\/\/schema.org","@graph":[{"@type":"WebPage","@id":"https:\/\/www.djamilaribeiro.com.br\/en\/project-combinando-palavras-connects-djamila-ribeiros-work-with-public-school-students-in-sao-paulo-state\/","url":"https:\/\/www.djamilaribeiro.com.br\/en\/project-combinando-palavras-connects-djamila-ribeiros-work-with-public-school-students-in-sao-paulo-state\/","name":"Project Combinando Palavras connects Djamila Ribeiro\u2019s work with public school students in S\u00e3o Paulo state - Djamila Ribeiro","isPartOf":{"@id":"https:\/\/www.djamilaribeiro.com.br\/#website"},"datePublished":"2025-08-25T13:28:36+00:00","dateModified":"2025-08-25T13:37:02+00:00","author":{"@id":"https:\/\/www.djamilaribeiro.com.br\/#\/schema\/person\/a928f404cf733e4c62686bedd437b9ee"},"description":"Students performed songs, dances, and artistic projects inspired by Djamila Ribeiro\u2019s books, as she was honored at FIL 2025.","breadcrumb":{"@id":"https:\/\/www.djamilaribeiro.com.br\/en\/project-combinando-palavras-connects-djamila-ribeiros-work-with-public-school-students-in-sao-paulo-state\/#breadcrumb"},"inLanguage":"en-US","potentialAction":[{"@type":"ReadAction","target":["https:\/\/www.djamilaribeiro.com.br\/en\/project-combinando-palavras-connects-djamila-ribeiros-work-with-public-school-students-in-sao-paulo-state\/"]}]},{"@type":"BreadcrumbList","@id":"https:\/\/www.djamilaribeiro.com.br\/en\/project-combinando-palavras-connects-djamila-ribeiros-work-with-public-school-students-in-sao-paulo-state\/#breadcrumb","itemListElement":[{"@type":"ListItem","position":1,"name":"In\u00edcio","item":"https:\/\/www.djamilaribeiro.com.br\/en\/"},{"@type":"ListItem","position":2,"name":"Project Combinando Palavras connects Djamila Ribeiro\u2019s work with public school students in S\u00e3o Paulo state"}]},{"@type":"WebSite","@id":"https:\/\/www.djamilaribeiro.com.br\/#website","url":"https:\/\/www.djamilaribeiro.com.br\/","name":"Djamila Ribeiro","description":"","potentialAction":[{"@type":"SearchAction","target":{"@type":"EntryPoint","urlTemplate":"https:\/\/www.djamilaribeiro.com.br\/?s={search_term_string}"},"query-input":"required name=search_term_string"}],"inLanguage":"en-US"},{"@type":"Person","@id":"https:\/\/www.djamilaribeiro.com.br\/#\/schema\/person\/a928f404cf733e4c62686bedd437b9ee","name":"Reda\u00e7\u00e3o","image":{"@type":"ImageObject","inLanguage":"en-US","@id":"https:\/\/www.djamilaribeiro.com.br\/#\/schema\/person\/image\/","url":"https:\/\/secure.gravatar.com\/avatar\/e22ea52208b383d899430021cb4ecf26?s=96&d=mm&r=g","contentUrl":"https:\/\/secure.gravatar.com\/avatar\/e22ea52208b383d899430021cb4ecf26?s=96&d=mm&r=g","caption":"Reda\u00e7\u00e3o"},"sameAs":["https:\/\/localhost"],"url":"https:\/\/www.djamilaribeiro.com.br\/en\/author\/djamila\/"}]}},"amp_enabled":true,"_links":{"self":[{"href":"https:\/\/www.djamilaribeiro.com.br\/en\/wp-json\/wp\/v2\/posts\/4163"}],"collection":[{"href":"https:\/\/www.djamilaribeiro.com.br\/en\/wp-json\/wp\/v2\/posts"}],"about":[{"href":"https:\/\/www.djamilaribeiro.com.br\/en\/wp-json\/wp\/v2\/types\/post"}],"author":[{"embeddable":true,"href":"https:\/\/www.djamilaribeiro.com.br\/en\/wp-json\/wp\/v2\/users\/1"}],"replies":[{"embeddable":true,"href":"https:\/\/www.djamilaribeiro.com.br\/en\/wp-json\/wp\/v2\/comments?post=4163"}],"version-history":[{"count":1,"href":"https:\/\/www.djamilaribeiro.com.br\/en\/wp-json\/wp\/v2\/posts\/4163\/revisions"}],"predecessor-version":[{"id":4169,"href":"https:\/\/www.djamilaribeiro.com.br\/en\/wp-json\/wp\/v2\/posts\/4163\/revisions\/4169"}],"wp:featuredmedia":[{"embeddable":true,"href":"https:\/\/www.djamilaribeiro.com.br\/en\/wp-json\/wp\/v2\/media\/4156"}],"wp:attachment":[{"href":"https:\/\/www.djamilaribeiro.com.br\/en\/wp-json\/wp\/v2\/media?parent=4163"}],"wp:term":[{"taxonomy":"category","embeddable":true,"href":"https:\/\/www.djamilaribeiro.com.br\/en\/wp-json\/wp\/v2\/categories?post=4163"},{"taxonomy":"post_tag","embeddable":true,"href":"https:\/\/www.djamilaribeiro.com.br\/en\/wp-json\/wp\/v2\/tags?post=4163"}],"curies":[{"name":"wp","href":"https:\/\/api.w.org\/{rel}","templated":true}]}}