{"id":4185,"date":"2025-08-29T11:47:36","date_gmt":"2025-08-29T14:47:36","guid":{"rendered":"https:\/\/www.djamilaribeiro.com.br\/?p=4185"},"modified":"2025-08-29T12:24:08","modified_gmt":"2025-08-29T15:24:08","slug":"where-we-stand-gains-recognition-in-south-africa-during-the-month-that-marks-black-womens-struggle-against-apartheid","status":"publish","type":"post","link":"https:\/\/www.djamilaribeiro.com.br\/en\/where-we-stand-gains-recognition-in-south-africa-during-the-month-that-marks-black-womens-struggle-against-apartheid\/","title":{"rendered":"\u201cWhere We Stand\u201d gains recognition in South Africa during the month that marks Black women\u2019s struggle against apartheid"},"content":{"rendered":"<p data-start=\"382\" data-end=\"710\"><em>Where We Stand<\/em>, the English edition of Lugar de Fala (Place of Speech), received wide recognition this week in South Africa with three reviews published in the country. Two appeared in major newspapers \u2014 the <em data-start=\"598\" data-end=\"612\">Sunday Times<\/em> and the <em data-start=\"621\" data-end=\"637\">Daily Maverick<\/em> \u2014 and the third was featured on the literary podcast <em data-start=\"691\" data-end=\"707\">Cheeky Natives<\/em>.<\/p>\n<p data-start=\"712\" data-end=\"935\">The recognition came in August, during South Africa\u2019s Women\u2019s Month \u2014 a period dedicated to honoring Black women who led historic struggles against apartheid and who remain central in debates on race, gender, and justice.<\/p>\n<p data-start=\"937\" data-end=\"1161\">\u201cI am very happy to see my book engaged in this special context, in a country with such a strong tradition of Black women\u2019s struggle and critical reflection on race, gender, and justice,\u201d Djamila wrote on her social media.<\/p>\n<p data-start=\"1163\" data-end=\"1505\">The Brazilian philosopher had already made history in June, during her international tour, when she launched <em data-start=\"1272\" data-end=\"1288\">Where We Stand<\/em> at Wits University in Johannesburg. It was the first time a Brazilian author had launched a book in the country \u2014 a symbolic gesture that reinforces the strength of cultural bridges between Brazil and South Africa.<\/p>\n<p data-start=\"1507\" data-end=\"1790\">Published by Yale University Press and distributed in South Africa by Jonathan Ball Publishers, the book is already available in major bookstores across the country. The initiative also counted on the support of the Embassy of Brazil in Pretoria, a long-time partner of the author.<\/p>\n<p data-start=\"1792\" data-end=\"2247\">The circulation of <em data-start=\"1811\" data-end=\"1827\">Where We Stand<\/em> in South Africa reiterates the importance of transnational dialogues among the experiences of Black women. Just as in Brazil, where Ribeiro emphasizes in <em data-start=\"1982\" data-end=\"1997\">Lugar de Fala<\/em> the centrality of historically silenced voices, in South Africa her work resonates with an intellectual and political tradition that includes figures such as Albertina Sisulu, Winnie Mandela, and other women who defied the racist apartheid system.<\/p>\n<p data-start=\"2249\" data-end=\"2591\">For Djamila, the reception of the book in South Africa reinforces the international reach of Black intellectual production. \u201cBrazil and South Africa have much to share. I hope to return soon and I leave my gratitude to Yale University Press, Jonathan Ball Publishers, and the Embassy of Brazil in Pretoria for their support,\u201d she concluded.<\/p>\n<blockquote class=\"instagram-media\" style=\"background: #FFF; border: 0; border-radius: 3px; box-shadow: 0 0 1px 0 rgba(0,0,0,0.5),0 1px 10px 0 rgba(0,0,0,0.15); margin: 1px; max-width: 540px; min-width: 326px; padding: 0; width: calc(100% - 2px);\" data-instgrm-captioned=\"\" data-instgrm-permalink=\"https:\/\/www.instagram.com\/p\/DNtKp-kYncl\/?utm_source=ig_embed&amp;utm_campaign=loading\" data-instgrm-version=\"14\">\n<div style=\"padding: 16px;\">\n<p>&nbsp;<\/p>\n<div style=\"display: flex; flex-direction: row; align-items: center;\">\n<div style=\"background-color: #f4f4f4; border-radius: 50%; flex-grow: 0; height: 40px; margin-right: 14px; width: 40px;\"><\/div>\n<div style=\"display: flex; flex-direction: column; flex-grow: 1; justify-content: center;\">\n<div style=\"background-color: #f4f4f4; border-radius: 4px; flex-grow: 0; height: 14px; margin-bottom: 6px; width: 100px;\"><\/div>\n<div style=\"background-color: #f4f4f4; border-radius: 4px; flex-grow: 0; height: 14px; width: 60px;\"><\/div>\n<\/div>\n<\/div>\n<div style=\"padding: 19% 0;\"><\/div>\n<div style=\"display: block; height: 50px; margin: 0 auto 12px; width: 50px;\"><\/div>\n<div style=\"padding-top: 8px;\">\n<div style=\"color: #3897f0; font-family: Arial,sans-serif; font-size: 14px; font-style: normal; font-weight: 550; line-height: 18px;\">Ver essa foto no Instagram<\/div>\n<\/div>\n<div style=\"padding: 12.5% 0;\"><\/div>\n<div style=\"display: flex; flex-direction: row; margin-bottom: 14px; align-items: center;\">\n<div>\n<div style=\"background-color: #f4f4f4; border-radius: 50%; height: 12.5px; width: 12.5px; transform: translateX(0px) translateY(7px);\"><\/div>\n<div style=\"background-color: #f4f4f4; height: 12.5px; transform: rotate(-45deg) translateX(3px) translateY(1px); width: 12.5px; flex-grow: 0; margin-right: 14px; margin-left: 2px;\"><\/div>\n<div style=\"background-color: #f4f4f4; border-radius: 50%; height: 12.5px; width: 12.5px; transform: translateX(9px) translateY(-18px);\"><\/div>\n<\/div>\n<div style=\"margin-left: 8px;\">\n<div style=\"background-color: #f4f4f4; border-radius: 50%; flex-grow: 0; height: 20px; width: 20px;\"><\/div>\n<div style=\"width: 0; height: 0; border-top: 2px solid transparent; border-left: 6px solid #f4f4f4; border-bottom: 2px solid transparent; transform: translateX(16px) translateY(-4px) rotate(30deg);\"><\/div>\n<\/div>\n<div style=\"margin-left: auto;\">\n<div style=\"width: 0px; border-top: 8px solid #F4F4F4; border-right: 8px solid transparent; transform: translateY(16px);\"><\/div>\n<div style=\"background-color: #f4f4f4; flex-grow: 0; height: 12px; width: 16px; transform: translateY(-4px);\"><\/div>\n<div style=\"width: 0; height: 0; border-top: 8px solid #F4F4F4; border-left: 8px solid transparent; transform: translateY(-4px) translateX(8px);\"><\/div>\n<\/div>\n<\/div>\n<div style=\"display: flex; flex-direction: column; flex-grow: 1; justify-content: center; margin-bottom: 24px;\">\n<div style=\"background-color: #f4f4f4; border-radius: 4px; flex-grow: 0; height: 14px; margin-bottom: 6px; width: 224px;\"><\/div>\n<div style=\"background-color: #f4f4f4; border-radius: 4px; flex-grow: 0; height: 14px; width: 144px;\"><\/div>\n<\/div>\n<p>&nbsp;<\/p>\n<p style=\"color: #c9c8cd; font-family: Arial,sans-serif; font-size: 14px; line-height: 17px; margin-bottom: 0; margin-top: 8px; overflow: hidden; padding: 8px 0 7px; text-align: center; text-overflow: ellipsis; white-space: nowrap;\"><a style=\"color: #c9c8cd; font-family: Arial,sans-serif; font-size: 14px; font-style: normal; font-weight: normal; line-height: 17px; text-decoration: none;\" href=\"https:\/\/www.instagram.com\/p\/DNtKp-kYncl\/?utm_source=ig_embed&amp;utm_campaign=loading\" target=\"_blank\" rel=\"noopener\">Uma publica\u00e7\u00e3o compartilhada por Djamila Ribeiro (@djamilaribeiro1)<\/a><\/p>\n<\/div>\n<\/blockquote>\n<p><script async src=\"\/\/www.instagram.com\/embed.js\"><\/script><\/p>\n<p data-start=\"2249\" data-end=\"2591\"><strong>Content translated with the assistance of AI.<\/strong><\/p>\n","protected":false},"excerpt":{"rendered":"<p>Where We Stand, the English edition of Lugar de Fala (Place of Speech), received wide recognition this week in South Africa with three reviews published in the country. Two appeared in major newspapers \u2014 the Sunday Times and the Daily Maverick \u2014 and the third was featured on the literary podcast Cheeky Natives. The recognition [&hellip;]<\/p>\n","protected":false},"author":1,"featured_media":4179,"comment_status":"open","ping_status":"open","sticky":false,"template":"","format":"standard","meta":{"inline_featured_image":false},"categories":[2],"tags":[129,1291,1290,1287,958,239,1019,1289,238,1025,1288,150],"acf":[],"yoast_head":"<!-- This site is optimized with the Yoast SEO plugin v20.5 - https:\/\/yoast.com\/wordpress\/plugins\/seo\/ -->\n<title>\u201cWhere We Stand\u201d gains recognition in South Africa during the month that marks Black women\u2019s struggle against apartheid - Djamila Ribeiro<\/title>\n<meta name=\"description\" content=\"In South Africa\u2019s Women\u2019s Month, Djamila Ribeiro is featured in leading newspapers, reinforcing bridges between South America and Africa.\" \/>\n<meta name=\"robots\" content=\"index, follow, max-snippet:-1, max-image-preview:large, max-video-preview:-1\" \/>\n<link rel=\"canonical\" href=\"https:\/\/www.djamilaribeiro.com.br\/en\/where-we-stand-gains-recognition-in-south-africa-during-the-month-that-marks-black-womens-struggle-against-apartheid\/\" \/>\n<meta property=\"og:locale\" content=\"en_US\" \/>\n<meta property=\"og:type\" content=\"article\" \/>\n<meta property=\"og:title\" content=\"\u201cWhere We Stand\u201d gains recognition in South Africa during the month that marks Black women\u2019s struggle against apartheid - Djamila Ribeiro\" \/>\n<meta property=\"og:description\" content=\"In South Africa\u2019s Women\u2019s Month, Djamila Ribeiro is featured in leading newspapers, reinforcing bridges between South America and Africa.\" \/>\n<meta property=\"og:url\" content=\"https:\/\/www.djamilaribeiro.com.br\/en\/where-we-stand-gains-recognition-in-south-africa-during-the-month-that-marks-black-womens-struggle-against-apartheid\/\" \/>\n<meta property=\"og:site_name\" content=\"Djamila Ribeiro\" \/>\n<meta property=\"article:published_time\" content=\"2025-08-29T14:47:36+00:00\" \/>\n<meta property=\"article:modified_time\" content=\"2025-08-29T15:24:08+00:00\" \/>\n<meta property=\"og:image\" content=\"https:\/\/www.djamilaribeiro.com.br\/wp-content\/uploads\/2025\/08\/africa-1.jpg\" \/>\n\t<meta property=\"og:image:width\" content=\"1080\" \/>\n\t<meta property=\"og:image:height\" content=\"1201\" \/>\n\t<meta property=\"og:image:type\" content=\"image\/jpeg\" \/>\n<meta name=\"author\" content=\"Reda\u00e7\u00e3o\" \/>\n<meta name=\"twitter:card\" content=\"summary_large_image\" \/>\n<meta name=\"twitter:label1\" content=\"Written by\" \/>\n\t<meta name=\"twitter:data1\" content=\"Reda\u00e7\u00e3o\" \/>\n\t<meta name=\"twitter:label2\" content=\"Est. reading time\" \/>\n\t<meta name=\"twitter:data2\" content=\"2 minutes\" \/>\n<script type=\"application\/ld+json\" class=\"yoast-schema-graph\">{\"@context\":\"https:\/\/schema.org\",\"@graph\":[{\"@type\":\"WebPage\",\"@id\":\"https:\/\/www.djamilaribeiro.com.br\/en\/where-we-stand-gains-recognition-in-south-africa-during-the-month-that-marks-black-womens-struggle-against-apartheid\/\",\"url\":\"https:\/\/www.djamilaribeiro.com.br\/en\/where-we-stand-gains-recognition-in-south-africa-during-the-month-that-marks-black-womens-struggle-against-apartheid\/\",\"name\":\"\u201cWhere We Stand\u201d gains recognition in South Africa during the month that marks Black women\u2019s struggle against apartheid - Djamila Ribeiro\",\"isPartOf\":{\"@id\":\"https:\/\/www.djamilaribeiro.com.br\/#website\"},\"datePublished\":\"2025-08-29T14:47:36+00:00\",\"dateModified\":\"2025-08-29T15:24:08+00:00\",\"author\":{\"@id\":\"https:\/\/www.djamilaribeiro.com.br\/#\/schema\/person\/a928f404cf733e4c62686bedd437b9ee\"},\"description\":\"In South Africa\u2019s Women\u2019s Month, Djamila Ribeiro is featured in leading newspapers, reinforcing bridges between South America and Africa.\",\"breadcrumb\":{\"@id\":\"https:\/\/www.djamilaribeiro.com.br\/en\/where-we-stand-gains-recognition-in-south-africa-during-the-month-that-marks-black-womens-struggle-against-apartheid\/#breadcrumb\"},\"inLanguage\":\"en-US\",\"potentialAction\":[{\"@type\":\"ReadAction\",\"target\":[\"https:\/\/www.djamilaribeiro.com.br\/en\/where-we-stand-gains-recognition-in-south-africa-during-the-month-that-marks-black-womens-struggle-against-apartheid\/\"]}]},{\"@type\":\"BreadcrumbList\",\"@id\":\"https:\/\/www.djamilaribeiro.com.br\/en\/where-we-stand-gains-recognition-in-south-africa-during-the-month-that-marks-black-womens-struggle-against-apartheid\/#breadcrumb\",\"itemListElement\":[{\"@type\":\"ListItem\",\"position\":1,\"name\":\"In\u00edcio\",\"item\":\"https:\/\/www.djamilaribeiro.com.br\/en\/\"},{\"@type\":\"ListItem\",\"position\":2,\"name\":\"\u201cWhere We Stand\u201d gains recognition in South Africa during the month that marks Black women\u2019s struggle against apartheid\"}]},{\"@type\":\"WebSite\",\"@id\":\"https:\/\/www.djamilaribeiro.com.br\/#website\",\"url\":\"https:\/\/www.djamilaribeiro.com.br\/\",\"name\":\"Djamila Ribeiro\",\"description\":\"\",\"potentialAction\":[{\"@type\":\"SearchAction\",\"target\":{\"@type\":\"EntryPoint\",\"urlTemplate\":\"https:\/\/www.djamilaribeiro.com.br\/?s={search_term_string}\"},\"query-input\":\"required name=search_term_string\"}],\"inLanguage\":\"en-US\"},{\"@type\":\"Person\",\"@id\":\"https:\/\/www.djamilaribeiro.com.br\/#\/schema\/person\/a928f404cf733e4c62686bedd437b9ee\",\"name\":\"Reda\u00e7\u00e3o\",\"image\":{\"@type\":\"ImageObject\",\"inLanguage\":\"en-US\",\"@id\":\"https:\/\/www.djamilaribeiro.com.br\/#\/schema\/person\/image\/\",\"url\":\"https:\/\/secure.gravatar.com\/avatar\/e22ea52208b383d899430021cb4ecf26?s=96&d=mm&r=g\",\"contentUrl\":\"https:\/\/secure.gravatar.com\/avatar\/e22ea52208b383d899430021cb4ecf26?s=96&d=mm&r=g\",\"caption\":\"Reda\u00e7\u00e3o\"},\"sameAs\":[\"https:\/\/localhost\"],\"url\":\"https:\/\/www.djamilaribeiro.com.br\/en\/author\/djamila\/\"}]}<\/script>\n<!-- \/ Yoast SEO plugin. -->","yoast_head_json":{"title":"\u201cWhere We Stand\u201d gains recognition in South Africa during the month that marks Black women\u2019s struggle against apartheid - Djamila Ribeiro","description":"In South Africa\u2019s Women\u2019s Month, Djamila Ribeiro is featured in leading newspapers, reinforcing bridges between South America and Africa.","robots":{"index":"index","follow":"follow","max-snippet":"max-snippet:-1","max-image-preview":"max-image-preview:large","max-video-preview":"max-video-preview:-1"},"canonical":"https:\/\/www.djamilaribeiro.com.br\/en\/where-we-stand-gains-recognition-in-south-africa-during-the-month-that-marks-black-womens-struggle-against-apartheid\/","og_locale":"en_US","og_type":"article","og_title":"\u201cWhere We Stand\u201d gains recognition in South Africa during the month that marks Black women\u2019s struggle against apartheid - Djamila Ribeiro","og_description":"In South Africa\u2019s Women\u2019s Month, Djamila Ribeiro is featured in leading newspapers, reinforcing bridges between South America and Africa.","og_url":"https:\/\/www.djamilaribeiro.com.br\/en\/where-we-stand-gains-recognition-in-south-africa-during-the-month-that-marks-black-womens-struggle-against-apartheid\/","og_site_name":"Djamila Ribeiro","article_published_time":"2025-08-29T14:47:36+00:00","article_modified_time":"2025-08-29T15:24:08+00:00","og_image":[{"width":1080,"height":1201,"url":"https:\/\/www.djamilaribeiro.com.br\/wp-content\/uploads\/2025\/08\/africa-1.jpg","type":"image\/jpeg"}],"author":"Reda\u00e7\u00e3o","twitter_card":"summary_large_image","twitter_misc":{"Written by":"Reda\u00e7\u00e3o","Est. reading time":"2 minutes"},"schema":{"@context":"https:\/\/schema.org","@graph":[{"@type":"WebPage","@id":"https:\/\/www.djamilaribeiro.com.br\/en\/where-we-stand-gains-recognition-in-south-africa-during-the-month-that-marks-black-womens-struggle-against-apartheid\/","url":"https:\/\/www.djamilaribeiro.com.br\/en\/where-we-stand-gains-recognition-in-south-africa-during-the-month-that-marks-black-womens-struggle-against-apartheid\/","name":"\u201cWhere We Stand\u201d gains recognition in South Africa during the month that marks Black women\u2019s struggle against apartheid - Djamila Ribeiro","isPartOf":{"@id":"https:\/\/www.djamilaribeiro.com.br\/#website"},"datePublished":"2025-08-29T14:47:36+00:00","dateModified":"2025-08-29T15:24:08+00:00","author":{"@id":"https:\/\/www.djamilaribeiro.com.br\/#\/schema\/person\/a928f404cf733e4c62686bedd437b9ee"},"description":"In South Africa\u2019s Women\u2019s Month, Djamila Ribeiro is featured in leading newspapers, reinforcing bridges between South America and Africa.","breadcrumb":{"@id":"https:\/\/www.djamilaribeiro.com.br\/en\/where-we-stand-gains-recognition-in-south-africa-during-the-month-that-marks-black-womens-struggle-against-apartheid\/#breadcrumb"},"inLanguage":"en-US","potentialAction":[{"@type":"ReadAction","target":["https:\/\/www.djamilaribeiro.com.br\/en\/where-we-stand-gains-recognition-in-south-africa-during-the-month-that-marks-black-womens-struggle-against-apartheid\/"]}]},{"@type":"BreadcrumbList","@id":"https:\/\/www.djamilaribeiro.com.br\/en\/where-we-stand-gains-recognition-in-south-africa-during-the-month-that-marks-black-womens-struggle-against-apartheid\/#breadcrumb","itemListElement":[{"@type":"ListItem","position":1,"name":"In\u00edcio","item":"https:\/\/www.djamilaribeiro.com.br\/en\/"},{"@type":"ListItem","position":2,"name":"\u201cWhere We Stand\u201d gains recognition in South Africa during the month that marks Black women\u2019s struggle against apartheid"}]},{"@type":"WebSite","@id":"https:\/\/www.djamilaribeiro.com.br\/#website","url":"https:\/\/www.djamilaribeiro.com.br\/","name":"Djamila Ribeiro","description":"","potentialAction":[{"@type":"SearchAction","target":{"@type":"EntryPoint","urlTemplate":"https:\/\/www.djamilaribeiro.com.br\/?s={search_term_string}"},"query-input":"required name=search_term_string"}],"inLanguage":"en-US"},{"@type":"Person","@id":"https:\/\/www.djamilaribeiro.com.br\/#\/schema\/person\/a928f404cf733e4c62686bedd437b9ee","name":"Reda\u00e7\u00e3o","image":{"@type":"ImageObject","inLanguage":"en-US","@id":"https:\/\/www.djamilaribeiro.com.br\/#\/schema\/person\/image\/","url":"https:\/\/secure.gravatar.com\/avatar\/e22ea52208b383d899430021cb4ecf26?s=96&d=mm&r=g","contentUrl":"https:\/\/secure.gravatar.com\/avatar\/e22ea52208b383d899430021cb4ecf26?s=96&d=mm&r=g","caption":"Reda\u00e7\u00e3o"},"sameAs":["https:\/\/localhost"],"url":"https:\/\/www.djamilaribeiro.com.br\/en\/author\/djamila\/"}]}},"amp_enabled":true,"_links":{"self":[{"href":"https:\/\/www.djamilaribeiro.com.br\/en\/wp-json\/wp\/v2\/posts\/4185"}],"collection":[{"href":"https:\/\/www.djamilaribeiro.com.br\/en\/wp-json\/wp\/v2\/posts"}],"about":[{"href":"https:\/\/www.djamilaribeiro.com.br\/en\/wp-json\/wp\/v2\/types\/post"}],"author":[{"embeddable":true,"href":"https:\/\/www.djamilaribeiro.com.br\/en\/wp-json\/wp\/v2\/users\/1"}],"replies":[{"embeddable":true,"href":"https:\/\/www.djamilaribeiro.com.br\/en\/wp-json\/wp\/v2\/comments?post=4185"}],"version-history":[{"count":3,"href":"https:\/\/www.djamilaribeiro.com.br\/en\/wp-json\/wp\/v2\/posts\/4185\/revisions"}],"predecessor-version":[{"id":4191,"href":"https:\/\/www.djamilaribeiro.com.br\/en\/wp-json\/wp\/v2\/posts\/4185\/revisions\/4191"}],"wp:featuredmedia":[{"embeddable":true,"href":"https:\/\/www.djamilaribeiro.com.br\/en\/wp-json\/wp\/v2\/media\/4179"}],"wp:attachment":[{"href":"https:\/\/www.djamilaribeiro.com.br\/en\/wp-json\/wp\/v2\/media?parent=4185"}],"wp:term":[{"taxonomy":"category","embeddable":true,"href":"https:\/\/www.djamilaribeiro.com.br\/en\/wp-json\/wp\/v2\/categories?post=4185"},{"taxonomy":"post_tag","embeddable":true,"href":"https:\/\/www.djamilaribeiro.com.br\/en\/wp-json\/wp\/v2\/tags?post=4185"}],"curies":[{"name":"wp","href":"https:\/\/api.w.org\/{rel}","templated":true}]}}