{"id":4384,"date":"2025-09-21T11:19:12","date_gmt":"2025-09-21T14:19:12","guid":{"rendered":"https:\/\/www.djamilaribeiro.com.br\/?p=4384"},"modified":"2025-10-06T22:20:37","modified_gmt":"2025-10-07T01:20:37","slug":"professor-djamila-ribeiro-opens-the-brazil-france-authorship-movement","status":"publish","type":"post","link":"https:\/\/www.djamilaribeiro.com.br\/en\/professor-djamila-ribeiro-opens-the-brazil-france-authorship-movement\/","title":{"rendered":"Professor Djamila Ribeiro Opens the Brazil-France Authorship Movement"},"content":{"rendered":"<p data-start=\"851\" data-end=\"1308\">On September 12, the <em data-start=\"872\" data-end=\"892\">Feminismos Plurais<\/em> venue in S\u00e3o Paulo hosted the launch of the <strong data-start=\"937\" data-end=\"974\">Brazil-France Authorship Movement (Movimento Autoral Brasil-Fran\u00e7a)<\/strong>, bringing together the public, diplomats, artists, and writers for a celebration of literature as a tool for cultural cooperation. <strong data-start=\"1106\" data-end=\"1135\">Professor Djamila Ribeiro<\/strong> shared the main panel with <strong data-start=\"1163\" data-end=\"1181\">Alexandra Mias<\/strong>, Consul General of France in S\u00e3o Paulo, in a conversation that highlighted writing as a bridge between voices and territories.<\/p>\n<p data-start=\"1310\" data-end=\"1712\">With free admission, Brazilian Sign Language (Libras) interpretation, and a welcoming atmosphere, the event gathered guests in the heart of Moema to officially kick off an initiative that seeks to strengthen the voice of authors through binational literary action. Representing the French Embassy, <strong data-start=\"1608\" data-end=\"1624\">Marion Loire<\/strong> emphasized the importance of this partnership in valuing diverse ideas and experiences.<\/p>\n<p data-start=\"1714\" data-end=\"2014\">One of the evening&#8217;s highlights was the speech by <strong data-start=\"1764\" data-end=\"1789\">Maria Carolina Casati<\/strong>, curator of the project\u2019s book club, who presented the club as a key pillar of the movement. It will serve as an ongoing space for critical reading, aiming to broaden repertoires and elevate historically silenced narratives.<\/p>\n<p data-start=\"2016\" data-end=\"2226\">The night also featured a musical performance by the duo <strong data-start=\"2073\" data-end=\"2113\">Beatriz Fran\u00e7a and Mariana Rodrigues<\/strong>. Guests were welcomed with special treats and gifted exclusive <strong data-start=\"2177\" data-end=\"2189\">eco-bags<\/strong> created especially for the occasion.<\/p>\n<p data-start=\"2016\" data-end=\"2226\"><em>*In the photo, the Consul General of France in S\u00e3o Paulo, Alexandra Mias, and the representative of the French Embassy, Marion Loire.<\/em><\/p>\n<blockquote class=\"instagram-media\" style=\"background: #FFF; border: 0; border-radius: 3px; box-shadow: 0 0 1px 0 rgba(0,0,0,0.5),0 1px 10px 0 rgba(0,0,0,0.15); margin: 1px; max-width: 540px; min-width: 326px; padding: 0; width: calc(100% - 2px);\" data-instgrm-captioned=\"\" data-instgrm-permalink=\"https:\/\/www.instagram.com\/p\/DOoFXe0jkB0\/?utm_source=ig_embed&amp;utm_campaign=loading\" data-instgrm-version=\"14\">\n<div style=\"padding: 16px;\">\n<p>&nbsp;<\/p>\n<div style=\"display: flex; flex-direction: row; align-items: center;\">\n<div style=\"background-color: #f4f4f4; border-radius: 50%; flex-grow: 0; height: 40px; margin-right: 14px; width: 40px;\"><\/div>\n<div style=\"display: flex; flex-direction: column; flex-grow: 1; justify-content: center;\">\n<div style=\"background-color: #f4f4f4; border-radius: 4px; flex-grow: 0; height: 14px; margin-bottom: 6px; width: 100px;\"><\/div>\n<div style=\"background-color: #f4f4f4; border-radius: 4px; flex-grow: 0; height: 14px; width: 60px;\"><\/div>\n<\/div>\n<\/div>\n<div style=\"padding: 19% 0;\"><\/div>\n<div style=\"display: block; height: 50px; margin: 0 auto 12px; width: 50px;\"><\/div>\n<div style=\"padding-top: 8px;\">\n<div style=\"color: #3897f0; font-family: Arial,sans-serif; font-size: 14px; font-style: normal; font-weight: 550; line-height: 18px;\">Ver essa foto no Instagram<\/div>\n<\/div>\n<div style=\"padding: 12.5% 0;\"><\/div>\n<div style=\"display: flex; flex-direction: row; margin-bottom: 14px; align-items: center;\">\n<div>\n<div style=\"background-color: #f4f4f4; border-radius: 50%; height: 12.5px; width: 12.5px; transform: translateX(0px) translateY(7px);\"><\/div>\n<div style=\"background-color: #f4f4f4; height: 12.5px; transform: rotate(-45deg) translateX(3px) translateY(1px); width: 12.5px; flex-grow: 0; margin-right: 14px; margin-left: 2px;\"><\/div>\n<div style=\"background-color: #f4f4f4; border-radius: 50%; height: 12.5px; width: 12.5px; transform: translateX(9px) translateY(-18px);\"><\/div>\n<\/div>\n<div style=\"margin-left: 8px;\">\n<div style=\"background-color: #f4f4f4; border-radius: 50%; flex-grow: 0; height: 20px; width: 20px;\"><\/div>\n<div style=\"width: 0; height: 0; border-top: 2px solid transparent; border-left: 6px solid #f4f4f4; border-bottom: 2px solid transparent; transform: translateX(16px) translateY(-4px) rotate(30deg);\"><\/div>\n<\/div>\n<div style=\"margin-left: auto;\">\n<div style=\"width: 0px; border-top: 8px solid #F4F4F4; border-right: 8px solid transparent; transform: translateY(16px);\"><\/div>\n<div style=\"background-color: #f4f4f4; flex-grow: 0; height: 12px; width: 16px; transform: translateY(-4px);\"><\/div>\n<div style=\"width: 0; height: 0; border-top: 8px solid #F4F4F4; border-left: 8px solid transparent; transform: translateY(-4px) translateX(8px);\"><\/div>\n<\/div>\n<\/div>\n<div style=\"display: flex; flex-direction: column; flex-grow: 1; justify-content: center; margin-bottom: 24px;\">\n<div style=\"background-color: #f4f4f4; border-radius: 4px; flex-grow: 0; height: 14px; margin-bottom: 6px; width: 224px;\"><\/div>\n<div style=\"background-color: #f4f4f4; border-radius: 4px; flex-grow: 0; height: 14px; width: 144px;\"><\/div>\n<\/div>\n<p>&nbsp;<\/p>\n<p style=\"color: #c9c8cd; font-family: Arial,sans-serif; font-size: 14px; line-height: 17px; margin-bottom: 0; margin-top: 8px; overflow: hidden; padding: 8px 0 7px; text-align: center; text-overflow: ellipsis; white-space: nowrap;\"><a style=\"color: #c9c8cd; font-family: Arial,sans-serif; font-size: 14px; font-style: normal; font-weight: normal; line-height: 17px; text-decoration: none;\" href=\"https:\/\/www.instagram.com\/p\/DOoFXe0jkB0\/?utm_source=ig_embed&amp;utm_campaign=loading\" target=\"_blank\" rel=\"noopener\">Uma publica\u00e7\u00e3o compartilhada por Feminismos Plurais (@feminismos.plurais)<\/a><\/p>\n<\/div>\n<\/blockquote>\n<p><script async src=\"\/\/www.instagram.com\/embed.js\"><\/script><\/p>\n<p data-start=\"63\" data-end=\"126\"><strong data-start=\"63\" data-end=\"126\">Content translated with the help of artificial intelligence<\/strong><\/p>\n","protected":false},"excerpt":{"rendered":"<p>On September 12, the Feminismos Plurais venue in S\u00e3o Paulo hosted the launch of the Brazil-France Authorship Movement (Movimento Autoral Brasil-Fran\u00e7a), bringing together the public, diplomats, artists, and writers for a celebration of literature as a tool for cultural cooperation. Professor Djamila Ribeiro shared the main panel with Alexandra Mias, Consul General of France in [&hellip;]<\/p>\n","protected":false},"author":1,"featured_media":4380,"comment_status":"open","ping_status":"open","sticky":false,"template":"","format":"standard","meta":{"inline_featured_image":false},"categories":[2],"tags":[1381,1379,129,1378,1377,1022,33,1380,228],"acf":[],"yoast_head":"<!-- This site is optimized with the Yoast SEO plugin v20.5 - https:\/\/yoast.com\/wordpress\/plugins\/seo\/ -->\n<title>Professor Djamila Ribeiro Opens the Brazil-France Authorship Movement - Djamila Ribeiro<\/title>\n<meta name=\"description\" content=\"An evening of cultural exchange marks the beginning of a literary initiative rooted in authorship and plurality.\" \/>\n<meta name=\"robots\" content=\"index, follow, max-snippet:-1, max-image-preview:large, max-video-preview:-1\" \/>\n<link rel=\"canonical\" href=\"https:\/\/www.djamilaribeiro.com.br\/en\/professor-djamila-ribeiro-opens-the-brazil-france-authorship-movement\/\" \/>\n<meta property=\"og:locale\" content=\"en_US\" \/>\n<meta property=\"og:type\" content=\"article\" \/>\n<meta property=\"og:title\" content=\"Professor Djamila Ribeiro Opens the Brazil-France Authorship Movement - Djamila Ribeiro\" \/>\n<meta property=\"og:description\" content=\"An evening of cultural exchange marks the beginning of a literary initiative rooted in authorship and plurality.\" \/>\n<meta property=\"og:url\" content=\"https:\/\/www.djamilaribeiro.com.br\/en\/professor-djamila-ribeiro-opens-the-brazil-france-authorship-movement\/\" \/>\n<meta property=\"og:site_name\" content=\"Djamila Ribeiro\" \/>\n<meta property=\"article:published_time\" content=\"2025-09-21T14:19:12+00:00\" \/>\n<meta property=\"article:modified_time\" content=\"2025-10-07T01:20:37+00:00\" \/>\n<meta property=\"og:image\" content=\"https:\/\/www.djamilaribeiro.com.br\/wp-content\/uploads\/2025\/09\/Djamila_1.jpg\" \/>\n\t<meta property=\"og:image:width\" content=\"2560\" \/>\n\t<meta property=\"og:image:height\" content=\"1882\" \/>\n\t<meta property=\"og:image:type\" content=\"image\/jpeg\" \/>\n<meta name=\"author\" content=\"Reda\u00e7\u00e3o\" \/>\n<meta name=\"twitter:card\" content=\"summary_large_image\" \/>\n<meta name=\"twitter:label1\" content=\"Written by\" \/>\n\t<meta name=\"twitter:data1\" content=\"Reda\u00e7\u00e3o\" \/>\n\t<meta name=\"twitter:label2\" content=\"Est. reading time\" \/>\n\t<meta name=\"twitter:data2\" content=\"2 minutes\" \/>\n<script type=\"application\/ld+json\" class=\"yoast-schema-graph\">{\"@context\":\"https:\/\/schema.org\",\"@graph\":[{\"@type\":\"WebPage\",\"@id\":\"https:\/\/www.djamilaribeiro.com.br\/en\/professor-djamila-ribeiro-opens-the-brazil-france-authorship-movement\/\",\"url\":\"https:\/\/www.djamilaribeiro.com.br\/en\/professor-djamila-ribeiro-opens-the-brazil-france-authorship-movement\/\",\"name\":\"Professor Djamila Ribeiro Opens the Brazil-France Authorship Movement - Djamila Ribeiro\",\"isPartOf\":{\"@id\":\"https:\/\/www.djamilaribeiro.com.br\/#website\"},\"datePublished\":\"2025-09-21T14:19:12+00:00\",\"dateModified\":\"2025-10-07T01:20:37+00:00\",\"author\":{\"@id\":\"https:\/\/www.djamilaribeiro.com.br\/#\/schema\/person\/a928f404cf733e4c62686bedd437b9ee\"},\"description\":\"An evening of cultural exchange marks the beginning of a literary initiative rooted in authorship and plurality.\",\"breadcrumb\":{\"@id\":\"https:\/\/www.djamilaribeiro.com.br\/en\/professor-djamila-ribeiro-opens-the-brazil-france-authorship-movement\/#breadcrumb\"},\"inLanguage\":\"en-US\",\"potentialAction\":[{\"@type\":\"ReadAction\",\"target\":[\"https:\/\/www.djamilaribeiro.com.br\/en\/professor-djamila-ribeiro-opens-the-brazil-france-authorship-movement\/\"]}]},{\"@type\":\"BreadcrumbList\",\"@id\":\"https:\/\/www.djamilaribeiro.com.br\/en\/professor-djamila-ribeiro-opens-the-brazil-france-authorship-movement\/#breadcrumb\",\"itemListElement\":[{\"@type\":\"ListItem\",\"position\":1,\"name\":\"In\u00edcio\",\"item\":\"https:\/\/www.djamilaribeiro.com.br\/en\/\"},{\"@type\":\"ListItem\",\"position\":2,\"name\":\"Professor Djamila Ribeiro Opens the Brazil-France Authorship Movement\"}]},{\"@type\":\"WebSite\",\"@id\":\"https:\/\/www.djamilaribeiro.com.br\/#website\",\"url\":\"https:\/\/www.djamilaribeiro.com.br\/\",\"name\":\"Djamila Ribeiro\",\"description\":\"\",\"potentialAction\":[{\"@type\":\"SearchAction\",\"target\":{\"@type\":\"EntryPoint\",\"urlTemplate\":\"https:\/\/www.djamilaribeiro.com.br\/?s={search_term_string}\"},\"query-input\":\"required name=search_term_string\"}],\"inLanguage\":\"en-US\"},{\"@type\":\"Person\",\"@id\":\"https:\/\/www.djamilaribeiro.com.br\/#\/schema\/person\/a928f404cf733e4c62686bedd437b9ee\",\"name\":\"Reda\u00e7\u00e3o\",\"image\":{\"@type\":\"ImageObject\",\"inLanguage\":\"en-US\",\"@id\":\"https:\/\/www.djamilaribeiro.com.br\/#\/schema\/person\/image\/\",\"url\":\"https:\/\/secure.gravatar.com\/avatar\/e22ea52208b383d899430021cb4ecf26?s=96&d=mm&r=g\",\"contentUrl\":\"https:\/\/secure.gravatar.com\/avatar\/e22ea52208b383d899430021cb4ecf26?s=96&d=mm&r=g\",\"caption\":\"Reda\u00e7\u00e3o\"},\"sameAs\":[\"https:\/\/localhost\"],\"url\":\"https:\/\/www.djamilaribeiro.com.br\/en\/author\/djamila\/\"}]}<\/script>\n<!-- \/ Yoast SEO plugin. -->","yoast_head_json":{"title":"Professor Djamila Ribeiro Opens the Brazil-France Authorship Movement - Djamila Ribeiro","description":"An evening of cultural exchange marks the beginning of a literary initiative rooted in authorship and plurality.","robots":{"index":"index","follow":"follow","max-snippet":"max-snippet:-1","max-image-preview":"max-image-preview:large","max-video-preview":"max-video-preview:-1"},"canonical":"https:\/\/www.djamilaribeiro.com.br\/en\/professor-djamila-ribeiro-opens-the-brazil-france-authorship-movement\/","og_locale":"en_US","og_type":"article","og_title":"Professor Djamila Ribeiro Opens the Brazil-France Authorship Movement - Djamila Ribeiro","og_description":"An evening of cultural exchange marks the beginning of a literary initiative rooted in authorship and plurality.","og_url":"https:\/\/www.djamilaribeiro.com.br\/en\/professor-djamila-ribeiro-opens-the-brazil-france-authorship-movement\/","og_site_name":"Djamila Ribeiro","article_published_time":"2025-09-21T14:19:12+00:00","article_modified_time":"2025-10-07T01:20:37+00:00","og_image":[{"width":2560,"height":1882,"url":"https:\/\/www.djamilaribeiro.com.br\/wp-content\/uploads\/2025\/09\/Djamila_1.jpg","type":"image\/jpeg"}],"author":"Reda\u00e7\u00e3o","twitter_card":"summary_large_image","twitter_misc":{"Written by":"Reda\u00e7\u00e3o","Est. reading time":"2 minutes"},"schema":{"@context":"https:\/\/schema.org","@graph":[{"@type":"WebPage","@id":"https:\/\/www.djamilaribeiro.com.br\/en\/professor-djamila-ribeiro-opens-the-brazil-france-authorship-movement\/","url":"https:\/\/www.djamilaribeiro.com.br\/en\/professor-djamila-ribeiro-opens-the-brazil-france-authorship-movement\/","name":"Professor Djamila Ribeiro Opens the Brazil-France Authorship Movement - Djamila Ribeiro","isPartOf":{"@id":"https:\/\/www.djamilaribeiro.com.br\/#website"},"datePublished":"2025-09-21T14:19:12+00:00","dateModified":"2025-10-07T01:20:37+00:00","author":{"@id":"https:\/\/www.djamilaribeiro.com.br\/#\/schema\/person\/a928f404cf733e4c62686bedd437b9ee"},"description":"An evening of cultural exchange marks the beginning of a literary initiative rooted in authorship and plurality.","breadcrumb":{"@id":"https:\/\/www.djamilaribeiro.com.br\/en\/professor-djamila-ribeiro-opens-the-brazil-france-authorship-movement\/#breadcrumb"},"inLanguage":"en-US","potentialAction":[{"@type":"ReadAction","target":["https:\/\/www.djamilaribeiro.com.br\/en\/professor-djamila-ribeiro-opens-the-brazil-france-authorship-movement\/"]}]},{"@type":"BreadcrumbList","@id":"https:\/\/www.djamilaribeiro.com.br\/en\/professor-djamila-ribeiro-opens-the-brazil-france-authorship-movement\/#breadcrumb","itemListElement":[{"@type":"ListItem","position":1,"name":"In\u00edcio","item":"https:\/\/www.djamilaribeiro.com.br\/en\/"},{"@type":"ListItem","position":2,"name":"Professor Djamila Ribeiro Opens the Brazil-France Authorship Movement"}]},{"@type":"WebSite","@id":"https:\/\/www.djamilaribeiro.com.br\/#website","url":"https:\/\/www.djamilaribeiro.com.br\/","name":"Djamila Ribeiro","description":"","potentialAction":[{"@type":"SearchAction","target":{"@type":"EntryPoint","urlTemplate":"https:\/\/www.djamilaribeiro.com.br\/?s={search_term_string}"},"query-input":"required name=search_term_string"}],"inLanguage":"en-US"},{"@type":"Person","@id":"https:\/\/www.djamilaribeiro.com.br\/#\/schema\/person\/a928f404cf733e4c62686bedd437b9ee","name":"Reda\u00e7\u00e3o","image":{"@type":"ImageObject","inLanguage":"en-US","@id":"https:\/\/www.djamilaribeiro.com.br\/#\/schema\/person\/image\/","url":"https:\/\/secure.gravatar.com\/avatar\/e22ea52208b383d899430021cb4ecf26?s=96&d=mm&r=g","contentUrl":"https:\/\/secure.gravatar.com\/avatar\/e22ea52208b383d899430021cb4ecf26?s=96&d=mm&r=g","caption":"Reda\u00e7\u00e3o"},"sameAs":["https:\/\/localhost"],"url":"https:\/\/www.djamilaribeiro.com.br\/en\/author\/djamila\/"}]}},"amp_enabled":true,"_links":{"self":[{"href":"https:\/\/www.djamilaribeiro.com.br\/en\/wp-json\/wp\/v2\/posts\/4384"}],"collection":[{"href":"https:\/\/www.djamilaribeiro.com.br\/en\/wp-json\/wp\/v2\/posts"}],"about":[{"href":"https:\/\/www.djamilaribeiro.com.br\/en\/wp-json\/wp\/v2\/types\/post"}],"author":[{"embeddable":true,"href":"https:\/\/www.djamilaribeiro.com.br\/en\/wp-json\/wp\/v2\/users\/1"}],"replies":[{"embeddable":true,"href":"https:\/\/www.djamilaribeiro.com.br\/en\/wp-json\/wp\/v2\/comments?post=4384"}],"version-history":[{"count":2,"href":"https:\/\/www.djamilaribeiro.com.br\/en\/wp-json\/wp\/v2\/posts\/4384\/revisions"}],"predecessor-version":[{"id":4485,"href":"https:\/\/www.djamilaribeiro.com.br\/en\/wp-json\/wp\/v2\/posts\/4384\/revisions\/4485"}],"wp:featuredmedia":[{"embeddable":true,"href":"https:\/\/www.djamilaribeiro.com.br\/en\/wp-json\/wp\/v2\/media\/4380"}],"wp:attachment":[{"href":"https:\/\/www.djamilaribeiro.com.br\/en\/wp-json\/wp\/v2\/media?parent=4384"}],"wp:term":[{"taxonomy":"category","embeddable":true,"href":"https:\/\/www.djamilaribeiro.com.br\/en\/wp-json\/wp\/v2\/categories?post=4384"},{"taxonomy":"post_tag","embeddable":true,"href":"https:\/\/www.djamilaribeiro.com.br\/en\/wp-json\/wp\/v2\/tags?post=4384"}],"curies":[{"name":"wp","href":"https:\/\/api.w.org\/{rel}","templated":true}]}}