{"id":4520,"date":"2025-10-21T11:06:22","date_gmt":"2025-10-21T14:06:22","guid":{"rendered":"https:\/\/www.djamilaribeiro.com.br\/djamila-ribeiro-lanca-em-portugal-o-inedito-travessias\/"},"modified":"2025-11-14T10:39:41","modified_gmt":"2025-11-14T13:39:41","slug":"djamila-ribeiro-releases-the-new-book-travessias-exclusively-in-portugal","status":"publish","type":"post","link":"https:\/\/www.djamilaribeiro.com.br\/en\/djamila-ribeiro-releases-the-new-book-travessias-exclusively-in-portugal\/","title":{"rendered":"Djamila Ribeiro releases the new book &#8216;Travessias&#8217; in Portugal"},"content":{"rendered":"<p data-start=\"39\" data-end=\"249\"><strong>*Content translated with artificial intelligence*<\/strong><\/p>\n<p data-start=\"39\" data-end=\"249\"><em data-start=\"120\" data-end=\"249\">Edited by Zeferino Coelho, the book features a selection of articles from Folha de S.Paulo and a new introduction by the author<\/em><\/p>\n<p data-start=\"251\" data-end=\"638\">Brazilian philosopher and writer <strong data-start=\"284\" data-end=\"303\">Djamila Ribeiro<\/strong> will launch her new book, <em data-start=\"330\" data-end=\"342\">Travessias<\/em>, in <strong data-start=\"347\" data-end=\"359\">November<\/strong>, exclusively in <strong data-start=\"376\" data-end=\"388\">Portugal<\/strong>, published by <strong data-start=\"403\" data-end=\"424\">Editorial Caminho<\/strong> (Leya Group). Already available for pre-order on the publisher\u2019s website, the book brings together a curated selection of articles written by Djamila during the first two years of her column in <em data-start=\"619\" data-end=\"637\">Folha de S.Paulo<\/em>.<\/p>\n<p data-start=\"640\" data-end=\"987\">Edited by <strong data-start=\"650\" data-end=\"669\">Zeferino Coelho<\/strong>\u2014renowned for introducing Portuguese readers to the works of Nobel laureate <strong data-start=\"745\" data-end=\"762\">Jos\u00e9 Saramago<\/strong>\u2014<em data-start=\"763\" data-end=\"775\">Travessias<\/em> follows the success of <em data-start=\"799\" data-end=\"822\">Cartas para minha av\u00f3<\/em>, published in 2024. The new release strengthens Djamila\u2019s presence in the Portuguese literary market and expands the reach of her intellectual production in Europe.<\/p>\n<p data-start=\"989\" data-end=\"1218\">\u201c<strong data-start=\"990\" data-end=\"1123\">Issues of racism are not purely Brazilian\u2014they are also Portuguese. And the issues of machismo are not exclusive to Brazil either<\/strong>,\u201d highlights the editor, emphasizing the relevance of Djamila\u2019s thought in Portuguese society.<\/p>\n<p data-start=\"1220\" data-end=\"1675\">With accessible language and analytical depth, the texts in <em data-start=\"1280\" data-end=\"1292\">Travessias<\/em> address structural racism, public policy, Black feminism, culture, and education. The selection allows readers to follow how the author&#8217;s key concepts\u2014already elaborated in works like <em data-start=\"1477\" data-end=\"1506\">Pequeno Manual Antirracista<\/em> (<em data-start=\"1508\" data-end=\"1541\">The Little Anti-Racist Handbook<\/em>) and <em data-start=\"1547\" data-end=\"1562\">Lugar de Fala<\/em> (<em data-start=\"1564\" data-end=\"1581\">Place of Speech<\/em>)\u2014were applied to Brazil\u2019s political and social landscape in real time, between 2019 and 2021.<\/p>\n<p data-start=\"1677\" data-end=\"1766\">In a <strong data-start=\"1682\" data-end=\"1712\">newly written introduction<\/strong>, Djamila introduces herself to the Portuguese public:<\/p>\n<blockquote data-start=\"1768\" data-end=\"1960\">\n<p data-start=\"1770\" data-end=\"1960\">\u201c<em data-start=\"1771\" data-end=\"1959\">I was first published in Portugal in 2024. The book Cartas para a minha Av\u00f3 crossed the seas and introduced me to a new audience of readers. Still, I feel the need to introduce myself.<\/em>\u201d<\/p>\n<\/blockquote>\n<p data-start=\"1962\" data-end=\"2025\">She then reconstructs her personal and intellectual background:<\/p>\n<blockquote data-start=\"2027\" data-end=\"2275\">\n<p data-start=\"2029\" data-end=\"2275\">\u201c<em data-start=\"2030\" data-end=\"2274\">I was raised by a dockworker and union activist and a domestic worker who practiced Candombl\u00e9. There was no room for alienation: we knew we were part of a Black working-class family and understood the consequences of starting from that place.<\/em>\u201d<\/p>\n<\/blockquote>\n<p data-start=\"2277\" data-end=\"2479\">This perspective\u2014rooted in lived experience, activism, and theoretical reflection\u2014is the core of Djamila\u2019s work and now finds new resonance in dialogue with Portuguese society. As Zeferino Coelho notes:<\/p>\n<blockquote data-start=\"2481\" data-end=\"2632\">\n<p data-start=\"2483\" data-end=\"2632\">\u201c<em data-start=\"2484\" data-end=\"2631\">Djamila, who deals with these issues perhaps more intensely in Brazil, is in an excellent position to speak to us about racism and anti-feminism.<\/em>\u201d<\/p>\n<\/blockquote>\n<p data-start=\"2634\" data-end=\"2810\">The release of <em data-start=\"2649\" data-end=\"2661\">Travessias<\/em> reaffirms Djamila Ribeiro\u2019s role as a bridge between different contexts, <strong data-start=\"2735\" data-end=\"2809\">united by the structural inequalities that mark contemporary societies<\/strong>.<\/p>\n<hr data-start=\"2890\" data-end=\"2893\" \/>\n<p>\ud83d\udcd6 <strong data-start=\"139\" data-end=\"172\">To pre-order the book, visit:<\/strong> <a class=\"decorated-link cursor-pointer\" target=\"_new\" rel=\"noopener\" data-start=\"173\" data-end=\"230\"><strong data-start=\"174\" data-end=\"195\">Editorial Caminho<\/strong><\/a>: <em><strong><a href=\"https:\/\/caminho.leya.com\/pt\/ciencias\/travessias\/\">Editorial\u00a0Caminho<\/a><\/strong><\/em><\/p>\n<blockquote class=\"instagram-media\" style=\"background: #FFF; border: 0; border-radius: 3px; box-shadow: 0 0 1px 0 rgba(0,0,0,0.5),0 1px 10px 0 rgba(0,0,0,0.15); margin: 1px; max-width: 540px; min-width: 326px; padding: 0; width: calc(100% - 2px);\" data-instgrm-captioned=\"\" data-instgrm-permalink=\"https:\/\/www.instagram.com\/reel\/DODYJ1nDHty\/?utm_source=ig_embed&amp;utm_campaign=loading\" data-instgrm-version=\"14\">\n<div style=\"padding: 16px;\">\n<p>&nbsp;<\/p>\n<div style=\"display: flex; flex-direction: row; align-items: center;\">\n<div style=\"background-color: #f4f4f4; border-radius: 50%; flex-grow: 0; height: 40px; margin-right: 14px; width: 40px;\"><\/div>\n<div style=\"display: flex; flex-direction: column; flex-grow: 1; justify-content: center;\">\n<div style=\"background-color: #f4f4f4; border-radius: 4px; flex-grow: 0; height: 14px; margin-bottom: 6px; width: 100px;\"><\/div>\n<div style=\"background-color: #f4f4f4; border-radius: 4px; flex-grow: 0; height: 14px; width: 60px;\"><\/div>\n<\/div>\n<\/div>\n<div style=\"padding: 19% 0;\"><\/div>\n<div style=\"display: block; height: 50px; margin: 0 auto 12px; width: 50px;\"><\/div>\n<div style=\"padding-top: 8px;\">\n<div style=\"color: #3897f0; font-family: Arial,sans-serif; font-size: 14px; font-style: normal; font-weight: 550; line-height: 18px;\">Ver essa foto no Instagram<\/div>\n<\/div>\n<div style=\"padding: 12.5% 0;\"><\/div>\n<div style=\"display: flex; flex-direction: row; margin-bottom: 14px; align-items: center;\">\n<div>\n<div style=\"background-color: #f4f4f4; border-radius: 50%; height: 12.5px; width: 12.5px; transform: translateX(0px) translateY(7px);\"><\/div>\n<div style=\"background-color: #f4f4f4; height: 12.5px; transform: rotate(-45deg) translateX(3px) translateY(1px); width: 12.5px; flex-grow: 0; margin-right: 14px; margin-left: 2px;\"><\/div>\n<div style=\"background-color: #f4f4f4; border-radius: 50%; height: 12.5px; width: 12.5px; transform: translateX(9px) translateY(-18px);\"><\/div>\n<\/div>\n<div style=\"margin-left: 8px;\">\n<div style=\"background-color: #f4f4f4; border-radius: 50%; flex-grow: 0; height: 20px; width: 20px;\"><\/div>\n<div style=\"width: 0; height: 0; border-top: 2px solid transparent; border-left: 6px solid #f4f4f4; border-bottom: 2px solid transparent; transform: translateX(16px) translateY(-4px) rotate(30deg);\"><\/div>\n<\/div>\n<div style=\"margin-left: auto;\">\n<div style=\"width: 0px; border-top: 8px solid #F4F4F4; border-right: 8px solid transparent; transform: translateY(16px);\"><\/div>\n<div style=\"background-color: #f4f4f4; flex-grow: 0; height: 12px; width: 16px; transform: translateY(-4px);\"><\/div>\n<div style=\"width: 0; height: 0; border-top: 8px solid #F4F4F4; border-left: 8px solid transparent; transform: translateY(-4px) translateX(8px);\"><\/div>\n<\/div>\n<\/div>\n<div style=\"display: flex; flex-direction: column; flex-grow: 1; justify-content: center; margin-bottom: 24px;\">\n<div style=\"background-color: #f4f4f4; border-radius: 4px; flex-grow: 0; height: 14px; margin-bottom: 6px; width: 224px;\"><\/div>\n<div style=\"background-color: #f4f4f4; border-radius: 4px; flex-grow: 0; height: 14px; width: 144px;\"><\/div>\n<\/div>\n<p>&nbsp;<\/p>\n<p style=\"color: #c9c8cd; font-family: Arial,sans-serif; font-size: 14px; line-height: 17px; margin-bottom: 0; margin-top: 8px; overflow: hidden; padding: 8px 0 7px; text-align: center; text-overflow: ellipsis; white-space: nowrap;\"><a style=\"color: #c9c8cd; font-family: Arial,sans-serif; font-size: 14px; font-style: normal; font-weight: normal; line-height: 17px; text-decoration: none;\" href=\"https:\/\/www.instagram.com\/reel\/DODYJ1nDHty\/?utm_source=ig_embed&amp;utm_campaign=loading\" target=\"_blank\" rel=\"noopener\">Uma publica\u00e7\u00e3o compartilhada por Zeferino Coelho (@diario.de.um.editor)<\/a><\/p>\n<\/div>\n<\/blockquote>\n<p><script async src=\"\/\/www.instagram.com\/embed.js\"><\/script><\/p>\n","protected":false},"excerpt":{"rendered":"<p>*Content translated with artificial intelligence* Edited by Zeferino Coelho, the book features a selection of articles from Folha de S.Paulo and a new introduction by the author Brazilian philosopher and writer Djamila Ribeiro will launch her new book, Travessias, in November, exclusively in Portugal, published by Editorial Caminho (Leya Group). Already available for pre-order on [&hellip;]<\/p>\n","protected":false},"author":1,"featured_media":4516,"comment_status":"open","ping_status":"open","sticky":false,"template":"","format":"standard","meta":{"inline_featured_image":false},"categories":[2],"tags":[129,750,33,1072,1424,822,470,1489,261,155,1480,467,43,1481,768,1482,1073],"acf":[],"yoast_head":"<!-- This site is optimized with the Yoast SEO plugin v20.5 - https:\/\/yoast.com\/wordpress\/plugins\/seo\/ -->\n<title>Djamila Ribeiro releases the new book &#039;Travessias&#039; in Portugal - Djamila Ribeiro<\/title>\n<meta name=\"description\" content=\"Published by Editorial Caminho, the book is edited by Zeferino Coelho and features articles originally published in Folha de S. Paulo\" \/>\n<meta name=\"robots\" content=\"index, follow, max-snippet:-1, max-image-preview:large, max-video-preview:-1\" \/>\n<link rel=\"canonical\" href=\"https:\/\/www.djamilaribeiro.com.br\/en\/djamila-ribeiro-releases-the-new-book-travessias-exclusively-in-portugal\/\" \/>\n<meta property=\"og:locale\" content=\"en_US\" \/>\n<meta property=\"og:type\" content=\"article\" \/>\n<meta property=\"og:title\" content=\"Djamila Ribeiro releases the new book &#039;Travessias&#039; in Portugal - Djamila Ribeiro\" \/>\n<meta property=\"og:description\" content=\"Published by Editorial Caminho, the book is edited by Zeferino Coelho and features articles originally published in Folha de S. Paulo\" \/>\n<meta property=\"og:url\" content=\"https:\/\/www.djamilaribeiro.com.br\/en\/djamila-ribeiro-releases-the-new-book-travessias-exclusively-in-portugal\/\" \/>\n<meta property=\"og:site_name\" content=\"Djamila Ribeiro\" \/>\n<meta property=\"article:published_time\" content=\"2025-10-21T14:06:22+00:00\" \/>\n<meta property=\"article:modified_time\" content=\"2025-11-14T13:39:41+00:00\" \/>\n<meta property=\"og:image\" content=\"https:\/\/www.djamilaribeiro.com.br\/wp-content\/uploads\/2025\/10\/capa.jpg\" \/>\n\t<meta property=\"og:image:width\" content=\"1228\" \/>\n\t<meta property=\"og:image:height\" content=\"1920\" \/>\n\t<meta property=\"og:image:type\" content=\"image\/jpeg\" \/>\n<meta name=\"author\" content=\"Reda\u00e7\u00e3o\" \/>\n<meta name=\"twitter:card\" content=\"summary_large_image\" \/>\n<meta name=\"twitter:label1\" content=\"Written by\" \/>\n\t<meta name=\"twitter:data1\" content=\"Reda\u00e7\u00e3o\" \/>\n\t<meta name=\"twitter:label2\" content=\"Est. reading time\" \/>\n\t<meta name=\"twitter:data2\" content=\"2 minutes\" \/>\n<script type=\"application\/ld+json\" class=\"yoast-schema-graph\">{\"@context\":\"https:\/\/schema.org\",\"@graph\":[{\"@type\":\"WebPage\",\"@id\":\"https:\/\/www.djamilaribeiro.com.br\/en\/djamila-ribeiro-releases-the-new-book-travessias-exclusively-in-portugal\/\",\"url\":\"https:\/\/www.djamilaribeiro.com.br\/en\/djamila-ribeiro-releases-the-new-book-travessias-exclusively-in-portugal\/\",\"name\":\"Djamila Ribeiro releases the new book 'Travessias' in Portugal - Djamila Ribeiro\",\"isPartOf\":{\"@id\":\"https:\/\/www.djamilaribeiro.com.br\/#website\"},\"datePublished\":\"2025-10-21T14:06:22+00:00\",\"dateModified\":\"2025-11-14T13:39:41+00:00\",\"author\":{\"@id\":\"https:\/\/www.djamilaribeiro.com.br\/#\/schema\/person\/a928f404cf733e4c62686bedd437b9ee\"},\"description\":\"Published by Editorial Caminho, the book is edited by Zeferino Coelho and features articles originally published in Folha de S. Paulo\",\"breadcrumb\":{\"@id\":\"https:\/\/www.djamilaribeiro.com.br\/en\/djamila-ribeiro-releases-the-new-book-travessias-exclusively-in-portugal\/#breadcrumb\"},\"inLanguage\":\"en-US\",\"potentialAction\":[{\"@type\":\"ReadAction\",\"target\":[\"https:\/\/www.djamilaribeiro.com.br\/en\/djamila-ribeiro-releases-the-new-book-travessias-exclusively-in-portugal\/\"]}]},{\"@type\":\"BreadcrumbList\",\"@id\":\"https:\/\/www.djamilaribeiro.com.br\/en\/djamila-ribeiro-releases-the-new-book-travessias-exclusively-in-portugal\/#breadcrumb\",\"itemListElement\":[{\"@type\":\"ListItem\",\"position\":1,\"name\":\"In\u00edcio\",\"item\":\"https:\/\/www.djamilaribeiro.com.br\/en\/\"},{\"@type\":\"ListItem\",\"position\":2,\"name\":\"Djamila Ribeiro releases the new book &#8216;Travessias&#8217; in Portugal\"}]},{\"@type\":\"WebSite\",\"@id\":\"https:\/\/www.djamilaribeiro.com.br\/#website\",\"url\":\"https:\/\/www.djamilaribeiro.com.br\/\",\"name\":\"Djamila Ribeiro\",\"description\":\"\",\"potentialAction\":[{\"@type\":\"SearchAction\",\"target\":{\"@type\":\"EntryPoint\",\"urlTemplate\":\"https:\/\/www.djamilaribeiro.com.br\/?s={search_term_string}\"},\"query-input\":\"required name=search_term_string\"}],\"inLanguage\":\"en-US\"},{\"@type\":\"Person\",\"@id\":\"https:\/\/www.djamilaribeiro.com.br\/#\/schema\/person\/a928f404cf733e4c62686bedd437b9ee\",\"name\":\"Reda\u00e7\u00e3o\",\"image\":{\"@type\":\"ImageObject\",\"inLanguage\":\"en-US\",\"@id\":\"https:\/\/www.djamilaribeiro.com.br\/#\/schema\/person\/image\/\",\"url\":\"https:\/\/secure.gravatar.com\/avatar\/e22ea52208b383d899430021cb4ecf26?s=96&d=mm&r=g\",\"contentUrl\":\"https:\/\/secure.gravatar.com\/avatar\/e22ea52208b383d899430021cb4ecf26?s=96&d=mm&r=g\",\"caption\":\"Reda\u00e7\u00e3o\"},\"sameAs\":[\"https:\/\/localhost\"],\"url\":\"https:\/\/www.djamilaribeiro.com.br\/en\/author\/djamila\/\"}]}<\/script>\n<!-- \/ Yoast SEO plugin. -->","yoast_head_json":{"title":"Djamila Ribeiro releases the new book 'Travessias' in Portugal - Djamila Ribeiro","description":"Published by Editorial Caminho, the book is edited by Zeferino Coelho and features articles originally published in Folha de S. Paulo","robots":{"index":"index","follow":"follow","max-snippet":"max-snippet:-1","max-image-preview":"max-image-preview:large","max-video-preview":"max-video-preview:-1"},"canonical":"https:\/\/www.djamilaribeiro.com.br\/en\/djamila-ribeiro-releases-the-new-book-travessias-exclusively-in-portugal\/","og_locale":"en_US","og_type":"article","og_title":"Djamila Ribeiro releases the new book 'Travessias' in Portugal - Djamila Ribeiro","og_description":"Published by Editorial Caminho, the book is edited by Zeferino Coelho and features articles originally published in Folha de S. Paulo","og_url":"https:\/\/www.djamilaribeiro.com.br\/en\/djamila-ribeiro-releases-the-new-book-travessias-exclusively-in-portugal\/","og_site_name":"Djamila Ribeiro","article_published_time":"2025-10-21T14:06:22+00:00","article_modified_time":"2025-11-14T13:39:41+00:00","og_image":[{"width":1228,"height":1920,"url":"https:\/\/www.djamilaribeiro.com.br\/wp-content\/uploads\/2025\/10\/capa.jpg","type":"image\/jpeg"}],"author":"Reda\u00e7\u00e3o","twitter_card":"summary_large_image","twitter_misc":{"Written by":"Reda\u00e7\u00e3o","Est. reading time":"2 minutes"},"schema":{"@context":"https:\/\/schema.org","@graph":[{"@type":"WebPage","@id":"https:\/\/www.djamilaribeiro.com.br\/en\/djamila-ribeiro-releases-the-new-book-travessias-exclusively-in-portugal\/","url":"https:\/\/www.djamilaribeiro.com.br\/en\/djamila-ribeiro-releases-the-new-book-travessias-exclusively-in-portugal\/","name":"Djamila Ribeiro releases the new book 'Travessias' in Portugal - Djamila Ribeiro","isPartOf":{"@id":"https:\/\/www.djamilaribeiro.com.br\/#website"},"datePublished":"2025-10-21T14:06:22+00:00","dateModified":"2025-11-14T13:39:41+00:00","author":{"@id":"https:\/\/www.djamilaribeiro.com.br\/#\/schema\/person\/a928f404cf733e4c62686bedd437b9ee"},"description":"Published by Editorial Caminho, the book is edited by Zeferino Coelho and features articles originally published in Folha de S. Paulo","breadcrumb":{"@id":"https:\/\/www.djamilaribeiro.com.br\/en\/djamila-ribeiro-releases-the-new-book-travessias-exclusively-in-portugal\/#breadcrumb"},"inLanguage":"en-US","potentialAction":[{"@type":"ReadAction","target":["https:\/\/www.djamilaribeiro.com.br\/en\/djamila-ribeiro-releases-the-new-book-travessias-exclusively-in-portugal\/"]}]},{"@type":"BreadcrumbList","@id":"https:\/\/www.djamilaribeiro.com.br\/en\/djamila-ribeiro-releases-the-new-book-travessias-exclusively-in-portugal\/#breadcrumb","itemListElement":[{"@type":"ListItem","position":1,"name":"In\u00edcio","item":"https:\/\/www.djamilaribeiro.com.br\/en\/"},{"@type":"ListItem","position":2,"name":"Djamila Ribeiro releases the new book &#8216;Travessias&#8217; in Portugal"}]},{"@type":"WebSite","@id":"https:\/\/www.djamilaribeiro.com.br\/#website","url":"https:\/\/www.djamilaribeiro.com.br\/","name":"Djamila Ribeiro","description":"","potentialAction":[{"@type":"SearchAction","target":{"@type":"EntryPoint","urlTemplate":"https:\/\/www.djamilaribeiro.com.br\/?s={search_term_string}"},"query-input":"required name=search_term_string"}],"inLanguage":"en-US"},{"@type":"Person","@id":"https:\/\/www.djamilaribeiro.com.br\/#\/schema\/person\/a928f404cf733e4c62686bedd437b9ee","name":"Reda\u00e7\u00e3o","image":{"@type":"ImageObject","inLanguage":"en-US","@id":"https:\/\/www.djamilaribeiro.com.br\/#\/schema\/person\/image\/","url":"https:\/\/secure.gravatar.com\/avatar\/e22ea52208b383d899430021cb4ecf26?s=96&d=mm&r=g","contentUrl":"https:\/\/secure.gravatar.com\/avatar\/e22ea52208b383d899430021cb4ecf26?s=96&d=mm&r=g","caption":"Reda\u00e7\u00e3o"},"sameAs":["https:\/\/localhost"],"url":"https:\/\/www.djamilaribeiro.com.br\/en\/author\/djamila\/"}]}},"amp_enabled":true,"_links":{"self":[{"href":"https:\/\/www.djamilaribeiro.com.br\/en\/wp-json\/wp\/v2\/posts\/4520"}],"collection":[{"href":"https:\/\/www.djamilaribeiro.com.br\/en\/wp-json\/wp\/v2\/posts"}],"about":[{"href":"https:\/\/www.djamilaribeiro.com.br\/en\/wp-json\/wp\/v2\/types\/post"}],"author":[{"embeddable":true,"href":"https:\/\/www.djamilaribeiro.com.br\/en\/wp-json\/wp\/v2\/users\/1"}],"replies":[{"embeddable":true,"href":"https:\/\/www.djamilaribeiro.com.br\/en\/wp-json\/wp\/v2\/comments?post=4520"}],"version-history":[{"count":9,"href":"https:\/\/www.djamilaribeiro.com.br\/en\/wp-json\/wp\/v2\/posts\/4520\/revisions"}],"predecessor-version":[{"id":4645,"href":"https:\/\/www.djamilaribeiro.com.br\/en\/wp-json\/wp\/v2\/posts\/4520\/revisions\/4645"}],"wp:featuredmedia":[{"embeddable":true,"href":"https:\/\/www.djamilaribeiro.com.br\/en\/wp-json\/wp\/v2\/media\/4516"}],"wp:attachment":[{"href":"https:\/\/www.djamilaribeiro.com.br\/en\/wp-json\/wp\/v2\/media?parent=4520"}],"wp:term":[{"taxonomy":"category","embeddable":true,"href":"https:\/\/www.djamilaribeiro.com.br\/en\/wp-json\/wp\/v2\/categories?post=4520"},{"taxonomy":"post_tag","embeddable":true,"href":"https:\/\/www.djamilaribeiro.com.br\/en\/wp-json\/wp\/v2\/tags?post=4520"}],"curies":[{"name":"wp","href":"https:\/\/api.w.org\/{rel}","templated":true}]}}