{"id":4565,"date":"2025-10-28T17:10:19","date_gmt":"2025-10-28T20:10:19","guid":{"rendered":"https:\/\/www.djamilaribeiro.com.br\/djamila-ribeiro-assina-texto-de-apresentacao-da-mostra-o-poder-de-minhas-maos-que-celebra-no-sesc-pompeia-a-temporada-franca-brasil-2025\/"},"modified":"2025-11-14T10:40:17","modified_gmt":"2025-11-14T13:40:17","slug":"djamila-ribeiro-the-power-of-my-hands-france-brazil-2025","status":"publish","type":"post","link":"https:\/\/www.djamilaribeiro.com.br\/en\/djamila-ribeiro-the-power-of-my-hands-france-brazil-2025\/","title":{"rendered":"Djamila Ribeiro Authors Foreword for &#8220;The Power of My Hands&#8221; Exhibition, Celebrating the 2025 France-Brazil Season"},"content":{"rendered":"<p><strong>*Content translated with artificial intelligence*<\/strong><\/p>\n<p>Until January 18, 2026, the public in S\u00e3o Paulo has the opportunity to visit the exhibition <strong><a href=\"https:\/\/www.sescsp.org.br\/programacao\/o-poder-de-minhas-maos\/\">&#8220;The Power of My Hands,&#8221;<\/a><\/strong> on view at Sesc Pompeia. As part of the 2025 France-Brazil Season, the exhibition celebrates the cultural exchange and cooperation between the two countries. It takes on an even more special significance with the participation of philosopher and writer Djamila Ribeiro, who authored the introductory text for the group show.<\/p>\n<p>Curated by Odile Burluraux (Mus\u00e9e d\u2019Art Moderne de Paris), independent Angolan curator Suzana Sousa, and Brazilian visual artist and curator Aline Albuquerque, the exhibition features works by 25 women artists from Brazil, France, various African countries, and the African diaspora. The show offers a sensitive immersion into works that delve into the unique journeys of these women and their practices of self-representation, resistance, memory, and world-making.<\/p>\n<p>In her foreword, Djamila Ribeiro highlights the exhibition&#8217;s relevance as a landmark in the bicentennial relations between Brazil and France, one that points toward a future of greater social justice and cultural richness. For the philosopher, art created by women from the Global South, especially Black women, is a tool for insurgency and reinvention of the world, one that destabilizes hegemonic narratives and opens new spaces for recognition.<\/p>\n<p>Djamila&#8217;s participation reinforces the political and transformative nature of the exhibition. In her analysis, Black artistic production does not merely illustrate resistance but is, in itself, &#8220;resistance in sensory form.&#8221; As she argues, this art effectively contributes to the anti-racist struggle by creating possibilities where there was once only erasure. &#8220;By combining beauty and denunciation, ancestry and invention, Black artistic production challenges the boundaries between art and life, politics and poetry,&#8221; the writer states.<\/p>\n<p>Organized into four curatorial sections \u2013 &#8220;Personal Stories,&#8221; &#8220;Histories and Fictions,&#8221; &#8220;The Personal is Political,&#8221; and &#8220;Performances&#8221; \u2013 the exhibition presents a powerful overview of contemporary art, exploring themes such as ancestry, identity, spirituality, the body, affection, and the dynamics of exclusion and belonging.<\/p>\n<p>&#8220;The Power of My Hands&#8221; features works by Al\u00e9xia Ferreira, Aline Motta, Ana Pi, Ana Silva, Buhlebezwe Siwani, Castiel Vitorino Brasileiro, Dhiovana Barroso, Eliana Amorim, Fabiana Ex-Souza, Gabrielle Goliath, G\u00ea Viana, Grace Ndiritu, Kapwani Kiwanga, Jasi Pereira, Lebohang Kganye, Lerato Shadi, Lidia Lisb\u00f4a, Lucim\u00e9lia Rom\u00e3o, Pedra Silva, Reinata Sadimba, Senzeni Marasela, soupixo, Stacey Gillian Abe, Terroristas del Amor, and Wura-Natasha Ogunji.<\/p>\n<p><b>Information<\/b><\/p>\n<p><b>Exhibition:<\/b> &#8220;The Power of My Hands&#8221;<br \/>\n<b>Dates:<\/b> On view until January 18, 2026<br \/>\n<b>Where:<\/b> Sesc Pompeia &#8211; R. Cl\u00e9lia, 93 &#8211; \u00c1gua Branca, S\u00e3o Paulo &#8211; SP<\/p>\n<p>The 2025 France-Brazil Season includes many other activities. The full schedule can be found at: <a href=\"http:\/\/sescsp.org.br\/francabrasil2025\" target=\"_blank\" rel=\"noreferrer noopener\">sescsp.org.br\/francabrasil2025<\/a><\/p>\n","protected":false},"excerpt":{"rendered":"<p>*Content translated with artificial intelligence* Until January 18, 2026, the public in S\u00e3o Paulo has the opportunity to visit the exhibition &#8220;The Power of My Hands,&#8221; on view at Sesc Pompeia. As part of the 2025 France-Brazil Season, the exhibition celebrates the cultural exchange and cooperation between the two countries. It takes on an even [&hellip;]<\/p>\n","protected":false},"author":1,"featured_media":4561,"comment_status":"open","ping_status":"open","sticky":false,"template":"","format":"standard","meta":{"inline_featured_image":false},"categories":[2],"tags":[1527,956,1528,1529,1504,1505,1506,129,1021,1507,33,1424,1525,1508,1509,1510,1530,1511,1512,1513,1524,1526],"acf":[],"yoast_head":"<!-- This site is optimized with the Yoast SEO plugin v20.5 - https:\/\/yoast.com\/wordpress\/plugins\/seo\/ -->\n<title>Djamila Ribeiro Authors Foreword for &quot;The Power of My Hands&quot; Exhibition, Celebrating the 2025 France-Brazil Season - Djamila Ribeiro<\/title>\n<meta name=\"description\" content=\"Brazil, France, and diverse cultural expressions from African countries come together in programs throughout the second half of the year.\" \/>\n<meta name=\"robots\" content=\"index, follow, max-snippet:-1, max-image-preview:large, max-video-preview:-1\" \/>\n<link rel=\"canonical\" href=\"https:\/\/www.djamilaribeiro.com.br\/en\/djamila-ribeiro-the-power-of-my-hands-france-brazil-2025\/\" \/>\n<meta property=\"og:locale\" content=\"en_US\" \/>\n<meta property=\"og:type\" content=\"article\" \/>\n<meta property=\"og:title\" content=\"Djamila Ribeiro Authors Foreword for &quot;The Power of My Hands&quot; Exhibition, Celebrating the 2025 France-Brazil Season - Djamila Ribeiro\" \/>\n<meta property=\"og:description\" content=\"Brazil, France, and diverse cultural expressions from African countries come together in programs throughout the second half of the year.\" \/>\n<meta property=\"og:url\" content=\"https:\/\/www.djamilaribeiro.com.br\/en\/djamila-ribeiro-the-power-of-my-hands-france-brazil-2025\/\" \/>\n<meta property=\"og:site_name\" content=\"Djamila Ribeiro\" \/>\n<meta property=\"article:published_time\" content=\"2025-10-28T20:10:19+00:00\" \/>\n<meta property=\"article:modified_time\" content=\"2025-11-14T13:40:17+00:00\" \/>\n<meta property=\"og:image\" content=\"https:\/\/www.djamilaribeiro.com.br\/wp-content\/uploads\/2025\/10\/foto-1.png\" \/>\n\t<meta property=\"og:image:width\" content=\"795\" \/>\n\t<meta property=\"og:image:height\" content=\"397\" \/>\n\t<meta property=\"og:image:type\" content=\"image\/png\" \/>\n<meta name=\"author\" content=\"Reda\u00e7\u00e3o\" \/>\n<meta name=\"twitter:card\" content=\"summary_large_image\" \/>\n<meta name=\"twitter:label1\" content=\"Written by\" \/>\n\t<meta name=\"twitter:data1\" content=\"Reda\u00e7\u00e3o\" \/>\n\t<meta name=\"twitter:label2\" content=\"Est. reading time\" \/>\n\t<meta name=\"twitter:data2\" content=\"2 minutes\" \/>\n<script type=\"application\/ld+json\" class=\"yoast-schema-graph\">{\"@context\":\"https:\/\/schema.org\",\"@graph\":[{\"@type\":\"WebPage\",\"@id\":\"https:\/\/www.djamilaribeiro.com.br\/en\/djamila-ribeiro-the-power-of-my-hands-france-brazil-2025\/\",\"url\":\"https:\/\/www.djamilaribeiro.com.br\/en\/djamila-ribeiro-the-power-of-my-hands-france-brazil-2025\/\",\"name\":\"Djamila Ribeiro Authors Foreword for \\\"The Power of My Hands\\\" Exhibition, Celebrating the 2025 France-Brazil Season - Djamila Ribeiro\",\"isPartOf\":{\"@id\":\"https:\/\/www.djamilaribeiro.com.br\/#website\"},\"datePublished\":\"2025-10-28T20:10:19+00:00\",\"dateModified\":\"2025-11-14T13:40:17+00:00\",\"author\":{\"@id\":\"https:\/\/www.djamilaribeiro.com.br\/#\/schema\/person\/a928f404cf733e4c62686bedd437b9ee\"},\"description\":\"Brazil, France, and diverse cultural expressions from African countries come together in programs throughout the second half of the year.\",\"breadcrumb\":{\"@id\":\"https:\/\/www.djamilaribeiro.com.br\/en\/djamila-ribeiro-the-power-of-my-hands-france-brazil-2025\/#breadcrumb\"},\"inLanguage\":\"en-US\",\"potentialAction\":[{\"@type\":\"ReadAction\",\"target\":[\"https:\/\/www.djamilaribeiro.com.br\/en\/djamila-ribeiro-the-power-of-my-hands-france-brazil-2025\/\"]}]},{\"@type\":\"BreadcrumbList\",\"@id\":\"https:\/\/www.djamilaribeiro.com.br\/en\/djamila-ribeiro-the-power-of-my-hands-france-brazil-2025\/#breadcrumb\",\"itemListElement\":[{\"@type\":\"ListItem\",\"position\":1,\"name\":\"In\u00edcio\",\"item\":\"https:\/\/www.djamilaribeiro.com.br\/en\/\"},{\"@type\":\"ListItem\",\"position\":2,\"name\":\"Djamila Ribeiro Authors Foreword for &#8220;The Power of My Hands&#8221; Exhibition, Celebrating the 2025 France-Brazil Season\"}]},{\"@type\":\"WebSite\",\"@id\":\"https:\/\/www.djamilaribeiro.com.br\/#website\",\"url\":\"https:\/\/www.djamilaribeiro.com.br\/\",\"name\":\"Djamila Ribeiro\",\"description\":\"\",\"potentialAction\":[{\"@type\":\"SearchAction\",\"target\":{\"@type\":\"EntryPoint\",\"urlTemplate\":\"https:\/\/www.djamilaribeiro.com.br\/?s={search_term_string}\"},\"query-input\":\"required name=search_term_string\"}],\"inLanguage\":\"en-US\"},{\"@type\":\"Person\",\"@id\":\"https:\/\/www.djamilaribeiro.com.br\/#\/schema\/person\/a928f404cf733e4c62686bedd437b9ee\",\"name\":\"Reda\u00e7\u00e3o\",\"image\":{\"@type\":\"ImageObject\",\"inLanguage\":\"en-US\",\"@id\":\"https:\/\/www.djamilaribeiro.com.br\/#\/schema\/person\/image\/\",\"url\":\"https:\/\/secure.gravatar.com\/avatar\/e22ea52208b383d899430021cb4ecf26?s=96&d=mm&r=g\",\"contentUrl\":\"https:\/\/secure.gravatar.com\/avatar\/e22ea52208b383d899430021cb4ecf26?s=96&d=mm&r=g\",\"caption\":\"Reda\u00e7\u00e3o\"},\"sameAs\":[\"https:\/\/localhost\"],\"url\":\"https:\/\/www.djamilaribeiro.com.br\/en\/author\/djamila\/\"}]}<\/script>\n<!-- \/ Yoast SEO plugin. -->","yoast_head_json":{"title":"Djamila Ribeiro Authors Foreword for \"The Power of My Hands\" Exhibition, Celebrating the 2025 France-Brazil Season - Djamila Ribeiro","description":"Brazil, France, and diverse cultural expressions from African countries come together in programs throughout the second half of the year.","robots":{"index":"index","follow":"follow","max-snippet":"max-snippet:-1","max-image-preview":"max-image-preview:large","max-video-preview":"max-video-preview:-1"},"canonical":"https:\/\/www.djamilaribeiro.com.br\/en\/djamila-ribeiro-the-power-of-my-hands-france-brazil-2025\/","og_locale":"en_US","og_type":"article","og_title":"Djamila Ribeiro Authors Foreword for \"The Power of My Hands\" Exhibition, Celebrating the 2025 France-Brazil Season - Djamila Ribeiro","og_description":"Brazil, France, and diverse cultural expressions from African countries come together in programs throughout the second half of the year.","og_url":"https:\/\/www.djamilaribeiro.com.br\/en\/djamila-ribeiro-the-power-of-my-hands-france-brazil-2025\/","og_site_name":"Djamila Ribeiro","article_published_time":"2025-10-28T20:10:19+00:00","article_modified_time":"2025-11-14T13:40:17+00:00","og_image":[{"width":795,"height":397,"url":"https:\/\/www.djamilaribeiro.com.br\/wp-content\/uploads\/2025\/10\/foto-1.png","type":"image\/png"}],"author":"Reda\u00e7\u00e3o","twitter_card":"summary_large_image","twitter_misc":{"Written by":"Reda\u00e7\u00e3o","Est. reading time":"2 minutes"},"schema":{"@context":"https:\/\/schema.org","@graph":[{"@type":"WebPage","@id":"https:\/\/www.djamilaribeiro.com.br\/en\/djamila-ribeiro-the-power-of-my-hands-france-brazil-2025\/","url":"https:\/\/www.djamilaribeiro.com.br\/en\/djamila-ribeiro-the-power-of-my-hands-france-brazil-2025\/","name":"Djamila Ribeiro Authors Foreword for \"The Power of My Hands\" Exhibition, Celebrating the 2025 France-Brazil Season - Djamila Ribeiro","isPartOf":{"@id":"https:\/\/www.djamilaribeiro.com.br\/#website"},"datePublished":"2025-10-28T20:10:19+00:00","dateModified":"2025-11-14T13:40:17+00:00","author":{"@id":"https:\/\/www.djamilaribeiro.com.br\/#\/schema\/person\/a928f404cf733e4c62686bedd437b9ee"},"description":"Brazil, France, and diverse cultural expressions from African countries come together in programs throughout the second half of the year.","breadcrumb":{"@id":"https:\/\/www.djamilaribeiro.com.br\/en\/djamila-ribeiro-the-power-of-my-hands-france-brazil-2025\/#breadcrumb"},"inLanguage":"en-US","potentialAction":[{"@type":"ReadAction","target":["https:\/\/www.djamilaribeiro.com.br\/en\/djamila-ribeiro-the-power-of-my-hands-france-brazil-2025\/"]}]},{"@type":"BreadcrumbList","@id":"https:\/\/www.djamilaribeiro.com.br\/en\/djamila-ribeiro-the-power-of-my-hands-france-brazil-2025\/#breadcrumb","itemListElement":[{"@type":"ListItem","position":1,"name":"In\u00edcio","item":"https:\/\/www.djamilaribeiro.com.br\/en\/"},{"@type":"ListItem","position":2,"name":"Djamila Ribeiro Authors Foreword for &#8220;The Power of My Hands&#8221; Exhibition, Celebrating the 2025 France-Brazil Season"}]},{"@type":"WebSite","@id":"https:\/\/www.djamilaribeiro.com.br\/#website","url":"https:\/\/www.djamilaribeiro.com.br\/","name":"Djamila Ribeiro","description":"","potentialAction":[{"@type":"SearchAction","target":{"@type":"EntryPoint","urlTemplate":"https:\/\/www.djamilaribeiro.com.br\/?s={search_term_string}"},"query-input":"required name=search_term_string"}],"inLanguage":"en-US"},{"@type":"Person","@id":"https:\/\/www.djamilaribeiro.com.br\/#\/schema\/person\/a928f404cf733e4c62686bedd437b9ee","name":"Reda\u00e7\u00e3o","image":{"@type":"ImageObject","inLanguage":"en-US","@id":"https:\/\/www.djamilaribeiro.com.br\/#\/schema\/person\/image\/","url":"https:\/\/secure.gravatar.com\/avatar\/e22ea52208b383d899430021cb4ecf26?s=96&d=mm&r=g","contentUrl":"https:\/\/secure.gravatar.com\/avatar\/e22ea52208b383d899430021cb4ecf26?s=96&d=mm&r=g","caption":"Reda\u00e7\u00e3o"},"sameAs":["https:\/\/localhost"],"url":"https:\/\/www.djamilaribeiro.com.br\/en\/author\/djamila\/"}]}},"amp_enabled":true,"_links":{"self":[{"href":"https:\/\/www.djamilaribeiro.com.br\/en\/wp-json\/wp\/v2\/posts\/4565"}],"collection":[{"href":"https:\/\/www.djamilaribeiro.com.br\/en\/wp-json\/wp\/v2\/posts"}],"about":[{"href":"https:\/\/www.djamilaribeiro.com.br\/en\/wp-json\/wp\/v2\/types\/post"}],"author":[{"embeddable":true,"href":"https:\/\/www.djamilaribeiro.com.br\/en\/wp-json\/wp\/v2\/users\/1"}],"replies":[{"embeddable":true,"href":"https:\/\/www.djamilaribeiro.com.br\/en\/wp-json\/wp\/v2\/comments?post=4565"}],"version-history":[{"count":7,"href":"https:\/\/www.djamilaribeiro.com.br\/en\/wp-json\/wp\/v2\/posts\/4565\/revisions"}],"predecessor-version":[{"id":4646,"href":"https:\/\/www.djamilaribeiro.com.br\/en\/wp-json\/wp\/v2\/posts\/4565\/revisions\/4646"}],"wp:featuredmedia":[{"embeddable":true,"href":"https:\/\/www.djamilaribeiro.com.br\/en\/wp-json\/wp\/v2\/media\/4561"}],"wp:attachment":[{"href":"https:\/\/www.djamilaribeiro.com.br\/en\/wp-json\/wp\/v2\/media?parent=4565"}],"wp:term":[{"taxonomy":"category","embeddable":true,"href":"https:\/\/www.djamilaribeiro.com.br\/en\/wp-json\/wp\/v2\/categories?post=4565"},{"taxonomy":"post_tag","embeddable":true,"href":"https:\/\/www.djamilaribeiro.com.br\/en\/wp-json\/wp\/v2\/tags?post=4565"}],"curies":[{"name":"wp","href":"https:\/\/api.w.org\/{rel}","templated":true}]}}