{"id":506,"date":"2023-03-28T02:31:31","date_gmt":"2023-03-28T05:31:31","guid":{"rendered":"https:\/\/www.djamilaribeiro.com.br\/?p=506"},"modified":"2023-04-25T14:12:26","modified_gmt":"2023-04-25T17:12:26","slug":"djamila-ribeiro-speaks-at-the-un-general-assembly","status":"publish","type":"post","link":"https:\/\/www.djamilaribeiro.com.br\/en\/djamila-ribeiro-speaks-at-the-un-general-assembly\/","title":{"rendered":"Djamila Ribeiro speaks at the UN General Assembly"},"content":{"rendered":"<p><span style=\"font-weight: 400;\">This Monday, the 27th, <strong>Djamila Ribeiro<\/strong> was at the General Assembly of the United Nations (UN), to speak as a keynote speaker, that is, as the main speaker of the event in honor of the Day in Remembrance of the Abolition of Slavery and the Transatlantic Slave Trade . The theme of the 2023 edition of this annual event was \u201cFighting against the legacy of slavery and racism through transformative education\u201d, also the theme of Djamila&#8217;s speech.<\/span><\/p>\n<p><span style=\"font-weight: 400;\">In her speech, Djamila highlighted the effects of racial democracy and the relationship between this myth and the absence of memory and responsibility for centuries of slave trade. The writer also recalled the work of Grada Kilomba and Cida Bento, in reinterpreting the Greek myth of Narcissus from an anti-colonial perspective and how this view is a tool to understand the legacy of slavery.<\/span><\/p>\n<p><span style=\"font-weight: 400;\">Djamila also paid homage to Paulo Freire&#8217;s work when talking about education: Education plays a fundamental role in creating opportunities and expanding our worldview. Education has the power to transform people and institutions, she said.<\/span><\/p>\n<p><span style=\"font-weight: 400;\">By participating as a keynote speaker, Djamila became the first Brazilian to speak at this event, which occupies a prominent place in the annual anti-racism agenda at the UN.<\/span><\/p>\n<p><strong>Check out the speech in full:\u00a0<\/strong><\/p>\n<p><iframe loading=\"lazy\" title=\"Djamila Ribeiro na Assembleia Geral da ONU no Dia em Mem\u00f3ria da Aboli\u00e7\u00e3o da Escravid\u00e3o (legendado)\" width=\"500\" height=\"281\" src=\"https:\/\/www.youtube.com\/embed\/zzA-1aPXghs?feature=oembed\" frameborder=\"0\" allow=\"accelerometer; autoplay; clipboard-write; encrypted-media; gyroscope; picture-in-picture; web-share\" allowfullscreen><\/iframe><\/p>\n","protected":false},"excerpt":{"rendered":"<p>This Monday, the 27th, Djamila Ribeiro was at the General Assembly of the United Nations (UN), to speak as a keynote speaker, that is, as the main speaker of the event in honor of the Day in Remembrance of the Abolition of Slavery and the Transatlantic Slave Trade . The theme of the 2023 edition [&hellip;]<\/p>\n","protected":false},"author":1,"featured_media":467,"comment_status":"open","ping_status":"open","sticky":false,"template":"","format":"standard","meta":{"inline_featured_image":false},"categories":[2],"tags":[],"acf":[],"yoast_head":"<!-- This site is optimized with the Yoast SEO plugin v20.5 - https:\/\/yoast.com\/wordpress\/plugins\/seo\/ -->\n<title>Djamila Ribeiro speaks at the UN General Assembly - Djamila Ribeiro<\/title>\n<meta name=\"robots\" content=\"index, follow, max-snippet:-1, max-image-preview:large, max-video-preview:-1\" \/>\n<link rel=\"canonical\" href=\"https:\/\/www.djamilaribeiro.com.br\/en\/djamila-ribeiro-speaks-at-the-un-general-assembly\/\" \/>\n<meta property=\"og:locale\" content=\"en_US\" \/>\n<meta property=\"og:type\" content=\"article\" \/>\n<meta property=\"og:title\" content=\"Djamila Ribeiro speaks at the UN General Assembly - Djamila Ribeiro\" \/>\n<meta property=\"og:description\" content=\"This Monday, the 27th, Djamila Ribeiro was at the General Assembly of the United Nations (UN), to speak as a keynote speaker, that is, as the main speaker of the event in honor of the Day in Remembrance of the Abolition of Slavery and the Transatlantic Slave Trade . The theme of the 2023 edition [&hellip;]\" \/>\n<meta property=\"og:url\" content=\"https:\/\/www.djamilaribeiro.com.br\/en\/djamila-ribeiro-speaks-at-the-un-general-assembly\/\" \/>\n<meta property=\"og:site_name\" content=\"Djamila Ribeiro\" \/>\n<meta property=\"article:published_time\" content=\"2023-03-28T05:31:31+00:00\" \/>\n<meta property=\"article:modified_time\" content=\"2023-04-25T17:12:26+00:00\" \/>\n<meta property=\"og:image\" content=\"https:\/\/www.djamilaribeiro.com.br\/wp-content\/uploads\/2023\/03\/Djamila-Ribeiro-ONU.jpeg\" \/>\n\t<meta property=\"og:image:width\" content=\"2048\" \/>\n\t<meta property=\"og:image:height\" content=\"1536\" \/>\n\t<meta property=\"og:image:type\" content=\"image\/jpeg\" \/>\n<meta name=\"author\" content=\"Reda\u00e7\u00e3o\" \/>\n<meta name=\"twitter:card\" content=\"summary_large_image\" \/>\n<meta name=\"twitter:label1\" content=\"Written by\" \/>\n\t<meta name=\"twitter:data1\" content=\"Reda\u00e7\u00e3o\" \/>\n\t<meta name=\"twitter:label2\" content=\"Est. reading time\" \/>\n\t<meta name=\"twitter:data2\" content=\"1 minute\" \/>\n<script type=\"application\/ld+json\" class=\"yoast-schema-graph\">{\"@context\":\"https:\/\/schema.org\",\"@graph\":[{\"@type\":\"WebPage\",\"@id\":\"https:\/\/www.djamilaribeiro.com.br\/en\/djamila-ribeiro-speaks-at-the-un-general-assembly\/\",\"url\":\"https:\/\/www.djamilaribeiro.com.br\/en\/djamila-ribeiro-speaks-at-the-un-general-assembly\/\",\"name\":\"Djamila Ribeiro speaks at the UN General Assembly - Djamila Ribeiro\",\"isPartOf\":{\"@id\":\"https:\/\/www.djamilaribeiro.com.br\/#website\"},\"datePublished\":\"2023-03-28T05:31:31+00:00\",\"dateModified\":\"2023-04-25T17:12:26+00:00\",\"author\":{\"@id\":\"https:\/\/www.djamilaribeiro.com.br\/#\/schema\/person\/a928f404cf733e4c62686bedd437b9ee\"},\"breadcrumb\":{\"@id\":\"https:\/\/www.djamilaribeiro.com.br\/en\/djamila-ribeiro-speaks-at-the-un-general-assembly\/#breadcrumb\"},\"inLanguage\":\"en-US\",\"potentialAction\":[{\"@type\":\"ReadAction\",\"target\":[\"https:\/\/www.djamilaribeiro.com.br\/en\/djamila-ribeiro-speaks-at-the-un-general-assembly\/\"]}]},{\"@type\":\"BreadcrumbList\",\"@id\":\"https:\/\/www.djamilaribeiro.com.br\/en\/djamila-ribeiro-speaks-at-the-un-general-assembly\/#breadcrumb\",\"itemListElement\":[{\"@type\":\"ListItem\",\"position\":1,\"name\":\"In\u00edcio\",\"item\":\"https:\/\/www.djamilaribeiro.com.br\/en\/\"},{\"@type\":\"ListItem\",\"position\":2,\"name\":\"Djamila Ribeiro speaks at the UN General Assembly\"}]},{\"@type\":\"WebSite\",\"@id\":\"https:\/\/www.djamilaribeiro.com.br\/#website\",\"url\":\"https:\/\/www.djamilaribeiro.com.br\/\",\"name\":\"Djamila Ribeiro\",\"description\":\"\",\"potentialAction\":[{\"@type\":\"SearchAction\",\"target\":{\"@type\":\"EntryPoint\",\"urlTemplate\":\"https:\/\/www.djamilaribeiro.com.br\/?s={search_term_string}\"},\"query-input\":\"required name=search_term_string\"}],\"inLanguage\":\"en-US\"},{\"@type\":\"Person\",\"@id\":\"https:\/\/www.djamilaribeiro.com.br\/#\/schema\/person\/a928f404cf733e4c62686bedd437b9ee\",\"name\":\"Reda\u00e7\u00e3o\",\"image\":{\"@type\":\"ImageObject\",\"inLanguage\":\"en-US\",\"@id\":\"https:\/\/www.djamilaribeiro.com.br\/#\/schema\/person\/image\/\",\"url\":\"https:\/\/secure.gravatar.com\/avatar\/e22ea52208b383d899430021cb4ecf26?s=96&d=mm&r=g\",\"contentUrl\":\"https:\/\/secure.gravatar.com\/avatar\/e22ea52208b383d899430021cb4ecf26?s=96&d=mm&r=g\",\"caption\":\"Reda\u00e7\u00e3o\"},\"sameAs\":[\"https:\/\/localhost\"],\"url\":\"https:\/\/www.djamilaribeiro.com.br\/en\/author\/djamila\/\"}]}<\/script>\n<!-- \/ Yoast SEO plugin. -->","yoast_head_json":{"title":"Djamila Ribeiro speaks at the UN General Assembly - Djamila Ribeiro","robots":{"index":"index","follow":"follow","max-snippet":"max-snippet:-1","max-image-preview":"max-image-preview:large","max-video-preview":"max-video-preview:-1"},"canonical":"https:\/\/www.djamilaribeiro.com.br\/en\/djamila-ribeiro-speaks-at-the-un-general-assembly\/","og_locale":"en_US","og_type":"article","og_title":"Djamila Ribeiro speaks at the UN General Assembly - Djamila Ribeiro","og_description":"This Monday, the 27th, Djamila Ribeiro was at the General Assembly of the United Nations (UN), to speak as a keynote speaker, that is, as the main speaker of the event in honor of the Day in Remembrance of the Abolition of Slavery and the Transatlantic Slave Trade . The theme of the 2023 edition [&hellip;]","og_url":"https:\/\/www.djamilaribeiro.com.br\/en\/djamila-ribeiro-speaks-at-the-un-general-assembly\/","og_site_name":"Djamila Ribeiro","article_published_time":"2023-03-28T05:31:31+00:00","article_modified_time":"2023-04-25T17:12:26+00:00","og_image":[{"width":2048,"height":1536,"url":"https:\/\/www.djamilaribeiro.com.br\/wp-content\/uploads\/2023\/03\/Djamila-Ribeiro-ONU.jpeg","type":"image\/jpeg"}],"author":"Reda\u00e7\u00e3o","twitter_card":"summary_large_image","twitter_misc":{"Written by":"Reda\u00e7\u00e3o","Est. reading time":"1 minute"},"schema":{"@context":"https:\/\/schema.org","@graph":[{"@type":"WebPage","@id":"https:\/\/www.djamilaribeiro.com.br\/en\/djamila-ribeiro-speaks-at-the-un-general-assembly\/","url":"https:\/\/www.djamilaribeiro.com.br\/en\/djamila-ribeiro-speaks-at-the-un-general-assembly\/","name":"Djamila Ribeiro speaks at the UN General Assembly - Djamila Ribeiro","isPartOf":{"@id":"https:\/\/www.djamilaribeiro.com.br\/#website"},"datePublished":"2023-03-28T05:31:31+00:00","dateModified":"2023-04-25T17:12:26+00:00","author":{"@id":"https:\/\/www.djamilaribeiro.com.br\/#\/schema\/person\/a928f404cf733e4c62686bedd437b9ee"},"breadcrumb":{"@id":"https:\/\/www.djamilaribeiro.com.br\/en\/djamila-ribeiro-speaks-at-the-un-general-assembly\/#breadcrumb"},"inLanguage":"en-US","potentialAction":[{"@type":"ReadAction","target":["https:\/\/www.djamilaribeiro.com.br\/en\/djamila-ribeiro-speaks-at-the-un-general-assembly\/"]}]},{"@type":"BreadcrumbList","@id":"https:\/\/www.djamilaribeiro.com.br\/en\/djamila-ribeiro-speaks-at-the-un-general-assembly\/#breadcrumb","itemListElement":[{"@type":"ListItem","position":1,"name":"In\u00edcio","item":"https:\/\/www.djamilaribeiro.com.br\/en\/"},{"@type":"ListItem","position":2,"name":"Djamila Ribeiro speaks at the UN General Assembly"}]},{"@type":"WebSite","@id":"https:\/\/www.djamilaribeiro.com.br\/#website","url":"https:\/\/www.djamilaribeiro.com.br\/","name":"Djamila Ribeiro","description":"","potentialAction":[{"@type":"SearchAction","target":{"@type":"EntryPoint","urlTemplate":"https:\/\/www.djamilaribeiro.com.br\/?s={search_term_string}"},"query-input":"required name=search_term_string"}],"inLanguage":"en-US"},{"@type":"Person","@id":"https:\/\/www.djamilaribeiro.com.br\/#\/schema\/person\/a928f404cf733e4c62686bedd437b9ee","name":"Reda\u00e7\u00e3o","image":{"@type":"ImageObject","inLanguage":"en-US","@id":"https:\/\/www.djamilaribeiro.com.br\/#\/schema\/person\/image\/","url":"https:\/\/secure.gravatar.com\/avatar\/e22ea52208b383d899430021cb4ecf26?s=96&d=mm&r=g","contentUrl":"https:\/\/secure.gravatar.com\/avatar\/e22ea52208b383d899430021cb4ecf26?s=96&d=mm&r=g","caption":"Reda\u00e7\u00e3o"},"sameAs":["https:\/\/localhost"],"url":"https:\/\/www.djamilaribeiro.com.br\/en\/author\/djamila\/"}]}},"amp_enabled":true,"_links":{"self":[{"href":"https:\/\/www.djamilaribeiro.com.br\/en\/wp-json\/wp\/v2\/posts\/506"}],"collection":[{"href":"https:\/\/www.djamilaribeiro.com.br\/en\/wp-json\/wp\/v2\/posts"}],"about":[{"href":"https:\/\/www.djamilaribeiro.com.br\/en\/wp-json\/wp\/v2\/types\/post"}],"author":[{"embeddable":true,"href":"https:\/\/www.djamilaribeiro.com.br\/en\/wp-json\/wp\/v2\/users\/1"}],"replies":[{"embeddable":true,"href":"https:\/\/www.djamilaribeiro.com.br\/en\/wp-json\/wp\/v2\/comments?post=506"}],"version-history":[{"count":1,"href":"https:\/\/www.djamilaribeiro.com.br\/en\/wp-json\/wp\/v2\/posts\/506\/revisions"}],"predecessor-version":[{"id":507,"href":"https:\/\/www.djamilaribeiro.com.br\/en\/wp-json\/wp\/v2\/posts\/506\/revisions\/507"}],"wp:featuredmedia":[{"embeddable":true,"href":"https:\/\/www.djamilaribeiro.com.br\/en\/wp-json\/wp\/v2\/media\/467"}],"wp:attachment":[{"href":"https:\/\/www.djamilaribeiro.com.br\/en\/wp-json\/wp\/v2\/media?parent=506"}],"wp:term":[{"taxonomy":"category","embeddable":true,"href":"https:\/\/www.djamilaribeiro.com.br\/en\/wp-json\/wp\/v2\/categories?post=506"},{"taxonomy":"post_tag","embeddable":true,"href":"https:\/\/www.djamilaribeiro.com.br\/en\/wp-json\/wp\/v2\/tags?post=506"}],"curies":[{"name":"wp","href":"https:\/\/api.w.org\/{rel}","templated":true}]}}