{"id":5249,"date":"2026-03-07T10:36:47","date_gmt":"2026-03-07T13:36:47","guid":{"rendered":"https:\/\/www.djamilaribeiro.com.br\/?p=5249"},"modified":"2026-03-07T13:43:10","modified_gmt":"2026-03-07T16:43:10","slug":"djamila-ribeiro-takes-part-in-international-conference-in-amsterdam-on-the-global-challenges-faced-by-women","status":"publish","type":"post","link":"https:\/\/www.djamilaribeiro.com.br\/en\/djamila-ribeiro-takes-part-in-international-conference-in-amsterdam-on-the-global-challenges-faced-by-women\/","title":{"rendered":"Djamila Ribeiro takes part in international conference in Amsterdam on the global challenges faced by women"},"content":{"rendered":"<p data-start=\"141\" data-end=\"554\">Djamila Ribeiro is already in Amsterdam to participate tomorrow, Sunday, in the international conference <a href=\"https:\/\/www.womenunite.nl\/\"><strong data-start=\"246\" data-end=\"262\">Women Unite!<\/strong><\/a>, held as part of the activities marking International Women\u2019s Day. Organized by the city\u2019s municipality, the event brings together intellectuals, journalists and human rights advocates from different countries at the Royal Theatre Carr\u00e9 to discuss the contemporary challenges faced by women.<\/p>\n<p data-start=\"556\" data-end=\"810\">Welcomed by the Mayor of Amsterdam, Femke Halsema\u2014the first woman elected to the position in the city\u2019s history\u2014the conference is part of the municipal March 8 program and aims to promote global dialogues on gender equality, democracy and social justice.<\/p>\n<p data-start=\"812\" data-end=\"1254\">As an international guest, Djamila will participate in a panel dedicated to the theme <strong data-start=\"898\" data-end=\"917\">\u201cWar on Women,\u201d<\/strong> where she will present reflections on the situation of women in Brazil and the structural challenges related to violence, inequality and the struggle for rights. The Brazilian philosopher will also join discussions with thinkers from different regions of the world, expanding international dialogue on feminism, racism and human rights.<\/p>\n<p data-start=\"1256\" data-end=\"1640\">Among the confirmed participants are Ukrainian lawyer and Nobel Peace Prize laureate <strong data-start=\"1341\" data-end=\"1366\">Oleksandra Matviichuk<\/strong>, recognized for her work defending civil liberties, and Nigerian writer and public intellectual <strong data-start=\"1463\" data-end=\"1484\">OluTimehin Kukoyi<\/strong>. The gathering also brings together authors, researchers and journalists working on issues related to democracy, freedom of expression and gender equality.<\/p>\n<p data-start=\"1642\" data-end=\"1957\">Awarded in 2019 by the <strong data-start=\"1665\" data-end=\"1686\">Prince Claus Fund<\/strong>, a Dutch cultural institution that recognizes significant contributions to culture and human rights in the Global South, Djamila Ribeiro will also take part in a parallel event in Amsterdam organized by the foundation alongside human rights organizations in the country.<\/p>\n<p data-start=\"1959\" data-end=\"2134\">For the philosopher, participating in international forums is an opportunity to strengthen bridges between diverse experiences and broaden the global debate on social justice:<\/p>\n<blockquote data-start=\"2136\" data-end=\"2339\">\n<p data-start=\"2138\" data-end=\"2339\">\u201cIn my interventions, I will bring reflections on the situation of women in Brazil and the possible dialogues with public intellectuals from different parts of the world. We, women, will win this war.\u201d<\/p>\n<\/blockquote>\n<p data-start=\"2341\" data-end=\"2396\">Follow the coverage on social media and on the website.<\/p>\n<blockquote class=\"instagram-media\" style=\"background: #FFF; border: 0; border-radius: 3px; box-shadow: 0 0 1px 0 rgba(0,0,0,0.5),0 1px 10px 0 rgba(0,0,0,0.15); margin: 1px; max-width: 540px; min-width: 326px; padding: 0; width: calc(100% - 2px);\" data-instgrm-captioned=\"\" data-instgrm-permalink=\"https:\/\/www.instagram.com\/p\/DVjQ4l8kciM\/?utm_source=ig_embed&amp;utm_campaign=loading\" data-instgrm-version=\"14\">\n<div style=\"padding: 16px;\">\n<p>&nbsp;<\/p>\n<div style=\"display: flex; flex-direction: row; align-items: center;\">\n<div style=\"background-color: #f4f4f4; border-radius: 50%; flex-grow: 0; height: 40px; margin-right: 14px; width: 40px;\"><\/div>\n<div style=\"display: flex; flex-direction: column; flex-grow: 1; justify-content: center;\">\n<div style=\"background-color: #f4f4f4; border-radius: 4px; flex-grow: 0; height: 14px; margin-bottom: 6px; width: 100px;\"><\/div>\n<div style=\"background-color: #f4f4f4; border-radius: 4px; flex-grow: 0; height: 14px; width: 60px;\"><\/div>\n<\/div>\n<\/div>\n<div style=\"padding: 19% 0;\"><\/div>\n<div style=\"display: block; height: 50px; margin: 0 auto 12px; width: 50px;\"><\/div>\n<div style=\"padding-top: 8px;\">\n<div style=\"color: #3897f0; font-family: Arial,sans-serif; font-size: 14px; font-style: normal; font-weight: 550; line-height: 18px;\">Ver essa foto no Instagram<\/div>\n<\/div>\n<div style=\"padding: 12.5% 0;\"><\/div>\n<div style=\"display: flex; flex-direction: row; margin-bottom: 14px; align-items: center;\">\n<div>\n<div style=\"background-color: #f4f4f4; border-radius: 50%; height: 12.5px; width: 12.5px; transform: translateX(0px) translateY(7px);\"><\/div>\n<div style=\"background-color: #f4f4f4; height: 12.5px; transform: rotate(-45deg) translateX(3px) translateY(1px); width: 12.5px; flex-grow: 0; margin-right: 14px; margin-left: 2px;\"><\/div>\n<div style=\"background-color: #f4f4f4; border-radius: 50%; height: 12.5px; width: 12.5px; transform: translateX(9px) translateY(-18px);\"><\/div>\n<\/div>\n<div style=\"margin-left: 8px;\">\n<div style=\"background-color: #f4f4f4; border-radius: 50%; flex-grow: 0; height: 20px; width: 20px;\"><\/div>\n<div style=\"width: 0; height: 0; border-top: 2px solid transparent; border-left: 6px solid #f4f4f4; border-bottom: 2px solid transparent; transform: translateX(16px) translateY(-4px) rotate(30deg);\"><\/div>\n<\/div>\n<div style=\"margin-left: auto;\">\n<div style=\"width: 0px; border-top: 8px solid #F4F4F4; border-right: 8px solid transparent; transform: translateY(16px);\"><\/div>\n<div style=\"background-color: #f4f4f4; flex-grow: 0; height: 12px; width: 16px; transform: translateY(-4px);\"><\/div>\n<div style=\"width: 0; height: 0; border-top: 8px solid #F4F4F4; border-left: 8px solid transparent; transform: translateY(-4px) translateX(8px);\"><\/div>\n<\/div>\n<\/div>\n<div style=\"display: flex; flex-direction: column; flex-grow: 1; justify-content: center; margin-bottom: 24px;\">\n<div style=\"background-color: #f4f4f4; border-radius: 4px; flex-grow: 0; height: 14px; margin-bottom: 6px; width: 224px;\"><\/div>\n<div style=\"background-color: #f4f4f4; border-radius: 4px; flex-grow: 0; height: 14px; width: 144px;\"><\/div>\n<\/div>\n<p>&nbsp;<\/p>\n<p style=\"color: #c9c8cd; font-family: Arial,sans-serif; font-size: 14px; line-height: 17px; margin-bottom: 0; margin-top: 8px; overflow: hidden; padding: 8px 0 7px; text-align: center; text-overflow: ellipsis; white-space: nowrap;\"><a style=\"color: #c9c8cd; font-family: Arial,sans-serif; font-size: 14px; font-style: normal; font-weight: normal; line-height: 17px; text-decoration: none;\" href=\"https:\/\/www.instagram.com\/p\/DVjQ4l8kciM\/?utm_source=ig_embed&amp;utm_campaign=loading\" target=\"_blank\" rel=\"noopener\">Um post compartilhado por Djamila Ribeiro (@djamilaribeiro1)<\/a><\/p>\n<\/div>\n<\/blockquote>\n<p><script async src=\"\/\/www.instagram.com\/embed.js\"><\/script><\/p>\n","protected":false},"excerpt":{"rendered":"<p>Djamila Ribeiro is already in Amsterdam to participate tomorrow, Sunday, in the international conference Women Unite!, held as part of the activities marking International Women\u2019s Day. Organized by the city\u2019s municipality, the event brings together intellectuals, journalists and human rights advocates from different countries at the Royal Theatre Carr\u00e9 to discuss the contemporary challenges faced [&hellip;]<\/p>\n","protected":false},"author":1,"featured_media":5244,"comment_status":"open","ping_status":"open","sticky":false,"template":"","format":"standard","meta":{"inline_featured_image":false},"categories":[2],"tags":[1860,33,41,118,1859,210,1858,1857,1861,472],"acf":[],"yoast_head":"<!-- This site is optimized with the Yoast SEO plugin v20.5 - https:\/\/yoast.com\/wordpress\/plugins\/seo\/ -->\n<title>Djamila Ribeiro takes part in international conference in Amsterdam on the global challenges faced by women - Djamila Ribeiro<\/title>\n<meta name=\"description\" content=\"The Brazilian philosopher is one of the guests at Women Unite, a conference discussing the challenges women face in the contemporary world.\" \/>\n<meta name=\"robots\" content=\"index, follow, max-snippet:-1, max-image-preview:large, max-video-preview:-1\" \/>\n<link rel=\"canonical\" href=\"https:\/\/www.djamilaribeiro.com.br\/en\/djamila-ribeiro-takes-part-in-international-conference-in-amsterdam-on-the-global-challenges-faced-by-women\/\" \/>\n<meta property=\"og:locale\" content=\"en_US\" \/>\n<meta property=\"og:type\" content=\"article\" \/>\n<meta property=\"og:title\" content=\"Djamila Ribeiro takes part in international conference in Amsterdam on the global challenges faced by women - Djamila Ribeiro\" \/>\n<meta property=\"og:description\" content=\"The Brazilian philosopher is one of the guests at Women Unite, a conference discussing the challenges women face in the contemporary world.\" \/>\n<meta property=\"og:url\" content=\"https:\/\/www.djamilaribeiro.com.br\/en\/djamila-ribeiro-takes-part-in-international-conference-in-amsterdam-on-the-global-challenges-faced-by-women\/\" \/>\n<meta property=\"og:site_name\" content=\"Djamila Ribeiro\" \/>\n<meta property=\"article:published_time\" content=\"2026-03-07T13:36:47+00:00\" \/>\n<meta property=\"article:modified_time\" content=\"2026-03-07T16:43:10+00:00\" \/>\n<meta property=\"og:image\" content=\"https:\/\/www.djamilaribeiro.com.br\/wp-content\/uploads\/2026\/03\/banner.webp\" \/>\n\t<meta property=\"og:image:width\" content=\"1440\" \/>\n\t<meta property=\"og:image:height\" content=\"644\" \/>\n\t<meta property=\"og:image:type\" content=\"image\/webp\" \/>\n<meta name=\"author\" content=\"Reda\u00e7\u00e3o\" \/>\n<meta name=\"twitter:card\" content=\"summary_large_image\" \/>\n<meta name=\"twitter:label1\" content=\"Written by\" \/>\n\t<meta name=\"twitter:data1\" content=\"Reda\u00e7\u00e3o\" \/>\n\t<meta name=\"twitter:label2\" content=\"Est. reading time\" \/>\n\t<meta name=\"twitter:data2\" content=\"2 minutes\" \/>\n<script type=\"application\/ld+json\" class=\"yoast-schema-graph\">{\"@context\":\"https:\/\/schema.org\",\"@graph\":[{\"@type\":\"WebPage\",\"@id\":\"https:\/\/www.djamilaribeiro.com.br\/en\/djamila-ribeiro-takes-part-in-international-conference-in-amsterdam-on-the-global-challenges-faced-by-women\/\",\"url\":\"https:\/\/www.djamilaribeiro.com.br\/en\/djamila-ribeiro-takes-part-in-international-conference-in-amsterdam-on-the-global-challenges-faced-by-women\/\",\"name\":\"Djamila Ribeiro takes part in international conference in Amsterdam on the global challenges faced by women - Djamila Ribeiro\",\"isPartOf\":{\"@id\":\"https:\/\/www.djamilaribeiro.com.br\/#website\"},\"datePublished\":\"2026-03-07T13:36:47+00:00\",\"dateModified\":\"2026-03-07T16:43:10+00:00\",\"author\":{\"@id\":\"https:\/\/www.djamilaribeiro.com.br\/#\/schema\/person\/a928f404cf733e4c62686bedd437b9ee\"},\"description\":\"The Brazilian philosopher is one of the guests at Women Unite, a conference discussing the challenges women face in the contemporary world.\",\"breadcrumb\":{\"@id\":\"https:\/\/www.djamilaribeiro.com.br\/en\/djamila-ribeiro-takes-part-in-international-conference-in-amsterdam-on-the-global-challenges-faced-by-women\/#breadcrumb\"},\"inLanguage\":\"en-US\",\"potentialAction\":[{\"@type\":\"ReadAction\",\"target\":[\"https:\/\/www.djamilaribeiro.com.br\/en\/djamila-ribeiro-takes-part-in-international-conference-in-amsterdam-on-the-global-challenges-faced-by-women\/\"]}]},{\"@type\":\"BreadcrumbList\",\"@id\":\"https:\/\/www.djamilaribeiro.com.br\/en\/djamila-ribeiro-takes-part-in-international-conference-in-amsterdam-on-the-global-challenges-faced-by-women\/#breadcrumb\",\"itemListElement\":[{\"@type\":\"ListItem\",\"position\":1,\"name\":\"In\u00edcio\",\"item\":\"https:\/\/www.djamilaribeiro.com.br\/en\/\"},{\"@type\":\"ListItem\",\"position\":2,\"name\":\"Djamila Ribeiro takes part in international conference in Amsterdam on the global challenges faced by women\"}]},{\"@type\":\"WebSite\",\"@id\":\"https:\/\/www.djamilaribeiro.com.br\/#website\",\"url\":\"https:\/\/www.djamilaribeiro.com.br\/\",\"name\":\"Djamila Ribeiro\",\"description\":\"\",\"potentialAction\":[{\"@type\":\"SearchAction\",\"target\":{\"@type\":\"EntryPoint\",\"urlTemplate\":\"https:\/\/www.djamilaribeiro.com.br\/?s={search_term_string}\"},\"query-input\":\"required name=search_term_string\"}],\"inLanguage\":\"en-US\"},{\"@type\":\"Person\",\"@id\":\"https:\/\/www.djamilaribeiro.com.br\/#\/schema\/person\/a928f404cf733e4c62686bedd437b9ee\",\"name\":\"Reda\u00e7\u00e3o\",\"image\":{\"@type\":\"ImageObject\",\"inLanguage\":\"en-US\",\"@id\":\"https:\/\/www.djamilaribeiro.com.br\/#\/schema\/person\/image\/\",\"url\":\"https:\/\/secure.gravatar.com\/avatar\/e22ea52208b383d899430021cb4ecf26?s=96&d=mm&r=g\",\"contentUrl\":\"https:\/\/secure.gravatar.com\/avatar\/e22ea52208b383d899430021cb4ecf26?s=96&d=mm&r=g\",\"caption\":\"Reda\u00e7\u00e3o\"},\"sameAs\":[\"https:\/\/localhost\"],\"url\":\"https:\/\/www.djamilaribeiro.com.br\/en\/author\/djamila\/\"}]}<\/script>\n<!-- \/ Yoast SEO plugin. -->","yoast_head_json":{"title":"Djamila Ribeiro takes part in international conference in Amsterdam on the global challenges faced by women - Djamila Ribeiro","description":"The Brazilian philosopher is one of the guests at Women Unite, a conference discussing the challenges women face in the contemporary world.","robots":{"index":"index","follow":"follow","max-snippet":"max-snippet:-1","max-image-preview":"max-image-preview:large","max-video-preview":"max-video-preview:-1"},"canonical":"https:\/\/www.djamilaribeiro.com.br\/en\/djamila-ribeiro-takes-part-in-international-conference-in-amsterdam-on-the-global-challenges-faced-by-women\/","og_locale":"en_US","og_type":"article","og_title":"Djamila Ribeiro takes part in international conference in Amsterdam on the global challenges faced by women - Djamila Ribeiro","og_description":"The Brazilian philosopher is one of the guests at Women Unite, a conference discussing the challenges women face in the contemporary world.","og_url":"https:\/\/www.djamilaribeiro.com.br\/en\/djamila-ribeiro-takes-part-in-international-conference-in-amsterdam-on-the-global-challenges-faced-by-women\/","og_site_name":"Djamila Ribeiro","article_published_time":"2026-03-07T13:36:47+00:00","article_modified_time":"2026-03-07T16:43:10+00:00","og_image":[{"width":1440,"height":644,"url":"https:\/\/www.djamilaribeiro.com.br\/wp-content\/uploads\/2026\/03\/banner.webp","type":"image\/webp"}],"author":"Reda\u00e7\u00e3o","twitter_card":"summary_large_image","twitter_misc":{"Written by":"Reda\u00e7\u00e3o","Est. reading time":"2 minutes"},"schema":{"@context":"https:\/\/schema.org","@graph":[{"@type":"WebPage","@id":"https:\/\/www.djamilaribeiro.com.br\/en\/djamila-ribeiro-takes-part-in-international-conference-in-amsterdam-on-the-global-challenges-faced-by-women\/","url":"https:\/\/www.djamilaribeiro.com.br\/en\/djamila-ribeiro-takes-part-in-international-conference-in-amsterdam-on-the-global-challenges-faced-by-women\/","name":"Djamila Ribeiro takes part in international conference in Amsterdam on the global challenges faced by women - Djamila Ribeiro","isPartOf":{"@id":"https:\/\/www.djamilaribeiro.com.br\/#website"},"datePublished":"2026-03-07T13:36:47+00:00","dateModified":"2026-03-07T16:43:10+00:00","author":{"@id":"https:\/\/www.djamilaribeiro.com.br\/#\/schema\/person\/a928f404cf733e4c62686bedd437b9ee"},"description":"The Brazilian philosopher is one of the guests at Women Unite, a conference discussing the challenges women face in the contemporary world.","breadcrumb":{"@id":"https:\/\/www.djamilaribeiro.com.br\/en\/djamila-ribeiro-takes-part-in-international-conference-in-amsterdam-on-the-global-challenges-faced-by-women\/#breadcrumb"},"inLanguage":"en-US","potentialAction":[{"@type":"ReadAction","target":["https:\/\/www.djamilaribeiro.com.br\/en\/djamila-ribeiro-takes-part-in-international-conference-in-amsterdam-on-the-global-challenges-faced-by-women\/"]}]},{"@type":"BreadcrumbList","@id":"https:\/\/www.djamilaribeiro.com.br\/en\/djamila-ribeiro-takes-part-in-international-conference-in-amsterdam-on-the-global-challenges-faced-by-women\/#breadcrumb","itemListElement":[{"@type":"ListItem","position":1,"name":"In\u00edcio","item":"https:\/\/www.djamilaribeiro.com.br\/en\/"},{"@type":"ListItem","position":2,"name":"Djamila Ribeiro takes part in international conference in Amsterdam on the global challenges faced by women"}]},{"@type":"WebSite","@id":"https:\/\/www.djamilaribeiro.com.br\/#website","url":"https:\/\/www.djamilaribeiro.com.br\/","name":"Djamila Ribeiro","description":"","potentialAction":[{"@type":"SearchAction","target":{"@type":"EntryPoint","urlTemplate":"https:\/\/www.djamilaribeiro.com.br\/?s={search_term_string}"},"query-input":"required name=search_term_string"}],"inLanguage":"en-US"},{"@type":"Person","@id":"https:\/\/www.djamilaribeiro.com.br\/#\/schema\/person\/a928f404cf733e4c62686bedd437b9ee","name":"Reda\u00e7\u00e3o","image":{"@type":"ImageObject","inLanguage":"en-US","@id":"https:\/\/www.djamilaribeiro.com.br\/#\/schema\/person\/image\/","url":"https:\/\/secure.gravatar.com\/avatar\/e22ea52208b383d899430021cb4ecf26?s=96&d=mm&r=g","contentUrl":"https:\/\/secure.gravatar.com\/avatar\/e22ea52208b383d899430021cb4ecf26?s=96&d=mm&r=g","caption":"Reda\u00e7\u00e3o"},"sameAs":["https:\/\/localhost"],"url":"https:\/\/www.djamilaribeiro.com.br\/en\/author\/djamila\/"}]}},"amp_enabled":true,"_links":{"self":[{"href":"https:\/\/www.djamilaribeiro.com.br\/en\/wp-json\/wp\/v2\/posts\/5249"}],"collection":[{"href":"https:\/\/www.djamilaribeiro.com.br\/en\/wp-json\/wp\/v2\/posts"}],"about":[{"href":"https:\/\/www.djamilaribeiro.com.br\/en\/wp-json\/wp\/v2\/types\/post"}],"author":[{"embeddable":true,"href":"https:\/\/www.djamilaribeiro.com.br\/en\/wp-json\/wp\/v2\/users\/1"}],"replies":[{"embeddable":true,"href":"https:\/\/www.djamilaribeiro.com.br\/en\/wp-json\/wp\/v2\/comments?post=5249"}],"version-history":[{"count":2,"href":"https:\/\/www.djamilaribeiro.com.br\/en\/wp-json\/wp\/v2\/posts\/5249\/revisions"}],"predecessor-version":[{"id":5251,"href":"https:\/\/www.djamilaribeiro.com.br\/en\/wp-json\/wp\/v2\/posts\/5249\/revisions\/5251"}],"wp:featuredmedia":[{"embeddable":true,"href":"https:\/\/www.djamilaribeiro.com.br\/en\/wp-json\/wp\/v2\/media\/5244"}],"wp:attachment":[{"href":"https:\/\/www.djamilaribeiro.com.br\/en\/wp-json\/wp\/v2\/media?parent=5249"}],"wp:term":[{"taxonomy":"category","embeddable":true,"href":"https:\/\/www.djamilaribeiro.com.br\/en\/wp-json\/wp\/v2\/categories?post=5249"},{"taxonomy":"post_tag","embeddable":true,"href":"https:\/\/www.djamilaribeiro.com.br\/en\/wp-json\/wp\/v2\/tags?post=5249"}],"curies":[{"name":"wp","href":"https:\/\/api.w.org\/{rel}","templated":true}]}}