{"id":5315,"date":"2026-03-13T11:46:02","date_gmt":"2026-03-13T14:46:02","guid":{"rendered":"https:\/\/www.djamilaribeiro.com.br\/?p=5315"},"modified":"2026-03-14T09:33:49","modified_gmt":"2026-03-14T12:33:49","slug":"djamila-ribeiro-announces-partnership-to-provide-legal-support-for-women-in-vulnerable-situations","status":"publish","type":"post","link":"https:\/\/www.djamilaribeiro.com.br\/en\/djamila-ribeiro-announces-partnership-to-provide-legal-support-for-women-in-vulnerable-situations\/","title":{"rendered":"Djamila Ribeiro announces partnership to provide legal support for women in vulnerable situations"},"content":{"rendered":"<p data-start=\"120\" data-end=\"371\">Djamila Ribeiro announced last Thursday (12) the launch of a partnership between <strong data-start=\"201\" data-end=\"255\">Espa\u00e7o Feminismos Plurais (Plural Feminisms Space)<\/strong> and the law firm <strong data-start=\"273\" data-end=\"294\">Veirano Advogados<\/strong> to expand access to justice for women in situations of social vulnerability.<\/p>\n<p data-start=\"373\" data-end=\"604\">The initiative will offer voluntary legal assistance in fundamental areas of everyday life, such as inheritance, child custody, child support, divorce and separation, among other legal matters that directly affect women\u2019s autonomy.<\/p>\n<p data-start=\"606\" data-end=\"765\">\u201cOur goal is to expand the tools available so that women in vulnerable situations can access their rights and strengthen their autonomy,\u201d says Djamila Ribeiro.<\/p>\n<h3 data-section-id=\"z6wb1z\" data-start=\"767\" data-end=\"783\">Launch event<\/h3>\n<p data-start=\"785\" data-end=\"1015\">The partnership will be presented to the public at an event on March 17 at <strong data-start=\"860\" data-end=\"889\">Espa\u00e7o Feminismos Plurais<\/strong>, featuring a conversation between Djamila Ribeiro (online) and lawyer <strong data-start=\"960\" data-end=\"984\">Priscilla Villa Nova<\/strong>, partner at Veirano Advogados.<\/p>\n<h3 data-section-id=\"f87ofa\" data-start=\"1017\" data-end=\"1038\">Event information<\/h3>\n<p data-start=\"1040\" data-end=\"1120\"><strong data-start=\"1040\" data-end=\"1049\">Date:<\/strong> March 17, 2026<br data-start=\"1064\" data-end=\"1067\" \/><strong data-start=\"1067\" data-end=\"1081\">Reception:<\/strong> 6:00 p.m.<br data-start=\"1091\" data-end=\"1094\" \/><strong data-start=\"1094\" data-end=\"1110\">Event start:<\/strong> 7:00 p.m.<\/p>\n<p data-start=\"1122\" data-end=\"1207\"><strong data-start=\"1122\" data-end=\"1135\">Location:<\/strong><br data-start=\"1135\" data-end=\"1138\" \/>Espa\u00e7o Feminismos Plurais<br data-start=\"1163\" data-end=\"1166\" \/>Avenida Chibar\u00e1s, 666 \u2013 Moema \u2013 S\u00e3o Paulo<\/p>\n<p data-start=\"1209\" data-end=\"1287\">The event will also include <strong data-start=\"1237\" data-end=\"1286\">Brazilian Sign Language (Libras) interpreters<\/strong>.<\/p>\n<h3 data-section-id=\"mtx4az\" data-start=\"1289\" data-end=\"1311\">Open participation<\/h3>\n<p data-start=\"1313\" data-end=\"1459\">To encourage participation, the <strong data-start=\"1345\" data-end=\"1367\">first 50 attendees<\/strong> will receive a copy of the <strong data-start=\"1395\" data-end=\"1458\">Feminismos Plurais Collection (Plural Feminisms Collection)<\/strong>.<\/p>\n<blockquote class=\"instagram-media\" style=\"background: #FFF; border: 0; border-radius: 3px; box-shadow: 0 0 1px 0 rgba(0,0,0,0.5),0 1px 10px 0 rgba(0,0,0,0.15); margin: 1px; max-width: 540px; min-width: 326px; padding: 0; width: calc(100% - 2px);\" data-instgrm-captioned=\"\" data-instgrm-permalink=\"https:\/\/www.instagram.com\/reel\/DVyfvGAEWZe\/?utm_source=ig_embed&amp;utm_campaign=loading\" data-instgrm-version=\"14\">\n<div style=\"padding: 16px;\">\n<p>&nbsp;<\/p>\n<div style=\"display: flex; flex-direction: row; align-items: center;\">\n<div style=\"background-color: #f4f4f4; border-radius: 50%; flex-grow: 0; height: 40px; margin-right: 14px; width: 40px;\"><\/div>\n<div style=\"display: flex; flex-direction: column; flex-grow: 1; justify-content: center;\">\n<div style=\"background-color: #f4f4f4; border-radius: 4px; flex-grow: 0; height: 14px; margin-bottom: 6px; width: 100px;\"><\/div>\n<div style=\"background-color: #f4f4f4; border-radius: 4px; flex-grow: 0; height: 14px; width: 60px;\"><\/div>\n<\/div>\n<\/div>\n<div style=\"padding: 19% 0;\"><\/div>\n<div style=\"display: block; height: 50px; margin: 0 auto 12px; width: 50px;\"><\/div>\n<div style=\"padding-top: 8px;\">\n<div style=\"color: #3897f0; font-family: Arial,sans-serif; font-size: 14px; font-style: normal; font-weight: 550; line-height: 18px;\">Ver essa foto no Instagram<\/div>\n<\/div>\n<div style=\"padding: 12.5% 0;\"><\/div>\n<div style=\"display: flex; flex-direction: row; margin-bottom: 14px; align-items: center;\">\n<div>\n<div style=\"background-color: #f4f4f4; border-radius: 50%; height: 12.5px; width: 12.5px; transform: translateX(0px) translateY(7px);\"><\/div>\n<div style=\"background-color: #f4f4f4; height: 12.5px; transform: rotate(-45deg) translateX(3px) translateY(1px); width: 12.5px; flex-grow: 0; margin-right: 14px; margin-left: 2px;\"><\/div>\n<div style=\"background-color: #f4f4f4; border-radius: 50%; height: 12.5px; width: 12.5px; transform: translateX(9px) translateY(-18px);\"><\/div>\n<\/div>\n<div style=\"margin-left: 8px;\">\n<div style=\"background-color: #f4f4f4; border-radius: 50%; flex-grow: 0; height: 20px; width: 20px;\"><\/div>\n<div style=\"width: 0; height: 0; border-top: 2px solid transparent; border-left: 6px solid #f4f4f4; border-bottom: 2px solid transparent; transform: translateX(16px) translateY(-4px) rotate(30deg);\"><\/div>\n<\/div>\n<div style=\"margin-left: auto;\">\n<div style=\"width: 0px; border-top: 8px solid #F4F4F4; border-right: 8px solid transparent; transform: translateY(16px);\"><\/div>\n<div style=\"background-color: #f4f4f4; flex-grow: 0; height: 12px; width: 16px; transform: translateY(-4px);\"><\/div>\n<div style=\"width: 0; height: 0; border-top: 8px solid #F4F4F4; border-left: 8px solid transparent; transform: translateY(-4px) translateX(8px);\"><\/div>\n<\/div>\n<\/div>\n<div style=\"display: flex; flex-direction: column; flex-grow: 1; justify-content: center; margin-bottom: 24px;\">\n<div style=\"background-color: #f4f4f4; border-radius: 4px; flex-grow: 0; height: 14px; margin-bottom: 6px; width: 224px;\"><\/div>\n<div style=\"background-color: #f4f4f4; border-radius: 4px; flex-grow: 0; height: 14px; width: 144px;\"><\/div>\n<\/div>\n<p>&nbsp;<\/p>\n<p style=\"color: #c9c8cd; font-family: Arial,sans-serif; font-size: 14px; line-height: 17px; margin-bottom: 0; margin-top: 8px; overflow: hidden; padding: 8px 0 7px; text-align: center; text-overflow: ellipsis; white-space: nowrap;\"><a style=\"color: #c9c8cd; font-family: Arial,sans-serif; font-size: 14px; font-style: normal; font-weight: normal; line-height: 17px; text-decoration: none;\" href=\"https:\/\/www.instagram.com\/reel\/DVyfvGAEWZe\/?utm_source=ig_embed&amp;utm_campaign=loading\" target=\"_blank\" rel=\"noopener\">Um post compartilhado por Djamila Ribeiro (@djamilaribeiro1)<\/a><\/p>\n<\/div>\n<\/blockquote>\n<p><script async src=\"\/\/www.instagram.com\/embed.js\"><\/script><\/p>\n<p data-start=\"1461\" data-end=\"1660\">\n","protected":false},"excerpt":{"rendered":"<p>Djamila Ribeiro announced last Thursday (12) the launch of a partnership between Espa\u00e7o Feminismos Plurais (Plural Feminisms Space) and the law firm Veirano Advogados to expand access to justice for women in situations of social vulnerability. The initiative will offer voluntary legal assistance in fundamental areas of everyday life, such as inheritance, child custody, child [&hellip;]<\/p>\n","protected":false},"author":1,"featured_media":5309,"comment_status":"open","ping_status":"open","sticky":false,"template":"","format":"standard","meta":{"inline_featured_image":false},"categories":[2],"tags":[1876,33,1880,41,1877,423,1881,1878,472,1879],"acf":[],"yoast_head":"<!-- This site is optimized with the Yoast SEO plugin v20.5 - https:\/\/yoast.com\/wordpress\/plugins\/seo\/ -->\n<title>Djamila Ribeiro announces partnership to provide legal support for women in vulnerable situations - Djamila Ribeiro<\/title>\n<meta name=\"description\" content=\"The initiative launches on March 17 at Espa\u00e7o Feminismos Plurais, featuring virtual participation by the Brazilian philosopher.\" \/>\n<meta name=\"robots\" content=\"index, follow, max-snippet:-1, max-image-preview:large, max-video-preview:-1\" \/>\n<link rel=\"canonical\" href=\"https:\/\/www.djamilaribeiro.com.br\/en\/djamila-ribeiro-announces-partnership-to-provide-legal-support-for-women-in-vulnerable-situations\/\" \/>\n<meta property=\"og:locale\" content=\"en_US\" \/>\n<meta property=\"og:type\" content=\"article\" \/>\n<meta property=\"og:title\" content=\"Djamila Ribeiro announces partnership to provide legal support for women in vulnerable situations - Djamila Ribeiro\" \/>\n<meta property=\"og:description\" content=\"The initiative launches on March 17 at Espa\u00e7o Feminismos Plurais, featuring virtual participation by the Brazilian philosopher.\" \/>\n<meta property=\"og:url\" content=\"https:\/\/www.djamilaribeiro.com.br\/en\/djamila-ribeiro-announces-partnership-to-provide-legal-support-for-women-in-vulnerable-situations\/\" \/>\n<meta property=\"og:site_name\" content=\"Djamila Ribeiro\" \/>\n<meta property=\"article:published_time\" content=\"2026-03-13T14:46:02+00:00\" \/>\n<meta property=\"article:modified_time\" content=\"2026-03-14T12:33:49+00:00\" \/>\n<meta property=\"og:image\" content=\"https:\/\/www.djamilaribeiro.com.br\/wp-content\/uploads\/2026\/03\/Feminismos.jpg\" \/>\n\t<meta property=\"og:image:width\" content=\"1079\" \/>\n\t<meta property=\"og:image:height\" content=\"1349\" \/>\n\t<meta property=\"og:image:type\" content=\"image\/jpeg\" \/>\n<meta name=\"author\" content=\"Reda\u00e7\u00e3o\" \/>\n<meta name=\"twitter:card\" content=\"summary_large_image\" \/>\n<meta name=\"twitter:label1\" content=\"Written by\" \/>\n\t<meta name=\"twitter:data1\" content=\"Reda\u00e7\u00e3o\" \/>\n\t<meta name=\"twitter:label2\" content=\"Est. reading time\" \/>\n\t<meta name=\"twitter:data2\" content=\"1 minute\" \/>\n<script type=\"application\/ld+json\" class=\"yoast-schema-graph\">{\"@context\":\"https:\/\/schema.org\",\"@graph\":[{\"@type\":\"WebPage\",\"@id\":\"https:\/\/www.djamilaribeiro.com.br\/en\/djamila-ribeiro-announces-partnership-to-provide-legal-support-for-women-in-vulnerable-situations\/\",\"url\":\"https:\/\/www.djamilaribeiro.com.br\/en\/djamila-ribeiro-announces-partnership-to-provide-legal-support-for-women-in-vulnerable-situations\/\",\"name\":\"Djamila Ribeiro announces partnership to provide legal support for women in vulnerable situations - Djamila Ribeiro\",\"isPartOf\":{\"@id\":\"https:\/\/www.djamilaribeiro.com.br\/#website\"},\"datePublished\":\"2026-03-13T14:46:02+00:00\",\"dateModified\":\"2026-03-14T12:33:49+00:00\",\"author\":{\"@id\":\"https:\/\/www.djamilaribeiro.com.br\/#\/schema\/person\/a928f404cf733e4c62686bedd437b9ee\"},\"description\":\"The initiative launches on March 17 at Espa\u00e7o Feminismos Plurais, featuring virtual participation by the Brazilian philosopher.\",\"breadcrumb\":{\"@id\":\"https:\/\/www.djamilaribeiro.com.br\/en\/djamila-ribeiro-announces-partnership-to-provide-legal-support-for-women-in-vulnerable-situations\/#breadcrumb\"},\"inLanguage\":\"en-US\",\"potentialAction\":[{\"@type\":\"ReadAction\",\"target\":[\"https:\/\/www.djamilaribeiro.com.br\/en\/djamila-ribeiro-announces-partnership-to-provide-legal-support-for-women-in-vulnerable-situations\/\"]}]},{\"@type\":\"BreadcrumbList\",\"@id\":\"https:\/\/www.djamilaribeiro.com.br\/en\/djamila-ribeiro-announces-partnership-to-provide-legal-support-for-women-in-vulnerable-situations\/#breadcrumb\",\"itemListElement\":[{\"@type\":\"ListItem\",\"position\":1,\"name\":\"In\u00edcio\",\"item\":\"https:\/\/www.djamilaribeiro.com.br\/en\/\"},{\"@type\":\"ListItem\",\"position\":2,\"name\":\"Djamila Ribeiro announces partnership to provide legal support for women in vulnerable situations\"}]},{\"@type\":\"WebSite\",\"@id\":\"https:\/\/www.djamilaribeiro.com.br\/#website\",\"url\":\"https:\/\/www.djamilaribeiro.com.br\/\",\"name\":\"Djamila Ribeiro\",\"description\":\"\",\"potentialAction\":[{\"@type\":\"SearchAction\",\"target\":{\"@type\":\"EntryPoint\",\"urlTemplate\":\"https:\/\/www.djamilaribeiro.com.br\/?s={search_term_string}\"},\"query-input\":\"required name=search_term_string\"}],\"inLanguage\":\"en-US\"},{\"@type\":\"Person\",\"@id\":\"https:\/\/www.djamilaribeiro.com.br\/#\/schema\/person\/a928f404cf733e4c62686bedd437b9ee\",\"name\":\"Reda\u00e7\u00e3o\",\"image\":{\"@type\":\"ImageObject\",\"inLanguage\":\"en-US\",\"@id\":\"https:\/\/www.djamilaribeiro.com.br\/#\/schema\/person\/image\/\",\"url\":\"https:\/\/secure.gravatar.com\/avatar\/e22ea52208b383d899430021cb4ecf26?s=96&d=mm&r=g\",\"contentUrl\":\"https:\/\/secure.gravatar.com\/avatar\/e22ea52208b383d899430021cb4ecf26?s=96&d=mm&r=g\",\"caption\":\"Reda\u00e7\u00e3o\"},\"sameAs\":[\"https:\/\/localhost\"],\"url\":\"https:\/\/www.djamilaribeiro.com.br\/en\/author\/djamila\/\"}]}<\/script>\n<!-- \/ Yoast SEO plugin. -->","yoast_head_json":{"title":"Djamila Ribeiro announces partnership to provide legal support for women in vulnerable situations - Djamila Ribeiro","description":"The initiative launches on March 17 at Espa\u00e7o Feminismos Plurais, featuring virtual participation by the Brazilian philosopher.","robots":{"index":"index","follow":"follow","max-snippet":"max-snippet:-1","max-image-preview":"max-image-preview:large","max-video-preview":"max-video-preview:-1"},"canonical":"https:\/\/www.djamilaribeiro.com.br\/en\/djamila-ribeiro-announces-partnership-to-provide-legal-support-for-women-in-vulnerable-situations\/","og_locale":"en_US","og_type":"article","og_title":"Djamila Ribeiro announces partnership to provide legal support for women in vulnerable situations - Djamila Ribeiro","og_description":"The initiative launches on March 17 at Espa\u00e7o Feminismos Plurais, featuring virtual participation by the Brazilian philosopher.","og_url":"https:\/\/www.djamilaribeiro.com.br\/en\/djamila-ribeiro-announces-partnership-to-provide-legal-support-for-women-in-vulnerable-situations\/","og_site_name":"Djamila Ribeiro","article_published_time":"2026-03-13T14:46:02+00:00","article_modified_time":"2026-03-14T12:33:49+00:00","og_image":[{"width":1079,"height":1349,"url":"https:\/\/www.djamilaribeiro.com.br\/wp-content\/uploads\/2026\/03\/Feminismos.jpg","type":"image\/jpeg"}],"author":"Reda\u00e7\u00e3o","twitter_card":"summary_large_image","twitter_misc":{"Written by":"Reda\u00e7\u00e3o","Est. reading time":"1 minute"},"schema":{"@context":"https:\/\/schema.org","@graph":[{"@type":"WebPage","@id":"https:\/\/www.djamilaribeiro.com.br\/en\/djamila-ribeiro-announces-partnership-to-provide-legal-support-for-women-in-vulnerable-situations\/","url":"https:\/\/www.djamilaribeiro.com.br\/en\/djamila-ribeiro-announces-partnership-to-provide-legal-support-for-women-in-vulnerable-situations\/","name":"Djamila Ribeiro announces partnership to provide legal support for women in vulnerable situations - Djamila Ribeiro","isPartOf":{"@id":"https:\/\/www.djamilaribeiro.com.br\/#website"},"datePublished":"2026-03-13T14:46:02+00:00","dateModified":"2026-03-14T12:33:49+00:00","author":{"@id":"https:\/\/www.djamilaribeiro.com.br\/#\/schema\/person\/a928f404cf733e4c62686bedd437b9ee"},"description":"The initiative launches on March 17 at Espa\u00e7o Feminismos Plurais, featuring virtual participation by the Brazilian philosopher.","breadcrumb":{"@id":"https:\/\/www.djamilaribeiro.com.br\/en\/djamila-ribeiro-announces-partnership-to-provide-legal-support-for-women-in-vulnerable-situations\/#breadcrumb"},"inLanguage":"en-US","potentialAction":[{"@type":"ReadAction","target":["https:\/\/www.djamilaribeiro.com.br\/en\/djamila-ribeiro-announces-partnership-to-provide-legal-support-for-women-in-vulnerable-situations\/"]}]},{"@type":"BreadcrumbList","@id":"https:\/\/www.djamilaribeiro.com.br\/en\/djamila-ribeiro-announces-partnership-to-provide-legal-support-for-women-in-vulnerable-situations\/#breadcrumb","itemListElement":[{"@type":"ListItem","position":1,"name":"In\u00edcio","item":"https:\/\/www.djamilaribeiro.com.br\/en\/"},{"@type":"ListItem","position":2,"name":"Djamila Ribeiro announces partnership to provide legal support for women in vulnerable situations"}]},{"@type":"WebSite","@id":"https:\/\/www.djamilaribeiro.com.br\/#website","url":"https:\/\/www.djamilaribeiro.com.br\/","name":"Djamila Ribeiro","description":"","potentialAction":[{"@type":"SearchAction","target":{"@type":"EntryPoint","urlTemplate":"https:\/\/www.djamilaribeiro.com.br\/?s={search_term_string}"},"query-input":"required name=search_term_string"}],"inLanguage":"en-US"},{"@type":"Person","@id":"https:\/\/www.djamilaribeiro.com.br\/#\/schema\/person\/a928f404cf733e4c62686bedd437b9ee","name":"Reda\u00e7\u00e3o","image":{"@type":"ImageObject","inLanguage":"en-US","@id":"https:\/\/www.djamilaribeiro.com.br\/#\/schema\/person\/image\/","url":"https:\/\/secure.gravatar.com\/avatar\/e22ea52208b383d899430021cb4ecf26?s=96&d=mm&r=g","contentUrl":"https:\/\/secure.gravatar.com\/avatar\/e22ea52208b383d899430021cb4ecf26?s=96&d=mm&r=g","caption":"Reda\u00e7\u00e3o"},"sameAs":["https:\/\/localhost"],"url":"https:\/\/www.djamilaribeiro.com.br\/en\/author\/djamila\/"}]}},"amp_enabled":true,"_links":{"self":[{"href":"https:\/\/www.djamilaribeiro.com.br\/en\/wp-json\/wp\/v2\/posts\/5315"}],"collection":[{"href":"https:\/\/www.djamilaribeiro.com.br\/en\/wp-json\/wp\/v2\/posts"}],"about":[{"href":"https:\/\/www.djamilaribeiro.com.br\/en\/wp-json\/wp\/v2\/types\/post"}],"author":[{"embeddable":true,"href":"https:\/\/www.djamilaribeiro.com.br\/en\/wp-json\/wp\/v2\/users\/1"}],"replies":[{"embeddable":true,"href":"https:\/\/www.djamilaribeiro.com.br\/en\/wp-json\/wp\/v2\/comments?post=5315"}],"version-history":[{"count":1,"href":"https:\/\/www.djamilaribeiro.com.br\/en\/wp-json\/wp\/v2\/posts\/5315\/revisions"}],"predecessor-version":[{"id":5316,"href":"https:\/\/www.djamilaribeiro.com.br\/en\/wp-json\/wp\/v2\/posts\/5315\/revisions\/5316"}],"wp:featuredmedia":[{"embeddable":true,"href":"https:\/\/www.djamilaribeiro.com.br\/en\/wp-json\/wp\/v2\/media\/5309"}],"wp:attachment":[{"href":"https:\/\/www.djamilaribeiro.com.br\/en\/wp-json\/wp\/v2\/media?parent=5315"}],"wp:term":[{"taxonomy":"category","embeddable":true,"href":"https:\/\/www.djamilaribeiro.com.br\/en\/wp-json\/wp\/v2\/categories?post=5315"},{"taxonomy":"post_tag","embeddable":true,"href":"https:\/\/www.djamilaribeiro.com.br\/en\/wp-json\/wp\/v2\/tags?post=5315"}],"curies":[{"name":"wp","href":"https:\/\/api.w.org\/{rel}","templated":true}]}}