{"id":5548,"date":"2026-05-02T12:11:06","date_gmt":"2026-05-02T15:11:06","guid":{"rendered":"https:\/\/www.djamilaribeiro.com.br\/djamila-ribeiro-lota-auditorio-em-estreia-no-festival-metropolis-bleu-em-montreal\/"},"modified":"2026-05-02T12:26:49","modified_gmt":"2026-05-02T15:26:49","slug":"djamila-ribeiro-fills-auditorium-in-debut-at-metropolis-bleu-festival-in-montreal","status":"publish","type":"post","link":"https:\/\/www.djamilaribeiro.com.br\/en\/djamila-ribeiro-fills-auditorium-in-debut-at-metropolis-bleu-festival-in-montreal\/","title":{"rendered":"Djamila Ribeiro fills auditorium in debut at Metropolis Bleu Festival in Montreal"},"content":{"rendered":"<p data-start=\"88\" data-end=\"307\"><strong><em>The Brazilian philosopher took part in the program with support from the Brazilian Consulate in Montreal and the Instituto Guimar\u00e3es Rosa; diplomatic post highlighted the success of the author\u2019s visit to Canada<\/em><\/strong><\/p>\n<p data-start=\"344\" data-end=\"802\">Djamila Ribeiro\u2019s participation in the Metropolis Bleu International Literary Festival in Montreal consolidated the international strength of her intellectual production. In her first appearance at the Canadian event, the Brazilian philosopher, professor, and writer drew large audiences, took part in meetings with Quebec authors, and received recognition from the Brazilian Consulate in Montreal, which celebrated the success of her agenda on social media.<\/p>\n<p data-start=\"804\" data-end=\"1135\">With support from the Instituto Guimar\u00e3es Rosa, part of Brazil\u2019s Ministry of Foreign Affairs, Djamila joined the festival\u2019s \u201cBlue\u201d segment, dedicated to literature in Portuguese and Spanish. The 2026 edition of Metropolis Bleu took place from April 24 to 26 and featured names such as Leonardo Padura, Azar Nafisi, and Guy Delisle.<\/p>\n<p data-start=\"1137\" data-end=\"1609\">Djamila participated in the festival\u2019s opening alongside international authors and, on April 25, hosted ten Quebec writers at the professional \u201cMorning Meet-Up.\u201d Among the participants were J. D. Kurtness, Eric Dupont, Nicholas Dawson, Ioanna Georgescu, and Joanne Rochette, \u201cinterested in presenting their works and gaining a deeper understanding of the Brazilian publishing market, which includes the <strong>Feminismos Plurais collection<\/strong>,\u201d the Consulate\u2019s Instagram post noted.<\/p>\n<p data-start=\"1611\" data-end=\"1936\">Also on Saturday, the author presented, in Portuguese, the panel <strong>\u201cLugar de Fala: A Conversation with Djamila Ribeiro,\u201d<\/strong> in dialogue with journalist and university professor Ingrid Bejerman. The event filled the auditorium, bringing together specialists, members of the Brazilian community, and Lusophone audiences in Montreal.<\/p>\n<p data-start=\"1938\" data-end=\"2434\">Demand for the writer\u2019s participation had already exceeded expectations before the festival began. With tickets sold out for the first session, organizers opened an additional session in English, held on Sunday, April 26, under the title<strong> \u201cWho Gets to Speak: A Conversation with Djamila Ribeiro.\u201d<\/strong> On that occasion, the audience was able to learn about the author\u2019s trajectory and ask questions about the concept of standpoint, its circulation in U.S. academia, and in other international contexts.<\/p>\n<p data-start=\"2436\" data-end=\"2836\">Her time in Montreal reinforced Djamila Ribeiro\u2019s presence in the global intellectual circuit. Author of works that reshaped Brazil\u2019s public debate on structural racism, Black feminism, political responsibility, and standpoint, she returned after the festival to her role as a visiting professor in the Dr. Martin Luther King Jr. Program at the Massachusetts Institute of Technology (MIT), in Boston.<\/p>\n<p data-start=\"2838\" data-end=\"3089\">In its post about her participation, the Brazilian Consulate in Montreal highlighted the warm reception from Canadian and Lusophone audiences: \u201cShe will be missed in Montreal. May this be the first of many visits to Canada!\u201d the publication concluded.<\/p>\n<blockquote class=\"instagram-media\" style=\"background: #FFF; border: 0; border-radius: 3px; box-shadow: 0 0 1px 0 rgba(0,0,0,0.5),0 1px 10px 0 rgba(0,0,0,0.15); margin: 1px; max-width: 540px; min-width: 326px; padding: 0; width: calc(100% - 2px);\" data-instgrm-captioned=\"\" data-instgrm-permalink=\"https:\/\/www.instagram.com\/p\/DXo_jDoERlh\/?utm_source=ig_embed&amp;utm_campaign=loading\" data-instgrm-version=\"14\">\n<div style=\"padding: 16px;\">\n<p>&nbsp;<\/p>\n<div style=\"display: flex; flex-direction: row; align-items: center;\">\n<div style=\"background-color: #f4f4f4; border-radius: 50%; flex-grow: 0; height: 40px; margin-right: 14px; width: 40px;\"><\/div>\n<div style=\"display: flex; flex-direction: column; flex-grow: 1; justify-content: center;\">\n<div style=\"background-color: #f4f4f4; border-radius: 4px; flex-grow: 0; height: 14px; margin-bottom: 6px; width: 100px;\"><\/div>\n<div style=\"background-color: #f4f4f4; border-radius: 4px; flex-grow: 0; height: 14px; width: 60px;\"><\/div>\n<\/div>\n<\/div>\n<div style=\"padding: 19% 0;\"><\/div>\n<div style=\"display: block; height: 50px; margin: 0 auto 12px; width: 50px;\"><\/div>\n<div style=\"padding-top: 8px;\">\n<div style=\"color: #3897f0; font-family: Arial,sans-serif; font-size: 14px; font-style: normal; font-weight: 550; line-height: 18px;\">Ver essa foto no Instagram<\/div>\n<\/div>\n<div style=\"padding: 12.5% 0;\"><\/div>\n<div style=\"display: flex; flex-direction: row; margin-bottom: 14px; align-items: center;\">\n<div>\n<div style=\"background-color: #f4f4f4; border-radius: 50%; height: 12.5px; width: 12.5px; transform: translateX(0px) translateY(7px);\"><\/div>\n<div style=\"background-color: #f4f4f4; height: 12.5px; transform: rotate(-45deg) translateX(3px) translateY(1px); width: 12.5px; flex-grow: 0; margin-right: 14px; margin-left: 2px;\"><\/div>\n<div style=\"background-color: #f4f4f4; border-radius: 50%; height: 12.5px; width: 12.5px; transform: translateX(9px) translateY(-18px);\"><\/div>\n<\/div>\n<div style=\"margin-left: 8px;\">\n<div style=\"background-color: #f4f4f4; border-radius: 50%; flex-grow: 0; height: 20px; width: 20px;\"><\/div>\n<div style=\"width: 0; height: 0; border-top: 2px solid transparent; border-left: 6px solid #f4f4f4; border-bottom: 2px solid transparent; transform: translateX(16px) translateY(-4px) rotate(30deg);\"><\/div>\n<\/div>\n<div style=\"margin-left: auto;\">\n<div style=\"width: 0px; border-top: 8px solid #F4F4F4; border-right: 8px solid transparent; transform: translateY(16px);\"><\/div>\n<div style=\"background-color: #f4f4f4; flex-grow: 0; height: 12px; width: 16px; transform: translateY(-4px);\"><\/div>\n<div style=\"width: 0; height: 0; border-top: 8px solid #F4F4F4; border-left: 8px solid transparent; transform: translateY(-4px) translateX(8px);\"><\/div>\n<\/div>\n<\/div>\n<div style=\"display: flex; flex-direction: column; flex-grow: 1; justify-content: center; margin-bottom: 24px;\">\n<div style=\"background-color: #f4f4f4; border-radius: 4px; flex-grow: 0; height: 14px; margin-bottom: 6px; width: 224px;\"><\/div>\n<div style=\"background-color: #f4f4f4; border-radius: 4px; flex-grow: 0; height: 14px; width: 144px;\"><\/div>\n<\/div>\n<p>&nbsp;<\/p>\n<p style=\"color: #c9c8cd; font-family: Arial,sans-serif; font-size: 14px; line-height: 17px; margin-bottom: 0; margin-top: 8px; overflow: hidden; padding: 8px 0 7px; text-align: center; text-overflow: ellipsis; white-space: nowrap;\"><a style=\"color: #c9c8cd; font-family: Arial,sans-serif; font-size: 14px; font-style: normal; font-weight: normal; line-height: 17px; text-decoration: none;\" href=\"https:\/\/www.instagram.com\/p\/DXo_jDoERlh\/?utm_source=ig_embed&amp;utm_campaign=loading\" target=\"_blank\" rel=\"noopener\">Um post compartilhado por Consulado do Brasil em MTL (@brasilemmontreal)<\/a><\/p>\n<\/div>\n<\/blockquote>\n<p><script async src=\"\/\/www.instagram.com\/embed.js\"><\/script><\/p>\n","protected":false},"excerpt":{"rendered":"<p>The Brazilian philosopher took part in the program with support from the Brazilian Consulate in Montreal and the Instituto Guimar\u00e3es Rosa; diplomatic post highlighted the success of the author\u2019s visit to Canada Djamila Ribeiro\u2019s participation in the Metropolis Bleu International Literary Festival in Montreal consolidated the international strength of her intellectual production. In her first [&hellip;]<\/p>\n","protected":false},"author":1,"featured_media":5557,"comment_status":"open","ping_status":"open","sticky":false,"template":"","format":"standard","meta":{"inline_featured_image":false},"categories":[2],"tags":[129,2030,2026,33,1424,2027,2032,1480,1989,654,1990,2031,768],"acf":[],"yoast_head":"<!-- This site is optimized with the Yoast SEO plugin v20.5 - https:\/\/yoast.com\/wordpress\/plugins\/seo\/ -->\n<title>Djamila Ribeiro fills auditorium in debut at Metropolis Bleu Festival in Montreal - Djamila Ribeiro<\/title>\n<meta name=\"description\" content=\"The Brazilian philosopher draws full rooms in Montreal with talks on place of speech, literature, Black feminist thought and global debate.\" \/>\n<meta name=\"robots\" content=\"index, follow, max-snippet:-1, max-image-preview:large, max-video-preview:-1\" \/>\n<link rel=\"canonical\" href=\"https:\/\/www.djamilaribeiro.com.br\/en\/djamila-ribeiro-fills-auditorium-in-debut-at-metropolis-bleu-festival-in-montreal\/\" \/>\n<meta property=\"og:locale\" content=\"en_US\" \/>\n<meta property=\"og:type\" content=\"article\" \/>\n<meta property=\"og:title\" content=\"Djamila Ribeiro fills auditorium in debut at Metropolis Bleu Festival in Montreal - Djamila Ribeiro\" \/>\n<meta property=\"og:description\" content=\"The Brazilian philosopher draws full rooms in Montreal with talks on place of speech, literature, Black feminist thought and global debate.\" \/>\n<meta property=\"og:url\" content=\"https:\/\/www.djamilaribeiro.com.br\/en\/djamila-ribeiro-fills-auditorium-in-debut-at-metropolis-bleu-festival-in-montreal\/\" \/>\n<meta property=\"og:site_name\" content=\"Djamila Ribeiro\" \/>\n<meta property=\"article:published_time\" content=\"2026-05-02T15:11:06+00:00\" \/>\n<meta property=\"article:modified_time\" content=\"2026-05-02T15:26:49+00:00\" \/>\n<meta property=\"og:image\" content=\"https:\/\/www.djamilaribeiro.com.br\/wp-content\/uploads\/2026\/05\/foto-2.png\" \/>\n\t<meta property=\"og:image:width\" content=\"782\" \/>\n\t<meta property=\"og:image:height\" content=\"542\" \/>\n\t<meta property=\"og:image:type\" content=\"image\/png\" \/>\n<meta name=\"author\" content=\"Reda\u00e7\u00e3o\" \/>\n<meta name=\"twitter:card\" content=\"summary_large_image\" \/>\n<meta name=\"twitter:label1\" content=\"Written by\" \/>\n\t<meta name=\"twitter:data1\" content=\"Reda\u00e7\u00e3o\" \/>\n\t<meta name=\"twitter:label2\" content=\"Est. reading time\" \/>\n\t<meta name=\"twitter:data2\" content=\"2 minutes\" \/>\n<script type=\"application\/ld+json\" class=\"yoast-schema-graph\">{\"@context\":\"https:\/\/schema.org\",\"@graph\":[{\"@type\":\"WebPage\",\"@id\":\"https:\/\/www.djamilaribeiro.com.br\/en\/djamila-ribeiro-fills-auditorium-in-debut-at-metropolis-bleu-festival-in-montreal\/\",\"url\":\"https:\/\/www.djamilaribeiro.com.br\/en\/djamila-ribeiro-fills-auditorium-in-debut-at-metropolis-bleu-festival-in-montreal\/\",\"name\":\"Djamila Ribeiro fills auditorium in debut at Metropolis Bleu Festival in Montreal - Djamila Ribeiro\",\"isPartOf\":{\"@id\":\"https:\/\/www.djamilaribeiro.com.br\/#website\"},\"datePublished\":\"2026-05-02T15:11:06+00:00\",\"dateModified\":\"2026-05-02T15:26:49+00:00\",\"author\":{\"@id\":\"https:\/\/www.djamilaribeiro.com.br\/#\/schema\/person\/a928f404cf733e4c62686bedd437b9ee\"},\"description\":\"The Brazilian philosopher draws full rooms in Montreal with talks on place of speech, literature, Black feminist thought and global debate.\",\"breadcrumb\":{\"@id\":\"https:\/\/www.djamilaribeiro.com.br\/en\/djamila-ribeiro-fills-auditorium-in-debut-at-metropolis-bleu-festival-in-montreal\/#breadcrumb\"},\"inLanguage\":\"en-US\",\"potentialAction\":[{\"@type\":\"ReadAction\",\"target\":[\"https:\/\/www.djamilaribeiro.com.br\/en\/djamila-ribeiro-fills-auditorium-in-debut-at-metropolis-bleu-festival-in-montreal\/\"]}]},{\"@type\":\"BreadcrumbList\",\"@id\":\"https:\/\/www.djamilaribeiro.com.br\/en\/djamila-ribeiro-fills-auditorium-in-debut-at-metropolis-bleu-festival-in-montreal\/#breadcrumb\",\"itemListElement\":[{\"@type\":\"ListItem\",\"position\":1,\"name\":\"In\u00edcio\",\"item\":\"https:\/\/www.djamilaribeiro.com.br\/en\/\"},{\"@type\":\"ListItem\",\"position\":2,\"name\":\"Djamila Ribeiro fills auditorium in debut at Metropolis Bleu Festival in Montreal\"}]},{\"@type\":\"WebSite\",\"@id\":\"https:\/\/www.djamilaribeiro.com.br\/#website\",\"url\":\"https:\/\/www.djamilaribeiro.com.br\/\",\"name\":\"Djamila Ribeiro\",\"description\":\"\",\"potentialAction\":[{\"@type\":\"SearchAction\",\"target\":{\"@type\":\"EntryPoint\",\"urlTemplate\":\"https:\/\/www.djamilaribeiro.com.br\/?s={search_term_string}\"},\"query-input\":\"required name=search_term_string\"}],\"inLanguage\":\"en-US\"},{\"@type\":\"Person\",\"@id\":\"https:\/\/www.djamilaribeiro.com.br\/#\/schema\/person\/a928f404cf733e4c62686bedd437b9ee\",\"name\":\"Reda\u00e7\u00e3o\",\"image\":{\"@type\":\"ImageObject\",\"inLanguage\":\"en-US\",\"@id\":\"https:\/\/www.djamilaribeiro.com.br\/#\/schema\/person\/image\/\",\"url\":\"https:\/\/secure.gravatar.com\/avatar\/e22ea52208b383d899430021cb4ecf26?s=96&d=mm&r=g\",\"contentUrl\":\"https:\/\/secure.gravatar.com\/avatar\/e22ea52208b383d899430021cb4ecf26?s=96&d=mm&r=g\",\"caption\":\"Reda\u00e7\u00e3o\"},\"sameAs\":[\"https:\/\/localhost\"],\"url\":\"https:\/\/www.djamilaribeiro.com.br\/en\/author\/djamila\/\"}]}<\/script>\n<!-- \/ Yoast SEO plugin. -->","yoast_head_json":{"title":"Djamila Ribeiro fills auditorium in debut at Metropolis Bleu Festival in Montreal - Djamila Ribeiro","description":"The Brazilian philosopher draws full rooms in Montreal with talks on place of speech, literature, Black feminist thought and global debate.","robots":{"index":"index","follow":"follow","max-snippet":"max-snippet:-1","max-image-preview":"max-image-preview:large","max-video-preview":"max-video-preview:-1"},"canonical":"https:\/\/www.djamilaribeiro.com.br\/en\/djamila-ribeiro-fills-auditorium-in-debut-at-metropolis-bleu-festival-in-montreal\/","og_locale":"en_US","og_type":"article","og_title":"Djamila Ribeiro fills auditorium in debut at Metropolis Bleu Festival in Montreal - Djamila Ribeiro","og_description":"The Brazilian philosopher draws full rooms in Montreal with talks on place of speech, literature, Black feminist thought and global debate.","og_url":"https:\/\/www.djamilaribeiro.com.br\/en\/djamila-ribeiro-fills-auditorium-in-debut-at-metropolis-bleu-festival-in-montreal\/","og_site_name":"Djamila Ribeiro","article_published_time":"2026-05-02T15:11:06+00:00","article_modified_time":"2026-05-02T15:26:49+00:00","og_image":[{"width":782,"height":542,"url":"https:\/\/www.djamilaribeiro.com.br\/wp-content\/uploads\/2026\/05\/foto-2.png","type":"image\/png"}],"author":"Reda\u00e7\u00e3o","twitter_card":"summary_large_image","twitter_misc":{"Written by":"Reda\u00e7\u00e3o","Est. reading time":"2 minutes"},"schema":{"@context":"https:\/\/schema.org","@graph":[{"@type":"WebPage","@id":"https:\/\/www.djamilaribeiro.com.br\/en\/djamila-ribeiro-fills-auditorium-in-debut-at-metropolis-bleu-festival-in-montreal\/","url":"https:\/\/www.djamilaribeiro.com.br\/en\/djamila-ribeiro-fills-auditorium-in-debut-at-metropolis-bleu-festival-in-montreal\/","name":"Djamila Ribeiro fills auditorium in debut at Metropolis Bleu Festival in Montreal - Djamila Ribeiro","isPartOf":{"@id":"https:\/\/www.djamilaribeiro.com.br\/#website"},"datePublished":"2026-05-02T15:11:06+00:00","dateModified":"2026-05-02T15:26:49+00:00","author":{"@id":"https:\/\/www.djamilaribeiro.com.br\/#\/schema\/person\/a928f404cf733e4c62686bedd437b9ee"},"description":"The Brazilian philosopher draws full rooms in Montreal with talks on place of speech, literature, Black feminist thought and global debate.","breadcrumb":{"@id":"https:\/\/www.djamilaribeiro.com.br\/en\/djamila-ribeiro-fills-auditorium-in-debut-at-metropolis-bleu-festival-in-montreal\/#breadcrumb"},"inLanguage":"en-US","potentialAction":[{"@type":"ReadAction","target":["https:\/\/www.djamilaribeiro.com.br\/en\/djamila-ribeiro-fills-auditorium-in-debut-at-metropolis-bleu-festival-in-montreal\/"]}]},{"@type":"BreadcrumbList","@id":"https:\/\/www.djamilaribeiro.com.br\/en\/djamila-ribeiro-fills-auditorium-in-debut-at-metropolis-bleu-festival-in-montreal\/#breadcrumb","itemListElement":[{"@type":"ListItem","position":1,"name":"In\u00edcio","item":"https:\/\/www.djamilaribeiro.com.br\/en\/"},{"@type":"ListItem","position":2,"name":"Djamila Ribeiro fills auditorium in debut at Metropolis Bleu Festival in Montreal"}]},{"@type":"WebSite","@id":"https:\/\/www.djamilaribeiro.com.br\/#website","url":"https:\/\/www.djamilaribeiro.com.br\/","name":"Djamila Ribeiro","description":"","potentialAction":[{"@type":"SearchAction","target":{"@type":"EntryPoint","urlTemplate":"https:\/\/www.djamilaribeiro.com.br\/?s={search_term_string}"},"query-input":"required name=search_term_string"}],"inLanguage":"en-US"},{"@type":"Person","@id":"https:\/\/www.djamilaribeiro.com.br\/#\/schema\/person\/a928f404cf733e4c62686bedd437b9ee","name":"Reda\u00e7\u00e3o","image":{"@type":"ImageObject","inLanguage":"en-US","@id":"https:\/\/www.djamilaribeiro.com.br\/#\/schema\/person\/image\/","url":"https:\/\/secure.gravatar.com\/avatar\/e22ea52208b383d899430021cb4ecf26?s=96&d=mm&r=g","contentUrl":"https:\/\/secure.gravatar.com\/avatar\/e22ea52208b383d899430021cb4ecf26?s=96&d=mm&r=g","caption":"Reda\u00e7\u00e3o"},"sameAs":["https:\/\/localhost"],"url":"https:\/\/www.djamilaribeiro.com.br\/en\/author\/djamila\/"}]}},"amp_enabled":true,"_links":{"self":[{"href":"https:\/\/www.djamilaribeiro.com.br\/en\/wp-json\/wp\/v2\/posts\/5548"}],"collection":[{"href":"https:\/\/www.djamilaribeiro.com.br\/en\/wp-json\/wp\/v2\/posts"}],"about":[{"href":"https:\/\/www.djamilaribeiro.com.br\/en\/wp-json\/wp\/v2\/types\/post"}],"author":[{"embeddable":true,"href":"https:\/\/www.djamilaribeiro.com.br\/en\/wp-json\/wp\/v2\/users\/1"}],"replies":[{"embeddable":true,"href":"https:\/\/www.djamilaribeiro.com.br\/en\/wp-json\/wp\/v2\/comments?post=5548"}],"version-history":[{"count":3,"href":"https:\/\/www.djamilaribeiro.com.br\/en\/wp-json\/wp\/v2\/posts\/5548\/revisions"}],"predecessor-version":[{"id":5552,"href":"https:\/\/www.djamilaribeiro.com.br\/en\/wp-json\/wp\/v2\/posts\/5548\/revisions\/5552"}],"wp:featuredmedia":[{"embeddable":true,"href":"https:\/\/www.djamilaribeiro.com.br\/en\/wp-json\/wp\/v2\/media\/5557"}],"wp:attachment":[{"href":"https:\/\/www.djamilaribeiro.com.br\/en\/wp-json\/wp\/v2\/media?parent=5548"}],"wp:term":[{"taxonomy":"category","embeddable":true,"href":"https:\/\/www.djamilaribeiro.com.br\/en\/wp-json\/wp\/v2\/categories?post=5548"},{"taxonomy":"post_tag","embeddable":true,"href":"https:\/\/www.djamilaribeiro.com.br\/en\/wp-json\/wp\/v2\/tags?post=5548"}],"curies":[{"name":"wp","href":"https:\/\/api.w.org\/{rel}","templated":true}]}}