{"id":6341,"date":"2026-08-27T14:56:21","date_gmt":"2026-08-27T17:56:21","guid":{"rendered":"https:\/\/www.djamilaribeiro.com.br\/djamila-ribeiro-leva-edicao-ampliada-de-lugar-de-fala-a-belem-em-noite-com-sessao-de-autografos-concorrida\/"},"modified":"2026-08-27T15:45:51","modified_gmt":"2026-08-27T18:45:51","slug":"djamila-ribeiro-launches-lugar-de-fala-belem","status":"publish","type":"post","link":"https:\/\/www.djamilaribeiro.com.br\/en\/djamila-ribeiro-launches-lugar-de-fala-belem\/","title":{"rendered":"Djamila Ribeiro leva edi\u00e7\u00e3o ampliada de &#8220;Lugar de Fala&#8221; a Bel\u00e9m em noite com sess\u00e3o de aut\u00f3grafos concorrida"},"content":{"rendered":"<p dir=\"ltr\"><em>The event was held at Livraria Leitura, inside Boulevard Shopping Bel\u00e9m<\/em><\/p>\n<p dir=\"ltr\">Bel\u00e9m welcomed philosopher and writer Djamila Ribeiro on Tuesday evening (the 25th) to present the new edition of <em>Lugar de Fala<\/em>.<\/p>\n<p dir=\"ltr\">Early in the event, Djamila thanked the audience, the organizers, and her editor, L\u00edvia Vianna. Speaking to readers, she also recalled her previous visits to the Par\u00e1 capital, including her participation in the 23rd Pan-Amazon Book and Multivoices Fair (Feira Pan-Amaz\u00f4nica do Livro e das Multivozes) in 2019, held at the Hangar Convention and Trade Fair Center (Centro de Conven\u00e7\u00f5es e Feiras da Amaz\u00f4nia).<\/p>\n<p dir=\"ltr\">&#8220;I&#8217;m very happy to be back in Bel\u00e9m. The last time I was here for a book launch was at the Feira do Livro Par\u00e1-Amaz\u00f4nica. I came back afterward for other engagements, and I also came for C\u00edrio de Nazar\u00e9, the city&#8217;s major Catholic procession. I&#8217;m very happy now to be able to bring the expanded edition of Lugar de Fala,&#8221; she said.<\/p>\n\n\t\t<style type=\"text\/css\">\n\t\t\t#gallery-1 {\n\t\t\t\tmargin: auto;\n\t\t\t}\n\t\t\t#gallery-1 .gallery-item {\n\t\t\t\tfloat: left;\n\t\t\t\tmargin-top: 10px;\n\t\t\t\ttext-align: center;\n\t\t\t\twidth: 33%;\n\t\t\t}\n\t\t\t#gallery-1 img {\n\t\t\t\tborder: 2px solid #cfcfcf;\n\t\t\t}\n\t\t\t#gallery-1 .gallery-caption {\n\t\t\t\tmargin-left: 0;\n\t\t\t}\n\t\t\t\/* see gallery_shortcode() in wp-includes\/media.php *\/\n\t\t<\/style>\n\t\t<div id='gallery-1' class='gallery galleryid-6341 gallery-columns-3 gallery-size-large'><dl class='gallery-item'>\n\t\t\t<dt class='gallery-icon landscape'>\n\t\t\t\t<a href='https:\/\/www.djamilaribeiro.com.br\/en\/djamila-ribeiro-launches-lugar-de-fala-belem\/djamila-6-2\/'><img width=\"1024\" height=\"684\" src=\"https:\/\/www.djamilaribeiro.com.br\/wp-content\/uploads\/2026\/08\/Djamila-6-1024x684.jpg\" class=\"attachment-large size-large\" alt=\"\" decoding=\"async\" loading=\"lazy\" srcset=\"https:\/\/www.djamilaribeiro.com.br\/wp-content\/uploads\/2026\/08\/Djamila-6-1024x684.jpg 1024w, https:\/\/www.djamilaribeiro.com.br\/wp-content\/uploads\/2026\/08\/Djamila-6-300x200.jpg 300w, https:\/\/www.djamilaribeiro.com.br\/wp-content\/uploads\/2026\/08\/Djamila-6-768x513.jpg 768w, https:\/\/www.djamilaribeiro.com.br\/wp-content\/uploads\/2026\/08\/Djamila-6-1536x1025.jpg 1536w, https:\/\/www.djamilaribeiro.com.br\/wp-content\/uploads\/2026\/08\/Djamila-6-2048x1367.jpg 2048w\" sizes=\"(max-width: 1024px) 100vw, 1024px\" \/><\/a>\n\t\t\t<\/dt><\/dl><dl class='gallery-item'>\n\t\t\t<dt class='gallery-icon landscape'>\n\t\t\t\t<a href='https:\/\/www.djamilaribeiro.com.br\/en\/djamila-ribeiro-launches-lugar-de-fala-belem\/djamila-5-3\/'><img width=\"1024\" height=\"684\" src=\"https:\/\/www.djamilaribeiro.com.br\/wp-content\/uploads\/2026\/08\/Djamila-5-1024x684.jpg\" class=\"attachment-large size-large\" alt=\"\" decoding=\"async\" loading=\"lazy\" srcset=\"https:\/\/www.djamilaribeiro.com.br\/wp-content\/uploads\/2026\/08\/Djamila-5-1024x684.jpg 1024w, https:\/\/www.djamilaribeiro.com.br\/wp-content\/uploads\/2026\/08\/Djamila-5-300x200.jpg 300w, https:\/\/www.djamilaribeiro.com.br\/wp-content\/uploads\/2026\/08\/Djamila-5-768x513.jpg 768w, https:\/\/www.djamilaribeiro.com.br\/wp-content\/uploads\/2026\/08\/Djamila-5-1536x1025.jpg 1536w, https:\/\/www.djamilaribeiro.com.br\/wp-content\/uploads\/2026\/08\/Djamila-5-2048x1367.jpg 2048w\" sizes=\"(max-width: 1024px) 100vw, 1024px\" \/><\/a>\n\t\t\t<\/dt><\/dl><dl class='gallery-item'>\n\t\t\t<dt class='gallery-icon landscape'>\n\t\t\t\t<a href='https:\/\/www.djamilaribeiro.com.br\/en\/djamila-ribeiro-launches-lugar-de-fala-belem\/djamila-4-5-2\/'><img width=\"1024\" height=\"684\" src=\"https:\/\/www.djamilaribeiro.com.br\/wp-content\/uploads\/2026\/08\/Djamila-4-1024x684.jpg\" class=\"attachment-large size-large\" alt=\"\" decoding=\"async\" loading=\"lazy\" srcset=\"https:\/\/www.djamilaribeiro.com.br\/wp-content\/uploads\/2026\/08\/Djamila-4-1024x684.jpg 1024w, https:\/\/www.djamilaribeiro.com.br\/wp-content\/uploads\/2026\/08\/Djamila-4-300x200.jpg 300w, https:\/\/www.djamilaribeiro.com.br\/wp-content\/uploads\/2026\/08\/Djamila-4-768x513.jpg 768w, https:\/\/www.djamilaribeiro.com.br\/wp-content\/uploads\/2026\/08\/Djamila-4-1536x1025.jpg 1536w, https:\/\/www.djamilaribeiro.com.br\/wp-content\/uploads\/2026\/08\/Djamila-4-2048x1367.jpg 2048w\" sizes=\"(max-width: 1024px) 100vw, 1024px\" \/><\/a>\n\t\t\t<\/dt><\/dl><br style=\"clear: both\" \/><dl class='gallery-item'>\n\t\t\t<dt class='gallery-icon landscape'>\n\t\t\t\t<a href='https:\/\/www.djamilaribeiro.com.br\/en\/djamila-ribeiro-launches-lugar-de-fala-belem\/djamila-3-3-2\/'><img width=\"1024\" height=\"683\" src=\"https:\/\/www.djamilaribeiro.com.br\/wp-content\/uploads\/2026\/08\/Djamila-3-1024x683.jpg\" class=\"attachment-large size-large\" alt=\"\" decoding=\"async\" loading=\"lazy\" srcset=\"https:\/\/www.djamilaribeiro.com.br\/wp-content\/uploads\/2026\/08\/Djamila-3-1024x683.jpg 1024w, https:\/\/www.djamilaribeiro.com.br\/wp-content\/uploads\/2026\/08\/Djamila-3-300x200.jpg 300w, https:\/\/www.djamilaribeiro.com.br\/wp-content\/uploads\/2026\/08\/Djamila-3-768x512.jpg 768w, https:\/\/www.djamilaribeiro.com.br\/wp-content\/uploads\/2026\/08\/Djamila-3-1536x1024.jpg 1536w, https:\/\/www.djamilaribeiro.com.br\/wp-content\/uploads\/2026\/08\/Djamila-3-2048x1365.jpg 2048w\" sizes=\"(max-width: 1024px) 100vw, 1024px\" \/><\/a>\n\t\t\t<\/dt><\/dl><dl class='gallery-item'>\n\t\t\t<dt class='gallery-icon landscape'>\n\t\t\t\t<a href='https:\/\/www.djamilaribeiro.com.br\/en\/djamila-ribeiro-launches-lugar-de-fala-belem\/djamila-2-5-2\/'><img width=\"1024\" height=\"684\" src=\"https:\/\/www.djamilaribeiro.com.br\/wp-content\/uploads\/2026\/08\/Djamila-2-1024x684.jpg\" class=\"attachment-large size-large\" alt=\"\" decoding=\"async\" loading=\"lazy\" srcset=\"https:\/\/www.djamilaribeiro.com.br\/wp-content\/uploads\/2026\/08\/Djamila-2-1024x684.jpg 1024w, https:\/\/www.djamilaribeiro.com.br\/wp-content\/uploads\/2026\/08\/Djamila-2-300x200.jpg 300w, https:\/\/www.djamilaribeiro.com.br\/wp-content\/uploads\/2026\/08\/Djamila-2-768x513.jpg 768w, https:\/\/www.djamilaribeiro.com.br\/wp-content\/uploads\/2026\/08\/Djamila-2-1536x1025.jpg 1536w, https:\/\/www.djamilaribeiro.com.br\/wp-content\/uploads\/2026\/08\/Djamila-2-2048x1367.jpg 2048w\" sizes=\"(max-width: 1024px) 100vw, 1024px\" \/><\/a>\n\t\t\t<\/dt><\/dl><dl class='gallery-item'>\n\t\t\t<dt class='gallery-icon landscape'>\n\t\t\t\t<a href='https:\/\/www.djamilaribeiro.com.br\/en\/djamila-ribeiro-launches-lugar-de-fala-belem\/djamila-7-2\/'><img width=\"1024\" height=\"684\" src=\"https:\/\/www.djamilaribeiro.com.br\/wp-content\/uploads\/2026\/08\/Djamila-7-1024x684.jpg\" class=\"attachment-large size-large\" alt=\"\" decoding=\"async\" loading=\"lazy\" srcset=\"https:\/\/www.djamilaribeiro.com.br\/wp-content\/uploads\/2026\/08\/Djamila-7-1024x684.jpg 1024w, https:\/\/www.djamilaribeiro.com.br\/wp-content\/uploads\/2026\/08\/Djamila-7-300x200.jpg 300w, https:\/\/www.djamilaribeiro.com.br\/wp-content\/uploads\/2026\/08\/Djamila-7-768x513.jpg 768w, https:\/\/www.djamilaribeiro.com.br\/wp-content\/uploads\/2026\/08\/Djamila-7-1536x1025.jpg 1536w, https:\/\/www.djamilaribeiro.com.br\/wp-content\/uploads\/2026\/08\/Djamila-7-2048x1367.jpg 2048w\" sizes=\"(max-width: 1024px) 100vw, 1024px\" \/><\/a>\n\t\t\t<\/dt><\/dl><br style=\"clear: both\" \/>\n\t\t<\/div>\n\n<p dir=\"ltr\">Originally published in 2017 as the first title in the Cole\u00e7\u00e3o Feminismos Plurais (Plural Feminisms Collection), <em>Lugar de Fala<\/em> was released in a revised, expanded edition by Rosa dos Tempos in 2026. The new volume runs 476 pages and includes four previously unpublished chapters, along with updated data, new intellectual references, and research she has conducted in recent years. The edition features a foreword by Nigerian writer Chimamanda Ngozi Adichie and an introduction by Portuguese writer and artist Grada Kilomba.<\/p>\n<p dir=\"ltr\">The new edition also marks an editorial shift. In 2026, <em>Lugar de Fala<\/em> and part of the Cole\u00e7\u00e3o Feminismos Plurais moved to Grupo Editorial Record, under its Rosa dos Tempos imprint.<\/p>\n<h4 dir=\"ltr\">Racial Equity Pact<\/h4>\n<p dir=\"ltr\">Djamila&#8217;s schedule in Bel\u00e9m continued on Wednesday, the 26th, when she took part in the Second Conference on Best Practices for Racial Equity (II Jornada de Boas Pr\u00e1ticas para a Equidade Racial), organized by the Par\u00e1 State Court of Accounts (Tribunal de Contas do Estado do Par\u00e1, TCE-PA).<\/p>\n\n\t\t<style type=\"text\/css\">\n\t\t\t#gallery-2 {\n\t\t\t\tmargin: auto;\n\t\t\t}\n\t\t\t#gallery-2 .gallery-item {\n\t\t\t\tfloat: left;\n\t\t\t\tmargin-top: 10px;\n\t\t\t\ttext-align: center;\n\t\t\t\twidth: 50%;\n\t\t\t}\n\t\t\t#gallery-2 img {\n\t\t\t\tborder: 2px solid #cfcfcf;\n\t\t\t}\n\t\t\t#gallery-2 .gallery-caption {\n\t\t\t\tmargin-left: 0;\n\t\t\t}\n\t\t\t\/* see gallery_shortcode() in wp-includes\/media.php *\/\n\t\t<\/style>\n\t\t<div id='gallery-2' class='gallery galleryid-6341 gallery-columns-2 gallery-size-large'><dl class='gallery-item'>\n\t\t\t<dt class='gallery-icon landscape'>\n\t\t\t\t<a href='https:\/\/www.djamilaribeiro.com.br\/en\/djamila-ribeiro-launches-lugar-de-fala-belem\/tce-pa_2-2\/'><img width=\"1024\" height=\"681\" src=\"https:\/\/www.djamilaribeiro.com.br\/wp-content\/uploads\/2026\/08\/TCE-PA_2-1024x681.jpeg\" class=\"attachment-large size-large\" alt=\"\" decoding=\"async\" loading=\"lazy\" srcset=\"https:\/\/www.djamilaribeiro.com.br\/wp-content\/uploads\/2026\/08\/TCE-PA_2-1024x681.jpeg 1024w, https:\/\/www.djamilaribeiro.com.br\/wp-content\/uploads\/2026\/08\/TCE-PA_2-300x200.jpeg 300w, https:\/\/www.djamilaribeiro.com.br\/wp-content\/uploads\/2026\/08\/TCE-PA_2-768x511.jpeg 768w, https:\/\/www.djamilaribeiro.com.br\/wp-content\/uploads\/2026\/08\/TCE-PA_2.jpeg 1512w\" sizes=\"(max-width: 1024px) 100vw, 1024px\" \/><\/a>\n\t\t\t<\/dt><\/dl><dl class='gallery-item'>\n\t\t\t<dt class='gallery-icon landscape'>\n\t\t\t\t<a href='https:\/\/www.djamilaribeiro.com.br\/en\/djamila-ribeiro-launches-lugar-de-fala-belem\/tce-pa-2\/'><img width=\"1024\" height=\"681\" src=\"https:\/\/www.djamilaribeiro.com.br\/wp-content\/uploads\/2026\/08\/TCE-PA-1024x681.jpeg\" class=\"attachment-large size-large\" alt=\"\" decoding=\"async\" loading=\"lazy\" srcset=\"https:\/\/www.djamilaribeiro.com.br\/wp-content\/uploads\/2026\/08\/TCE-PA-1024x681.jpeg 1024w, https:\/\/www.djamilaribeiro.com.br\/wp-content\/uploads\/2026\/08\/TCE-PA-300x200.jpeg 300w, https:\/\/www.djamilaribeiro.com.br\/wp-content\/uploads\/2026\/08\/TCE-PA-768x511.jpeg 768w, https:\/\/www.djamilaribeiro.com.br\/wp-content\/uploads\/2026\/08\/TCE-PA.jpeg 1512w\" sizes=\"(max-width: 1024px) 100vw, 1024px\" \/><\/a>\n\t\t\t<\/dt><\/dl><br style=\"clear: both\" \/>\n\t\t<\/div>\n\n<p dir=\"ltr\">The initiative is part of the racial-equity policy developed by the agency, which established the Interinstitutional Pact for Racial Equity (Pacto Interinstitucional Pr\u00f3-Equidade Racial) in 2024 to bring together public and private institutions in efforts to address racial discrimination and inequality.<\/p>\n<p dir=\"ltr\">Coordinated by the Alberto Veloso School of Public Accounts (Escola de Contas Alberto Veloso, ECAV), the pact focuses on training, the exchange of experiences, and the spread of antiracist practices as part of the Court&#8217;s educational and advisory work.<\/p>\n<p dir=\"ltr\"><em>Translated by AI<\/em><\/p>\n","protected":false},"excerpt":{"rendered":"<p>The event was held at Livraria Leitura, inside Boulevard Shopping Bel\u00e9m Bel\u00e9m welcomed philosopher and writer Djamila Ribeiro on Tuesday evening (the 25th) to present the new edition of Lugar de Fala. Early in the event, Djamila thanked the audience, the organizers, and her editor, L\u00edvia Vianna. Speaking to readers, she also recalled her previous [&hellip;]<\/p>\n","protected":false},"author":1,"featured_media":6300,"comment_status":"open","ping_status":"open","sticky":false,"template":"","format":"standard","meta":{"inline_featured_image":false},"categories":[2],"tags":[2367,129,2414,2415,33,228,2416,239,2016],"acf":[],"yoast_head":"<!-- This site is optimized with the Yoast SEO plugin v20.5 - https:\/\/yoast.com\/wordpress\/plugins\/seo\/ -->\n<title>Djamila Ribeiro leva edi\u00e7\u00e3o ampliada de &quot;Lugar de Fala&quot; a Bel\u00e9m em noite com sess\u00e3o de aut\u00f3grafos concorrida - Djamila Ribeiro<\/title>\n<meta name=\"description\" content=\"In Bel\u00e9m, Djamila Ribeiro launched the expanded edition of Lugar de Fala to a long line of readers at Boulevard Shopping.\" \/>\n<meta name=\"robots\" content=\"index, follow, max-snippet:-1, max-image-preview:large, max-video-preview:-1\" \/>\n<link rel=\"canonical\" href=\"https:\/\/www.djamilaribeiro.com.br\/en\/djamila-ribeiro-launches-lugar-de-fala-belem\/\" \/>\n<meta property=\"og:locale\" content=\"en_US\" \/>\n<meta property=\"og:type\" content=\"article\" \/>\n<meta property=\"og:title\" content=\"Djamila Ribeiro leva edi\u00e7\u00e3o ampliada de &quot;Lugar de Fala&quot; a Bel\u00e9m em noite com sess\u00e3o de aut\u00f3grafos concorrida - Djamila Ribeiro\" \/>\n<meta property=\"og:description\" content=\"In Bel\u00e9m, Djamila Ribeiro launched the expanded edition of Lugar de Fala to a long line of readers at Boulevard Shopping.\" \/>\n<meta property=\"og:url\" content=\"https:\/\/www.djamilaribeiro.com.br\/en\/djamila-ribeiro-launches-lugar-de-fala-belem\/\" \/>\n<meta property=\"og:site_name\" content=\"Djamila Ribeiro\" \/>\n<meta property=\"article:published_time\" content=\"2026-08-27T17:56:21+00:00\" \/>\n<meta property=\"article:modified_time\" content=\"2026-08-27T18:45:51+00:00\" \/>\n<meta property=\"og:image\" content=\"https:\/\/www.djamilaribeiro.com.br\/wp-content\/uploads\/2026\/08\/Djamila-1-scaled.jpg\" \/>\n\t<meta property=\"og:image:width\" content=\"2560\" \/>\n\t<meta property=\"og:image:height\" content=\"1709\" \/>\n\t<meta property=\"og:image:type\" content=\"image\/jpeg\" \/>\n<meta name=\"author\" content=\"Reda\u00e7\u00e3o\" \/>\n<meta name=\"twitter:card\" content=\"summary_large_image\" \/>\n<meta name=\"twitter:label1\" content=\"Written by\" \/>\n\t<meta name=\"twitter:data1\" content=\"Reda\u00e7\u00e3o\" \/>\n\t<meta name=\"twitter:label2\" content=\"Est. reading time\" \/>\n\t<meta name=\"twitter:data2\" content=\"2 minutes\" \/>\n<script type=\"application\/ld+json\" class=\"yoast-schema-graph\">{\"@context\":\"https:\/\/schema.org\",\"@graph\":[{\"@type\":\"WebPage\",\"@id\":\"https:\/\/www.djamilaribeiro.com.br\/en\/djamila-ribeiro-launches-lugar-de-fala-belem\/\",\"url\":\"https:\/\/www.djamilaribeiro.com.br\/en\/djamila-ribeiro-launches-lugar-de-fala-belem\/\",\"name\":\"Djamila Ribeiro leva edi\u00e7\u00e3o ampliada de \\\"Lugar de Fala\\\" a Bel\u00e9m em noite com sess\u00e3o de aut\u00f3grafos concorrida - Djamila Ribeiro\",\"isPartOf\":{\"@id\":\"https:\/\/www.djamilaribeiro.com.br\/#website\"},\"datePublished\":\"2026-08-27T17:56:21+00:00\",\"dateModified\":\"2026-08-27T18:45:51+00:00\",\"author\":{\"@id\":\"https:\/\/www.djamilaribeiro.com.br\/#\/schema\/person\/a928f404cf733e4c62686bedd437b9ee\"},\"description\":\"In Bel\u00e9m, Djamila Ribeiro launched the expanded edition of Lugar de Fala to a long line of readers at Boulevard Shopping.\",\"breadcrumb\":{\"@id\":\"https:\/\/www.djamilaribeiro.com.br\/en\/djamila-ribeiro-launches-lugar-de-fala-belem\/#breadcrumb\"},\"inLanguage\":\"en-US\",\"potentialAction\":[{\"@type\":\"ReadAction\",\"target\":[\"https:\/\/www.djamilaribeiro.com.br\/en\/djamila-ribeiro-launches-lugar-de-fala-belem\/\"]}]},{\"@type\":\"BreadcrumbList\",\"@id\":\"https:\/\/www.djamilaribeiro.com.br\/en\/djamila-ribeiro-launches-lugar-de-fala-belem\/#breadcrumb\",\"itemListElement\":[{\"@type\":\"ListItem\",\"position\":1,\"name\":\"In\u00edcio\",\"item\":\"https:\/\/www.djamilaribeiro.com.br\/en\/\"},{\"@type\":\"ListItem\",\"position\":2,\"name\":\"Djamila Ribeiro leva edi\u00e7\u00e3o ampliada de &#8220;Lugar de Fala&#8221; a Bel\u00e9m em noite com sess\u00e3o de aut\u00f3grafos concorrida\"}]},{\"@type\":\"WebSite\",\"@id\":\"https:\/\/www.djamilaribeiro.com.br\/#website\",\"url\":\"https:\/\/www.djamilaribeiro.com.br\/\",\"name\":\"Djamila Ribeiro\",\"description\":\"\",\"potentialAction\":[{\"@type\":\"SearchAction\",\"target\":{\"@type\":\"EntryPoint\",\"urlTemplate\":\"https:\/\/www.djamilaribeiro.com.br\/?s={search_term_string}\"},\"query-input\":\"required name=search_term_string\"}],\"inLanguage\":\"en-US\"},{\"@type\":\"Person\",\"@id\":\"https:\/\/www.djamilaribeiro.com.br\/#\/schema\/person\/a928f404cf733e4c62686bedd437b9ee\",\"name\":\"Reda\u00e7\u00e3o\",\"image\":{\"@type\":\"ImageObject\",\"inLanguage\":\"en-US\",\"@id\":\"https:\/\/www.djamilaribeiro.com.br\/#\/schema\/person\/image\/\",\"url\":\"https:\/\/secure.gravatar.com\/avatar\/e22ea52208b383d899430021cb4ecf26?s=96&d=mm&r=g\",\"contentUrl\":\"https:\/\/secure.gravatar.com\/avatar\/e22ea52208b383d899430021cb4ecf26?s=96&d=mm&r=g\",\"caption\":\"Reda\u00e7\u00e3o\"},\"sameAs\":[\"https:\/\/localhost\"],\"url\":\"https:\/\/www.djamilaribeiro.com.br\/en\/author\/djamila\/\"}]}<\/script>\n<!-- \/ Yoast SEO plugin. -->","yoast_head_json":{"title":"Djamila Ribeiro leva edi\u00e7\u00e3o ampliada de \"Lugar de Fala\" a Bel\u00e9m em noite com sess\u00e3o de aut\u00f3grafos concorrida - Djamila Ribeiro","description":"In Bel\u00e9m, Djamila Ribeiro launched the expanded edition of Lugar de Fala to a long line of readers at Boulevard Shopping.","robots":{"index":"index","follow":"follow","max-snippet":"max-snippet:-1","max-image-preview":"max-image-preview:large","max-video-preview":"max-video-preview:-1"},"canonical":"https:\/\/www.djamilaribeiro.com.br\/en\/djamila-ribeiro-launches-lugar-de-fala-belem\/","og_locale":"en_US","og_type":"article","og_title":"Djamila Ribeiro leva edi\u00e7\u00e3o ampliada de \"Lugar de Fala\" a Bel\u00e9m em noite com sess\u00e3o de aut\u00f3grafos concorrida - Djamila Ribeiro","og_description":"In Bel\u00e9m, Djamila Ribeiro launched the expanded edition of Lugar de Fala to a long line of readers at Boulevard Shopping.","og_url":"https:\/\/www.djamilaribeiro.com.br\/en\/djamila-ribeiro-launches-lugar-de-fala-belem\/","og_site_name":"Djamila Ribeiro","article_published_time":"2026-08-27T17:56:21+00:00","article_modified_time":"2026-08-27T18:45:51+00:00","og_image":[{"width":2560,"height":1709,"url":"https:\/\/www.djamilaribeiro.com.br\/wp-content\/uploads\/2026\/08\/Djamila-1-scaled.jpg","type":"image\/jpeg"}],"author":"Reda\u00e7\u00e3o","twitter_card":"summary_large_image","twitter_misc":{"Written by":"Reda\u00e7\u00e3o","Est. reading time":"2 minutes"},"schema":{"@context":"https:\/\/schema.org","@graph":[{"@type":"WebPage","@id":"https:\/\/www.djamilaribeiro.com.br\/en\/djamila-ribeiro-launches-lugar-de-fala-belem\/","url":"https:\/\/www.djamilaribeiro.com.br\/en\/djamila-ribeiro-launches-lugar-de-fala-belem\/","name":"Djamila Ribeiro leva edi\u00e7\u00e3o ampliada de \"Lugar de Fala\" a Bel\u00e9m em noite com sess\u00e3o de aut\u00f3grafos concorrida - Djamila Ribeiro","isPartOf":{"@id":"https:\/\/www.djamilaribeiro.com.br\/#website"},"datePublished":"2026-08-27T17:56:21+00:00","dateModified":"2026-08-27T18:45:51+00:00","author":{"@id":"https:\/\/www.djamilaribeiro.com.br\/#\/schema\/person\/a928f404cf733e4c62686bedd437b9ee"},"description":"In Bel\u00e9m, Djamila Ribeiro launched the expanded edition of Lugar de Fala to a long line of readers at Boulevard Shopping.","breadcrumb":{"@id":"https:\/\/www.djamilaribeiro.com.br\/en\/djamila-ribeiro-launches-lugar-de-fala-belem\/#breadcrumb"},"inLanguage":"en-US","potentialAction":[{"@type":"ReadAction","target":["https:\/\/www.djamilaribeiro.com.br\/en\/djamila-ribeiro-launches-lugar-de-fala-belem\/"]}]},{"@type":"BreadcrumbList","@id":"https:\/\/www.djamilaribeiro.com.br\/en\/djamila-ribeiro-launches-lugar-de-fala-belem\/#breadcrumb","itemListElement":[{"@type":"ListItem","position":1,"name":"In\u00edcio","item":"https:\/\/www.djamilaribeiro.com.br\/en\/"},{"@type":"ListItem","position":2,"name":"Djamila Ribeiro leva edi\u00e7\u00e3o ampliada de &#8220;Lugar de Fala&#8221; a Bel\u00e9m em noite com sess\u00e3o de aut\u00f3grafos concorrida"}]},{"@type":"WebSite","@id":"https:\/\/www.djamilaribeiro.com.br\/#website","url":"https:\/\/www.djamilaribeiro.com.br\/","name":"Djamila Ribeiro","description":"","potentialAction":[{"@type":"SearchAction","target":{"@type":"EntryPoint","urlTemplate":"https:\/\/www.djamilaribeiro.com.br\/?s={search_term_string}"},"query-input":"required name=search_term_string"}],"inLanguage":"en-US"},{"@type":"Person","@id":"https:\/\/www.djamilaribeiro.com.br\/#\/schema\/person\/a928f404cf733e4c62686bedd437b9ee","name":"Reda\u00e7\u00e3o","image":{"@type":"ImageObject","inLanguage":"en-US","@id":"https:\/\/www.djamilaribeiro.com.br\/#\/schema\/person\/image\/","url":"https:\/\/secure.gravatar.com\/avatar\/e22ea52208b383d899430021cb4ecf26?s=96&d=mm&r=g","contentUrl":"https:\/\/secure.gravatar.com\/avatar\/e22ea52208b383d899430021cb4ecf26?s=96&d=mm&r=g","caption":"Reda\u00e7\u00e3o"},"sameAs":["https:\/\/localhost"],"url":"https:\/\/www.djamilaribeiro.com.br\/en\/author\/djamila\/"}]}},"amp_enabled":true,"_links":{"self":[{"href":"https:\/\/www.djamilaribeiro.com.br\/en\/wp-json\/wp\/v2\/posts\/6341"}],"collection":[{"href":"https:\/\/www.djamilaribeiro.com.br\/en\/wp-json\/wp\/v2\/posts"}],"about":[{"href":"https:\/\/www.djamilaribeiro.com.br\/en\/wp-json\/wp\/v2\/types\/post"}],"author":[{"embeddable":true,"href":"https:\/\/www.djamilaribeiro.com.br\/en\/wp-json\/wp\/v2\/users\/1"}],"replies":[{"embeddable":true,"href":"https:\/\/www.djamilaribeiro.com.br\/en\/wp-json\/wp\/v2\/comments?post=6341"}],"version-history":[{"count":2,"href":"https:\/\/www.djamilaribeiro.com.br\/en\/wp-json\/wp\/v2\/posts\/6341\/revisions"}],"predecessor-version":[{"id":6344,"href":"https:\/\/www.djamilaribeiro.com.br\/en\/wp-json\/wp\/v2\/posts\/6341\/revisions\/6344"}],"wp:featuredmedia":[{"embeddable":true,"href":"https:\/\/www.djamilaribeiro.com.br\/en\/wp-json\/wp\/v2\/media\/6300"}],"wp:attachment":[{"href":"https:\/\/www.djamilaribeiro.com.br\/en\/wp-json\/wp\/v2\/media?parent=6341"}],"wp:term":[{"taxonomy":"category","embeddable":true,"href":"https:\/\/www.djamilaribeiro.com.br\/en\/wp-json\/wp\/v2\/categories?post=6341"},{"taxonomy":"post_tag","embeddable":true,"href":"https:\/\/www.djamilaribeiro.com.br\/en\/wp-json\/wp\/v2\/tags?post=6341"}],"curies":[{"name":"wp","href":"https:\/\/api.w.org\/{rel}","templated":true}]}}