{"id":6366,"date":"2026-09-02T15:56:24","date_gmt":"2026-09-02T18:56:24","guid":{"rendered":"https:\/\/www.djamilaribeiro.com.br\/desde-junho-nove-cidades-ja-receberam-o-lancamento-da-nova-edicao-de-lugar-de-fala\/"},"modified":"2026-09-02T17:41:31","modified_gmt":"2026-09-02T20:41:31","slug":"since-june-nine-cities-launch-new-edition-lugar-de-fala","status":"publish","type":"post","link":"https:\/\/www.djamilaribeiro.com.br\/en\/since-june-nine-cities-launch-new-edition-lugar-de-fala\/","title":{"rendered":"Since June, Nine Cities Have Hosted Launches for the New Edition of Lugar de Fala"},"content":{"rendered":"<p dir=\"ltr\"><em>Through the end of the year, Djamila Ribeiro&#8217;s tour will travel to Curitiba, Porto Alegre, Florian\u00f3polis, Salvador, S\u00e3o Paulo, Ribeir\u00e3o Preto, Fortaleza, and Recife<\/em><\/p>\n<p dir=\"ltr\">Djamila Ribeiro has taken the new edition of <em>Lugar de Fala<\/em> (<em>Place of Speech<\/em>) to nine Brazilian cities since June, on a circuit that has included bookstores, universities, literary festivals, theaters, and public institutions. S\u00e3o Paulo, Santos, Belo Horizonte, Paraty, Rio de Janeiro, Bras\u00edlia, Bel\u00e9m, Colatina, and Vit\u00f3ria have all hosted events centered on the book, published this year in a revised and expanded edition by Rosa dos Tempos. Eight more cities are on the schedule through December, extending a tour that is bringing back into public debate a concept that has moved beyond the boundaries of philosophy and become part of Brazil&#8217;s everyday vocabulary.<\/p>\n<p dir=\"ltr\">The new edition runs 476 pages and features four new chapters, along with updated data, new intellectual references, and reflections Djamila has developed in the years since the book was first published. It includes a foreword by Nigerian writer Chimamanda Ngozi Adichie and an introduction by Grada Kilomba. The publication also marks a new chapter for Cole\u00e7\u00e3o Feminismos Plurais (Plural Feminisms Collection), the publishing project Djamila created in 2017 to expand the circulation of intellectual work by historically marginalized groups.<\/p>\n<p dir=\"ltr\">The first event took place on June 9 at Espa\u00e7o Feminismos Plurais (Plural Feminisms Space) in S\u00e3o Paulo. The venue, steeped in personal and institutional significance for Djamila and the Collection, was filled to capacity.<\/p>\n<p dir=\"ltr\">Two weeks later, on June 25, the philosopher returned to Santos, her hometown, to deliver a keynote lecture at Universidade Federal de S\u00e3o Paulo (Federal University of S\u00e3o Paulo \u2014 Unifesp), Baixada Santista campus. Identity, representation, knowledge production, and social participation were among the topics discussed at the launch.<\/p>\n<p dir=\"ltr\">Belo Horizonte was the third city to host the launch of the new edition. On July 13, Djamila opened the celebrations marking the 40th anniversary of Sempre um Papo (Always a Conversation) at the auditorium of Tribunal de Contas do Estado de Minas Gerais (Minas Gerais State Court of Accounts \u2014 TCEMG). The venue was packed for a conversation moderated by journalist and cultural manager Afonso Borges. The evening also featured a surprise appearance by the celebrated Concei\u00e7\u00e3o Evaristo, who joined the event devoted to literature and critical thought.<\/p>\n<p dir=\"ltr\">Next, <em>Lugar de Fala<\/em> arrived at Festa Liter\u00e1ria Internacional de Paraty (Paraty International Literary Festival \u2014 Flip). Djamila took part in three events during the festival and, on July 24, drew a capacity crowd at CasaFolha. During Flip, she also announced one of her new projects: a book about the so-called &#8220;red pill&#8221; world and the mechanisms through which misogynistic discourse spreads among young people, particularly online.<\/p>\n<p dir=\"ltr\">In Rio de Janeiro, the book reached one of its largest audiences. On August 2, more than 1,200 people attended Teatro Citt\u00e0, in Barra da Tijuca, for the debut of a partnership with Alma Talks within the national <em>Lugar de Fala<\/em> tour. On the occasion, Djamila drew attention to the presence of a delegation from Sindicato das Trabalhadoras Dom\u00e9sticas (Domestic Workers&#8217; Union).<\/p>\n<p dir=\"ltr\">One detail stood out: the event took place almost nine years after the Rio launch of the first edition, which drew more than 3,000 people to the Lapa neighborhood in 2017.<\/p>\n<p dir=\"ltr\">Three days later, Djamila met with readers in Rio once again. On August 5, she took part in a conversation at Shopping da G\u00e1vea (G\u00e1vea Shopping Center), moderated by journalist and writer Yasmin Santos, followed by a book signing at the Janela Livraria bookstore.<\/p>\n<p dir=\"ltr\">Bras\u00edlia hosted the launch on August 22 during the 6\u00aa Bienal Internacional do Livro de Bras\u00edlia (6th Bras\u00edlia International Book Biennial), in the outdoor area of Museu Nacional da Rep\u00fablica (National Museum of the Republic). The crowd filled the space for the panel &#8220;Democracia, Diversidade e Representatividade&#8221; (&#8220;Democracy, Diversity, and Representation&#8221;), in which Djamila discussed the obstacles that still keep Brazil&#8217;s racial and social diversity out of the spaces where decisions are made and knowledge is produced, noting that nearly four centuries of slavery shaped an unequal starting point that Brazilian democracy has yet to overcome. The book signing that followed lasted more than an hour and a half!<\/p>\n<p dir=\"ltr\">The tour continued in Bel\u00e9m. On August 25, the Livraria Leitura bookstore at Boulevard Shopping hosted a well-attended signing session. Djamila recalled her previous visits to the capital of Par\u00e1 and celebrated her return to present the expanded edition of the book. The following day, she took part in II Jornada de Boas Pr\u00e1ticas para a Equidade Racial (2nd Forum on Best Practices for Racial Equity), organized by Tribunal de Contas do Estado do Par\u00e1 (Par\u00e1 State Court of Accounts \u2014 TCE-PA), broadening the dialogue between the ideas explored in the book and institutional initiatives aimed at confronting racial inequality.<\/p>\n<p dir=\"ltr\">The final two events of August took place in Esp\u00edrito Santo. On August 29, Djamila appeared at Sapion Summit in Colatina with the lecture &#8220;Lugar de fala e educa\u00e7\u00e3o para as rela\u00e7\u00f5es \u00e9tnico-raciais&#8221; (&#8220;Place of Speech and Education for Ethnic-Racial Relations&#8221;), followed by a book signing. It was the philosopher&#8217;s first public appearance in the city!<\/p>\n<p dir=\"ltr\">Vit\u00f3ria completed, on the 31st, the list of nine cities that have hosted the launch. The events in Colatina and the state capital marked the author&#8217;s first public appearances in Esp\u00edrito Santo since the publication of the first edition of <em>Lugar de Fala<\/em> in 2017.<\/p>\n<p dir=\"ltr\">The range of venues visited since June helps illustrate the reach the book has achieved. The tour also creates opportunities to revisit the concept directly with readers \u2014 a concept that has entered the Brazilian vocabulary while, at the same time, becoming subject to simplifications far removed from its original formulation.<\/p>\n<p dir=\"ltr\">The schedule continues through December!<\/p>\n<p dir=\"ltr\">In September, the tour will stop in Curitiba on the 15th, Porto Alegre on the 16th, and Florian\u00f3polis on the 27th.<\/p>\n<p dir=\"ltr\">In October, Salvador will welcome Djamila on the 10th. November will bring events in S\u00e3o Paulo on the 8th, Ribeir\u00e3o Preto on the 11th, and Fortaleza on the 26th. Recife will close out the announced schedule on December 6.<\/p>\n<p dir=\"ltr\"><em>Translated by AI<\/em><\/p>\n","protected":false},"excerpt":{"rendered":"<p>Through the end of the year, Djamila Ribeiro&#8217;s tour will travel to Curitiba, Porto Alegre, Florian\u00f3polis, Salvador, S\u00e3o Paulo, Ribeir\u00e3o Preto, Fortaleza, and Recife Djamila Ribeiro has taken the new edition of Lugar de Fala (Place of Speech) to nine Brazilian cities since June, on a circuit that has included bookstores, universities, literary festivals, theaters, [&hellip;]<\/p>\n","protected":false},"author":1,"featured_media":6376,"comment_status":"open","ping_status":"open","sticky":false,"template":"","format":"standard","meta":{"inline_featured_image":false},"categories":[2],"tags":[823,376,129,2004,33,41,1424,228,239,1912,2437,238,2439],"acf":[],"yoast_head":"<!-- This site is optimized with the Yoast SEO plugin v20.5 - https:\/\/yoast.com\/wordpress\/plugins\/seo\/ -->\n<title>Since June, Nine Cities Have Hosted Launches for the New Edition of Lugar de Fala - Djamila Ribeiro<\/title>\n<meta name=\"description\" content=\"The new edition of Lugar de Fala tours Brazil, bringing readers together at universities, festivals, and bookstores nationwide.\" \/>\n<meta name=\"robots\" content=\"index, follow, max-snippet:-1, max-image-preview:large, max-video-preview:-1\" \/>\n<link rel=\"canonical\" href=\"https:\/\/www.djamilaribeiro.com.br\/en\/since-june-nine-cities-launch-new-edition-lugar-de-fala\/\" \/>\n<meta property=\"og:locale\" content=\"en_US\" \/>\n<meta property=\"og:type\" content=\"article\" \/>\n<meta property=\"og:title\" content=\"Since June, Nine Cities Have Hosted Launches for the New Edition of Lugar de Fala - Djamila Ribeiro\" \/>\n<meta property=\"og:description\" content=\"The new edition of Lugar de Fala tours Brazil, bringing readers together at universities, festivals, and bookstores nationwide.\" \/>\n<meta property=\"og:url\" content=\"https:\/\/www.djamilaribeiro.com.br\/en\/since-june-nine-cities-launch-new-edition-lugar-de-fala\/\" \/>\n<meta property=\"og:site_name\" content=\"Djamila Ribeiro\" \/>\n<meta property=\"article:published_time\" content=\"2026-09-02T18:56:24+00:00\" \/>\n<meta property=\"article:modified_time\" content=\"2026-09-02T20:41:31+00:00\" \/>\n<meta property=\"og:image\" content=\"https:\/\/www.djamilaribeiro.com.br\/wp-content\/uploads\/2026\/09\/nove-cidades.jpeg\" \/>\n\t<meta property=\"og:image:width\" content=\"1599\" \/>\n\t<meta property=\"og:image:height\" content=\"1599\" \/>\n\t<meta property=\"og:image:type\" content=\"image\/jpeg\" \/>\n<meta name=\"author\" content=\"Reda\u00e7\u00e3o\" \/>\n<meta name=\"twitter:card\" content=\"summary_large_image\" \/>\n<meta name=\"twitter:label1\" content=\"Written by\" \/>\n\t<meta name=\"twitter:data1\" content=\"Reda\u00e7\u00e3o\" \/>\n\t<meta name=\"twitter:label2\" content=\"Est. reading time\" \/>\n\t<meta name=\"twitter:data2\" content=\"5 minutes\" \/>\n<script type=\"application\/ld+json\" class=\"yoast-schema-graph\">{\"@context\":\"https:\/\/schema.org\",\"@graph\":[{\"@type\":\"WebPage\",\"@id\":\"https:\/\/www.djamilaribeiro.com.br\/en\/since-june-nine-cities-launch-new-edition-lugar-de-fala\/\",\"url\":\"https:\/\/www.djamilaribeiro.com.br\/en\/since-june-nine-cities-launch-new-edition-lugar-de-fala\/\",\"name\":\"Since June, Nine Cities Have Hosted Launches for the New Edition of Lugar de Fala - Djamila Ribeiro\",\"isPartOf\":{\"@id\":\"https:\/\/www.djamilaribeiro.com.br\/#website\"},\"datePublished\":\"2026-09-02T18:56:24+00:00\",\"dateModified\":\"2026-09-02T20:41:31+00:00\",\"author\":{\"@id\":\"https:\/\/www.djamilaribeiro.com.br\/#\/schema\/person\/a928f404cf733e4c62686bedd437b9ee\"},\"description\":\"The new edition of Lugar de Fala tours Brazil, bringing readers together at universities, festivals, and bookstores nationwide.\",\"breadcrumb\":{\"@id\":\"https:\/\/www.djamilaribeiro.com.br\/en\/since-june-nine-cities-launch-new-edition-lugar-de-fala\/#breadcrumb\"},\"inLanguage\":\"en-US\",\"potentialAction\":[{\"@type\":\"ReadAction\",\"target\":[\"https:\/\/www.djamilaribeiro.com.br\/en\/since-june-nine-cities-launch-new-edition-lugar-de-fala\/\"]}]},{\"@type\":\"BreadcrumbList\",\"@id\":\"https:\/\/www.djamilaribeiro.com.br\/en\/since-june-nine-cities-launch-new-edition-lugar-de-fala\/#breadcrumb\",\"itemListElement\":[{\"@type\":\"ListItem\",\"position\":1,\"name\":\"In\u00edcio\",\"item\":\"https:\/\/www.djamilaribeiro.com.br\/en\/\"},{\"@type\":\"ListItem\",\"position\":2,\"name\":\"Since June, Nine Cities Have Hosted Launches for the New Edition of Lugar de Fala\"}]},{\"@type\":\"WebSite\",\"@id\":\"https:\/\/www.djamilaribeiro.com.br\/#website\",\"url\":\"https:\/\/www.djamilaribeiro.com.br\/\",\"name\":\"Djamila Ribeiro\",\"description\":\"\",\"potentialAction\":[{\"@type\":\"SearchAction\",\"target\":{\"@type\":\"EntryPoint\",\"urlTemplate\":\"https:\/\/www.djamilaribeiro.com.br\/?s={search_term_string}\"},\"query-input\":\"required name=search_term_string\"}],\"inLanguage\":\"en-US\"},{\"@type\":\"Person\",\"@id\":\"https:\/\/www.djamilaribeiro.com.br\/#\/schema\/person\/a928f404cf733e4c62686bedd437b9ee\",\"name\":\"Reda\u00e7\u00e3o\",\"image\":{\"@type\":\"ImageObject\",\"inLanguage\":\"en-US\",\"@id\":\"https:\/\/www.djamilaribeiro.com.br\/#\/schema\/person\/image\/\",\"url\":\"https:\/\/secure.gravatar.com\/avatar\/e22ea52208b383d899430021cb4ecf26?s=96&d=mm&r=g\",\"contentUrl\":\"https:\/\/secure.gravatar.com\/avatar\/e22ea52208b383d899430021cb4ecf26?s=96&d=mm&r=g\",\"caption\":\"Reda\u00e7\u00e3o\"},\"sameAs\":[\"https:\/\/localhost\"],\"url\":\"https:\/\/www.djamilaribeiro.com.br\/en\/author\/djamila\/\"}]}<\/script>\n<!-- \/ Yoast SEO plugin. -->","yoast_head_json":{"title":"Since June, Nine Cities Have Hosted Launches for the New Edition of Lugar de Fala - Djamila Ribeiro","description":"The new edition of Lugar de Fala tours Brazil, bringing readers together at universities, festivals, and bookstores nationwide.","robots":{"index":"index","follow":"follow","max-snippet":"max-snippet:-1","max-image-preview":"max-image-preview:large","max-video-preview":"max-video-preview:-1"},"canonical":"https:\/\/www.djamilaribeiro.com.br\/en\/since-june-nine-cities-launch-new-edition-lugar-de-fala\/","og_locale":"en_US","og_type":"article","og_title":"Since June, Nine Cities Have Hosted Launches for the New Edition of Lugar de Fala - Djamila Ribeiro","og_description":"The new edition of Lugar de Fala tours Brazil, bringing readers together at universities, festivals, and bookstores nationwide.","og_url":"https:\/\/www.djamilaribeiro.com.br\/en\/since-june-nine-cities-launch-new-edition-lugar-de-fala\/","og_site_name":"Djamila Ribeiro","article_published_time":"2026-09-02T18:56:24+00:00","article_modified_time":"2026-09-02T20:41:31+00:00","og_image":[{"width":1599,"height":1599,"url":"https:\/\/www.djamilaribeiro.com.br\/wp-content\/uploads\/2026\/09\/nove-cidades.jpeg","type":"image\/jpeg"}],"author":"Reda\u00e7\u00e3o","twitter_card":"summary_large_image","twitter_misc":{"Written by":"Reda\u00e7\u00e3o","Est. reading time":"5 minutes"},"schema":{"@context":"https:\/\/schema.org","@graph":[{"@type":"WebPage","@id":"https:\/\/www.djamilaribeiro.com.br\/en\/since-june-nine-cities-launch-new-edition-lugar-de-fala\/","url":"https:\/\/www.djamilaribeiro.com.br\/en\/since-june-nine-cities-launch-new-edition-lugar-de-fala\/","name":"Since June, Nine Cities Have Hosted Launches for the New Edition of Lugar de Fala - Djamila Ribeiro","isPartOf":{"@id":"https:\/\/www.djamilaribeiro.com.br\/#website"},"datePublished":"2026-09-02T18:56:24+00:00","dateModified":"2026-09-02T20:41:31+00:00","author":{"@id":"https:\/\/www.djamilaribeiro.com.br\/#\/schema\/person\/a928f404cf733e4c62686bedd437b9ee"},"description":"The new edition of Lugar de Fala tours Brazil, bringing readers together at universities, festivals, and bookstores nationwide.","breadcrumb":{"@id":"https:\/\/www.djamilaribeiro.com.br\/en\/since-june-nine-cities-launch-new-edition-lugar-de-fala\/#breadcrumb"},"inLanguage":"en-US","potentialAction":[{"@type":"ReadAction","target":["https:\/\/www.djamilaribeiro.com.br\/en\/since-june-nine-cities-launch-new-edition-lugar-de-fala\/"]}]},{"@type":"BreadcrumbList","@id":"https:\/\/www.djamilaribeiro.com.br\/en\/since-june-nine-cities-launch-new-edition-lugar-de-fala\/#breadcrumb","itemListElement":[{"@type":"ListItem","position":1,"name":"In\u00edcio","item":"https:\/\/www.djamilaribeiro.com.br\/en\/"},{"@type":"ListItem","position":2,"name":"Since June, Nine Cities Have Hosted Launches for the New Edition of Lugar de Fala"}]},{"@type":"WebSite","@id":"https:\/\/www.djamilaribeiro.com.br\/#website","url":"https:\/\/www.djamilaribeiro.com.br\/","name":"Djamila Ribeiro","description":"","potentialAction":[{"@type":"SearchAction","target":{"@type":"EntryPoint","urlTemplate":"https:\/\/www.djamilaribeiro.com.br\/?s={search_term_string}"},"query-input":"required name=search_term_string"}],"inLanguage":"en-US"},{"@type":"Person","@id":"https:\/\/www.djamilaribeiro.com.br\/#\/schema\/person\/a928f404cf733e4c62686bedd437b9ee","name":"Reda\u00e7\u00e3o","image":{"@type":"ImageObject","inLanguage":"en-US","@id":"https:\/\/www.djamilaribeiro.com.br\/#\/schema\/person\/image\/","url":"https:\/\/secure.gravatar.com\/avatar\/e22ea52208b383d899430021cb4ecf26?s=96&d=mm&r=g","contentUrl":"https:\/\/secure.gravatar.com\/avatar\/e22ea52208b383d899430021cb4ecf26?s=96&d=mm&r=g","caption":"Reda\u00e7\u00e3o"},"sameAs":["https:\/\/localhost"],"url":"https:\/\/www.djamilaribeiro.com.br\/en\/author\/djamila\/"}]}},"amp_enabled":true,"_links":{"self":[{"href":"https:\/\/www.djamilaribeiro.com.br\/en\/wp-json\/wp\/v2\/posts\/6366"}],"collection":[{"href":"https:\/\/www.djamilaribeiro.com.br\/en\/wp-json\/wp\/v2\/posts"}],"about":[{"href":"https:\/\/www.djamilaribeiro.com.br\/en\/wp-json\/wp\/v2\/types\/post"}],"author":[{"embeddable":true,"href":"https:\/\/www.djamilaribeiro.com.br\/en\/wp-json\/wp\/v2\/users\/1"}],"replies":[{"embeddable":true,"href":"https:\/\/www.djamilaribeiro.com.br\/en\/wp-json\/wp\/v2\/comments?post=6366"}],"version-history":[{"count":3,"href":"https:\/\/www.djamilaribeiro.com.br\/en\/wp-json\/wp\/v2\/posts\/6366\/revisions"}],"predecessor-version":[{"id":6372,"href":"https:\/\/www.djamilaribeiro.com.br\/en\/wp-json\/wp\/v2\/posts\/6366\/revisions\/6372"}],"wp:featuredmedia":[{"embeddable":true,"href":"https:\/\/www.djamilaribeiro.com.br\/en\/wp-json\/wp\/v2\/media\/6376"}],"wp:attachment":[{"href":"https:\/\/www.djamilaribeiro.com.br\/en\/wp-json\/wp\/v2\/media?parent=6366"}],"wp:term":[{"taxonomy":"category","embeddable":true,"href":"https:\/\/www.djamilaribeiro.com.br\/en\/wp-json\/wp\/v2\/categories?post=6366"},{"taxonomy":"post_tag","embeddable":true,"href":"https:\/\/www.djamilaribeiro.com.br\/en\/wp-json\/wp\/v2\/tags?post=6366"}],"curies":[{"name":"wp","href":"https:\/\/api.w.org\/{rel}","templated":true}]}}