{"id":857,"date":"2023-11-22T14:11:38","date_gmt":"2023-11-22T17:11:38","guid":{"rendered":"https:\/\/www.djamilaribeiro.com.br\/?p=857"},"modified":"2023-11-22T14:15:59","modified_gmt":"2023-11-22T17:15:59","slug":"djamila-ribeiro-honored-with-the-2023-raca-negra-trophy","status":"publish","type":"post","link":"https:\/\/www.djamilaribeiro.com.br\/en\/djamila-ribeiro-honored-with-the-2023-raca-negra-trophy\/","title":{"rendered":"Djamila Ribeiro honored with the 2023 Ra\u00e7a Negra Trophy"},"content":{"rendered":"<p>Djamila Ribeiro was one of the honorees at this year&#8217;s edition of the Ra\u00e7a Negra Trophy, promoted by the Zumbi dos Palmares University and the Afrobras Association. The awards ceremony took place on Monday (20) in S\u00e3o Paulo.<\/p>\n<p>Launched in 2001, the Ra\u00e7a Negra Trophy celebrates personalities who are active in the struggle against racism and in the defense of the black population. The Ra\u00e7a Negra Trophy has been held annually since 2004, &#8220;with the aim of recognizing and praising people who contribute to various activities, providing future generations with a record of their determination, work, perseverance and public example in building a more plural society&#8221;, says the <a href=\"https:\/\/trofeuracanegra.com.br\/\" target=\"_blank\" rel=\"noopener\">official website<\/a>.<\/p>\n<div id=\"attachment_846\" style=\"width: 1090px\" class=\"wp-caption aligncenter\"><img aria-describedby=\"caption-attachment-846\" decoding=\"async\" loading=\"lazy\" class=\"size-full wp-image-846\" src=\"https:\/\/www.djamilaribeiro.com.br\/wp-content\/uploads\/2023\/11\/Djamia-e-Alaide.jpg\" alt=\"\" width=\"1080\" height=\"1066\" srcset=\"https:\/\/www.djamilaribeiro.com.br\/wp-content\/uploads\/2023\/11\/Djamia-e-Alaide.jpg 1080w, https:\/\/www.djamilaribeiro.com.br\/wp-content\/uploads\/2023\/11\/Djamia-e-Alaide-300x296.jpg 300w, https:\/\/www.djamilaribeiro.com.br\/wp-content\/uploads\/2023\/11\/Djamia-e-Alaide-1024x1011.jpg 1024w, https:\/\/www.djamilaribeiro.com.br\/wp-content\/uploads\/2023\/11\/Djamia-e-Alaide-768x758.jpg 768w, https:\/\/www.djamilaribeiro.com.br\/wp-content\/uploads\/2023\/11\/Djamia-e-Alaide-35x35.jpg 35w\" sizes=\"(max-width: 1080px) 100vw, 1080px\" \/><p id=\"caption-attachment-846\" class=\"wp-caption-text\">\u00a0 \u00a0 \u00a0 \u00a0 \u00a0 \u00a0 \u00a0 \u00a0 \u00a0 \u00a0 \u00a0 \u00a0 \u00a0 \u00a0 \u00a0 \u00a0 \u00a0 \u00a0 \u00a0 \u00a0 \u00a0 \u00a0 \u00a0 \u00a0 \u00a0 \u00a0 \u00a0 \u00a0 \u00a0 \u00a0 \u00a0 \u00a0 \u00a0 \u00a0 \u00a0 \u00a0 \u00a0 \u00a0 \u00a0 \u00a0 \u00a0 Djamila and singer-songwriter Ala\u00edde Costa, also honored this year<\/p><\/div>\n<p><a href=\"https:\/\/www.instagram.com\/p\/Cz5EPgXo0Tq\/?img_index=1\" target=\"_blank\" rel=\"noopener\">On her Instagram profile<\/a>, Djamila spoke of the satisfaction of being one of the honorees of the 21st edition of the award.<\/p>\n<p>&#8220;It was a great honor to be one of the recipients of the most important award of the Brazilian black community. The Sala S\u00e3o Paulo welcomed the people to celebrate people who have been transforming Brazil, in an edition deservedly dedicated to the great Gl\u00f3ria Maria,&#8221; a Brazilian journalist who died in February this year.<\/p>\n<p>On social media, the Brazilian philosopher also thanked the organizers of the event and dedicated the Trophy to her parents.<\/p>\n<p>&#8220;I thank the Zumbi dos Palmares University, in the person of the magnificent rector Jos\u00e9 Vicente, and I dedicate this award to my mother and father, representatives of the working class in this country, who fought so hard so that I could be here.&#8221;<\/p>\n<div id=\"attachment_849\" style=\"width: 1090px\" class=\"wp-caption aligncenter\"><img aria-describedby=\"caption-attachment-849\" decoding=\"async\" loading=\"lazy\" class=\"wp-image-849 size-full\" src=\"https:\/\/www.djamilaribeiro.com.br\/wp-content\/uploads\/2023\/11\/Djamila-e-reitor.jpg\" alt=\"\" width=\"1080\" height=\"1066\" srcset=\"https:\/\/www.djamilaribeiro.com.br\/wp-content\/uploads\/2023\/11\/Djamila-e-reitor.jpg 1080w, https:\/\/www.djamilaribeiro.com.br\/wp-content\/uploads\/2023\/11\/Djamila-e-reitor-300x296.jpg 300w, https:\/\/www.djamilaribeiro.com.br\/wp-content\/uploads\/2023\/11\/Djamila-e-reitor-1024x1011.jpg 1024w, https:\/\/www.djamilaribeiro.com.br\/wp-content\/uploads\/2023\/11\/Djamila-e-reitor-768x758.jpg 768w, https:\/\/www.djamilaribeiro.com.br\/wp-content\/uploads\/2023\/11\/Djamila-e-reitor-35x35.jpg 35w\" sizes=\"(max-width: 1080px) 100vw, 1080px\" \/><p id=\"caption-attachment-849\" class=\"wp-caption-text\">\u00a0 \u00a0 \u00a0 \u00a0 \u00a0 \u00a0 \u00a0 \u00a0 \u00a0 \u00a0 \u00a0 \u00a0 \u00a0 \u00a0 \u00a0 \u00a0 \u00a0 \u00a0 \u00a0 \u00a0 \u00a0 \u00a0 \u00a0 \u00a0 \u00a0 \u00a0 \u00a0 \u00a0 \u00a0 \u00a0 \u00a0 \u00a0 \u00a0 \u00a0 \u00a0 \u00a0 \u00a0 \u00a0 \u00a0 \u00a0 \u00a0 Djamila and Jos\u00e9 Vicente, rector of Zumbi dos Palmares University<\/p><\/div>\n<p><strong>Recognition<\/strong><\/p>\n<p><a href=\"https:\/\/trofeuracanegra.com.br\/djamila-ribeiro-e-uma-das-personalidades-que-sera-homenageada-com-a-premiacao-do-trofeu-raca-negra-2023\/\" target=\"_blank\" rel=\"noopener\">On the awards website<\/a>, the organization of the Ra\u00e7a Negra Trophy highlights some of the reasons why Djamila Ribeiro was chosen as one of the honorees: &#8220;Djamila is tireless in her contribution to the valorization and empowerment of black women and the fight against racism&#8221;.<\/p>\n<p>The text also highlights Djamila&#8217;s work in the Brazilian publishing market: &#8220;To give light to other black writers, she created the &#8216;Sueli Carneiro Stamp&#8217;, making it possible to publish books by more than 25 black authors at affordable prices.&#8221;<\/p>\n<p>Check out the full list of honorees for the 21st edition of the Ra\u00e7a Negra Trophy on the awards website: <a href=\"https:\/\/trofeuracanegra.com.br\/\" target=\"_blank\" rel=\"noopener\">https:\/\/trofeuracanegra.com.br\/<\/a><\/p>\n<p>&nbsp;<\/p>\n","protected":false},"excerpt":{"rendered":"<p>Djamila Ribeiro was one of the honorees at this year&#8217;s edition of the Ra\u00e7a Negra Trophy, promoted by the Zumbi dos Palmares University and the Afrobras Association. The awards ceremony took place on Monday (20) in S\u00e3o Paulo. Launched in 2001, the Ra\u00e7a Negra Trophy celebrates personalities who are active in the struggle against racism [&hellip;]<\/p>\n","protected":false},"author":1,"featured_media":840,"comment_status":"open","ping_status":"open","sticky":false,"template":"","format":"standard","meta":{"inline_featured_image":false},"categories":[2],"tags":[143,141],"acf":[],"yoast_head":"<!-- This site is optimized with the Yoast SEO plugin v20.5 - https:\/\/yoast.com\/wordpress\/plugins\/seo\/ -->\n<title>Djamila Ribeiro honored with the 2023 Ra\u00e7a Negra Trophy - Djamila Ribeiro<\/title>\n<meta name=\"description\" content=\"The Brazilian philosopher was one of the honorees of this award, which celebrates personalities active in the struggle against racism and in the defense of the black population.\" \/>\n<meta name=\"robots\" content=\"index, follow, max-snippet:-1, max-image-preview:large, max-video-preview:-1\" \/>\n<link rel=\"canonical\" href=\"https:\/\/www.djamilaribeiro.com.br\/en\/djamila-ribeiro-honored-with-the-2023-raca-negra-trophy\/\" \/>\n<meta property=\"og:locale\" content=\"en_US\" \/>\n<meta property=\"og:type\" content=\"article\" \/>\n<meta property=\"og:title\" content=\"Djamila Ribeiro honored with the 2023 Ra\u00e7a Negra Trophy\" \/>\n<meta property=\"og:description\" content=\"The Brazilian philosopher was one of the honorees of this award, which celebrates personalities active in the struggle against racism and in the defense of the black population.\" \/>\n<meta property=\"og:url\" content=\"https:\/\/www.djamilaribeiro.com.br\/en\/djamila-ribeiro-honored-with-the-2023-raca-negra-trophy\/\" \/>\n<meta property=\"og:site_name\" content=\"Djamila Ribeiro\" \/>\n<meta property=\"article:published_time\" content=\"2023-11-22T17:11:38+00:00\" \/>\n<meta property=\"article:modified_time\" content=\"2023-11-22T17:15:59+00:00\" \/>\n<meta property=\"og:image\" content=\"https:\/\/www.djamilaribeiro.com.br\/wp-content\/uploads\/2023\/11\/Djamila-1.jpg\" \/>\n\t<meta property=\"og:image:width\" content=\"1080\" \/>\n\t<meta property=\"og:image:height\" content=\"1071\" \/>\n\t<meta property=\"og:image:type\" content=\"image\/jpeg\" \/>\n<meta name=\"author\" content=\"Reda\u00e7\u00e3o\" \/>\n<meta name=\"twitter:card\" content=\"summary_large_image\" \/>\n<meta name=\"twitter:title\" content=\"Djamila Ribeiro honored with the 2023 Ra\u00e7a Negra Trophy\" \/>\n<meta name=\"twitter:description\" content=\"The Brazilian philosopher was one of the honorees of this award, which celebrates personalities active in the struggle against racism and in the defense of the black population.\" \/>\n<meta name=\"twitter:image\" content=\"https:\/\/www.djamilaribeiro.com.br\/wp-content\/uploads\/2023\/11\/Djamila-1.jpg\" \/>\n<meta name=\"twitter:label1\" content=\"Written by\" \/>\n\t<meta name=\"twitter:data1\" content=\"Reda\u00e7\u00e3o\" \/>\n\t<meta name=\"twitter:label2\" content=\"Est. reading time\" \/>\n\t<meta name=\"twitter:data2\" content=\"3 minutes\" \/>\n<script type=\"application\/ld+json\" class=\"yoast-schema-graph\">{\"@context\":\"https:\/\/schema.org\",\"@graph\":[{\"@type\":\"WebPage\",\"@id\":\"https:\/\/www.djamilaribeiro.com.br\/en\/djamila-ribeiro-honored-with-the-2023-raca-negra-trophy\/\",\"url\":\"https:\/\/www.djamilaribeiro.com.br\/en\/djamila-ribeiro-honored-with-the-2023-raca-negra-trophy\/\",\"name\":\"Djamila Ribeiro honored with the 2023 Ra\u00e7a Negra Trophy - Djamila Ribeiro\",\"isPartOf\":{\"@id\":\"https:\/\/www.djamilaribeiro.com.br\/#website\"},\"datePublished\":\"2023-11-22T17:11:38+00:00\",\"dateModified\":\"2023-11-22T17:15:59+00:00\",\"author\":{\"@id\":\"https:\/\/www.djamilaribeiro.com.br\/#\/schema\/person\/a928f404cf733e4c62686bedd437b9ee\"},\"description\":\"The Brazilian philosopher was one of the honorees of this award, which celebrates personalities active in the struggle against racism and in the defense of the black population.\",\"breadcrumb\":{\"@id\":\"https:\/\/www.djamilaribeiro.com.br\/en\/djamila-ribeiro-honored-with-the-2023-raca-negra-trophy\/#breadcrumb\"},\"inLanguage\":\"en-US\",\"potentialAction\":[{\"@type\":\"ReadAction\",\"target\":[\"https:\/\/www.djamilaribeiro.com.br\/en\/djamila-ribeiro-honored-with-the-2023-raca-negra-trophy\/\"]}]},{\"@type\":\"BreadcrumbList\",\"@id\":\"https:\/\/www.djamilaribeiro.com.br\/en\/djamila-ribeiro-honored-with-the-2023-raca-negra-trophy\/#breadcrumb\",\"itemListElement\":[{\"@type\":\"ListItem\",\"position\":1,\"name\":\"In\u00edcio\",\"item\":\"https:\/\/www.djamilaribeiro.com.br\/en\/\"},{\"@type\":\"ListItem\",\"position\":2,\"name\":\"Djamila Ribeiro honored with the 2023 Ra\u00e7a Negra Trophy\"}]},{\"@type\":\"WebSite\",\"@id\":\"https:\/\/www.djamilaribeiro.com.br\/#website\",\"url\":\"https:\/\/www.djamilaribeiro.com.br\/\",\"name\":\"Djamila Ribeiro\",\"description\":\"\",\"potentialAction\":[{\"@type\":\"SearchAction\",\"target\":{\"@type\":\"EntryPoint\",\"urlTemplate\":\"https:\/\/www.djamilaribeiro.com.br\/?s={search_term_string}\"},\"query-input\":\"required name=search_term_string\"}],\"inLanguage\":\"en-US\"},{\"@type\":\"Person\",\"@id\":\"https:\/\/www.djamilaribeiro.com.br\/#\/schema\/person\/a928f404cf733e4c62686bedd437b9ee\",\"name\":\"Reda\u00e7\u00e3o\",\"image\":{\"@type\":\"ImageObject\",\"inLanguage\":\"en-US\",\"@id\":\"https:\/\/www.djamilaribeiro.com.br\/#\/schema\/person\/image\/\",\"url\":\"https:\/\/secure.gravatar.com\/avatar\/e22ea52208b383d899430021cb4ecf26?s=96&d=mm&r=g\",\"contentUrl\":\"https:\/\/secure.gravatar.com\/avatar\/e22ea52208b383d899430021cb4ecf26?s=96&d=mm&r=g\",\"caption\":\"Reda\u00e7\u00e3o\"},\"sameAs\":[\"https:\/\/localhost\"],\"url\":\"https:\/\/www.djamilaribeiro.com.br\/en\/author\/djamila\/\"}]}<\/script>\n<!-- \/ Yoast SEO plugin. -->","yoast_head_json":{"title":"Djamila Ribeiro honored with the 2023 Ra\u00e7a Negra Trophy - Djamila Ribeiro","description":"The Brazilian philosopher was one of the honorees of this award, which celebrates personalities active in the struggle against racism and in the defense of the black population.","robots":{"index":"index","follow":"follow","max-snippet":"max-snippet:-1","max-image-preview":"max-image-preview:large","max-video-preview":"max-video-preview:-1"},"canonical":"https:\/\/www.djamilaribeiro.com.br\/en\/djamila-ribeiro-honored-with-the-2023-raca-negra-trophy\/","og_locale":"en_US","og_type":"article","og_title":"Djamila Ribeiro honored with the 2023 Ra\u00e7a Negra Trophy","og_description":"The Brazilian philosopher was one of the honorees of this award, which celebrates personalities active in the struggle against racism and in the defense of the black population.","og_url":"https:\/\/www.djamilaribeiro.com.br\/en\/djamila-ribeiro-honored-with-the-2023-raca-negra-trophy\/","og_site_name":"Djamila Ribeiro","article_published_time":"2023-11-22T17:11:38+00:00","article_modified_time":"2023-11-22T17:15:59+00:00","og_image":[{"width":1080,"height":1071,"url":"https:\/\/www.djamilaribeiro.com.br\/wp-content\/uploads\/2023\/11\/Djamila-1.jpg","type":"image\/jpeg"}],"author":"Reda\u00e7\u00e3o","twitter_card":"summary_large_image","twitter_title":"Djamila Ribeiro honored with the 2023 Ra\u00e7a Negra Trophy","twitter_description":"The Brazilian philosopher was one of the honorees of this award, which celebrates personalities active in the struggle against racism and in the defense of the black population.","twitter_image":"https:\/\/www.djamilaribeiro.com.br\/wp-content\/uploads\/2023\/11\/Djamila-1.jpg","twitter_misc":{"Written by":"Reda\u00e7\u00e3o","Est. reading time":"3 minutes"},"schema":{"@context":"https:\/\/schema.org","@graph":[{"@type":"WebPage","@id":"https:\/\/www.djamilaribeiro.com.br\/en\/djamila-ribeiro-honored-with-the-2023-raca-negra-trophy\/","url":"https:\/\/www.djamilaribeiro.com.br\/en\/djamila-ribeiro-honored-with-the-2023-raca-negra-trophy\/","name":"Djamila Ribeiro honored with the 2023 Ra\u00e7a Negra Trophy - Djamila Ribeiro","isPartOf":{"@id":"https:\/\/www.djamilaribeiro.com.br\/#website"},"datePublished":"2023-11-22T17:11:38+00:00","dateModified":"2023-11-22T17:15:59+00:00","author":{"@id":"https:\/\/www.djamilaribeiro.com.br\/#\/schema\/person\/a928f404cf733e4c62686bedd437b9ee"},"description":"The Brazilian philosopher was one of the honorees of this award, which celebrates personalities active in the struggle against racism and in the defense of the black population.","breadcrumb":{"@id":"https:\/\/www.djamilaribeiro.com.br\/en\/djamila-ribeiro-honored-with-the-2023-raca-negra-trophy\/#breadcrumb"},"inLanguage":"en-US","potentialAction":[{"@type":"ReadAction","target":["https:\/\/www.djamilaribeiro.com.br\/en\/djamila-ribeiro-honored-with-the-2023-raca-negra-trophy\/"]}]},{"@type":"BreadcrumbList","@id":"https:\/\/www.djamilaribeiro.com.br\/en\/djamila-ribeiro-honored-with-the-2023-raca-negra-trophy\/#breadcrumb","itemListElement":[{"@type":"ListItem","position":1,"name":"In\u00edcio","item":"https:\/\/www.djamilaribeiro.com.br\/en\/"},{"@type":"ListItem","position":2,"name":"Djamila Ribeiro honored with the 2023 Ra\u00e7a Negra Trophy"}]},{"@type":"WebSite","@id":"https:\/\/www.djamilaribeiro.com.br\/#website","url":"https:\/\/www.djamilaribeiro.com.br\/","name":"Djamila Ribeiro","description":"","potentialAction":[{"@type":"SearchAction","target":{"@type":"EntryPoint","urlTemplate":"https:\/\/www.djamilaribeiro.com.br\/?s={search_term_string}"},"query-input":"required name=search_term_string"}],"inLanguage":"en-US"},{"@type":"Person","@id":"https:\/\/www.djamilaribeiro.com.br\/#\/schema\/person\/a928f404cf733e4c62686bedd437b9ee","name":"Reda\u00e7\u00e3o","image":{"@type":"ImageObject","inLanguage":"en-US","@id":"https:\/\/www.djamilaribeiro.com.br\/#\/schema\/person\/image\/","url":"https:\/\/secure.gravatar.com\/avatar\/e22ea52208b383d899430021cb4ecf26?s=96&d=mm&r=g","contentUrl":"https:\/\/secure.gravatar.com\/avatar\/e22ea52208b383d899430021cb4ecf26?s=96&d=mm&r=g","caption":"Reda\u00e7\u00e3o"},"sameAs":["https:\/\/localhost"],"url":"https:\/\/www.djamilaribeiro.com.br\/en\/author\/djamila\/"}]}},"amp_enabled":true,"_links":{"self":[{"href":"https:\/\/www.djamilaribeiro.com.br\/en\/wp-json\/wp\/v2\/posts\/857"}],"collection":[{"href":"https:\/\/www.djamilaribeiro.com.br\/en\/wp-json\/wp\/v2\/posts"}],"about":[{"href":"https:\/\/www.djamilaribeiro.com.br\/en\/wp-json\/wp\/v2\/types\/post"}],"author":[{"embeddable":true,"href":"https:\/\/www.djamilaribeiro.com.br\/en\/wp-json\/wp\/v2\/users\/1"}],"replies":[{"embeddable":true,"href":"https:\/\/www.djamilaribeiro.com.br\/en\/wp-json\/wp\/v2\/comments?post=857"}],"version-history":[{"count":3,"href":"https:\/\/www.djamilaribeiro.com.br\/en\/wp-json\/wp\/v2\/posts\/857\/revisions"}],"predecessor-version":[{"id":861,"href":"https:\/\/www.djamilaribeiro.com.br\/en\/wp-json\/wp\/v2\/posts\/857\/revisions\/861"}],"wp:featuredmedia":[{"embeddable":true,"href":"https:\/\/www.djamilaribeiro.com.br\/en\/wp-json\/wp\/v2\/media\/840"}],"wp:attachment":[{"href":"https:\/\/www.djamilaribeiro.com.br\/en\/wp-json\/wp\/v2\/media?parent=857"}],"wp:term":[{"taxonomy":"category","embeddable":true,"href":"https:\/\/www.djamilaribeiro.com.br\/en\/wp-json\/wp\/v2\/categories?post=857"},{"taxonomy":"post_tag","embeddable":true,"href":"https:\/\/www.djamilaribeiro.com.br\/en\/wp-json\/wp\/v2\/tags?post=857"}],"curies":[{"name":"wp","href":"https:\/\/api.w.org\/{rel}","templated":true}]}}