{"id":4122,"date":"2025-08-10T10:58:51","date_gmt":"2025-08-10T13:58:51","guid":{"rendered":"https:\/\/www.djamilaribeiro.com.br\/?p=4122"},"modified":"2025-08-10T11:12:57","modified_gmt":"2025-08-10T14:12:57","slug":"en-ce-mois-de-son-anniversaire-la-professeure-djamila-ribeiro-est-lune-des-personnalites-honorees-a-la-24e-foire-internationale-du-livre-de-ribeirao-preto","status":"publish","type":"post","link":"https:\/\/www.djamilaribeiro.com.br\/fr\/en-ce-mois-de-son-anniversaire-la-professeure-djamila-ribeiro-est-lune-des-personnalites-honorees-a-la-24e-foire-internationale-du-livre-de-ribeirao-preto\/","title":{"rendered":"En ce mois de son anniversaire, la professeure Djamila Ribeiro est l\u2019une des personnalit\u00e9s honor\u00e9es \u00e0 la 24e Foire Internationale du Livre de Ribeir\u00e3o Preto"},"content":{"rendered":"<p>Du 15 au 24 ao\u00fbt, Ribeir\u00e3o Preto, dans l\u2019\u00c9tat de S\u00e3o Paulo, sera de nouveau un point de rencontre pour les lecteurs, auteurs et artistes \u00e0 l\u2019occasion de la 24e \u00e9dition de la Foire Internationale du Livre de Ribeir\u00e3o Preto (Feira Internacional do Livro de Ribeir\u00e3o Preto \u2013 FIL), qui a accueilli en 2024 quelque 250 000 personnes lors de plus de 400 activit\u00e9s. Cette ann\u00e9e, l\u2019une des personnalit\u00e9s \u00e0 l\u2019honneur est la professeure Djamila Ribeiro, reconnue internationalement comme l\u2019une des voix les plus influentes du f\u00e9minisme noir dans le Sud global.<\/p>\n<p data-start=\"4635\" data-end=\"5343\">Sous le th\u00e8me <em data-start=\"4649\" data-end=\"4697\">Futurs possibles : entre lignes et paragraphes<\/em>, inspir\u00e9 par la pens\u00e9e du sociologue italien Domenico de Masi, la FIL invite le public \u00e0 r\u00e9fl\u00e9chir \u00e0 la litt\u00e9rature comme terrain fertile pour imaginer et construire collectivement d\u2019autres r\u00e9alit\u00e9s. Cette proposition part de la conviction que l\u2019avenir ne se construit pas uniquement gr\u00e2ce aux progr\u00e8s techniques ou \u00e9conomiques, mais surtout par la capacit\u00e9 d\u2019imaginer \u2014 individuellement et collectivement \u2014 d\u2019autres modes de vie. Une perspective qui impr\u00e8gne le travail intellectuel de Djamila et sa d\u00e9fense de l\u2019\u00e9criture comme outil de transformation sociale et de remise en question des structures qui perp\u00e9tuent les in\u00e9galit\u00e9s historiques.<\/p>\n<p data-start=\"5345\" data-end=\"6001\">Sa premi\u00e8re participation aura lieu lors de la c\u00e9r\u00e9monie d\u2019ouverture, le 15 ao\u00fbt \u00e0 20h, au Theatro Pedro II, aux c\u00f4t\u00e9s des autres personnalit\u00e9s honor\u00e9es de cette \u00e9dition : Domenico de Masi (\u00e0 titre posthume), le r\u00e9alisateur Andr\u00e9 Luiz Oliveira et l\u2019\u00e9crivain Matheus Arcaro. Le lendemain, 16 ao\u00fbt \u00e0 19h, \u00e9galement au Theatro Pedro II, elle prendra part \u00e0 la table ronde <em data-start=\"5714\" data-end=\"5746\">Rencontre avec Djamila Ribeiro<\/em>, o\u00f9 la philosophe br\u00e9silienne abordera des th\u00e8mes centraux de son \u0153uvre, tels que le f\u00e9minisme noir, le lieu de parole et l\u2019antiracisme. Le programme se conclura le samedi 17 ao\u00fbt \u00e0 15h, sur l\u2019esplanade du Theatro Pedro II, par une s\u00e9ance de d\u00e9dicaces.<\/p>\n<p data-start=\"6003\" data-end=\"6068\"><strong data-start=\"6003\" data-end=\"6066\">L\u2019hommage de la FIL a d\u00e9j\u00e0 commenc\u00e9 sur les r\u00e9seaux sociaux<\/strong><\/p>\n<p data-start=\"6070\" data-end=\"6655\">Sur le compte Instagram de la FIL, les hommages \u00e0 la professeure Djamila Ribeiro ont d\u00e9j\u00e0 commenc\u00e9. Dans une vid\u00e9o retra\u00e7ant son parcours, anim\u00e9e par l\u2019\u00e9tudiante en journalisme Mirella Archangelo, la cheffe d\u2019entreprise Ang\u00e9lica Pires souligne l\u2019impact de voir \u00ab une femme noire br\u00e9silienne parler de philosophie \u00bb comme un acte de repr\u00e9sentation et de rupture. L\u2019entrepreneuse Y\u00fa Souza, cr\u00e9atrice du projet Resenha Preta, raconte que la lecture de <em data-start=\"6519\" data-end=\"6551\">Qui a peur du f\u00e9minisme noir ?<\/em> a \u00e9t\u00e9 d\u00e9cisive pour qu\u2019elle se reconnaisse pleinement et parte \u00e0 la d\u00e9couverte de nouvelles autrices.<\/p>\n<p data-start=\"6657\" data-end=\"6988\">Avec entr\u00e9e gratuite, la FIL est organis\u00e9e par la Fondation du Livre et de la Lecture de Ribeir\u00e3o Preto, avec le soutien du Sesc S\u00e3o Paulo et du Senac S\u00e3o Paulo. Plus qu\u2019une c\u00e9l\u00e9bration litt\u00e9raire, la 24e Foire Internationale du Livre de Ribeir\u00e3o Preto est une invitation \u00e0 imaginer et \u00e0 \u00e9crire les futurs que nous voulons vivre.<\/p>\n<blockquote class=\"instagram-media\" style=\"background: #FFF; border: 0; border-radius: 3px; box-shadow: 0 0 1px 0 rgba(0,0,0,0.5),0 1px 10px 0 rgba(0,0,0,0.15); margin: 1px; max-width: 540px; min-width: 326px; padding: 0; width: calc(100% - 2px);\" data-instgrm-captioned=\"\" data-instgrm-permalink=\"https:\/\/www.instagram.com\/reel\/DNDs-VvsOBJ\/?utm_source=ig_embed&amp;utm_campaign=loading\" data-instgrm-version=\"14\">\n<div style=\"padding: 16px;\">\n<p>&nbsp;<\/p>\n<div style=\"display: flex; flex-direction: row; align-items: center;\">\n<div style=\"background-color: #f4f4f4; border-radius: 50%; flex-grow: 0; height: 40px; margin-right: 14px; width: 40px;\"><\/div>\n<div style=\"display: flex; flex-direction: column; flex-grow: 1; justify-content: center;\">\n<div style=\"background-color: #f4f4f4; border-radius: 4px; flex-grow: 0; height: 14px; margin-bottom: 6px; width: 100px;\"><\/div>\n<div style=\"background-color: #f4f4f4; border-radius: 4px; flex-grow: 0; height: 14px; width: 60px;\"><\/div>\n<\/div>\n<\/div>\n<div style=\"padding: 19% 0;\"><\/div>\n<div style=\"display: block; height: 50px; margin: 0 auto 12px; width: 50px;\"><\/div>\n<div style=\"padding-top: 8px;\">\n<div style=\"color: #3897f0; font-family: Arial,sans-serif; font-size: 14px; font-style: normal; font-weight: 550; line-height: 18px;\">Ver essa foto no Instagram<\/div>\n<\/div>\n<div style=\"padding: 12.5% 0;\"><\/div>\n<div style=\"display: flex; flex-direction: row; margin-bottom: 14px; align-items: center;\">\n<div>\n<div style=\"background-color: #f4f4f4; border-radius: 50%; height: 12.5px; width: 12.5px; transform: translateX(0px) translateY(7px);\"><\/div>\n<div style=\"background-color: #f4f4f4; height: 12.5px; transform: rotate(-45deg) translateX(3px) translateY(1px); width: 12.5px; flex-grow: 0; margin-right: 14px; margin-left: 2px;\"><\/div>\n<div style=\"background-color: #f4f4f4; border-radius: 50%; height: 12.5px; width: 12.5px; transform: translateX(9px) translateY(-18px);\"><\/div>\n<\/div>\n<div style=\"margin-left: 8px;\">\n<div style=\"background-color: #f4f4f4; border-radius: 50%; flex-grow: 0; height: 20px; width: 20px;\"><\/div>\n<div style=\"width: 0; height: 0; border-top: 2px solid transparent; border-left: 6px solid #f4f4f4; border-bottom: 2px solid transparent; transform: translateX(16px) translateY(-4px) rotate(30deg);\"><\/div>\n<\/div>\n<div style=\"margin-left: auto;\">\n<div style=\"width: 0px; border-top: 8px solid #F4F4F4; border-right: 8px solid transparent; transform: translateY(16px);\"><\/div>\n<div style=\"background-color: #f4f4f4; flex-grow: 0; height: 12px; width: 16px; transform: translateY(-4px);\"><\/div>\n<div style=\"width: 0; height: 0; border-top: 8px solid #F4F4F4; border-left: 8px solid transparent; transform: translateY(-4px) translateX(8px);\"><\/div>\n<\/div>\n<\/div>\n<div style=\"display: flex; flex-direction: column; flex-grow: 1; justify-content: center; margin-bottom: 24px;\">\n<div style=\"background-color: #f4f4f4; border-radius: 4px; flex-grow: 0; height: 14px; margin-bottom: 6px; width: 224px;\"><\/div>\n<div style=\"background-color: #f4f4f4; border-radius: 4px; flex-grow: 0; height: 14px; width: 144px;\"><\/div>\n<\/div>\n<p>&nbsp;<\/p>\n<p style=\"color: #c9c8cd; font-family: Arial,sans-serif; font-size: 14px; line-height: 17px; margin-bottom: 0; margin-top: 8px; overflow: hidden; padding: 8px 0 7px; text-align: center; text-overflow: ellipsis; white-space: nowrap;\"><a style=\"color: #c9c8cd; font-family: Arial,sans-serif; font-size: 14px; font-style: normal; font-weight: normal; line-height: 17px; text-decoration: none;\" href=\"https:\/\/www.instagram.com\/reel\/DNDs-VvsOBJ\/?utm_source=ig_embed&amp;utm_campaign=loading\" target=\"_blank\" rel=\"noopener\">Uma publica\u00e7\u00e3o compartilhada por Funda\u00e7\u00e3o do Livro e Leitura RP (@fundacaolivrorp)<\/a><\/p>\n<\/div>\n<\/blockquote>\n<p><script async src=\"\/\/www.instagram.com\/embed.js\"><\/script><\/p>\n<p data-start=\"6990\" data-end=\"7017\"><strong data-start=\"6990\" data-end=\"7015\">Ao\u00fbt, un mois sp\u00e9cial<\/strong><\/p>\n<p data-start=\"7019\" data-end=\"7210\">Le 1er ao\u00fbt \u2014 date marquant l\u2019ouverture du mois consacr\u00e9 \u00e0 Obaluai\u00ea, l\u2019orix\u00e1 de la gu\u00e9rison, de la terre et du silence \u2014, la professeure Djamila Ribeiro a c\u00e9l\u00e9br\u00e9 une nouvelle ann\u00e9e de vie.<\/p>\n<p data-start=\"7212\" data-end=\"7342\">Sur son profil Instagram, Djamila a \u00e9voqu\u00e9 cette date comme un lien entre des forces spirituelles qui traversent les continents.<\/p>\n<p data-start=\"7344\" data-end=\"7662\">En plus de marquer le mois d\u2019Obaluai\u00ea, c\u2019est aussi la journ\u00e9e de Pachamama, la d\u00e9esse-terre v\u00e9n\u00e9r\u00e9e par les communaut\u00e9s andines. En 2023, la penseuse a particip\u00e9 aux c\u00e9l\u00e9brations de Pachamama en Argentine, dans un geste de connexion avec la pluralit\u00e9 des traditions qui honorent la terre, le soin et la collectivit\u00e9.<\/p>\n<p data-start=\"7664\" data-end=\"7807\">\u00ab C\u2019est beau de savoir que notre existence touche tant d\u2019autres vies \u00bb, a-t-elle \u00e9crit, en remerciement pour les centaines de messages re\u00e7us.<\/p>\n","protected":false},"excerpt":{"rendered":"<p>Du 15 au 24 ao\u00fbt, Ribeir\u00e3o Preto, dans l\u2019\u00c9tat de S\u00e3o Paulo, sera de nouveau un point de rencontre pour les lecteurs, auteurs et artistes \u00e0 l\u2019occasion de la 24e \u00e9dition de la Foire Internationale du Livre de Ribeir\u00e3o Preto (Feira Internacional do Livro de Ribeir\u00e3o Preto \u2013 FIL), qui a accueilli en 2024 quelque [&hellip;]<\/p>\n","protected":false},"author":1,"featured_media":4117,"comment_status":"open","ping_status":"open","sticky":false,"template":"","format":"standard","meta":{"inline_featured_image":false},"categories":[785],"tags":[940,969,1239,939,1238,1235,1236,1237],"acf":[],"yoast_head":"<!-- This site is optimized with the Yoast SEO plugin v20.5 - https:\/\/yoast.com\/wordpress\/plugins\/seo\/ -->\n<title>En ce mois de son anniversaire, la professeure Djamila Ribeiro est l\u2019une des personnalit\u00e9s honor\u00e9es \u00e0 la 24e Foire Internationale du Livre de Ribeir\u00e3o Preto - Djamila Ribeiro<\/title>\n<meta name=\"description\" content=\"L\u2019\u00e9v\u00e9nement r\u00e9unit \u00e9crivains et lecteurs pour discuter du r\u00f4le de la litt\u00e9rature dans la construction de nouveaux modes de vie.\" \/>\n<meta name=\"robots\" content=\"index, follow, max-snippet:-1, max-image-preview:large, max-video-preview:-1\" \/>\n<link rel=\"canonical\" href=\"https:\/\/www.djamilaribeiro.com.br\/fr\/en-ce-mois-de-son-anniversaire-la-professeure-djamila-ribeiro-est-lune-des-personnalites-honorees-a-la-24e-foire-internationale-du-livre-de-ribeirao-preto\/\" \/>\n<meta property=\"og:locale\" content=\"pt_BR\" \/>\n<meta property=\"og:type\" content=\"article\" \/>\n<meta property=\"og:title\" content=\"En ce mois de son anniversaire, la professeure Djamila Ribeiro est l\u2019une des personnalit\u00e9s honor\u00e9es \u00e0 la 24e Foire Internationale du Livre de Ribeir\u00e3o Preto - Djamila Ribeiro\" \/>\n<meta property=\"og:description\" content=\"L\u2019\u00e9v\u00e9nement r\u00e9unit \u00e9crivains et lecteurs pour discuter du r\u00f4le de la litt\u00e9rature dans la construction de nouveaux modes de vie.\" \/>\n<meta property=\"og:url\" content=\"https:\/\/www.djamilaribeiro.com.br\/fr\/en-ce-mois-de-son-anniversaire-la-professeure-djamila-ribeiro-est-lune-des-personnalites-honorees-a-la-24e-foire-internationale-du-livre-de-ribeirao-preto\/\" \/>\n<meta property=\"og:site_name\" content=\"Djamila Ribeiro\" \/>\n<meta property=\"article:published_time\" content=\"2025-08-10T13:58:51+00:00\" \/>\n<meta property=\"article:modified_time\" content=\"2025-08-10T14:12:57+00:00\" \/>\n<meta property=\"og:image\" content=\"https:\/\/www.djamilaribeiro.com.br\/wp-content\/uploads\/2025\/08\/djamila_1.jpg\" \/>\n\t<meta property=\"og:image:width\" content=\"1080\" \/>\n\t<meta property=\"og:image:height\" content=\"1183\" \/>\n\t<meta property=\"og:image:type\" content=\"image\/jpeg\" \/>\n<meta name=\"author\" content=\"Reda\u00e7\u00e3o\" \/>\n<meta name=\"twitter:card\" content=\"summary_large_image\" \/>\n<meta name=\"twitter:label1\" content=\"Escrito por\" \/>\n\t<meta name=\"twitter:data1\" content=\"Reda\u00e7\u00e3o\" \/>\n\t<meta name=\"twitter:label2\" content=\"Est. tempo de leitura\" \/>\n\t<meta name=\"twitter:data2\" content=\"4 minutos\" \/>\n<script type=\"application\/ld+json\" class=\"yoast-schema-graph\">{\"@context\":\"https:\/\/schema.org\",\"@graph\":[{\"@type\":\"WebPage\",\"@id\":\"https:\/\/www.djamilaribeiro.com.br\/fr\/en-ce-mois-de-son-anniversaire-la-professeure-djamila-ribeiro-est-lune-des-personnalites-honorees-a-la-24e-foire-internationale-du-livre-de-ribeirao-preto\/\",\"url\":\"https:\/\/www.djamilaribeiro.com.br\/fr\/en-ce-mois-de-son-anniversaire-la-professeure-djamila-ribeiro-est-lune-des-personnalites-honorees-a-la-24e-foire-internationale-du-livre-de-ribeirao-preto\/\",\"name\":\"En ce mois de son anniversaire, la professeure Djamila Ribeiro est l\u2019une des personnalit\u00e9s honor\u00e9es \u00e0 la 24e Foire Internationale du Livre de Ribeir\u00e3o Preto - Djamila Ribeiro\",\"isPartOf\":{\"@id\":\"https:\/\/www.djamilaribeiro.com.br\/#website\"},\"datePublished\":\"2025-08-10T13:58:51+00:00\",\"dateModified\":\"2025-08-10T14:12:57+00:00\",\"author\":{\"@id\":\"https:\/\/www.djamilaribeiro.com.br\/#\/schema\/person\/a928f404cf733e4c62686bedd437b9ee\"},\"description\":\"L\u2019\u00e9v\u00e9nement r\u00e9unit \u00e9crivains et lecteurs pour discuter du r\u00f4le de la litt\u00e9rature dans la construction de nouveaux modes de vie.\",\"breadcrumb\":{\"@id\":\"https:\/\/www.djamilaribeiro.com.br\/fr\/en-ce-mois-de-son-anniversaire-la-professeure-djamila-ribeiro-est-lune-des-personnalites-honorees-a-la-24e-foire-internationale-du-livre-de-ribeirao-preto\/#breadcrumb\"},\"inLanguage\":\"pt-BR\",\"potentialAction\":[{\"@type\":\"ReadAction\",\"target\":[\"https:\/\/www.djamilaribeiro.com.br\/fr\/en-ce-mois-de-son-anniversaire-la-professeure-djamila-ribeiro-est-lune-des-personnalites-honorees-a-la-24e-foire-internationale-du-livre-de-ribeirao-preto\/\"]}]},{\"@type\":\"BreadcrumbList\",\"@id\":\"https:\/\/www.djamilaribeiro.com.br\/fr\/en-ce-mois-de-son-anniversaire-la-professeure-djamila-ribeiro-est-lune-des-personnalites-honorees-a-la-24e-foire-internationale-du-livre-de-ribeirao-preto\/#breadcrumb\",\"itemListElement\":[{\"@type\":\"ListItem\",\"position\":1,\"name\":\"In\u00edcio\",\"item\":\"https:\/\/www.djamilaribeiro.com.br\/fr\/\"},{\"@type\":\"ListItem\",\"position\":2,\"name\":\"En ce mois de son anniversaire, la professeure Djamila Ribeiro est l\u2019une des personnalit\u00e9s honor\u00e9es \u00e0 la 24e Foire Internationale du Livre de Ribeir\u00e3o Preto\"}]},{\"@type\":\"WebSite\",\"@id\":\"https:\/\/www.djamilaribeiro.com.br\/#website\",\"url\":\"https:\/\/www.djamilaribeiro.com.br\/\",\"name\":\"Djamila Ribeiro\",\"description\":\"\",\"potentialAction\":[{\"@type\":\"SearchAction\",\"target\":{\"@type\":\"EntryPoint\",\"urlTemplate\":\"https:\/\/www.djamilaribeiro.com.br\/?s={search_term_string}\"},\"query-input\":\"required name=search_term_string\"}],\"inLanguage\":\"pt-BR\"},{\"@type\":\"Person\",\"@id\":\"https:\/\/www.djamilaribeiro.com.br\/#\/schema\/person\/a928f404cf733e4c62686bedd437b9ee\",\"name\":\"Reda\u00e7\u00e3o\",\"image\":{\"@type\":\"ImageObject\",\"inLanguage\":\"pt-BR\",\"@id\":\"https:\/\/www.djamilaribeiro.com.br\/#\/schema\/person\/image\/\",\"url\":\"https:\/\/secure.gravatar.com\/avatar\/e22ea52208b383d899430021cb4ecf26?s=96&d=mm&r=g\",\"contentUrl\":\"https:\/\/secure.gravatar.com\/avatar\/e22ea52208b383d899430021cb4ecf26?s=96&d=mm&r=g\",\"caption\":\"Reda\u00e7\u00e3o\"},\"sameAs\":[\"https:\/\/localhost\"],\"url\":\"https:\/\/www.djamilaribeiro.com.br\/fr\/author\/djamila\/\"}]}<\/script>\n<!-- \/ Yoast SEO plugin. -->","yoast_head_json":{"title":"En ce mois de son anniversaire, la professeure Djamila Ribeiro est l\u2019une des personnalit\u00e9s honor\u00e9es \u00e0 la 24e Foire Internationale du Livre de Ribeir\u00e3o Preto - Djamila Ribeiro","description":"L\u2019\u00e9v\u00e9nement r\u00e9unit \u00e9crivains et lecteurs pour discuter du r\u00f4le de la litt\u00e9rature dans la construction de nouveaux modes de vie.","robots":{"index":"index","follow":"follow","max-snippet":"max-snippet:-1","max-image-preview":"max-image-preview:large","max-video-preview":"max-video-preview:-1"},"canonical":"https:\/\/www.djamilaribeiro.com.br\/fr\/en-ce-mois-de-son-anniversaire-la-professeure-djamila-ribeiro-est-lune-des-personnalites-honorees-a-la-24e-foire-internationale-du-livre-de-ribeirao-preto\/","og_locale":"pt_BR","og_type":"article","og_title":"En ce mois de son anniversaire, la professeure Djamila Ribeiro est l\u2019une des personnalit\u00e9s honor\u00e9es \u00e0 la 24e Foire Internationale du Livre de Ribeir\u00e3o Preto - Djamila Ribeiro","og_description":"L\u2019\u00e9v\u00e9nement r\u00e9unit \u00e9crivains et lecteurs pour discuter du r\u00f4le de la litt\u00e9rature dans la construction de nouveaux modes de vie.","og_url":"https:\/\/www.djamilaribeiro.com.br\/fr\/en-ce-mois-de-son-anniversaire-la-professeure-djamila-ribeiro-est-lune-des-personnalites-honorees-a-la-24e-foire-internationale-du-livre-de-ribeirao-preto\/","og_site_name":"Djamila Ribeiro","article_published_time":"2025-08-10T13:58:51+00:00","article_modified_time":"2025-08-10T14:12:57+00:00","og_image":[{"width":1080,"height":1183,"url":"https:\/\/www.djamilaribeiro.com.br\/wp-content\/uploads\/2025\/08\/djamila_1.jpg","type":"image\/jpeg"}],"author":"Reda\u00e7\u00e3o","twitter_card":"summary_large_image","twitter_misc":{"Escrito por":"Reda\u00e7\u00e3o","Est. tempo de leitura":"4 minutos"},"schema":{"@context":"https:\/\/schema.org","@graph":[{"@type":"WebPage","@id":"https:\/\/www.djamilaribeiro.com.br\/fr\/en-ce-mois-de-son-anniversaire-la-professeure-djamila-ribeiro-est-lune-des-personnalites-honorees-a-la-24e-foire-internationale-du-livre-de-ribeirao-preto\/","url":"https:\/\/www.djamilaribeiro.com.br\/fr\/en-ce-mois-de-son-anniversaire-la-professeure-djamila-ribeiro-est-lune-des-personnalites-honorees-a-la-24e-foire-internationale-du-livre-de-ribeirao-preto\/","name":"En ce mois de son anniversaire, la professeure Djamila Ribeiro est l\u2019une des personnalit\u00e9s honor\u00e9es \u00e0 la 24e Foire Internationale du Livre de Ribeir\u00e3o Preto - Djamila Ribeiro","isPartOf":{"@id":"https:\/\/www.djamilaribeiro.com.br\/#website"},"datePublished":"2025-08-10T13:58:51+00:00","dateModified":"2025-08-10T14:12:57+00:00","author":{"@id":"https:\/\/www.djamilaribeiro.com.br\/#\/schema\/person\/a928f404cf733e4c62686bedd437b9ee"},"description":"L\u2019\u00e9v\u00e9nement r\u00e9unit \u00e9crivains et lecteurs pour discuter du r\u00f4le de la litt\u00e9rature dans la construction de nouveaux modes de vie.","breadcrumb":{"@id":"https:\/\/www.djamilaribeiro.com.br\/fr\/en-ce-mois-de-son-anniversaire-la-professeure-djamila-ribeiro-est-lune-des-personnalites-honorees-a-la-24e-foire-internationale-du-livre-de-ribeirao-preto\/#breadcrumb"},"inLanguage":"pt-BR","potentialAction":[{"@type":"ReadAction","target":["https:\/\/www.djamilaribeiro.com.br\/fr\/en-ce-mois-de-son-anniversaire-la-professeure-djamila-ribeiro-est-lune-des-personnalites-honorees-a-la-24e-foire-internationale-du-livre-de-ribeirao-preto\/"]}]},{"@type":"BreadcrumbList","@id":"https:\/\/www.djamilaribeiro.com.br\/fr\/en-ce-mois-de-son-anniversaire-la-professeure-djamila-ribeiro-est-lune-des-personnalites-honorees-a-la-24e-foire-internationale-du-livre-de-ribeirao-preto\/#breadcrumb","itemListElement":[{"@type":"ListItem","position":1,"name":"In\u00edcio","item":"https:\/\/www.djamilaribeiro.com.br\/fr\/"},{"@type":"ListItem","position":2,"name":"En ce mois de son anniversaire, la professeure Djamila Ribeiro est l\u2019une des personnalit\u00e9s honor\u00e9es \u00e0 la 24e Foire Internationale du Livre de Ribeir\u00e3o Preto"}]},{"@type":"WebSite","@id":"https:\/\/www.djamilaribeiro.com.br\/#website","url":"https:\/\/www.djamilaribeiro.com.br\/","name":"Djamila Ribeiro","description":"","potentialAction":[{"@type":"SearchAction","target":{"@type":"EntryPoint","urlTemplate":"https:\/\/www.djamilaribeiro.com.br\/?s={search_term_string}"},"query-input":"required name=search_term_string"}],"inLanguage":"pt-BR"},{"@type":"Person","@id":"https:\/\/www.djamilaribeiro.com.br\/#\/schema\/person\/a928f404cf733e4c62686bedd437b9ee","name":"Reda\u00e7\u00e3o","image":{"@type":"ImageObject","inLanguage":"pt-BR","@id":"https:\/\/www.djamilaribeiro.com.br\/#\/schema\/person\/image\/","url":"https:\/\/secure.gravatar.com\/avatar\/e22ea52208b383d899430021cb4ecf26?s=96&d=mm&r=g","contentUrl":"https:\/\/secure.gravatar.com\/avatar\/e22ea52208b383d899430021cb4ecf26?s=96&d=mm&r=g","caption":"Reda\u00e7\u00e3o"},"sameAs":["https:\/\/localhost"],"url":"https:\/\/www.djamilaribeiro.com.br\/fr\/author\/djamila\/"}]}},"amp_enabled":true,"_links":{"self":[{"href":"https:\/\/www.djamilaribeiro.com.br\/fr\/wp-json\/wp\/v2\/posts\/4122"}],"collection":[{"href":"https:\/\/www.djamilaribeiro.com.br\/fr\/wp-json\/wp\/v2\/posts"}],"about":[{"href":"https:\/\/www.djamilaribeiro.com.br\/fr\/wp-json\/wp\/v2\/types\/post"}],"author":[{"embeddable":true,"href":"https:\/\/www.djamilaribeiro.com.br\/fr\/wp-json\/wp\/v2\/users\/1"}],"replies":[{"embeddable":true,"href":"https:\/\/www.djamilaribeiro.com.br\/fr\/wp-json\/wp\/v2\/comments?post=4122"}],"version-history":[{"count":1,"href":"https:\/\/www.djamilaribeiro.com.br\/fr\/wp-json\/wp\/v2\/posts\/4122\/revisions"}],"predecessor-version":[{"id":4123,"href":"https:\/\/www.djamilaribeiro.com.br\/fr\/wp-json\/wp\/v2\/posts\/4122\/revisions\/4123"}],"wp:featuredmedia":[{"embeddable":true,"href":"https:\/\/www.djamilaribeiro.com.br\/fr\/wp-json\/wp\/v2\/media\/4117"}],"wp:attachment":[{"href":"https:\/\/www.djamilaribeiro.com.br\/fr\/wp-json\/wp\/v2\/media?parent=4122"}],"wp:term":[{"taxonomy":"category","embeddable":true,"href":"https:\/\/www.djamilaribeiro.com.br\/fr\/wp-json\/wp\/v2\/categories?post=4122"},{"taxonomy":"post_tag","embeddable":true,"href":"https:\/\/www.djamilaribeiro.com.br\/fr\/wp-json\/wp\/v2\/tags?post=4122"}],"curies":[{"name":"wp","href":"https:\/\/api.w.org\/{rel}","templated":true}]}}