{"id":4170,"date":"2025-08-25T10:28:36","date_gmt":"2025-08-25T13:28:36","guid":{"rendered":"https:\/\/www.djamilaribeiro.com.br\/?p=4170"},"modified":"2025-08-25T12:08:45","modified_gmt":"2025-08-25T15:08:45","slug":"le-projet-combinando-palavras-relie-loeuvre-de-djamila-ribeiro-aux-eleves-des-ecoles-publiques-de-letat-de-sao-paulo","status":"publish","type":"post","link":"https:\/\/www.djamilaribeiro.com.br\/fr\/le-projet-combinando-palavras-relie-loeuvre-de-djamila-ribeiro-aux-eleves-des-ecoles-publiques-de-letat-de-sao-paulo\/","title":{"rendered":"Le projet Combinando Palavras relie l\u2019\u0153uvre de Djamila Ribeiro aux \u00e9l\u00e8ves des \u00e9coles publiques de l\u2019\u00c9tat de S\u00e3o Paulo"},"content":{"rendered":"<p data-start=\"4505\" data-end=\"5236\">Le projet <em data-start=\"4515\" data-end=\"4536\">Combinando Palavras<\/em> (\u201cCombiner les mots\u201d) a marqu\u00e9 la participation de la professeure Djamila Ribeiro \u00e0 la 24\u1d49 \u00e9dition de la Foire Internationale du Livre de Ribeir\u00e3o Preto (FIL), organis\u00e9e dans l\u2019\u00c9tat de S\u00e3o Paulo du 16 au 24 ao\u00fbt. Le 18 ao\u00fbt, des centaines d\u2019\u00e9l\u00e8ves venus de cinq communes de la r\u00e9gion se sont r\u00e9unis au Theatro Dom Pedro II pour pr\u00e9senter des chansons originales, des danses, des documentaires et des performances inspir\u00e9es par les livres de la philosophe br\u00e9silienne. \u00ab J\u2019ai re\u00e7u tellement de cadeaux ! Ce fut l\u2019un des jours les plus \u00e9mouvants pour moi. Voir mon travail r\u00e9sonner si profond\u00e9ment dans l\u2019esprit et le c\u0153ur de jeunes \u00e9l\u00e8ves est extr\u00eamement fortifiant \u00bb, a-t-elle \u00e9crit sur Instagram.<\/p>\n<p data-start=\"5238\" data-end=\"5656\">Au total, 12 \u00e9coles publiques, rattach\u00e9es \u00e0 la Direction R\u00e9gionale de l\u2019Enseignement de Ribeir\u00e3o Preto, ont particip\u00e9 au projet. Les \u00e9tablissements provenaient de Ribeir\u00e3o Preto, Bonfim Paulista, S\u00e3o Sim\u00e3o, Santa Rosa de Viterbo et Cravinhos. \u00ab Je suis une autrice pr\u00e9sente dans les \u00e9coles publiques depuis des ann\u00e9es, mais participer \u00e0 <em data-start=\"5575\" data-end=\"5596\">Combinando Palavras<\/em> a donn\u00e9 encore plus de sens \u00e0 tout \u00bb, a soulign\u00e9 Ribeiro.<\/p>\n<h3 data-start=\"5658\" data-end=\"5724\">Autrice \u00e0 l\u2019honneur et citoyenne d\u2019honneur de Ribeir\u00e3o Preto<\/h3>\n<p data-start=\"5726\" data-end=\"6518\">En plus de cette rencontre avec les \u00e9l\u00e8ves, Djamila Ribeiro a \u00e9t\u00e9 d\u00e9sign\u00e9e autrice \u00e0 l\u2019honneur dans la cat\u00e9gorie \u00c9ducation et a re\u00e7u le titre de citoyenne d\u2019honneur de Ribeir\u00e3o Preto. La distinction, approuv\u00e9e par le Conseil Municipal \u00e0 partir d\u2019une proposition de la conseill\u00e8re Duda Hidalgo (Parti des Travailleurs \u2013 PT), a \u00e9t\u00e9 remise lors de la conf\u00e9rence d\u2019ouverture au Theatro Dom Pedro II le 16 ao\u00fbt. \u00c0 cette occasion, Ribeiro a insist\u00e9 sur l\u2019importance de l\u2019\u00e9ducation comme droit fondamental : \u00ab Si je suis ici aujourd\u2019hui, c\u2019est parce que j\u2019ai eu l\u2019opportunit\u00e9 d\u2019\u00e9tudier. Je ne viens pas d\u2019une famille acad\u00e9mique et j\u2019ai d\u00fb tout apprendre au sein du mouvement f\u00e9ministe et gr\u00e2ce aux politiques publiques d\u2019acc\u00e8s. L\u2019\u00e9ducation est un droit collectif qui peut transformer la soci\u00e9t\u00e9. \u00bb<\/p>\n<p data-start=\"6520\" data-end=\"6811\">Il s\u2019agissait de sa troisi\u00e8me participation \u00e0 la FIL, l\u2019une des plus grandes foires litt\u00e9raires du Br\u00e9sil. \u00c0 chaque fois, le th\u00e9\u00e2tre a affich\u00e9 complet. \u00ab Voir ce cycle de six ans se l\u00e9gitimer et se renforcer montre l\u2019impact, la permanence et la port\u00e9e de notre travail \u00bb, a-t-elle observ\u00e9.<\/p>\n<p data-start=\"6520\" data-end=\"6811\"><img decoding=\"async\" loading=\"lazy\" class=\"aligncenter size-large wp-image-4165\" src=\"https:\/\/www.djamilaribeiro.com.br\/wp-content\/uploads\/2025\/08\/Combinando-1-1024x1012.jpg\" alt=\"\" width=\"1024\" height=\"1012\" srcset=\"https:\/\/www.djamilaribeiro.com.br\/wp-content\/uploads\/2025\/08\/Combinando-1-1024x1012.jpg 1024w, https:\/\/www.djamilaribeiro.com.br\/wp-content\/uploads\/2025\/08\/Combinando-1-300x296.jpg 300w, https:\/\/www.djamilaribeiro.com.br\/wp-content\/uploads\/2025\/08\/Combinando-1-768x759.jpg 768w, https:\/\/www.djamilaribeiro.com.br\/wp-content\/uploads\/2025\/08\/Combinando-1-35x35.jpg 35w, https:\/\/www.djamilaribeiro.com.br\/wp-content\/uploads\/2025\/08\/Combinando-1.jpg 1080w\" sizes=\"(max-width: 1024px) 100vw, 1024px\" \/><\/p>\n<h3 data-start=\"6813\" data-end=\"6842\">Hommage et ancestralit\u00e9<\/h3>\n<p data-start=\"6844\" data-end=\"7106\">Le Collectif Abayomi a \u00e9galement \u00e9mu Ribeiro en pr\u00e9sentant un <em data-start=\"6906\" data-end=\"6912\">itan<\/em> \u2014 r\u00e9cit sacr\u00e9 de la tradition orale yoruba \u2014 sur <em data-start=\"6962\" data-end=\"6969\">Iyami<\/em> (pouvoir ancestral f\u00e9minin) et <em data-start=\"7001\" data-end=\"7009\">Ox\u00f3ssi<\/em> (divinit\u00e9 des for\u00eats et de la chasse dans les religions afro-br\u00e9siliennes comme le Candombl\u00e9).<\/p>\n<p data-start=\"7108\" data-end=\"7444\">Lors de la remise du titre de citoyenne d\u2019honneur, la conseill\u00e8re municipale Duda Hidalgo a soulign\u00e9 la dimension populaire de l\u2019action de Ribeiro : \u00ab Vous avez choisi de ne pas garder le savoir confin\u00e9 \u00e0 l\u2019universit\u00e9. Vous avez d\u00e9cid\u00e9 de diffuser ce savoir et de transformer vos mots en lutte, en les immortalisant dans des livres. \u00bb<\/p>\n<h3 data-start=\"7446\" data-end=\"7502\">\u00c9ducation antiraciste et transformation collective<\/h3>\n<p data-start=\"7504\" data-end=\"8098\">L\u2019exp\u00e9rience v\u00e9cue \u00e0 Ribeir\u00e3o Preto correspond \u00e0 la proposition centrale de la collection <em data-start=\"7594\" data-end=\"7614\">Feminismos Plurais<\/em> (F\u00e9minismes Pluriels), coordonn\u00e9e par Ribeiro, qui r\u00e9unit d\u00e9j\u00e0 27 titres \u00e9crits par des auteurs noirs. Dans <em data-start=\"7723\" data-end=\"7752\">Pequeno Manual Antirracista<\/em> (<em data-start=\"7754\" data-end=\"7780\">Petit manuel antiraciste<\/em>), elle rappelle l\u2019urgence d\u2019\u00e9largir les r\u00e9f\u00e9rences \u00e9ducatives et souligne que \u00ab le mod\u00e8le de science valoris\u00e9 et consid\u00e9r\u00e9 comme universel est blanc \u00bb. Le projet <em data-start=\"7943\" data-end=\"7964\">Combinando Palavras<\/em> a mat\u00e9rialis\u00e9 cette transformation en int\u00e9grant le <em data-start=\"8016\" data-end=\"8032\">lieu de parole<\/em> dans la pratique p\u00e9dagogique, de mani\u00e8re cr\u00e9ative et plurielle.<\/p>\n<p data-start=\"8100\" data-end=\"8292\">\u00ab D\u00e9sormais, en tant que citoyenne de Ribeir\u00e3o Preto, je remercie pour les \u00e9changes et pour cet accueil unique. Ensemble, nous continuons \u00e0 \u0153uvrer pour la transformation \u00bb, a conclu Ribeiro.<\/p>\n<blockquote class=\"instagram-media\" style=\"background: #FFF; border: 0; border-radius: 3px; box-shadow: 0 0 1px 0 rgba(0,0,0,0.5),0 1px 10px 0 rgba(0,0,0,0.15); margin: 1px; max-width: 540px; min-width: 326px; padding: 0; width: calc(100% - 2px);\" data-instgrm-captioned=\"\" data-instgrm-permalink=\"https:\/\/www.instagram.com\/reel\/DNg4tTjx08l\/?utm_source=ig_embed&amp;utm_campaign=loading\" data-instgrm-version=\"14\">\n<div style=\"padding: 16px;\">\n<p>&nbsp;<\/p>\n<div style=\"display: flex; flex-direction: row; align-items: center;\">\n<div style=\"background-color: #f4f4f4; border-radius: 50%; flex-grow: 0; height: 40px; margin-right: 14px; width: 40px;\"><\/div>\n<div style=\"display: flex; flex-direction: column; flex-grow: 1; justify-content: center;\">\n<div style=\"background-color: #f4f4f4; border-radius: 4px; flex-grow: 0; height: 14px; margin-bottom: 6px; width: 100px;\"><\/div>\n<div style=\"background-color: #f4f4f4; border-radius: 4px; flex-grow: 0; height: 14px; width: 60px;\"><\/div>\n<\/div>\n<\/div>\n<div style=\"padding: 19% 0;\"><\/div>\n<div style=\"display: block; height: 50px; margin: 0 auto 12px; width: 50px;\"><\/div>\n<div style=\"padding-top: 8px;\">\n<div style=\"color: #3897f0; font-family: Arial,sans-serif; font-size: 14px; font-style: normal; font-weight: 550; line-height: 18px;\">Ver essa foto no Instagram<\/div>\n<\/div>\n<div style=\"padding: 12.5% 0;\"><\/div>\n<div style=\"display: flex; flex-direction: row; margin-bottom: 14px; align-items: center;\">\n<div>\n<div style=\"background-color: #f4f4f4; border-radius: 50%; height: 12.5px; width: 12.5px; transform: translateX(0px) translateY(7px);\"><\/div>\n<div style=\"background-color: #f4f4f4; height: 12.5px; transform: rotate(-45deg) translateX(3px) translateY(1px); width: 12.5px; flex-grow: 0; margin-right: 14px; margin-left: 2px;\"><\/div>\n<div style=\"background-color: #f4f4f4; border-radius: 50%; height: 12.5px; width: 12.5px; transform: translateX(9px) translateY(-18px);\"><\/div>\n<\/div>\n<div style=\"margin-left: 8px;\">\n<div style=\"background-color: #f4f4f4; border-radius: 50%; flex-grow: 0; height: 20px; width: 20px;\"><\/div>\n<div style=\"width: 0; height: 0; border-top: 2px solid transparent; border-left: 6px solid #f4f4f4; border-bottom: 2px solid transparent; transform: translateX(16px) translateY(-4px) rotate(30deg);\"><\/div>\n<\/div>\n<div style=\"margin-left: auto;\">\n<div style=\"width: 0px; border-top: 8px solid #F4F4F4; border-right: 8px solid transparent; transform: translateY(16px);\"><\/div>\n<div style=\"background-color: #f4f4f4; flex-grow: 0; height: 12px; width: 16px; transform: translateY(-4px);\"><\/div>\n<div style=\"width: 0; height: 0; border-top: 8px solid #F4F4F4; border-left: 8px solid transparent; transform: translateY(-4px) translateX(8px);\"><\/div>\n<\/div>\n<\/div>\n<div style=\"display: flex; flex-direction: column; flex-grow: 1; justify-content: center; margin-bottom: 24px;\">\n<div style=\"background-color: #f4f4f4; border-radius: 4px; flex-grow: 0; height: 14px; margin-bottom: 6px; width: 224px;\"><\/div>\n<div style=\"background-color: #f4f4f4; border-radius: 4px; flex-grow: 0; height: 14px; width: 144px;\"><\/div>\n<\/div>\n<p>&nbsp;<\/p>\n<p style=\"color: #c9c8cd; font-family: Arial,sans-serif; font-size: 14px; line-height: 17px; margin-bottom: 0; margin-top: 8px; overflow: hidden; padding: 8px 0 7px; text-align: center; text-overflow: ellipsis; white-space: nowrap;\"><a style=\"color: #c9c8cd; font-family: Arial,sans-serif; font-size: 14px; font-style: normal; font-weight: normal; line-height: 17px; text-decoration: none;\" href=\"https:\/\/www.instagram.com\/reel\/DNg4tTjx08l\/?utm_source=ig_embed&amp;utm_campaign=loading\" target=\"_blank\" rel=\"noopener\">Uma publica\u00e7\u00e3o compartilhada por Djamila Ribeiro (@djamilaribeiro1)<\/a><\/p>\n<\/div>\n<\/blockquote>\n<p><script async src=\"\/\/www.instagram.com\/embed.js\"><\/script><\/p>\n<blockquote class=\"instagram-media\" style=\"background: #FFF; border: 0; border-radius: 3px; box-shadow: 0 0 1px 0 rgba(0,0,0,0.5),0 1px 10px 0 rgba(0,0,0,0.15); margin: 1px; max-width: 540px; min-width: 326px; padding: 0; width: calc(100% - 2px);\" data-instgrm-captioned=\"\" data-instgrm-permalink=\"https:\/\/www.instagram.com\/p\/DNiqhTEtN-Q\/?utm_source=ig_embed&amp;utm_campaign=loading\" data-instgrm-version=\"14\">\n<div style=\"padding: 16px;\">\n<p>&nbsp;<\/p>\n<div style=\"display: flex; flex-direction: row; align-items: center;\">\n<div style=\"background-color: #f4f4f4; border-radius: 50%; flex-grow: 0; height: 40px; margin-right: 14px; width: 40px;\"><\/div>\n<div style=\"display: flex; flex-direction: column; flex-grow: 1; justify-content: center;\">\n<div style=\"background-color: #f4f4f4; border-radius: 4px; flex-grow: 0; height: 14px; margin-bottom: 6px; width: 100px;\"><\/div>\n<div style=\"background-color: #f4f4f4; border-radius: 4px; flex-grow: 0; height: 14px; width: 60px;\"><\/div>\n<\/div>\n<\/div>\n<div style=\"padding: 19% 0;\"><\/div>\n<div style=\"display: block; height: 50px; margin: 0 auto 12px; width: 50px;\"><\/div>\n<div style=\"padding-top: 8px;\">\n<div style=\"color: #3897f0; font-family: Arial,sans-serif; font-size: 14px; font-style: normal; font-weight: 550; line-height: 18px;\">Ver essa foto no Instagram<\/div>\n<\/div>\n<div style=\"padding: 12.5% 0;\"><\/div>\n<div style=\"display: flex; flex-direction: row; margin-bottom: 14px; align-items: center;\">\n<div>\n<div style=\"background-color: #f4f4f4; border-radius: 50%; height: 12.5px; width: 12.5px; transform: translateX(0px) translateY(7px);\"><\/div>\n<div style=\"background-color: #f4f4f4; height: 12.5px; transform: rotate(-45deg) translateX(3px) translateY(1px); width: 12.5px; flex-grow: 0; margin-right: 14px; margin-left: 2px;\"><\/div>\n<div style=\"background-color: #f4f4f4; border-radius: 50%; height: 12.5px; width: 12.5px; transform: translateX(9px) translateY(-18px);\"><\/div>\n<\/div>\n<div style=\"margin-left: 8px;\">\n<div style=\"background-color: #f4f4f4; border-radius: 50%; flex-grow: 0; height: 20px; width: 20px;\"><\/div>\n<div style=\"width: 0; height: 0; border-top: 2px solid transparent; border-left: 6px solid #f4f4f4; border-bottom: 2px solid transparent; transform: translateX(16px) translateY(-4px) rotate(30deg);\"><\/div>\n<\/div>\n<div style=\"margin-left: auto;\">\n<div style=\"width: 0px; border-top: 8px solid #F4F4F4; border-right: 8px solid transparent; transform: translateY(16px);\"><\/div>\n<div style=\"background-color: #f4f4f4; flex-grow: 0; height: 12px; width: 16px; transform: translateY(-4px);\"><\/div>\n<div style=\"width: 0; height: 0; border-top: 8px solid #F4F4F4; border-left: 8px solid transparent; transform: translateY(-4px) translateX(8px);\"><\/div>\n<\/div>\n<\/div>\n<div style=\"display: flex; flex-direction: column; flex-grow: 1; justify-content: center; margin-bottom: 24px;\">\n<div style=\"background-color: #f4f4f4; border-radius: 4px; flex-grow: 0; height: 14px; margin-bottom: 6px; width: 224px;\"><\/div>\n<div style=\"background-color: #f4f4f4; border-radius: 4px; flex-grow: 0; height: 14px; width: 144px;\"><\/div>\n<\/div>\n<p>&nbsp;<\/p>\n<p style=\"color: #c9c8cd; font-family: Arial,sans-serif; font-size: 14px; line-height: 17px; margin-bottom: 0; margin-top: 8px; overflow: hidden; padding: 8px 0 7px; text-align: center; text-overflow: ellipsis; white-space: nowrap;\"><a style=\"color: #c9c8cd; font-family: Arial,sans-serif; font-size: 14px; font-style: normal; font-weight: normal; line-height: 17px; text-decoration: none;\" href=\"https:\/\/www.instagram.com\/p\/DNiqhTEtN-Q\/?utm_source=ig_embed&amp;utm_campaign=loading\" target=\"_blank\" rel=\"noopener\">Uma publica\u00e7\u00e3o compartilhada por Djamila Ribeiro (@djamilaribeiro1)<\/a><\/p>\n<\/div>\n<\/blockquote>\n<p><script async src=\"\/\/www.instagram.com\/embed.js\"><\/script><\/p>\n<p><em><strong>Traduit en fran\u00e7ais avec l\u2019aide de l\u2019intelligence artificielle<\/strong><\/em>.<\/p>\n","protected":false},"excerpt":{"rendered":"<p>Le projet Combinando Palavras (\u201cCombiner les mots\u201d) a marqu\u00e9 la participation de la professeure Djamila Ribeiro \u00e0 la 24\u1d49 \u00e9dition de la Foire Internationale du Livre de Ribeir\u00e3o Preto (FIL), organis\u00e9e dans l\u2019\u00c9tat de S\u00e3o Paulo du 16 au 24 ao\u00fbt. Le 18 ao\u00fbt, des centaines d\u2019\u00e9l\u00e8ves venus de cinq communes de la r\u00e9gion se [&hellip;]<\/p>\n","protected":false},"author":1,"featured_media":4157,"comment_status":"open","ping_status":"open","sticky":false,"template":"","format":"standard","meta":{"inline_featured_image":false},"categories":[785],"tags":[1261,1278,1281,1280,1224,1279,939,1238,1260,935,1265],"acf":[],"yoast_head":"<!-- This site is optimized with the Yoast SEO plugin v20.5 - https:\/\/yoast.com\/wordpress\/plugins\/seo\/ -->\n<title>Le projet Combinando Palavras relie l\u2019\u0153uvre de Djamila Ribeiro aux \u00e9l\u00e8ves des \u00e9coles publiques de l\u2019\u00c9tat de S\u00e3o Paulo - Djamila Ribeiro<\/title>\n<meta name=\"description\" content=\"Des \u00e9l\u00e8ves ont pr\u00e9sent\u00e9 des chansons, danses et performances inspir\u00e9es des livres de Djamila Ribeiro, autrice \u00e0 l\u2019honneur de la FIL 2025.\" \/>\n<meta name=\"robots\" content=\"index, follow, max-snippet:-1, max-image-preview:large, max-video-preview:-1\" \/>\n<link rel=\"canonical\" href=\"https:\/\/www.djamilaribeiro.com.br\/fr\/le-projet-combinando-palavras-relie-loeuvre-de-djamila-ribeiro-aux-eleves-des-ecoles-publiques-de-letat-de-sao-paulo\/\" \/>\n<meta property=\"og:locale\" content=\"pt_BR\" \/>\n<meta property=\"og:type\" content=\"article\" \/>\n<meta property=\"og:title\" content=\"Le projet Combinando Palavras relie l\u2019\u0153uvre de Djamila Ribeiro aux \u00e9l\u00e8ves des \u00e9coles publiques de l\u2019\u00c9tat de S\u00e3o Paulo - Djamila Ribeiro\" \/>\n<meta property=\"og:description\" content=\"Des \u00e9l\u00e8ves ont pr\u00e9sent\u00e9 des chansons, danses et performances inspir\u00e9es des livres de Djamila Ribeiro, autrice \u00e0 l\u2019honneur de la FIL 2025.\" \/>\n<meta property=\"og:url\" content=\"https:\/\/www.djamilaribeiro.com.br\/fr\/le-projet-combinando-palavras-relie-loeuvre-de-djamila-ribeiro-aux-eleves-des-ecoles-publiques-de-letat-de-sao-paulo\/\" \/>\n<meta property=\"og:site_name\" content=\"Djamila Ribeiro\" \/>\n<meta property=\"article:published_time\" content=\"2025-08-25T13:28:36+00:00\" \/>\n<meta property=\"article:modified_time\" content=\"2025-08-25T15:08:45+00:00\" \/>\n<meta property=\"og:image\" content=\"https:\/\/www.djamilaribeiro.com.br\/wp-content\/uploads\/2025\/08\/Combinando-2.jpg\" \/>\n\t<meta property=\"og:image:width\" content=\"1080\" \/>\n\t<meta property=\"og:image:height\" content=\"1068\" \/>\n\t<meta property=\"og:image:type\" content=\"image\/jpeg\" \/>\n<meta name=\"author\" content=\"Reda\u00e7\u00e3o\" \/>\n<meta name=\"twitter:card\" content=\"summary_large_image\" \/>\n<meta name=\"twitter:label1\" content=\"Escrito por\" \/>\n\t<meta name=\"twitter:data1\" content=\"Reda\u00e7\u00e3o\" \/>\n\t<meta name=\"twitter:label2\" content=\"Est. tempo de leitura\" \/>\n\t<meta name=\"twitter:data2\" content=\"4 minutos\" \/>\n<script type=\"application\/ld+json\" class=\"yoast-schema-graph\">{\"@context\":\"https:\/\/schema.org\",\"@graph\":[{\"@type\":\"WebPage\",\"@id\":\"https:\/\/www.djamilaribeiro.com.br\/fr\/le-projet-combinando-palavras-relie-loeuvre-de-djamila-ribeiro-aux-eleves-des-ecoles-publiques-de-letat-de-sao-paulo\/\",\"url\":\"https:\/\/www.djamilaribeiro.com.br\/fr\/le-projet-combinando-palavras-relie-loeuvre-de-djamila-ribeiro-aux-eleves-des-ecoles-publiques-de-letat-de-sao-paulo\/\",\"name\":\"Le projet Combinando Palavras relie l\u2019\u0153uvre de Djamila Ribeiro aux \u00e9l\u00e8ves des \u00e9coles publiques de l\u2019\u00c9tat de S\u00e3o Paulo - Djamila Ribeiro\",\"isPartOf\":{\"@id\":\"https:\/\/www.djamilaribeiro.com.br\/#website\"},\"datePublished\":\"2025-08-25T13:28:36+00:00\",\"dateModified\":\"2025-08-25T15:08:45+00:00\",\"author\":{\"@id\":\"https:\/\/www.djamilaribeiro.com.br\/#\/schema\/person\/a928f404cf733e4c62686bedd437b9ee\"},\"description\":\"Des \u00e9l\u00e8ves ont pr\u00e9sent\u00e9 des chansons, danses et performances inspir\u00e9es des livres de Djamila Ribeiro, autrice \u00e0 l\u2019honneur de la FIL 2025.\",\"breadcrumb\":{\"@id\":\"https:\/\/www.djamilaribeiro.com.br\/fr\/le-projet-combinando-palavras-relie-loeuvre-de-djamila-ribeiro-aux-eleves-des-ecoles-publiques-de-letat-de-sao-paulo\/#breadcrumb\"},\"inLanguage\":\"pt-BR\",\"potentialAction\":[{\"@type\":\"ReadAction\",\"target\":[\"https:\/\/www.djamilaribeiro.com.br\/fr\/le-projet-combinando-palavras-relie-loeuvre-de-djamila-ribeiro-aux-eleves-des-ecoles-publiques-de-letat-de-sao-paulo\/\"]}]},{\"@type\":\"BreadcrumbList\",\"@id\":\"https:\/\/www.djamilaribeiro.com.br\/fr\/le-projet-combinando-palavras-relie-loeuvre-de-djamila-ribeiro-aux-eleves-des-ecoles-publiques-de-letat-de-sao-paulo\/#breadcrumb\",\"itemListElement\":[{\"@type\":\"ListItem\",\"position\":1,\"name\":\"In\u00edcio\",\"item\":\"https:\/\/www.djamilaribeiro.com.br\/fr\/\"},{\"@type\":\"ListItem\",\"position\":2,\"name\":\"Le projet Combinando Palavras relie l\u2019\u0153uvre de Djamila Ribeiro aux \u00e9l\u00e8ves des \u00e9coles publiques de l\u2019\u00c9tat de S\u00e3o Paulo\"}]},{\"@type\":\"WebSite\",\"@id\":\"https:\/\/www.djamilaribeiro.com.br\/#website\",\"url\":\"https:\/\/www.djamilaribeiro.com.br\/\",\"name\":\"Djamila Ribeiro\",\"description\":\"\",\"potentialAction\":[{\"@type\":\"SearchAction\",\"target\":{\"@type\":\"EntryPoint\",\"urlTemplate\":\"https:\/\/www.djamilaribeiro.com.br\/?s={search_term_string}\"},\"query-input\":\"required name=search_term_string\"}],\"inLanguage\":\"pt-BR\"},{\"@type\":\"Person\",\"@id\":\"https:\/\/www.djamilaribeiro.com.br\/#\/schema\/person\/a928f404cf733e4c62686bedd437b9ee\",\"name\":\"Reda\u00e7\u00e3o\",\"image\":{\"@type\":\"ImageObject\",\"inLanguage\":\"pt-BR\",\"@id\":\"https:\/\/www.djamilaribeiro.com.br\/#\/schema\/person\/image\/\",\"url\":\"https:\/\/secure.gravatar.com\/avatar\/e22ea52208b383d899430021cb4ecf26?s=96&d=mm&r=g\",\"contentUrl\":\"https:\/\/secure.gravatar.com\/avatar\/e22ea52208b383d899430021cb4ecf26?s=96&d=mm&r=g\",\"caption\":\"Reda\u00e7\u00e3o\"},\"sameAs\":[\"https:\/\/localhost\"],\"url\":\"https:\/\/www.djamilaribeiro.com.br\/fr\/author\/djamila\/\"}]}<\/script>\n<!-- \/ Yoast SEO plugin. -->","yoast_head_json":{"title":"Le projet Combinando Palavras relie l\u2019\u0153uvre de Djamila Ribeiro aux \u00e9l\u00e8ves des \u00e9coles publiques de l\u2019\u00c9tat de S\u00e3o Paulo - Djamila Ribeiro","description":"Des \u00e9l\u00e8ves ont pr\u00e9sent\u00e9 des chansons, danses et performances inspir\u00e9es des livres de Djamila Ribeiro, autrice \u00e0 l\u2019honneur de la FIL 2025.","robots":{"index":"index","follow":"follow","max-snippet":"max-snippet:-1","max-image-preview":"max-image-preview:large","max-video-preview":"max-video-preview:-1"},"canonical":"https:\/\/www.djamilaribeiro.com.br\/fr\/le-projet-combinando-palavras-relie-loeuvre-de-djamila-ribeiro-aux-eleves-des-ecoles-publiques-de-letat-de-sao-paulo\/","og_locale":"pt_BR","og_type":"article","og_title":"Le projet Combinando Palavras relie l\u2019\u0153uvre de Djamila Ribeiro aux \u00e9l\u00e8ves des \u00e9coles publiques de l\u2019\u00c9tat de S\u00e3o Paulo - Djamila Ribeiro","og_description":"Des \u00e9l\u00e8ves ont pr\u00e9sent\u00e9 des chansons, danses et performances inspir\u00e9es des livres de Djamila Ribeiro, autrice \u00e0 l\u2019honneur de la FIL 2025.","og_url":"https:\/\/www.djamilaribeiro.com.br\/fr\/le-projet-combinando-palavras-relie-loeuvre-de-djamila-ribeiro-aux-eleves-des-ecoles-publiques-de-letat-de-sao-paulo\/","og_site_name":"Djamila Ribeiro","article_published_time":"2025-08-25T13:28:36+00:00","article_modified_time":"2025-08-25T15:08:45+00:00","og_image":[{"width":1080,"height":1068,"url":"https:\/\/www.djamilaribeiro.com.br\/wp-content\/uploads\/2025\/08\/Combinando-2.jpg","type":"image\/jpeg"}],"author":"Reda\u00e7\u00e3o","twitter_card":"summary_large_image","twitter_misc":{"Escrito por":"Reda\u00e7\u00e3o","Est. tempo de leitura":"4 minutos"},"schema":{"@context":"https:\/\/schema.org","@graph":[{"@type":"WebPage","@id":"https:\/\/www.djamilaribeiro.com.br\/fr\/le-projet-combinando-palavras-relie-loeuvre-de-djamila-ribeiro-aux-eleves-des-ecoles-publiques-de-letat-de-sao-paulo\/","url":"https:\/\/www.djamilaribeiro.com.br\/fr\/le-projet-combinando-palavras-relie-loeuvre-de-djamila-ribeiro-aux-eleves-des-ecoles-publiques-de-letat-de-sao-paulo\/","name":"Le projet Combinando Palavras relie l\u2019\u0153uvre de Djamila Ribeiro aux \u00e9l\u00e8ves des \u00e9coles publiques de l\u2019\u00c9tat de S\u00e3o Paulo - Djamila Ribeiro","isPartOf":{"@id":"https:\/\/www.djamilaribeiro.com.br\/#website"},"datePublished":"2025-08-25T13:28:36+00:00","dateModified":"2025-08-25T15:08:45+00:00","author":{"@id":"https:\/\/www.djamilaribeiro.com.br\/#\/schema\/person\/a928f404cf733e4c62686bedd437b9ee"},"description":"Des \u00e9l\u00e8ves ont pr\u00e9sent\u00e9 des chansons, danses et performances inspir\u00e9es des livres de Djamila Ribeiro, autrice \u00e0 l\u2019honneur de la FIL 2025.","breadcrumb":{"@id":"https:\/\/www.djamilaribeiro.com.br\/fr\/le-projet-combinando-palavras-relie-loeuvre-de-djamila-ribeiro-aux-eleves-des-ecoles-publiques-de-letat-de-sao-paulo\/#breadcrumb"},"inLanguage":"pt-BR","potentialAction":[{"@type":"ReadAction","target":["https:\/\/www.djamilaribeiro.com.br\/fr\/le-projet-combinando-palavras-relie-loeuvre-de-djamila-ribeiro-aux-eleves-des-ecoles-publiques-de-letat-de-sao-paulo\/"]}]},{"@type":"BreadcrumbList","@id":"https:\/\/www.djamilaribeiro.com.br\/fr\/le-projet-combinando-palavras-relie-loeuvre-de-djamila-ribeiro-aux-eleves-des-ecoles-publiques-de-letat-de-sao-paulo\/#breadcrumb","itemListElement":[{"@type":"ListItem","position":1,"name":"In\u00edcio","item":"https:\/\/www.djamilaribeiro.com.br\/fr\/"},{"@type":"ListItem","position":2,"name":"Le projet Combinando Palavras relie l\u2019\u0153uvre de Djamila Ribeiro aux \u00e9l\u00e8ves des \u00e9coles publiques de l\u2019\u00c9tat de S\u00e3o Paulo"}]},{"@type":"WebSite","@id":"https:\/\/www.djamilaribeiro.com.br\/#website","url":"https:\/\/www.djamilaribeiro.com.br\/","name":"Djamila Ribeiro","description":"","potentialAction":[{"@type":"SearchAction","target":{"@type":"EntryPoint","urlTemplate":"https:\/\/www.djamilaribeiro.com.br\/?s={search_term_string}"},"query-input":"required name=search_term_string"}],"inLanguage":"pt-BR"},{"@type":"Person","@id":"https:\/\/www.djamilaribeiro.com.br\/#\/schema\/person\/a928f404cf733e4c62686bedd437b9ee","name":"Reda\u00e7\u00e3o","image":{"@type":"ImageObject","inLanguage":"pt-BR","@id":"https:\/\/www.djamilaribeiro.com.br\/#\/schema\/person\/image\/","url":"https:\/\/secure.gravatar.com\/avatar\/e22ea52208b383d899430021cb4ecf26?s=96&d=mm&r=g","contentUrl":"https:\/\/secure.gravatar.com\/avatar\/e22ea52208b383d899430021cb4ecf26?s=96&d=mm&r=g","caption":"Reda\u00e7\u00e3o"},"sameAs":["https:\/\/localhost"],"url":"https:\/\/www.djamilaribeiro.com.br\/fr\/author\/djamila\/"}]}},"amp_enabled":true,"_links":{"self":[{"href":"https:\/\/www.djamilaribeiro.com.br\/fr\/wp-json\/wp\/v2\/posts\/4170"}],"collection":[{"href":"https:\/\/www.djamilaribeiro.com.br\/fr\/wp-json\/wp\/v2\/posts"}],"about":[{"href":"https:\/\/www.djamilaribeiro.com.br\/fr\/wp-json\/wp\/v2\/types\/post"}],"author":[{"embeddable":true,"href":"https:\/\/www.djamilaribeiro.com.br\/fr\/wp-json\/wp\/v2\/users\/1"}],"replies":[{"embeddable":true,"href":"https:\/\/www.djamilaribeiro.com.br\/fr\/wp-json\/wp\/v2\/comments?post=4170"}],"version-history":[{"count":2,"href":"https:\/\/www.djamilaribeiro.com.br\/fr\/wp-json\/wp\/v2\/posts\/4170\/revisions"}],"predecessor-version":[{"id":4173,"href":"https:\/\/www.djamilaribeiro.com.br\/fr\/wp-json\/wp\/v2\/posts\/4170\/revisions\/4173"}],"wp:featuredmedia":[{"embeddable":true,"href":"https:\/\/www.djamilaribeiro.com.br\/fr\/wp-json\/wp\/v2\/media\/4157"}],"wp:attachment":[{"href":"https:\/\/www.djamilaribeiro.com.br\/fr\/wp-json\/wp\/v2\/media?parent=4170"}],"wp:term":[{"taxonomy":"category","embeddable":true,"href":"https:\/\/www.djamilaribeiro.com.br\/fr\/wp-json\/wp\/v2\/categories?post=4170"},{"taxonomy":"post_tag","embeddable":true,"href":"https:\/\/www.djamilaribeiro.com.br\/fr\/wp-json\/wp\/v2\/tags?post=4170"}],"curies":[{"name":"wp","href":"https:\/\/api.w.org\/{rel}","templated":true}]}}