{"id":4372,"date":"2025-09-14T08:33:33","date_gmt":"2025-09-14T11:33:33","guid":{"rendered":"https:\/\/www.djamilaribeiro.com.br\/opinion-djamila-ribeiro-horror-has-become-normalized-in-brazil-and-public-authorities-remain-unmoved\/"},"modified":"2025-09-14T08:44:20","modified_gmt":"2025-09-14T11:44:20","slug":"opinion-djamila-ribeiro-horror-has-become-normalized-in-brazil-and-public-authorities-remain-unmoved","status":"publish","type":"post","link":"https:\/\/www.djamilaribeiro.com.br\/fr\/opinion-djamila-ribeiro-horror-has-become-normalized-in-brazil-and-public-authorities-remain-unmoved\/","title":{"rendered":"Opinion \u2013 Djamila Ribeiro : L\u2019horreur est normalis\u00e9e au Br\u00e9sil et les autorit\u00e9s restent insensibles"},"content":{"rendered":"<p data-start=\"4925\" data-end=\"4985\"><strong>Publi\u00e9 initialement dans <a href=\"https:\/\/www1.folha.uol.com.br\/colunas\/djamila-ribeiro\/2025\/08\/o-horror-esta-normalizado-no-brasil-e-nao-vemos-o-poder-publico-comovido.shtml\"><em data-start=\"4950\" data-end=\"4969\">Folha de S. Paulo<\/em><\/a> le 21 ao\u00fbt 2025<\/strong><\/p>\n<p data-start=\"4987\" data-end=\"5291\">Face \u00e0 la multiplication des f\u00e9minicides au Br\u00e9sil \u2014 \u00e0 un rythme terrifiant \u2014, quelque chose m\u2019indigne profond\u00e9ment : l\u2019absence de mobilisation et de v\u00e9ritable \u00e9motion collective face aux assassinats de femmes. Les cas s\u2019accumulent, mais le silence de ceux qui devraient se prononcer reste assourdissant.<\/p>\n<p data-start=\"5293\" data-end=\"5696\">Au lieu de compassion ou de r\u00e9volte, on observe souvent une tentative de culpabilisation des victimes, comme dans le cas r\u00e9cent de Sther Barroso dos Santos, 22 ans, assassin\u00e9e apr\u00e8s avoir assist\u00e9 \u00e0 un <em data-start=\"5494\" data-end=\"5506\">baile funk<\/em>. Selon sa famille, elle aurait \u00e9t\u00e9 tu\u00e9e pour avoir refus\u00e9 les avances de Bruno da Silva Loureiro, chef pr\u00e9sum\u00e9 du trafic \u00e0 Muqui\u00e7o, dans le quartier de Guadalupe, au nord de Rio de Janeiro.<\/p>\n<p data-start=\"5698\" data-end=\"6162\">Le crime fut atroce. Sther a \u00e9t\u00e9 viol\u00e9e, battue \u00e0 tel point que son visage en \u00e9tait m\u00e9connaissable. Son corps a \u00e9t\u00e9 abandonn\u00e9 devant le domicile de sa m\u00e8re. En 2024, Josenilson Vitorino, peintre, a \u00e9t\u00e9 battu \u00e0 mort \u00e0 Cajazeiras, dans l\u2019\u00c9tat de Bahia, pour avoir tent\u00e9 d\u2019emp\u00eacher le viol de sa fille de 13 ans par un trafiquant. L\u2019homme a \u00e9t\u00e9 tortur\u00e9 pendant quatre heures devant sa femme et d\u2019autres membres de sa famille, par des membres d\u2019une faction criminelle.<\/p>\n<p data-start=\"6164\" data-end=\"6577\">Et pourtant, jusqu\u2019au moment o\u00f9 j\u2019ai pris une grande respiration pour relayer ces affaires sur les r\u00e9seaux sociaux, je n\u2019avais vu aucune d\u00e9claration officielle de la part des autorit\u00e9s. Aurions-nous perdu notre capacit\u00e9 \u00e0 nous indigner\u202f? Honn\u00eatement, je ne le crois pas. Le probl\u00e8me, c\u2019est peut-\u00eatre que la soci\u00e9t\u00e9 br\u00e9silienne est incapable de s\u2019indigner lorsque des femmes sont viol\u00e9es, agress\u00e9es ou assassin\u00e9es.<\/p>\n<p data-start=\"6579\" data-end=\"6974\">Cela vaut aussi bien pour les secteurs conservateurs que progressistes. \u00c0 ce propos, j\u2019ai r\u00e9cemment vu une immense vague de solidarit\u00e9 autour de la campagne <em data-start=\"6736\" data-end=\"6764\">\u00ab MC n\u2019est pas un bandit \u00bb<\/em>. Une initiative lanc\u00e9e en particulier par des partis politiques, artistes et intellectuels de gauche, pour d\u00e9fendre des hommes \u2014 notamment issus de la sc\u00e8ne funk \u2014 faisant l\u2019objet d\u2019enqu\u00eates et d\u2019arrestations.<\/p>\n<p data-start=\"6976\" data-end=\"7212\">Une mobilisation nationale s\u2019est install\u00e9e, bien que certains aient rappel\u00e9 la n\u00e9cessit\u00e9 d\u2019enqu\u00eater. Des concerts de soutien ont \u00e9t\u00e9 organis\u00e9s, des fonds collect\u00e9s, et le comportement des policiers a fait l\u2019objet de critiques publiques.<\/p>\n<p data-start=\"7214\" data-end=\"7572\">Bien s\u00fbr, la criminalisation des jeunes des p\u00e9riph\u00e9ries est une probl\u00e9matique cruciale. Ces hommes doivent pouvoir se d\u00e9fendre pleinement. Mon propos, cependant, concerne le contraste entre cette solidarit\u00e9 envers les hommes, d\u2019un c\u00f4t\u00e9, et l\u2019incapacit\u00e9 \u00e0 compatir avec les femmes viol\u00e9es et assassin\u00e9es, de l\u2019autre. Ce contraste r\u00e9v\u00e8le des racines profondes.<\/p>\n<p data-start=\"7574\" data-end=\"7871\">Il faut certes d\u00e9battre du taux d\u2019incarc\u00e9ration \u00e9lev\u00e9 dans les favelas, cons\u00e9quence directe du racisme au Br\u00e9sil, mais il ne faut pas pour autant tomber dans un discours romantique qui passe sous silence les conditions inhumaines auxquelles sont soumises les filles et les femmes dans ces espaces.<\/p>\n<p data-start=\"7873\" data-end=\"8233\">Il est crucial de comprendre que, quel que soit le contexte social ou racial, les hommes violentent et tuent des femmes. Quand Audre Lorde \u00e9crivait qu\u2019\u00ab il n\u2019y a pas de hi\u00e9rarchie dans l\u2019oppression \u00bb, elle nous rappelait que l\u2019on ne peut choisir quelles oppressions sont les plus importantes, car elles agissent simultan\u00e9ment, touchant divers sujets \u00e0 la fois.<\/p>\n<p data-start=\"8235\" data-end=\"8679\">Ce que je constate n\u00e9anmoins, c\u2019est qu\u2019une partie du champ conservateur \u2014 mais surtout progressiste \u2014 se mobilise rapidement pour d\u00e9fendre les hommes via des campagnes et des hashtags qui les positionnent en victimes, tout en acceptant avec passivit\u00e9 le massacre quotidien des femmes au Br\u00e9sil. Une gauche dite progressiste et d\u00e9mocratique qui se montre indulgente envers les hommes des p\u00e9riph\u00e9ries mais profond\u00e9ment misogyne envers les femmes.<\/p>\n<p data-start=\"8681\" data-end=\"9171\">Les t\u00e9moignages abondent de jeunes femmes contraintes de fuir leur quartier apr\u00e8s des menaces de viols prof\u00e9r\u00e9es par des trafiquants, de femmes violent\u00e9es, plong\u00e9es dans la terreur au quotidien. Des psychologues \u0153uvrant dans les centres socio-\u00e9ducatifs pour mineurs m\u2019ont racont\u00e9 que certaines adolescentes se font raser la t\u00eate par leur petit ami, qu\u2019elles sont oblig\u00e9es de maintenir des relations avec eux m\u00eame lorsqu\u2019ils sont incarc\u00e9r\u00e9s, et qu\u2019elles subissent l\u2019abandon des institutions.<\/p>\n<p data-start=\"9173\" data-end=\"9385\">L\u2019horreur est aujourd\u2019hui normalis\u00e9e au Br\u00e9sil. Et, tragiquement, nous ne voyons toujours pas les pouvoirs publics mettre en place des mesures r\u00e9ellement efficaces pour enrayer cette h\u00e9morragie de vies f\u00e9minines.<\/p>\n<p data-start=\"9387\" data-end=\"9440\"><em data-start=\"9387\" data-end=\"9440\">Traduit avec l\u2019aide de l\u2019intelligence artificielle.<\/em><\/p>\n","protected":false},"excerpt":{"rendered":"<p>Publi\u00e9 initialement dans Folha de S. Paulo le 21 ao\u00fbt 2025 Face \u00e0 la multiplication des f\u00e9minicides au Br\u00e9sil \u2014 \u00e0 un rythme terrifiant \u2014, quelque chose m\u2019indigne profond\u00e9ment : l\u2019absence de mobilisation et de v\u00e9ritable \u00e9motion collective face aux assassinats de femmes. Les cas s\u2019accumulent, mais le silence de ceux qui devraient se prononcer [&hellip;]<\/p>\n","protected":false},"author":1,"featured_media":4367,"comment_status":"open","ping_status":"open","sticky":false,"template":"","format":"standard","meta":{"inline_featured_image":false},"categories":[785],"tags":[1370,1244,969,1242,1366,1372,1371,1183],"acf":[],"yoast_head":"<!-- This site is optimized with the Yoast SEO plugin v20.5 - https:\/\/yoast.com\/wordpress\/plugins\/seo\/ -->\n<title>Opinion \u2013 Djamila Ribeiro : L\u2019horreur est normalis\u00e9e au Br\u00e9sil et les autorit\u00e9s restent insensibles - Djamila Ribeiro<\/title>\n<meta name=\"description\" content=\"Au Br\u00e9sil, la solidarit\u00e9 envers les hommes contraste avec l\u2019indiff\u00e9rence envers les femmes assassin\u00e9es.\" \/>\n<meta name=\"robots\" content=\"index, follow, max-snippet:-1, max-image-preview:large, max-video-preview:-1\" \/>\n<link rel=\"canonical\" href=\"https:\/\/www.djamilaribeiro.com.br\/fr\/opinion-djamila-ribeiro-horror-has-become-normalized-in-brazil-and-public-authorities-remain-unmoved\/\" \/>\n<meta property=\"og:locale\" content=\"pt_BR\" \/>\n<meta property=\"og:type\" content=\"article\" \/>\n<meta property=\"og:title\" content=\"Opinion \u2013 Djamila Ribeiro : L\u2019horreur est normalis\u00e9e au Br\u00e9sil et les autorit\u00e9s restent insensibles - Djamila Ribeiro\" \/>\n<meta property=\"og:description\" content=\"Au Br\u00e9sil, la solidarit\u00e9 envers les hommes contraste avec l\u2019indiff\u00e9rence envers les femmes assassin\u00e9es.\" \/>\n<meta property=\"og:url\" content=\"https:\/\/www.djamilaribeiro.com.br\/fr\/opinion-djamila-ribeiro-horror-has-become-normalized-in-brazil-and-public-authorities-remain-unmoved\/\" \/>\n<meta property=\"og:site_name\" content=\"Djamila Ribeiro\" \/>\n<meta property=\"article:published_time\" content=\"2025-09-14T11:33:33+00:00\" \/>\n<meta property=\"article:modified_time\" content=\"2025-09-14T11:44:20+00:00\" \/>\n<meta property=\"og:image\" content=\"https:\/\/www.djamilaribeiro.com.br\/wp-content\/uploads\/2025\/09\/red-spots.jpeg\" \/>\n\t<meta property=\"og:image:width\" content=\"1408\" \/>\n\t<meta property=\"og:image:height\" content=\"768\" \/>\n\t<meta property=\"og:image:type\" content=\"image\/jpeg\" \/>\n<meta name=\"author\" content=\"Reda\u00e7\u00e3o\" \/>\n<meta name=\"twitter:card\" content=\"summary_large_image\" \/>\n<meta name=\"twitter:label1\" content=\"Escrito por\" \/>\n\t<meta name=\"twitter:data1\" content=\"Reda\u00e7\u00e3o\" \/>\n\t<meta name=\"twitter:label2\" content=\"Est. tempo de leitura\" \/>\n\t<meta name=\"twitter:data2\" content=\"4 minutos\" \/>\n<script type=\"application\/ld+json\" class=\"yoast-schema-graph\">{\"@context\":\"https:\/\/schema.org\",\"@graph\":[{\"@type\":\"WebPage\",\"@id\":\"https:\/\/www.djamilaribeiro.com.br\/fr\/opinion-djamila-ribeiro-horror-has-become-normalized-in-brazil-and-public-authorities-remain-unmoved\/\",\"url\":\"https:\/\/www.djamilaribeiro.com.br\/fr\/opinion-djamila-ribeiro-horror-has-become-normalized-in-brazil-and-public-authorities-remain-unmoved\/\",\"name\":\"Opinion \u2013 Djamila Ribeiro : L\u2019horreur est normalis\u00e9e au Br\u00e9sil et les autorit\u00e9s restent insensibles - Djamila Ribeiro\",\"isPartOf\":{\"@id\":\"https:\/\/www.djamilaribeiro.com.br\/#website\"},\"datePublished\":\"2025-09-14T11:33:33+00:00\",\"dateModified\":\"2025-09-14T11:44:20+00:00\",\"author\":{\"@id\":\"https:\/\/www.djamilaribeiro.com.br\/#\/schema\/person\/a928f404cf733e4c62686bedd437b9ee\"},\"description\":\"Au Br\u00e9sil, la solidarit\u00e9 envers les hommes contraste avec l\u2019indiff\u00e9rence envers les femmes assassin\u00e9es.\",\"breadcrumb\":{\"@id\":\"https:\/\/www.djamilaribeiro.com.br\/fr\/opinion-djamila-ribeiro-horror-has-become-normalized-in-brazil-and-public-authorities-remain-unmoved\/#breadcrumb\"},\"inLanguage\":\"pt-BR\",\"potentialAction\":[{\"@type\":\"ReadAction\",\"target\":[\"https:\/\/www.djamilaribeiro.com.br\/fr\/opinion-djamila-ribeiro-horror-has-become-normalized-in-brazil-and-public-authorities-remain-unmoved\/\"]}]},{\"@type\":\"BreadcrumbList\",\"@id\":\"https:\/\/www.djamilaribeiro.com.br\/fr\/opinion-djamila-ribeiro-horror-has-become-normalized-in-brazil-and-public-authorities-remain-unmoved\/#breadcrumb\",\"itemListElement\":[{\"@type\":\"ListItem\",\"position\":1,\"name\":\"In\u00edcio\",\"item\":\"https:\/\/www.djamilaribeiro.com.br\/fr\/\"},{\"@type\":\"ListItem\",\"position\":2,\"name\":\"Opinion \u2013 Djamila Ribeiro : L\u2019horreur est normalis\u00e9e au Br\u00e9sil et les autorit\u00e9s restent insensibles\"}]},{\"@type\":\"WebSite\",\"@id\":\"https:\/\/www.djamilaribeiro.com.br\/#website\",\"url\":\"https:\/\/www.djamilaribeiro.com.br\/\",\"name\":\"Djamila Ribeiro\",\"description\":\"\",\"potentialAction\":[{\"@type\":\"SearchAction\",\"target\":{\"@type\":\"EntryPoint\",\"urlTemplate\":\"https:\/\/www.djamilaribeiro.com.br\/?s={search_term_string}\"},\"query-input\":\"required name=search_term_string\"}],\"inLanguage\":\"pt-BR\"},{\"@type\":\"Person\",\"@id\":\"https:\/\/www.djamilaribeiro.com.br\/#\/schema\/person\/a928f404cf733e4c62686bedd437b9ee\",\"name\":\"Reda\u00e7\u00e3o\",\"image\":{\"@type\":\"ImageObject\",\"inLanguage\":\"pt-BR\",\"@id\":\"https:\/\/www.djamilaribeiro.com.br\/#\/schema\/person\/image\/\",\"url\":\"https:\/\/secure.gravatar.com\/avatar\/e22ea52208b383d899430021cb4ecf26?s=96&d=mm&r=g\",\"contentUrl\":\"https:\/\/secure.gravatar.com\/avatar\/e22ea52208b383d899430021cb4ecf26?s=96&d=mm&r=g\",\"caption\":\"Reda\u00e7\u00e3o\"},\"sameAs\":[\"https:\/\/localhost\"],\"url\":\"https:\/\/www.djamilaribeiro.com.br\/fr\/author\/djamila\/\"}]}<\/script>\n<!-- \/ Yoast SEO plugin. -->","yoast_head_json":{"title":"Opinion \u2013 Djamila Ribeiro : L\u2019horreur est normalis\u00e9e au Br\u00e9sil et les autorit\u00e9s restent insensibles - Djamila Ribeiro","description":"Au Br\u00e9sil, la solidarit\u00e9 envers les hommes contraste avec l\u2019indiff\u00e9rence envers les femmes assassin\u00e9es.","robots":{"index":"index","follow":"follow","max-snippet":"max-snippet:-1","max-image-preview":"max-image-preview:large","max-video-preview":"max-video-preview:-1"},"canonical":"https:\/\/www.djamilaribeiro.com.br\/fr\/opinion-djamila-ribeiro-horror-has-become-normalized-in-brazil-and-public-authorities-remain-unmoved\/","og_locale":"pt_BR","og_type":"article","og_title":"Opinion \u2013 Djamila Ribeiro : L\u2019horreur est normalis\u00e9e au Br\u00e9sil et les autorit\u00e9s restent insensibles - Djamila Ribeiro","og_description":"Au Br\u00e9sil, la solidarit\u00e9 envers les hommes contraste avec l\u2019indiff\u00e9rence envers les femmes assassin\u00e9es.","og_url":"https:\/\/www.djamilaribeiro.com.br\/fr\/opinion-djamila-ribeiro-horror-has-become-normalized-in-brazil-and-public-authorities-remain-unmoved\/","og_site_name":"Djamila Ribeiro","article_published_time":"2025-09-14T11:33:33+00:00","article_modified_time":"2025-09-14T11:44:20+00:00","og_image":[{"width":1408,"height":768,"url":"https:\/\/www.djamilaribeiro.com.br\/wp-content\/uploads\/2025\/09\/red-spots.jpeg","type":"image\/jpeg"}],"author":"Reda\u00e7\u00e3o","twitter_card":"summary_large_image","twitter_misc":{"Escrito por":"Reda\u00e7\u00e3o","Est. tempo de leitura":"4 minutos"},"schema":{"@context":"https:\/\/schema.org","@graph":[{"@type":"WebPage","@id":"https:\/\/www.djamilaribeiro.com.br\/fr\/opinion-djamila-ribeiro-horror-has-become-normalized-in-brazil-and-public-authorities-remain-unmoved\/","url":"https:\/\/www.djamilaribeiro.com.br\/fr\/opinion-djamila-ribeiro-horror-has-become-normalized-in-brazil-and-public-authorities-remain-unmoved\/","name":"Opinion \u2013 Djamila Ribeiro : L\u2019horreur est normalis\u00e9e au Br\u00e9sil et les autorit\u00e9s restent insensibles - Djamila Ribeiro","isPartOf":{"@id":"https:\/\/www.djamilaribeiro.com.br\/#website"},"datePublished":"2025-09-14T11:33:33+00:00","dateModified":"2025-09-14T11:44:20+00:00","author":{"@id":"https:\/\/www.djamilaribeiro.com.br\/#\/schema\/person\/a928f404cf733e4c62686bedd437b9ee"},"description":"Au Br\u00e9sil, la solidarit\u00e9 envers les hommes contraste avec l\u2019indiff\u00e9rence envers les femmes assassin\u00e9es.","breadcrumb":{"@id":"https:\/\/www.djamilaribeiro.com.br\/fr\/opinion-djamila-ribeiro-horror-has-become-normalized-in-brazil-and-public-authorities-remain-unmoved\/#breadcrumb"},"inLanguage":"pt-BR","potentialAction":[{"@type":"ReadAction","target":["https:\/\/www.djamilaribeiro.com.br\/fr\/opinion-djamila-ribeiro-horror-has-become-normalized-in-brazil-and-public-authorities-remain-unmoved\/"]}]},{"@type":"BreadcrumbList","@id":"https:\/\/www.djamilaribeiro.com.br\/fr\/opinion-djamila-ribeiro-horror-has-become-normalized-in-brazil-and-public-authorities-remain-unmoved\/#breadcrumb","itemListElement":[{"@type":"ListItem","position":1,"name":"In\u00edcio","item":"https:\/\/www.djamilaribeiro.com.br\/fr\/"},{"@type":"ListItem","position":2,"name":"Opinion \u2013 Djamila Ribeiro : L\u2019horreur est normalis\u00e9e au Br\u00e9sil et les autorit\u00e9s restent insensibles"}]},{"@type":"WebSite","@id":"https:\/\/www.djamilaribeiro.com.br\/#website","url":"https:\/\/www.djamilaribeiro.com.br\/","name":"Djamila Ribeiro","description":"","potentialAction":[{"@type":"SearchAction","target":{"@type":"EntryPoint","urlTemplate":"https:\/\/www.djamilaribeiro.com.br\/?s={search_term_string}"},"query-input":"required name=search_term_string"}],"inLanguage":"pt-BR"},{"@type":"Person","@id":"https:\/\/www.djamilaribeiro.com.br\/#\/schema\/person\/a928f404cf733e4c62686bedd437b9ee","name":"Reda\u00e7\u00e3o","image":{"@type":"ImageObject","inLanguage":"pt-BR","@id":"https:\/\/www.djamilaribeiro.com.br\/#\/schema\/person\/image\/","url":"https:\/\/secure.gravatar.com\/avatar\/e22ea52208b383d899430021cb4ecf26?s=96&d=mm&r=g","contentUrl":"https:\/\/secure.gravatar.com\/avatar\/e22ea52208b383d899430021cb4ecf26?s=96&d=mm&r=g","caption":"Reda\u00e7\u00e3o"},"sameAs":["https:\/\/localhost"],"url":"https:\/\/www.djamilaribeiro.com.br\/fr\/author\/djamila\/"}]}},"amp_enabled":true,"_links":{"self":[{"href":"https:\/\/www.djamilaribeiro.com.br\/fr\/wp-json\/wp\/v2\/posts\/4372"}],"collection":[{"href":"https:\/\/www.djamilaribeiro.com.br\/fr\/wp-json\/wp\/v2\/posts"}],"about":[{"href":"https:\/\/www.djamilaribeiro.com.br\/fr\/wp-json\/wp\/v2\/types\/post"}],"author":[{"embeddable":true,"href":"https:\/\/www.djamilaribeiro.com.br\/fr\/wp-json\/wp\/v2\/users\/1"}],"replies":[{"embeddable":true,"href":"https:\/\/www.djamilaribeiro.com.br\/fr\/wp-json\/wp\/v2\/comments?post=4372"}],"version-history":[{"count":3,"href":"https:\/\/www.djamilaribeiro.com.br\/fr\/wp-json\/wp\/v2\/posts\/4372\/revisions"}],"predecessor-version":[{"id":4375,"href":"https:\/\/www.djamilaribeiro.com.br\/fr\/wp-json\/wp\/v2\/posts\/4372\/revisions\/4375"}],"wp:featuredmedia":[{"embeddable":true,"href":"https:\/\/www.djamilaribeiro.com.br\/fr\/wp-json\/wp\/v2\/media\/4367"}],"wp:attachment":[{"href":"https:\/\/www.djamilaribeiro.com.br\/fr\/wp-json\/wp\/v2\/media?parent=4372"}],"wp:term":[{"taxonomy":"category","embeddable":true,"href":"https:\/\/www.djamilaribeiro.com.br\/fr\/wp-json\/wp\/v2\/categories?post=4372"},{"taxonomy":"post_tag","embeddable":true,"href":"https:\/\/www.djamilaribeiro.com.br\/fr\/wp-json\/wp\/v2\/tags?post=4372"}],"curies":[{"name":"wp","href":"https:\/\/api.w.org\/{rel}","templated":true}]}}