{"id":4388,"date":"2025-09-21T11:19:12","date_gmt":"2025-09-21T14:19:12","guid":{"rendered":"https:\/\/www.djamilaribeiro.com.br\/?p=4388"},"modified":"2025-10-06T22:18:31","modified_gmt":"2025-10-07T01:18:31","slug":"la-professeure-djamila-ribeiro-inaugure-le-mouvement-dauteur%c2%b7e%c2%b7s-bresil-france","status":"publish","type":"post","link":"https:\/\/www.djamilaribeiro.com.br\/fr\/la-professeure-djamila-ribeiro-inaugure-le-mouvement-dauteur%c2%b7e%c2%b7s-bresil-france\/","title":{"rendered":"La professeure Djamila Ribeiro inaugure le Mouvement d\u2019Auteur\u00b7e\u00b7s Br\u00e9sil-France"},"content":{"rendered":"<p data-start=\"2869\" data-end=\"3365\">Le 12 septembre dernier, l\u2019Espace <em data-start=\"2903\" data-end=\"2923\">Feminismos Plurais<\/em>, \u00e0 S\u00e3o Paulo, a accueilli l\u2019ouverture du <strong data-start=\"2965\" data-end=\"3005\">Mouvement d\u2019Auteur\u00b7e\u00b7s Br\u00e9sil-France<\/strong>, r\u00e9unissant le public, des diplomates, des artistes et des \u00e9crivaines pour c\u00e9l\u00e9brer la litt\u00e9rature comme outil de coop\u00e9ration culturelle. <strong data-start=\"3144\" data-end=\"3178\">La professeure Djamila Ribeiro<\/strong> a partag\u00e9 la sc\u00e8ne principale avec <strong data-start=\"3214\" data-end=\"3232\">Alexandra Mias<\/strong>, consule g\u00e9n\u00e9rale de France \u00e0 S\u00e3o Paulo, lors d\u2019une rencontre soulignant le r\u00f4le de l\u2019\u00e9criture comme lien entre voix et territoires.<\/p>\n<p data-start=\"3367\" data-end=\"3831\">Avec entr\u00e9e libre, interpr\u00e9tation en langue des signes br\u00e9silienne (Libras) et ambiance chaleureuse, l\u2019\u00e9v\u00e9nement a rassembl\u00e9 les invit\u00e9\u00b7e\u00b7s au c\u0153ur du quartier de Moema pour lancer officiellement une initiative visant \u00e0 renforcer le protagonisme d\u2019auteur\u00b7e\u00b7s \u00e0 travers des actions litt\u00e9raires binationales. Repr\u00e9sentant l\u2019Ambassade de France, <strong data-start=\"3710\" data-end=\"3726\">Marion Loire<\/strong> a mis en valeur l\u2019importance du partenariat pour promouvoir la diversit\u00e9 des pens\u00e9es et des exp\u00e9riences.<\/p>\n<p data-start=\"3833\" data-end=\"4174\">Parmi les moments marquants de la soir\u00e9e, le discours de <strong data-start=\"3890\" data-end=\"3915\">Maria Carolina Casati<\/strong>, curatrice du club de lecture du projet, a pr\u00e9sent\u00e9 cette proposition comme l\u2019un des piliers du Mouvement. Le club sera un espace permanent de lecture critique, ax\u00e9 sur l\u2019\u00e9largissement des r\u00e9pertoires et la valorisation des voix historiquement marginalis\u00e9es.<\/p>\n<p data-start=\"4176\" data-end=\"4426\">La c\u00e9l\u00e9bration a \u00e9galement \u00e9t\u00e9 ponctu\u00e9e par la performance musicale du duo <strong data-start=\"4251\" data-end=\"4290\">Beatriz Fran\u00e7a et Mariana Rodrigues<\/strong>. Les invit\u00e9\u00b7e\u00b7s ont \u00e9t\u00e9 accueilli\u00b7e\u00b7s avec des douceurs sp\u00e9ciales et ont re\u00e7u des <strong data-start=\"4373\" data-end=\"4403\">sacs \u00e9cologiques exclusifs<\/strong> cr\u00e9\u00e9s pour l\u2019occasion.<\/p>\n<p><em>*Sur la photo, la consule g\u00e9n\u00e9rale de France \u00e0 S\u00e3o Paulo, Alexandra Mias, et la repr\u00e9sentante de l\u2019Ambassade de France, Marion Loire.<\/em><\/p>\n<blockquote class=\"instagram-media\" style=\"background: #FFF; border: 0; border-radius: 3px; box-shadow: 0 0 1px 0 rgba(0,0,0,0.5),0 1px 10px 0 rgba(0,0,0,0.15); margin: 1px; max-width: 540px; min-width: 326px; padding: 0; width: calc(100% - 2px);\" data-instgrm-captioned=\"\" data-instgrm-permalink=\"https:\/\/www.instagram.com\/p\/DOoFXe0jkB0\/?utm_source=ig_embed&amp;utm_campaign=loading\" data-instgrm-version=\"14\">\n<div style=\"padding: 16px;\">\n<p>&nbsp;<\/p>\n<div style=\"display: flex; flex-direction: row; align-items: center;\">\n<div style=\"background-color: #f4f4f4; border-radius: 50%; flex-grow: 0; height: 40px; margin-right: 14px; width: 40px;\"><\/div>\n<div style=\"display: flex; flex-direction: column; flex-grow: 1; justify-content: center;\">\n<div style=\"background-color: #f4f4f4; border-radius: 4px; flex-grow: 0; height: 14px; margin-bottom: 6px; width: 100px;\"><\/div>\n<div style=\"background-color: #f4f4f4; border-radius: 4px; flex-grow: 0; height: 14px; width: 60px;\"><\/div>\n<\/div>\n<\/div>\n<div style=\"padding: 19% 0;\"><\/div>\n<div style=\"display: block; height: 50px; margin: 0 auto 12px; width: 50px;\"><\/div>\n<div style=\"padding-top: 8px;\">\n<div style=\"color: #3897f0; font-family: Arial,sans-serif; font-size: 14px; font-style: normal; font-weight: 550; line-height: 18px;\">Ver essa foto no Instagram<\/div>\n<\/div>\n<div style=\"padding: 12.5% 0;\"><\/div>\n<div style=\"display: flex; flex-direction: row; margin-bottom: 14px; align-items: center;\">\n<div>\n<div style=\"background-color: #f4f4f4; border-radius: 50%; height: 12.5px; width: 12.5px; transform: translateX(0px) translateY(7px);\"><\/div>\n<div style=\"background-color: #f4f4f4; height: 12.5px; transform: rotate(-45deg) translateX(3px) translateY(1px); width: 12.5px; flex-grow: 0; margin-right: 14px; margin-left: 2px;\"><\/div>\n<div style=\"background-color: #f4f4f4; border-radius: 50%; height: 12.5px; width: 12.5px; transform: translateX(9px) translateY(-18px);\"><\/div>\n<\/div>\n<div style=\"margin-left: 8px;\">\n<div style=\"background-color: #f4f4f4; border-radius: 50%; flex-grow: 0; height: 20px; width: 20px;\"><\/div>\n<div style=\"width: 0; height: 0; border-top: 2px solid transparent; border-left: 6px solid #f4f4f4; border-bottom: 2px solid transparent; transform: translateX(16px) translateY(-4px) rotate(30deg);\"><\/div>\n<\/div>\n<div style=\"margin-left: auto;\">\n<div style=\"width: 0px; border-top: 8px solid #F4F4F4; border-right: 8px solid transparent; transform: translateY(16px);\"><\/div>\n<div style=\"background-color: #f4f4f4; flex-grow: 0; height: 12px; width: 16px; transform: translateY(-4px);\"><\/div>\n<div style=\"width: 0; height: 0; border-top: 8px solid #F4F4F4; border-left: 8px solid transparent; transform: translateY(-4px) translateX(8px);\"><\/div>\n<\/div>\n<\/div>\n<div style=\"display: flex; flex-direction: column; flex-grow: 1; justify-content: center; margin-bottom: 24px;\">\n<div style=\"background-color: #f4f4f4; border-radius: 4px; flex-grow: 0; height: 14px; margin-bottom: 6px; width: 224px;\"><\/div>\n<div style=\"background-color: #f4f4f4; border-radius: 4px; flex-grow: 0; height: 14px; width: 144px;\"><\/div>\n<\/div>\n<p>&nbsp;<\/p>\n<p style=\"color: #c9c8cd; font-family: Arial,sans-serif; font-size: 14px; line-height: 17px; margin-bottom: 0; margin-top: 8px; overflow: hidden; padding: 8px 0 7px; text-align: center; text-overflow: ellipsis; white-space: nowrap;\"><a style=\"color: #c9c8cd; font-family: Arial,sans-serif; font-size: 14px; font-style: normal; font-weight: normal; line-height: 17px; text-decoration: none;\" href=\"https:\/\/www.instagram.com\/p\/DOoFXe0jkB0\/?utm_source=ig_embed&amp;utm_campaign=loading\" target=\"_blank\" rel=\"noopener\">Uma publica\u00e7\u00e3o compartilhada por Feminismos Plurais (@feminismos.plurais)<\/a><\/p>\n<\/div>\n<\/blockquote>\n<p><script async src=\"\/\/www.instagram.com\/embed.js\"><\/script><\/p>\n<p data-start=\"153\" data-end=\"215\"><strong data-start=\"153\" data-end=\"215\">Contenu traduit avec l\u2019aide de l\u2019intelligence artificielle<\/strong><\/p>\n","protected":false},"excerpt":{"rendered":"<p>Le 12 septembre dernier, l\u2019Espace Feminismos Plurais, \u00e0 S\u00e3o Paulo, a accueilli l\u2019ouverture du Mouvement d\u2019Auteur\u00b7e\u00b7s Br\u00e9sil-France, r\u00e9unissant le public, des diplomates, des artistes et des \u00e9crivaines pour c\u00e9l\u00e9brer la litt\u00e9rature comme outil de coop\u00e9ration culturelle. La professeure Djamila Ribeiro a partag\u00e9 la sc\u00e8ne principale avec Alexandra Mias, consule g\u00e9n\u00e9rale de France \u00e0 S\u00e3o Paulo, [&hellip;]<\/p>\n","protected":false},"author":1,"featured_media":4381,"comment_status":"open","ping_status":"open","sticky":false,"template":"","format":"standard","meta":{"inline_featured_image":false},"categories":[785],"tags":[1383,1104,1138,1036,969,939,1237,1382,1384],"acf":[],"yoast_head":"<!-- This site is optimized with the Yoast SEO plugin v20.5 - https:\/\/yoast.com\/wordpress\/plugins\/seo\/ -->\n<title>La professeure Djamila Ribeiro inaugure le Mouvement d\u2019Auteur\u00b7e\u00b7s Br\u00e9sil-France - Djamila Ribeiro<\/title>\n<meta name=\"description\" content=\"Une soir\u00e9e de rencontre entre cultures marque le lancement d\u2019une initiative litt\u00e9raire fond\u00e9e sur l\u2019autorit\u00e9 et la pluralit\u00e9.\" \/>\n<meta name=\"robots\" content=\"index, follow, max-snippet:-1, max-image-preview:large, max-video-preview:-1\" \/>\n<link rel=\"canonical\" href=\"https:\/\/www.djamilaribeiro.com.br\/fr\/la-professeure-djamila-ribeiro-inaugure-le-mouvement-dauteur\u00b7e\u00b7s-bresil-france\/\" \/>\n<meta property=\"og:locale\" content=\"pt_BR\" \/>\n<meta property=\"og:type\" content=\"article\" \/>\n<meta property=\"og:title\" content=\"La professeure Djamila Ribeiro inaugure le Mouvement d\u2019Auteur\u00b7e\u00b7s Br\u00e9sil-France - Djamila Ribeiro\" \/>\n<meta property=\"og:description\" content=\"Une soir\u00e9e de rencontre entre cultures marque le lancement d\u2019une initiative litt\u00e9raire fond\u00e9e sur l\u2019autorit\u00e9 et la pluralit\u00e9.\" \/>\n<meta property=\"og:url\" content=\"https:\/\/www.djamilaribeiro.com.br\/fr\/la-professeure-djamila-ribeiro-inaugure-le-mouvement-dauteur\u00b7e\u00b7s-bresil-france\/\" \/>\n<meta property=\"og:site_name\" content=\"Djamila Ribeiro\" \/>\n<meta property=\"article:published_time\" content=\"2025-09-21T14:19:12+00:00\" \/>\n<meta property=\"article:modified_time\" content=\"2025-10-07T01:18:31+00:00\" \/>\n<meta property=\"og:image\" content=\"https:\/\/www.djamilaribeiro.com.br\/wp-content\/uploads\/2025\/09\/Djamila_1.jpg\" \/>\n\t<meta property=\"og:image:width\" content=\"2560\" \/>\n\t<meta property=\"og:image:height\" content=\"1882\" \/>\n\t<meta property=\"og:image:type\" content=\"image\/jpeg\" \/>\n<meta name=\"author\" content=\"Reda\u00e7\u00e3o\" \/>\n<meta name=\"twitter:card\" content=\"summary_large_image\" \/>\n<meta name=\"twitter:label1\" content=\"Escrito por\" \/>\n\t<meta name=\"twitter:data1\" content=\"Reda\u00e7\u00e3o\" \/>\n\t<meta name=\"twitter:label2\" content=\"Est. tempo de leitura\" \/>\n\t<meta name=\"twitter:data2\" content=\"2 minutos\" \/>\n<script type=\"application\/ld+json\" class=\"yoast-schema-graph\">{\"@context\":\"https:\/\/schema.org\",\"@graph\":[{\"@type\":\"WebPage\",\"@id\":\"https:\/\/www.djamilaribeiro.com.br\/fr\/la-professeure-djamila-ribeiro-inaugure-le-mouvement-dauteur%c2%b7e%c2%b7s-bresil-france\/\",\"url\":\"https:\/\/www.djamilaribeiro.com.br\/fr\/la-professeure-djamila-ribeiro-inaugure-le-mouvement-dauteur%c2%b7e%c2%b7s-bresil-france\/\",\"name\":\"La professeure Djamila Ribeiro inaugure le Mouvement d\u2019Auteur\u00b7e\u00b7s Br\u00e9sil-France - Djamila Ribeiro\",\"isPartOf\":{\"@id\":\"https:\/\/www.djamilaribeiro.com.br\/#website\"},\"datePublished\":\"2025-09-21T14:19:12+00:00\",\"dateModified\":\"2025-10-07T01:18:31+00:00\",\"author\":{\"@id\":\"https:\/\/www.djamilaribeiro.com.br\/#\/schema\/person\/a928f404cf733e4c62686bedd437b9ee\"},\"description\":\"Une soir\u00e9e de rencontre entre cultures marque le lancement d\u2019une initiative litt\u00e9raire fond\u00e9e sur l\u2019autorit\u00e9 et la pluralit\u00e9.\",\"breadcrumb\":{\"@id\":\"https:\/\/www.djamilaribeiro.com.br\/fr\/la-professeure-djamila-ribeiro-inaugure-le-mouvement-dauteur%c2%b7e%c2%b7s-bresil-france\/#breadcrumb\"},\"inLanguage\":\"pt-BR\",\"potentialAction\":[{\"@type\":\"ReadAction\",\"target\":[\"https:\/\/www.djamilaribeiro.com.br\/fr\/la-professeure-djamila-ribeiro-inaugure-le-mouvement-dauteur%c2%b7e%c2%b7s-bresil-france\/\"]}]},{\"@type\":\"BreadcrumbList\",\"@id\":\"https:\/\/www.djamilaribeiro.com.br\/fr\/la-professeure-djamila-ribeiro-inaugure-le-mouvement-dauteur%c2%b7e%c2%b7s-bresil-france\/#breadcrumb\",\"itemListElement\":[{\"@type\":\"ListItem\",\"position\":1,\"name\":\"In\u00edcio\",\"item\":\"https:\/\/www.djamilaribeiro.com.br\/fr\/\"},{\"@type\":\"ListItem\",\"position\":2,\"name\":\"La professeure Djamila Ribeiro inaugure le Mouvement d\u2019Auteur\u00b7e\u00b7s Br\u00e9sil-France\"}]},{\"@type\":\"WebSite\",\"@id\":\"https:\/\/www.djamilaribeiro.com.br\/#website\",\"url\":\"https:\/\/www.djamilaribeiro.com.br\/\",\"name\":\"Djamila Ribeiro\",\"description\":\"\",\"potentialAction\":[{\"@type\":\"SearchAction\",\"target\":{\"@type\":\"EntryPoint\",\"urlTemplate\":\"https:\/\/www.djamilaribeiro.com.br\/?s={search_term_string}\"},\"query-input\":\"required name=search_term_string\"}],\"inLanguage\":\"pt-BR\"},{\"@type\":\"Person\",\"@id\":\"https:\/\/www.djamilaribeiro.com.br\/#\/schema\/person\/a928f404cf733e4c62686bedd437b9ee\",\"name\":\"Reda\u00e7\u00e3o\",\"image\":{\"@type\":\"ImageObject\",\"inLanguage\":\"pt-BR\",\"@id\":\"https:\/\/www.djamilaribeiro.com.br\/#\/schema\/person\/image\/\",\"url\":\"https:\/\/secure.gravatar.com\/avatar\/e22ea52208b383d899430021cb4ecf26?s=96&d=mm&r=g\",\"contentUrl\":\"https:\/\/secure.gravatar.com\/avatar\/e22ea52208b383d899430021cb4ecf26?s=96&d=mm&r=g\",\"caption\":\"Reda\u00e7\u00e3o\"},\"sameAs\":[\"https:\/\/localhost\"],\"url\":\"https:\/\/www.djamilaribeiro.com.br\/fr\/author\/djamila\/\"}]}<\/script>\n<!-- \/ Yoast SEO plugin. -->","yoast_head_json":{"title":"La professeure Djamila Ribeiro inaugure le Mouvement d\u2019Auteur\u00b7e\u00b7s Br\u00e9sil-France - Djamila Ribeiro","description":"Une soir\u00e9e de rencontre entre cultures marque le lancement d\u2019une initiative litt\u00e9raire fond\u00e9e sur l\u2019autorit\u00e9 et la pluralit\u00e9.","robots":{"index":"index","follow":"follow","max-snippet":"max-snippet:-1","max-image-preview":"max-image-preview:large","max-video-preview":"max-video-preview:-1"},"canonical":"https:\/\/www.djamilaribeiro.com.br\/fr\/la-professeure-djamila-ribeiro-inaugure-le-mouvement-dauteur\u00b7e\u00b7s-bresil-france\/","og_locale":"pt_BR","og_type":"article","og_title":"La professeure Djamila Ribeiro inaugure le Mouvement d\u2019Auteur\u00b7e\u00b7s Br\u00e9sil-France - Djamila Ribeiro","og_description":"Une soir\u00e9e de rencontre entre cultures marque le lancement d\u2019une initiative litt\u00e9raire fond\u00e9e sur l\u2019autorit\u00e9 et la pluralit\u00e9.","og_url":"https:\/\/www.djamilaribeiro.com.br\/fr\/la-professeure-djamila-ribeiro-inaugure-le-mouvement-dauteur\u00b7e\u00b7s-bresil-france\/","og_site_name":"Djamila Ribeiro","article_published_time":"2025-09-21T14:19:12+00:00","article_modified_time":"2025-10-07T01:18:31+00:00","og_image":[{"width":2560,"height":1882,"url":"https:\/\/www.djamilaribeiro.com.br\/wp-content\/uploads\/2025\/09\/Djamila_1.jpg","type":"image\/jpeg"}],"author":"Reda\u00e7\u00e3o","twitter_card":"summary_large_image","twitter_misc":{"Escrito por":"Reda\u00e7\u00e3o","Est. tempo de leitura":"2 minutos"},"schema":{"@context":"https:\/\/schema.org","@graph":[{"@type":"WebPage","@id":"https:\/\/www.djamilaribeiro.com.br\/fr\/la-professeure-djamila-ribeiro-inaugure-le-mouvement-dauteur%c2%b7e%c2%b7s-bresil-france\/","url":"https:\/\/www.djamilaribeiro.com.br\/fr\/la-professeure-djamila-ribeiro-inaugure-le-mouvement-dauteur%c2%b7e%c2%b7s-bresil-france\/","name":"La professeure Djamila Ribeiro inaugure le Mouvement d\u2019Auteur\u00b7e\u00b7s Br\u00e9sil-France - Djamila Ribeiro","isPartOf":{"@id":"https:\/\/www.djamilaribeiro.com.br\/#website"},"datePublished":"2025-09-21T14:19:12+00:00","dateModified":"2025-10-07T01:18:31+00:00","author":{"@id":"https:\/\/www.djamilaribeiro.com.br\/#\/schema\/person\/a928f404cf733e4c62686bedd437b9ee"},"description":"Une soir\u00e9e de rencontre entre cultures marque le lancement d\u2019une initiative litt\u00e9raire fond\u00e9e sur l\u2019autorit\u00e9 et la pluralit\u00e9.","breadcrumb":{"@id":"https:\/\/www.djamilaribeiro.com.br\/fr\/la-professeure-djamila-ribeiro-inaugure-le-mouvement-dauteur%c2%b7e%c2%b7s-bresil-france\/#breadcrumb"},"inLanguage":"pt-BR","potentialAction":[{"@type":"ReadAction","target":["https:\/\/www.djamilaribeiro.com.br\/fr\/la-professeure-djamila-ribeiro-inaugure-le-mouvement-dauteur%c2%b7e%c2%b7s-bresil-france\/"]}]},{"@type":"BreadcrumbList","@id":"https:\/\/www.djamilaribeiro.com.br\/fr\/la-professeure-djamila-ribeiro-inaugure-le-mouvement-dauteur%c2%b7e%c2%b7s-bresil-france\/#breadcrumb","itemListElement":[{"@type":"ListItem","position":1,"name":"In\u00edcio","item":"https:\/\/www.djamilaribeiro.com.br\/fr\/"},{"@type":"ListItem","position":2,"name":"La professeure Djamila Ribeiro inaugure le Mouvement d\u2019Auteur\u00b7e\u00b7s Br\u00e9sil-France"}]},{"@type":"WebSite","@id":"https:\/\/www.djamilaribeiro.com.br\/#website","url":"https:\/\/www.djamilaribeiro.com.br\/","name":"Djamila Ribeiro","description":"","potentialAction":[{"@type":"SearchAction","target":{"@type":"EntryPoint","urlTemplate":"https:\/\/www.djamilaribeiro.com.br\/?s={search_term_string}"},"query-input":"required name=search_term_string"}],"inLanguage":"pt-BR"},{"@type":"Person","@id":"https:\/\/www.djamilaribeiro.com.br\/#\/schema\/person\/a928f404cf733e4c62686bedd437b9ee","name":"Reda\u00e7\u00e3o","image":{"@type":"ImageObject","inLanguage":"pt-BR","@id":"https:\/\/www.djamilaribeiro.com.br\/#\/schema\/person\/image\/","url":"https:\/\/secure.gravatar.com\/avatar\/e22ea52208b383d899430021cb4ecf26?s=96&d=mm&r=g","contentUrl":"https:\/\/secure.gravatar.com\/avatar\/e22ea52208b383d899430021cb4ecf26?s=96&d=mm&r=g","caption":"Reda\u00e7\u00e3o"},"sameAs":["https:\/\/localhost"],"url":"https:\/\/www.djamilaribeiro.com.br\/fr\/author\/djamila\/"}]}},"amp_enabled":true,"_links":{"self":[{"href":"https:\/\/www.djamilaribeiro.com.br\/fr\/wp-json\/wp\/v2\/posts\/4388"}],"collection":[{"href":"https:\/\/www.djamilaribeiro.com.br\/fr\/wp-json\/wp\/v2\/posts"}],"about":[{"href":"https:\/\/www.djamilaribeiro.com.br\/fr\/wp-json\/wp\/v2\/types\/post"}],"author":[{"embeddable":true,"href":"https:\/\/www.djamilaribeiro.com.br\/fr\/wp-json\/wp\/v2\/users\/1"}],"replies":[{"embeddable":true,"href":"https:\/\/www.djamilaribeiro.com.br\/fr\/wp-json\/wp\/v2\/comments?post=4388"}],"version-history":[{"count":2,"href":"https:\/\/www.djamilaribeiro.com.br\/fr\/wp-json\/wp\/v2\/posts\/4388\/revisions"}],"predecessor-version":[{"id":4481,"href":"https:\/\/www.djamilaribeiro.com.br\/fr\/wp-json\/wp\/v2\/posts\/4388\/revisions\/4481"}],"wp:featuredmedia":[{"embeddable":true,"href":"https:\/\/www.djamilaribeiro.com.br\/fr\/wp-json\/wp\/v2\/media\/4381"}],"wp:attachment":[{"href":"https:\/\/www.djamilaribeiro.com.br\/fr\/wp-json\/wp\/v2\/media?parent=4388"}],"wp:term":[{"taxonomy":"category","embeddable":true,"href":"https:\/\/www.djamilaribeiro.com.br\/fr\/wp-json\/wp\/v2\/categories?post=4388"},{"taxonomy":"post_tag","embeddable":true,"href":"https:\/\/www.djamilaribeiro.com.br\/fr\/wp-json\/wp\/v2\/tags?post=4388"}],"curies":[{"name":"wp","href":"https:\/\/api.w.org\/{rel}","templated":true}]}}