{"id":4390,"date":"2025-09-21T12:54:05","date_gmt":"2025-09-21T15:54:05","guid":{"rendered":"https:\/\/www.djamilaribeiro.com.br\/?p=4390"},"modified":"2025-10-06T22:18:15","modified_gmt":"2025-10-07T01:18:15","slug":"pina-ball-djamila-ribeiro-met-en-avant-rencontres-solidarite-et-amour-de-lart-lors-des-120-ans-de-la-pinacotheque-de-sao-paulo","status":"publish","type":"post","link":"https:\/\/www.djamilaribeiro.com.br\/fr\/pina-ball-djamila-ribeiro-met-en-avant-rencontres-solidarite-et-amour-de-lart-lors-des-120-ans-de-la-pinacotheque-de-sao-paulo\/","title":{"rendered":"Pina Ball : Djamila Ribeiro met en avant rencontres, solidarit\u00e9 et amour de l\u2019art lors des 120 ans de la Pinacoth\u00e8que de S\u00e3o Paulo"},"content":{"rendered":"<p data-start=\"1491\" data-end=\"2132\">La professeure <strong data-start=\"1506\" data-end=\"1525\">Djamila Ribeiro<\/strong> a pr\u00e9sid\u00e9 le comit\u00e9 organisateur du <strong data-start=\"1562\" data-end=\"1575\">Pina Ball<\/strong>, qui s\u2019est tenu le 16 septembre dernier. Cet \u00e9v\u00e9nement caritatif a marqu\u00e9 le <strong data-start=\"1653\" data-end=\"1706\">120e anniversaire de la Pinacoth\u00e8que de S\u00e3o Paulo<\/strong>, l\u2019un des mus\u00e9es les plus importants du Br\u00e9sil. En plus de sa fonction institutionnelle, Djamila a r\u00e9dig\u00e9 la <strong data-start=\"1816\" data-end=\"1850\">postface du livre comm\u00e9moratif<\/strong> publi\u00e9 pour l\u2019occasion, r\u00e9affirmant ainsi son engagement en faveur de l\u2019art en tant que bien collectif et patrimoine historique du pays. <em data-start=\"1988\" data-end=\"2087\">\u00ab En tant que conseill\u00e8re et marraine, mon engagement est de travailler pour ce mus\u00e9e important \u00bb<\/em>, a \u00e9crit Djamila sur son profil Instagram.<\/p>\n<p data-start=\"2134\" data-end=\"2448\">L\u2019un des moments les plus \u00e9mouvants de la soir\u00e9e a \u00e9t\u00e9 sa rencontre avec le chanteur et compositeur <strong data-start=\"2234\" data-end=\"2255\">Paulinho da Viola<\/strong>, r\u00e9f\u00e9rence de la musique br\u00e9silienne et de la culture noire. <em data-start=\"2317\" data-end=\"2426\">\u00ab \u00c9mue d\u2019avoir pr\u00e9sent\u00e9 et rencontr\u00e9 l\u2019immense Paulinho da Viola, qui a illumin\u00e9 cette nuit de solidarit\u00e9 \u00bb<\/em>, a-t-elle soulign\u00e9.<\/p>\n<p data-start=\"2450\" data-end=\"2494\">Voir les photos de <a class=\"x1i10hfl xjbqb8w x1ejq31n x18oe1m7 x1sy0etr xstzfhl x972fbf x10w94by x1qhh985 x14e42zd x9f619 x1ypdohk xt0psk2 x3ct3a4 xdj266r x14z9mp xat24cr x1lziwak xexx8yu xyri2b x18d9i69 x1c1uobl x16tdsg8 x1hl2dhg xggy1nq x1a2a7pz notranslate _a6hd\" tabindex=\"0\" role=\"link\" href=\"https:\/\/www.instagram.com\/brenomelophotography\/\">@brenomelophotography<\/a>:<\/p>\n<blockquote class=\"instagram-media\" style=\"background: #FFF; border: 0; border-radius: 3px; box-shadow: 0 0 1px 0 rgba(0,0,0,0.5),0 1px 10px 0 rgba(0,0,0,0.15); margin: 1px; max-width: 540px; min-width: 326px; padding: 0; width: calc(100% - 2px);\" data-instgrm-captioned=\"\" data-instgrm-permalink=\"https:\/\/www.instagram.com\/p\/DOuCesgEaco\/?utm_source=ig_embed&amp;utm_campaign=loading\" data-instgrm-version=\"14\">\n<div style=\"padding: 16px;\">\n<p>&nbsp;<\/p>\n<div style=\"display: flex; flex-direction: row; align-items: center;\">\n<div style=\"background-color: #f4f4f4; border-radius: 50%; flex-grow: 0; height: 40px; margin-right: 14px; width: 40px;\"><\/div>\n<div style=\"display: flex; flex-direction: column; flex-grow: 1; justify-content: center;\">\n<div style=\"background-color: #f4f4f4; border-radius: 4px; flex-grow: 0; height: 14px; margin-bottom: 6px; width: 100px;\"><\/div>\n<div style=\"background-color: #f4f4f4; border-radius: 4px; flex-grow: 0; height: 14px; width: 60px;\"><\/div>\n<\/div>\n<\/div>\n<div style=\"padding: 19% 0;\"><\/div>\n<div style=\"display: block; height: 50px; margin: 0 auto 12px; width: 50px;\"><\/div>\n<div style=\"padding-top: 8px;\">\n<div style=\"color: #3897f0; font-family: Arial,sans-serif; font-size: 14px; font-style: normal; font-weight: 550; line-height: 18px;\">Ver essa foto no Instagram<\/div>\n<\/div>\n<div style=\"padding: 12.5% 0;\"><\/div>\n<div style=\"display: flex; flex-direction: row; margin-bottom: 14px; align-items: center;\">\n<div>\n<div style=\"background-color: #f4f4f4; border-radius: 50%; height: 12.5px; width: 12.5px; transform: translateX(0px) translateY(7px);\"><\/div>\n<div style=\"background-color: #f4f4f4; height: 12.5px; transform: rotate(-45deg) translateX(3px) translateY(1px); width: 12.5px; flex-grow: 0; margin-right: 14px; margin-left: 2px;\"><\/div>\n<div style=\"background-color: #f4f4f4; border-radius: 50%; height: 12.5px; width: 12.5px; transform: translateX(9px) translateY(-18px);\"><\/div>\n<\/div>\n<div style=\"margin-left: 8px;\">\n<div style=\"background-color: #f4f4f4; border-radius: 50%; flex-grow: 0; height: 20px; width: 20px;\"><\/div>\n<div style=\"width: 0; height: 0; border-top: 2px solid transparent; border-left: 6px solid #f4f4f4; border-bottom: 2px solid transparent; transform: translateX(16px) translateY(-4px) rotate(30deg);\"><\/div>\n<\/div>\n<div style=\"margin-left: auto;\">\n<div style=\"width: 0px; border-top: 8px solid #F4F4F4; border-right: 8px solid transparent; transform: translateY(16px);\"><\/div>\n<div style=\"background-color: #f4f4f4; flex-grow: 0; height: 12px; width: 16px; transform: translateY(-4px);\"><\/div>\n<div style=\"width: 0; height: 0; border-top: 8px solid #F4F4F4; border-left: 8px solid transparent; transform: translateY(-4px) translateX(8px);\"><\/div>\n<\/div>\n<\/div>\n<div style=\"display: flex; flex-direction: column; flex-grow: 1; justify-content: center; margin-bottom: 24px;\">\n<div style=\"background-color: #f4f4f4; border-radius: 4px; flex-grow: 0; height: 14px; margin-bottom: 6px; width: 224px;\"><\/div>\n<div style=\"background-color: #f4f4f4; border-radius: 4px; flex-grow: 0; height: 14px; width: 144px;\"><\/div>\n<\/div>\n<p>&nbsp;<\/p>\n<p style=\"color: #c9c8cd; font-family: Arial,sans-serif; font-size: 14px; line-height: 17px; margin-bottom: 0; margin-top: 8px; overflow: hidden; padding: 8px 0 7px; text-align: center; text-overflow: ellipsis; white-space: nowrap;\"><a style=\"color: #c9c8cd; font-family: Arial,sans-serif; font-size: 14px; font-style: normal; font-weight: normal; line-height: 17px; text-decoration: none;\" href=\"https:\/\/www.instagram.com\/p\/DOuCesgEaco\/?utm_source=ig_embed&amp;utm_campaign=loading\" target=\"_blank\" rel=\"noopener\">Uma publica\u00e7\u00e3o compartilhada por Djamila Ribeiro (@djamilaribeiro1)<\/a><\/p>\n<\/div>\n<\/blockquote>\n<p><script async src=\"\/\/www.instagram.com\/embed.js\"><\/script><\/p>\n<p data-start=\"153\" data-end=\"215\"><strong data-start=\"153\" data-end=\"215\">Contenu traduit avec l\u2019aide de l\u2019intelligence artificielle<\/strong><\/p>\n<p data-start=\"399\" data-end=\"779\">\n","protected":false},"excerpt":{"rendered":"<p>La professeure Djamila Ribeiro a pr\u00e9sid\u00e9 le comit\u00e9 organisateur du Pina Ball, qui s\u2019est tenu le 16 septembre dernier. Cet \u00e9v\u00e9nement caritatif a marqu\u00e9 le 120e anniversaire de la Pinacoth\u00e8que de S\u00e3o Paulo, l\u2019un des mus\u00e9es les plus importants du Br\u00e9sil. En plus de sa fonction institutionnelle, Djamila a r\u00e9dig\u00e9 la postface du livre comm\u00e9moratif [&hellip;]<\/p>\n","protected":false},"author":1,"featured_media":4394,"comment_status":"open","ping_status":"open","sticky":false,"template":"","format":"standard","meta":{"inline_featured_image":false},"categories":[785],"tags":[1394,1314,1327,1356,969,1320,1321,1034,1393,1392],"acf":[],"yoast_head":"<!-- This site is optimized with the Yoast SEO plugin v20.5 - https:\/\/yoast.com\/wordpress\/plugins\/seo\/ -->\n<title>Pina Ball : Djamila Ribeiro met en avant rencontres, solidarit\u00e9 et amour de l\u2019art lors des 120 ans de la Pinacoth\u00e8que de S\u00e3o Paulo - Djamila Ribeiro<\/title>\n<meta name=\"description\" content=\"Les 120 ans de la Pinacoth\u00e8que de S\u00e3o Paulo ont r\u00e9uni solidarit\u00e9, art et repr\u00e9sentativit\u00e9 lors d\u2019un gala caritatif historique.\" \/>\n<meta name=\"robots\" content=\"index, follow, max-snippet:-1, max-image-preview:large, max-video-preview:-1\" \/>\n<link rel=\"canonical\" href=\"https:\/\/www.djamilaribeiro.com.br\/fr\/pina-ball-djamila-ribeiro-met-en-avant-rencontres-solidarite-et-amour-de-lart-lors-des-120-ans-de-la-pinacotheque-de-sao-paulo\/\" \/>\n<meta property=\"og:locale\" content=\"pt_BR\" \/>\n<meta property=\"og:type\" content=\"article\" \/>\n<meta property=\"og:title\" content=\"Pina Ball : Djamila Ribeiro met en avant rencontres, solidarit\u00e9 et amour de l\u2019art lors des 120 ans de la Pinacoth\u00e8que de S\u00e3o Paulo - Djamila Ribeiro\" \/>\n<meta property=\"og:description\" content=\"Les 120 ans de la Pinacoth\u00e8que de S\u00e3o Paulo ont r\u00e9uni solidarit\u00e9, art et repr\u00e9sentativit\u00e9 lors d\u2019un gala caritatif historique.\" \/>\n<meta property=\"og:url\" content=\"https:\/\/www.djamilaribeiro.com.br\/fr\/pina-ball-djamila-ribeiro-met-en-avant-rencontres-solidarite-et-amour-de-lart-lors-des-120-ans-de-la-pinacotheque-de-sao-paulo\/\" \/>\n<meta property=\"og:site_name\" content=\"Djamila Ribeiro\" \/>\n<meta property=\"article:published_time\" content=\"2025-09-21T15:54:05+00:00\" \/>\n<meta property=\"article:modified_time\" content=\"2025-10-07T01:18:15+00:00\" \/>\n<meta property=\"og:image\" content=\"https:\/\/www.djamilaribeiro.com.br\/wp-content\/uploads\/2025\/09\/paulinho-e-djamila-796x1024.png\" \/>\n\t<meta property=\"og:image:width\" content=\"796\" \/>\n\t<meta property=\"og:image:height\" content=\"1024\" \/>\n\t<meta property=\"og:image:type\" content=\"image\/png\" \/>\n<meta name=\"author\" content=\"Reda\u00e7\u00e3o\" \/>\n<meta name=\"twitter:card\" content=\"summary_large_image\" \/>\n<meta name=\"twitter:label1\" content=\"Escrito por\" \/>\n\t<meta name=\"twitter:data1\" content=\"Reda\u00e7\u00e3o\" \/>\n\t<meta name=\"twitter:label2\" content=\"Est. tempo de leitura\" \/>\n\t<meta name=\"twitter:data2\" content=\"1 minuto\" \/>\n<script type=\"application\/ld+json\" class=\"yoast-schema-graph\">{\"@context\":\"https:\/\/schema.org\",\"@graph\":[{\"@type\":\"WebPage\",\"@id\":\"https:\/\/www.djamilaribeiro.com.br\/fr\/pina-ball-djamila-ribeiro-met-en-avant-rencontres-solidarite-et-amour-de-lart-lors-des-120-ans-de-la-pinacotheque-de-sao-paulo\/\",\"url\":\"https:\/\/www.djamilaribeiro.com.br\/fr\/pina-ball-djamila-ribeiro-met-en-avant-rencontres-solidarite-et-amour-de-lart-lors-des-120-ans-de-la-pinacotheque-de-sao-paulo\/\",\"name\":\"Pina Ball : Djamila Ribeiro met en avant rencontres, solidarit\u00e9 et amour de l\u2019art lors des 120 ans de la Pinacoth\u00e8que de S\u00e3o Paulo - Djamila Ribeiro\",\"isPartOf\":{\"@id\":\"https:\/\/www.djamilaribeiro.com.br\/#website\"},\"datePublished\":\"2025-09-21T15:54:05+00:00\",\"dateModified\":\"2025-10-07T01:18:15+00:00\",\"author\":{\"@id\":\"https:\/\/www.djamilaribeiro.com.br\/#\/schema\/person\/a928f404cf733e4c62686bedd437b9ee\"},\"description\":\"Les 120 ans de la Pinacoth\u00e8que de S\u00e3o Paulo ont r\u00e9uni solidarit\u00e9, art et repr\u00e9sentativit\u00e9 lors d\u2019un gala caritatif historique.\",\"breadcrumb\":{\"@id\":\"https:\/\/www.djamilaribeiro.com.br\/fr\/pina-ball-djamila-ribeiro-met-en-avant-rencontres-solidarite-et-amour-de-lart-lors-des-120-ans-de-la-pinacotheque-de-sao-paulo\/#breadcrumb\"},\"inLanguage\":\"pt-BR\",\"potentialAction\":[{\"@type\":\"ReadAction\",\"target\":[\"https:\/\/www.djamilaribeiro.com.br\/fr\/pina-ball-djamila-ribeiro-met-en-avant-rencontres-solidarite-et-amour-de-lart-lors-des-120-ans-de-la-pinacotheque-de-sao-paulo\/\"]}]},{\"@type\":\"BreadcrumbList\",\"@id\":\"https:\/\/www.djamilaribeiro.com.br\/fr\/pina-ball-djamila-ribeiro-met-en-avant-rencontres-solidarite-et-amour-de-lart-lors-des-120-ans-de-la-pinacotheque-de-sao-paulo\/#breadcrumb\",\"itemListElement\":[{\"@type\":\"ListItem\",\"position\":1,\"name\":\"In\u00edcio\",\"item\":\"https:\/\/www.djamilaribeiro.com.br\/fr\/\"},{\"@type\":\"ListItem\",\"position\":2,\"name\":\"Pina Ball : Djamila Ribeiro met en avant rencontres, solidarit\u00e9 et amour de l\u2019art lors des 120 ans de la Pinacoth\u00e8que de S\u00e3o Paulo\"}]},{\"@type\":\"WebSite\",\"@id\":\"https:\/\/www.djamilaribeiro.com.br\/#website\",\"url\":\"https:\/\/www.djamilaribeiro.com.br\/\",\"name\":\"Djamila Ribeiro\",\"description\":\"\",\"potentialAction\":[{\"@type\":\"SearchAction\",\"target\":{\"@type\":\"EntryPoint\",\"urlTemplate\":\"https:\/\/www.djamilaribeiro.com.br\/?s={search_term_string}\"},\"query-input\":\"required name=search_term_string\"}],\"inLanguage\":\"pt-BR\"},{\"@type\":\"Person\",\"@id\":\"https:\/\/www.djamilaribeiro.com.br\/#\/schema\/person\/a928f404cf733e4c62686bedd437b9ee\",\"name\":\"Reda\u00e7\u00e3o\",\"image\":{\"@type\":\"ImageObject\",\"inLanguage\":\"pt-BR\",\"@id\":\"https:\/\/www.djamilaribeiro.com.br\/#\/schema\/person\/image\/\",\"url\":\"https:\/\/secure.gravatar.com\/avatar\/e22ea52208b383d899430021cb4ecf26?s=96&d=mm&r=g\",\"contentUrl\":\"https:\/\/secure.gravatar.com\/avatar\/e22ea52208b383d899430021cb4ecf26?s=96&d=mm&r=g\",\"caption\":\"Reda\u00e7\u00e3o\"},\"sameAs\":[\"https:\/\/localhost\"],\"url\":\"https:\/\/www.djamilaribeiro.com.br\/fr\/author\/djamila\/\"}]}<\/script>\n<!-- \/ Yoast SEO plugin. -->","yoast_head_json":{"title":"Pina Ball : Djamila Ribeiro met en avant rencontres, solidarit\u00e9 et amour de l\u2019art lors des 120 ans de la Pinacoth\u00e8que de S\u00e3o Paulo - Djamila Ribeiro","description":"Les 120 ans de la Pinacoth\u00e8que de S\u00e3o Paulo ont r\u00e9uni solidarit\u00e9, art et repr\u00e9sentativit\u00e9 lors d\u2019un gala caritatif historique.","robots":{"index":"index","follow":"follow","max-snippet":"max-snippet:-1","max-image-preview":"max-image-preview:large","max-video-preview":"max-video-preview:-1"},"canonical":"https:\/\/www.djamilaribeiro.com.br\/fr\/pina-ball-djamila-ribeiro-met-en-avant-rencontres-solidarite-et-amour-de-lart-lors-des-120-ans-de-la-pinacotheque-de-sao-paulo\/","og_locale":"pt_BR","og_type":"article","og_title":"Pina Ball : Djamila Ribeiro met en avant rencontres, solidarit\u00e9 et amour de l\u2019art lors des 120 ans de la Pinacoth\u00e8que de S\u00e3o Paulo - Djamila Ribeiro","og_description":"Les 120 ans de la Pinacoth\u00e8que de S\u00e3o Paulo ont r\u00e9uni solidarit\u00e9, art et repr\u00e9sentativit\u00e9 lors d\u2019un gala caritatif historique.","og_url":"https:\/\/www.djamilaribeiro.com.br\/fr\/pina-ball-djamila-ribeiro-met-en-avant-rencontres-solidarite-et-amour-de-lart-lors-des-120-ans-de-la-pinacotheque-de-sao-paulo\/","og_site_name":"Djamila Ribeiro","article_published_time":"2025-09-21T15:54:05+00:00","article_modified_time":"2025-10-07T01:18:15+00:00","og_image":[{"width":796,"height":1024,"url":"https:\/\/www.djamilaribeiro.com.br\/wp-content\/uploads\/2025\/09\/paulinho-e-djamila-796x1024.png","type":"image\/png"}],"author":"Reda\u00e7\u00e3o","twitter_card":"summary_large_image","twitter_misc":{"Escrito por":"Reda\u00e7\u00e3o","Est. tempo de leitura":"1 minuto"},"schema":{"@context":"https:\/\/schema.org","@graph":[{"@type":"WebPage","@id":"https:\/\/www.djamilaribeiro.com.br\/fr\/pina-ball-djamila-ribeiro-met-en-avant-rencontres-solidarite-et-amour-de-lart-lors-des-120-ans-de-la-pinacotheque-de-sao-paulo\/","url":"https:\/\/www.djamilaribeiro.com.br\/fr\/pina-ball-djamila-ribeiro-met-en-avant-rencontres-solidarite-et-amour-de-lart-lors-des-120-ans-de-la-pinacotheque-de-sao-paulo\/","name":"Pina Ball : Djamila Ribeiro met en avant rencontres, solidarit\u00e9 et amour de l\u2019art lors des 120 ans de la Pinacoth\u00e8que de S\u00e3o Paulo - Djamila Ribeiro","isPartOf":{"@id":"https:\/\/www.djamilaribeiro.com.br\/#website"},"datePublished":"2025-09-21T15:54:05+00:00","dateModified":"2025-10-07T01:18:15+00:00","author":{"@id":"https:\/\/www.djamilaribeiro.com.br\/#\/schema\/person\/a928f404cf733e4c62686bedd437b9ee"},"description":"Les 120 ans de la Pinacoth\u00e8que de S\u00e3o Paulo ont r\u00e9uni solidarit\u00e9, art et repr\u00e9sentativit\u00e9 lors d\u2019un gala caritatif historique.","breadcrumb":{"@id":"https:\/\/www.djamilaribeiro.com.br\/fr\/pina-ball-djamila-ribeiro-met-en-avant-rencontres-solidarite-et-amour-de-lart-lors-des-120-ans-de-la-pinacotheque-de-sao-paulo\/#breadcrumb"},"inLanguage":"pt-BR","potentialAction":[{"@type":"ReadAction","target":["https:\/\/www.djamilaribeiro.com.br\/fr\/pina-ball-djamila-ribeiro-met-en-avant-rencontres-solidarite-et-amour-de-lart-lors-des-120-ans-de-la-pinacotheque-de-sao-paulo\/"]}]},{"@type":"BreadcrumbList","@id":"https:\/\/www.djamilaribeiro.com.br\/fr\/pina-ball-djamila-ribeiro-met-en-avant-rencontres-solidarite-et-amour-de-lart-lors-des-120-ans-de-la-pinacotheque-de-sao-paulo\/#breadcrumb","itemListElement":[{"@type":"ListItem","position":1,"name":"In\u00edcio","item":"https:\/\/www.djamilaribeiro.com.br\/fr\/"},{"@type":"ListItem","position":2,"name":"Pina Ball : Djamila Ribeiro met en avant rencontres, solidarit\u00e9 et amour de l\u2019art lors des 120 ans de la Pinacoth\u00e8que de S\u00e3o Paulo"}]},{"@type":"WebSite","@id":"https:\/\/www.djamilaribeiro.com.br\/#website","url":"https:\/\/www.djamilaribeiro.com.br\/","name":"Djamila Ribeiro","description":"","potentialAction":[{"@type":"SearchAction","target":{"@type":"EntryPoint","urlTemplate":"https:\/\/www.djamilaribeiro.com.br\/?s={search_term_string}"},"query-input":"required name=search_term_string"}],"inLanguage":"pt-BR"},{"@type":"Person","@id":"https:\/\/www.djamilaribeiro.com.br\/#\/schema\/person\/a928f404cf733e4c62686bedd437b9ee","name":"Reda\u00e7\u00e3o","image":{"@type":"ImageObject","inLanguage":"pt-BR","@id":"https:\/\/www.djamilaribeiro.com.br\/#\/schema\/person\/image\/","url":"https:\/\/secure.gravatar.com\/avatar\/e22ea52208b383d899430021cb4ecf26?s=96&d=mm&r=g","contentUrl":"https:\/\/secure.gravatar.com\/avatar\/e22ea52208b383d899430021cb4ecf26?s=96&d=mm&r=g","caption":"Reda\u00e7\u00e3o"},"sameAs":["https:\/\/localhost"],"url":"https:\/\/www.djamilaribeiro.com.br\/fr\/author\/djamila\/"}]}},"amp_enabled":true,"_links":{"self":[{"href":"https:\/\/www.djamilaribeiro.com.br\/fr\/wp-json\/wp\/v2\/posts\/4390"}],"collection":[{"href":"https:\/\/www.djamilaribeiro.com.br\/fr\/wp-json\/wp\/v2\/posts"}],"about":[{"href":"https:\/\/www.djamilaribeiro.com.br\/fr\/wp-json\/wp\/v2\/types\/post"}],"author":[{"embeddable":true,"href":"https:\/\/www.djamilaribeiro.com.br\/fr\/wp-json\/wp\/v2\/users\/1"}],"replies":[{"embeddable":true,"href":"https:\/\/www.djamilaribeiro.com.br\/fr\/wp-json\/wp\/v2\/comments?post=4390"}],"version-history":[{"count":2,"href":"https:\/\/www.djamilaribeiro.com.br\/fr\/wp-json\/wp\/v2\/posts\/4390\/revisions"}],"predecessor-version":[{"id":4480,"href":"https:\/\/www.djamilaribeiro.com.br\/fr\/wp-json\/wp\/v2\/posts\/4390\/revisions\/4480"}],"wp:featuredmedia":[{"embeddable":true,"href":"https:\/\/www.djamilaribeiro.com.br\/fr\/wp-json\/wp\/v2\/media\/4394"}],"wp:attachment":[{"href":"https:\/\/www.djamilaribeiro.com.br\/fr\/wp-json\/wp\/v2\/media?parent=4390"}],"wp:term":[{"taxonomy":"category","embeddable":true,"href":"https:\/\/www.djamilaribeiro.com.br\/fr\/wp-json\/wp\/v2\/categories?post=4390"},{"taxonomy":"post_tag","embeddable":true,"href":"https:\/\/www.djamilaribeiro.com.br\/fr\/wp-json\/wp\/v2\/tags?post=4390"}],"curies":[{"name":"wp","href":"https:\/\/api.w.org\/{rel}","templated":true}]}}