{"id":4410,"date":"2025-09-25T21:47:53","date_gmt":"2025-09-26T00:47:53","guid":{"rendered":"https:\/\/www.djamilaribeiro.com.br\/?p=4410"},"modified":"2025-10-06T22:18:01","modified_gmt":"2025-10-07T01:18:01","slug":"professora-djamila-ribeiro-participa-de-jantar-beneficente-em-apoio-a-permanencia-estudantil-na-usp","status":"publish","type":"post","link":"https:\/\/www.djamilaribeiro.com.br\/fr\/professora-djamila-ribeiro-participa-de-jantar-beneficente-em-apoio-a-permanencia-estudantil-na-usp\/","title":{"rendered":"La professeure Djamila Ribeiro soutient le Fonds Patrimonial de l\u2019USP lors d\u2019un d\u00eener caritatif pour l\u2019inclusion \u00e9tudiante"},"content":{"rendered":"<p data-start=\"2329\" data-end=\"2847\">La professeure Djamila Ribeiro a particip\u00e9, lundi 22 septembre, \u00e0 la <em data-start=\"2398\" data-end=\"2411\">Noite Magna<\/em>, d\u00eener caritatif en faveur du Fonds Patrimonial de l\u2019Universit\u00e9 de S\u00e3o Paulo (USP). Membre du conseil du Fonds, Djamila a contribu\u00e9 directement \u00e0 la collecte : en plus d\u2019avoir achet\u00e9 une table lors de l\u2019\u00e9v\u00e9nement, organis\u00e9 au restaurant Terra\u00e7o It\u00e1lia, elle a offert une conf\u00e9rence mise aux ench\u00e8res aux c\u00f4t\u00e9s d\u2019\u0153uvres d\u2019artistes tels que Paulo Von Poser, Regina Silveira, Arnaldo Pappalardo et Cristiano Mascaro \u2014 tous li\u00e9s \u00e0 l\u2019USP.<\/p>\n<p data-start=\"2849\" data-end=\"3116\">L\u2019\u00e9v\u00e9nement avait pour objectif de renforcer la durabilit\u00e9 financi\u00e8re de l\u2019universit\u00e9 \u00e0 long terme, en r\u00e9unissant m\u00e9c\u00e8nes, responsables, enseignants et soutiens. Un quatuor \u00e0 cordes de l\u2019Orchestre symphonique de l\u2019USP (Osusp) a assur\u00e9 l\u2019animation musicale du d\u00eener.<\/p>\n<p data-start=\"3118\" data-end=\"3628\">Pour la philosophe br\u00e9silienne, soutenir le Fonds Patrimonial signifie investir dans la transformation sociale port\u00e9e par l\u2019universit\u00e9 publique. \u00ab Je crois au pouvoir transformateur de diriger des ressources vers des projets qui encouragent la recherche dans divers domaines \u00bb, a \u00e9crit Djamila sur ses r\u00e9seaux sociaux. Elle a \u00e9galement soulign\u00e9 l\u2019importance de l\u2019USP Diversa, fonds sp\u00e9cifique rattach\u00e9 au Patrimonial, qui offre des bourses \u00e0 des \u00e9tudiants en situation de vuln\u00e9rabilit\u00e9 sociale et \u00e9conomique.<\/p>\n<p data-start=\"3630\" data-end=\"3927\">L\u2019ensemble des dons collect\u00e9s \u2014 y compris le produit des ench\u00e8res \u2014 a \u00e9t\u00e9 int\u00e9gralement revers\u00e9 au Fonds. La <em data-start=\"3739\" data-end=\"3752\">Noite Magna<\/em> montre comment la philanthropie peut \u00eatre mobilis\u00e9e pour renforcer l\u2019enseignement sup\u00e9rieur public avec responsabilit\u00e9, transparence et engagement en faveur de l\u2019inclusion.<\/p>\n<p data-start=\"3929\" data-end=\"4246\">L\u2019\u00e9v\u00e9nement a aussi mis en lumi\u00e8re le r\u00f4le strat\u00e9gique du Conseil d\u2019administration du Fonds Patrimonial, charg\u00e9 de la s\u00e9lection des projets et de la d\u00e9finition des orientations d\u2019investissement. Le Fonds fonctionne sur la base de la loi 13.800\/19, consid\u00e9r\u00e9e comme une r\u00e9f\u00e9rence en mati\u00e8re de gouvernance au Br\u00e9sil.<\/p>\n<p data-start=\"4248\" data-end=\"4715\">\u00ab J\u2019ai report\u00e9 mon voyage de quelques jours pour une raison particuli\u00e8re. Il est maintenant temps de finir mes valises et de partir avec le sentiment du devoir accompli \u00bb, a \u00e9crit la philosophe sur Instagram, en r\u00e9f\u00e9rence \u00e0 son d\u00e9part pour les \u00c9tats-Unis, o\u00f9 elle occupera un poste au MIT (Massachusetts Institute of Technology) dans le cadre du programme Dr. Martin Luther King Jr. (MLK). Djamila est la premi\u00e8re Br\u00e9silienne de l\u2019histoire \u00e0 occuper cette fonction.<\/p>\n\n\t\t<style type=\"text\/css\">\n\t\t\t#gallery-1 {\n\t\t\t\tmargin: auto;\n\t\t\t}\n\t\t\t#gallery-1 .gallery-item {\n\t\t\t\tfloat: left;\n\t\t\t\tmargin-top: 10px;\n\t\t\t\ttext-align: center;\n\t\t\t\twidth: 33%;\n\t\t\t}\n\t\t\t#gallery-1 img {\n\t\t\t\tborder: 2px solid #cfcfcf;\n\t\t\t}\n\t\t\t#gallery-1 .gallery-caption {\n\t\t\t\tmargin-left: 0;\n\t\t\t}\n\t\t\t\/* see gallery_shortcode() in wp-includes\/media.php *\/\n\t\t<\/style>\n\t\t<div id='gallery-1' class='gallery galleryid-4410 gallery-columns-3 gallery-size-large'><dl class='gallery-item'>\n\t\t\t<dt class='gallery-icon landscape'>\n\t\t\t\t<a href='https:\/\/www.djamilaribeiro.com.br\/fr\/professora-djamila-ribeiro-participa-de-jantar-beneficente-em-apoio-a-permanencia-estudantil-na-usp\/img-20250925-wa0088-2\/'><img width=\"1024\" height=\"682\" src=\"https:\/\/www.djamilaribeiro.com.br\/wp-content\/uploads\/2025\/09\/IMG-20250925-WA0088-1024x682.jpg\" class=\"attachment-large size-large\" alt=\"\" decoding=\"async\" loading=\"lazy\" aria-describedby=\"gallery-1-4420\" srcset=\"https:\/\/www.djamilaribeiro.com.br\/wp-content\/uploads\/2025\/09\/IMG-20250925-WA0088-1024x682.jpg 1024w, https:\/\/www.djamilaribeiro.com.br\/wp-content\/uploads\/2025\/09\/IMG-20250925-WA0088-300x200.jpg 300w, https:\/\/www.djamilaribeiro.com.br\/wp-content\/uploads\/2025\/09\/IMG-20250925-WA0088-768x512.jpg 768w, https:\/\/www.djamilaribeiro.com.br\/wp-content\/uploads\/2025\/09\/IMG-20250925-WA0088-1536x1023.jpg 1536w, https:\/\/www.djamilaribeiro.com.br\/wp-content\/uploads\/2025\/09\/IMG-20250925-WA0088.jpg 1600w\" sizes=\"(max-width: 1024px) 100vw, 1024px\" \/><\/a>\n\t\t\t<\/dt>\n\t\t\t\t<dd class='wp-caption-text gallery-caption' id='gallery-1-4420'>\n\t\t\t\tBrenno Tardelli et Thulane\n\t\t\t\t<\/dd><\/dl><dl class='gallery-item'>\n\t\t\t<dt class='gallery-icon landscape'>\n\t\t\t\t<a href='https:\/\/www.djamilaribeiro.com.br\/fr\/professora-djamila-ribeiro-participa-de-jantar-beneficente-em-apoio-a-permanencia-estudantil-na-usp\/img-20250925-wa0089-2\/'><img width=\"1024\" height=\"682\" src=\"https:\/\/www.djamilaribeiro.com.br\/wp-content\/uploads\/2025\/09\/IMG-20250925-WA0089-1024x682.jpg\" class=\"attachment-large size-large\" alt=\"\" decoding=\"async\" loading=\"lazy\" aria-describedby=\"gallery-1-4424\" srcset=\"https:\/\/www.djamilaribeiro.com.br\/wp-content\/uploads\/2025\/09\/IMG-20250925-WA0089-1024x682.jpg 1024w, https:\/\/www.djamilaribeiro.com.br\/wp-content\/uploads\/2025\/09\/IMG-20250925-WA0089-300x200.jpg 300w, https:\/\/www.djamilaribeiro.com.br\/wp-content\/uploads\/2025\/09\/IMG-20250925-WA0089-768x512.jpg 768w, https:\/\/www.djamilaribeiro.com.br\/wp-content\/uploads\/2025\/09\/IMG-20250925-WA0089-1536x1023.jpg 1536w, https:\/\/www.djamilaribeiro.com.br\/wp-content\/uploads\/2025\/09\/IMG-20250925-WA0089.jpg 1600w\" sizes=\"(max-width: 1024px) 100vw, 1024px\" \/><\/a>\n\t\t\t<\/dt>\n\t\t\t\t<dd class='wp-caption-text gallery-caption' id='gallery-1-4424'>\n\t\t\t\tDjamila aux c\u00f4t\u00e9s du Professeur Moacir Miranda et de Brenno Tardelli\n\t\t\t\t<\/dd><\/dl><dl class='gallery-item'>\n\t\t\t<dt class='gallery-icon landscape'>\n\t\t\t\t<a href='https:\/\/www.djamilaribeiro.com.br\/fr\/professora-djamila-ribeiro-participa-de-jantar-beneficente-em-apoio-a-permanencia-estudantil-na-usp\/img-20250925-wa0084-2\/'><img width=\"1024\" height=\"682\" src=\"https:\/\/www.djamilaribeiro.com.br\/wp-content\/uploads\/2025\/09\/IMG-20250925-WA0084-1024x682.jpg\" class=\"attachment-large size-large\" alt=\"\" decoding=\"async\" loading=\"lazy\" aria-describedby=\"gallery-1-4428\" srcset=\"https:\/\/www.djamilaribeiro.com.br\/wp-content\/uploads\/2025\/09\/IMG-20250925-WA0084-1024x682.jpg 1024w, https:\/\/www.djamilaribeiro.com.br\/wp-content\/uploads\/2025\/09\/IMG-20250925-WA0084-300x200.jpg 300w, https:\/\/www.djamilaribeiro.com.br\/wp-content\/uploads\/2025\/09\/IMG-20250925-WA0084-768x512.jpg 768w, https:\/\/www.djamilaribeiro.com.br\/wp-content\/uploads\/2025\/09\/IMG-20250925-WA0084-1536x1023.jpg 1536w, https:\/\/www.djamilaribeiro.com.br\/wp-content\/uploads\/2025\/09\/IMG-20250925-WA0084.jpg 1600w\" sizes=\"(max-width: 1024px) 100vw, 1024px\" \/><\/a>\n\t\t\t<\/dt>\n\t\t\t\t<dd class='wp-caption-text gallery-caption' id='gallery-1-4428'>\n\t\t\t\tDjamila\n\t\t\t\t<\/dd><\/dl><br style=\"clear: both\" \/><dl class='gallery-item'>\n\t\t\t<dt class='gallery-icon landscape'>\n\t\t\t\t<a href='https:\/\/www.djamilaribeiro.com.br\/fr\/professora-djamila-ribeiro-participa-de-jantar-beneficente-em-apoio-a-permanencia-estudantil-na-usp\/img-20250925-wa0085-2\/'><img width=\"1024\" height=\"682\" src=\"https:\/\/www.djamilaribeiro.com.br\/wp-content\/uploads\/2025\/09\/IMG-20250925-WA0085-1024x682.jpg\" class=\"attachment-large size-large\" alt=\"\" decoding=\"async\" loading=\"lazy\" aria-describedby=\"gallery-1-4432\" srcset=\"https:\/\/www.djamilaribeiro.com.br\/wp-content\/uploads\/2025\/09\/IMG-20250925-WA0085-1024x682.jpg 1024w, https:\/\/www.djamilaribeiro.com.br\/wp-content\/uploads\/2025\/09\/IMG-20250925-WA0085-300x200.jpg 300w, https:\/\/www.djamilaribeiro.com.br\/wp-content\/uploads\/2025\/09\/IMG-20250925-WA0085-768x512.jpg 768w, https:\/\/www.djamilaribeiro.com.br\/wp-content\/uploads\/2025\/09\/IMG-20250925-WA0085-1536x1023.jpg 1536w, https:\/\/www.djamilaribeiro.com.br\/wp-content\/uploads\/2025\/09\/IMG-20250925-WA0085.jpg 1600w\" sizes=\"(max-width: 1024px) 100vw, 1024px\" \/><\/a>\n\t\t\t<\/dt>\n\t\t\t\t<dd class='wp-caption-text gallery-caption' id='gallery-1-4432'>\n\t\t\t\tThulane Ribeiro\n\t\t\t\t<\/dd><\/dl><dl class='gallery-item'>\n\t\t\t<dt class='gallery-icon landscape'>\n\t\t\t\t<a href='https:\/\/www.djamilaribeiro.com.br\/fr\/professora-djamila-ribeiro-participa-de-jantar-beneficente-em-apoio-a-permanencia-estudantil-na-usp\/img-20250925-wa0086-2\/'><img width=\"1024\" height=\"682\" src=\"https:\/\/www.djamilaribeiro.com.br\/wp-content\/uploads\/2025\/09\/IMG-20250925-WA0086-1024x682.jpg\" class=\"attachment-large size-large\" alt=\"\" decoding=\"async\" loading=\"lazy\" srcset=\"https:\/\/www.djamilaribeiro.com.br\/wp-content\/uploads\/2025\/09\/IMG-20250925-WA0086-1024x682.jpg 1024w, https:\/\/www.djamilaribeiro.com.br\/wp-content\/uploads\/2025\/09\/IMG-20250925-WA0086-300x200.jpg 300w, https:\/\/www.djamilaribeiro.com.br\/wp-content\/uploads\/2025\/09\/IMG-20250925-WA0086-768x512.jpg 768w, https:\/\/www.djamilaribeiro.com.br\/wp-content\/uploads\/2025\/09\/IMG-20250925-WA0086-1536x1023.jpg 1536w, https:\/\/www.djamilaribeiro.com.br\/wp-content\/uploads\/2025\/09\/IMG-20250925-WA0086.jpg 1600w\" sizes=\"(max-width: 1024px) 100vw, 1024px\" \/><\/a>\n\t\t\t<\/dt><\/dl><dl class='gallery-item'>\n\t\t\t<dt class='gallery-icon landscape'>\n\t\t\t\t<a href='https:\/\/www.djamilaribeiro.com.br\/fr\/professora-djamila-ribeiro-participa-de-jantar-beneficente-em-apoio-a-permanencia-estudantil-na-usp\/img-20250925-wa0087-2\/'><img width=\"1024\" height=\"682\" src=\"https:\/\/www.djamilaribeiro.com.br\/wp-content\/uploads\/2025\/09\/IMG-20250925-WA0087-1024x682.jpg\" class=\"attachment-large size-large\" alt=\"\" decoding=\"async\" loading=\"lazy\" aria-describedby=\"gallery-1-4440\" srcset=\"https:\/\/www.djamilaribeiro.com.br\/wp-content\/uploads\/2025\/09\/IMG-20250925-WA0087-1024x682.jpg 1024w, https:\/\/www.djamilaribeiro.com.br\/wp-content\/uploads\/2025\/09\/IMG-20250925-WA0087-300x200.jpg 300w, https:\/\/www.djamilaribeiro.com.br\/wp-content\/uploads\/2025\/09\/IMG-20250925-WA0087-768x512.jpg 768w, https:\/\/www.djamilaribeiro.com.br\/wp-content\/uploads\/2025\/09\/IMG-20250925-WA0087-1536x1023.jpg 1536w, https:\/\/www.djamilaribeiro.com.br\/wp-content\/uploads\/2025\/09\/IMG-20250925-WA0087.jpg 1600w\" sizes=\"(max-width: 1024px) 100vw, 1024px\" \/><\/a>\n\t\t\t<\/dt>\n\t\t\t\t<dd class='wp-caption-text gallery-caption' id='gallery-1-4440'>\n\t\t\t\tThulane Ribeiro, Professeure Dr Rita Santos Guimar\u00e3es et Professeure Djamila\n\t\t\t\t<\/dd><\/dl><br style=\"clear: both\" \/>\n\t\t<\/div>\n\n<p>&nbsp;<\/p>\n<blockquote class=\"instagram-media\" style=\"background: #FFF; border: 0; border-radius: 3px; box-shadow: 0 0 1px 0 rgba(0,0,0,0.5),0 1px 10px 0 rgba(0,0,0,0.15); margin: 1px; max-width: 540px; min-width: 326px; padding: 0; width: calc(100% - 2px);\" data-instgrm-captioned=\"\" data-instgrm-permalink=\"https:\/\/www.instagram.com\/p\/DO7Yvlxjdry\/?utm_source=ig_embed&amp;utm_campaign=loading\" data-instgrm-version=\"14\">\n<div style=\"padding: 16px;\">\n<p>&nbsp;<\/p>\n<div style=\"display: flex; flex-direction: row; align-items: center;\">\n<div style=\"background-color: #f4f4f4; border-radius: 50%; flex-grow: 0; height: 40px; margin-right: 14px; width: 40px;\"><\/div>\n<div style=\"display: flex; flex-direction: column; flex-grow: 1; justify-content: center;\">\n<div style=\"background-color: #f4f4f4; border-radius: 4px; flex-grow: 0; height: 14px; margin-bottom: 6px; width: 100px;\"><\/div>\n<div style=\"background-color: #f4f4f4; border-radius: 4px; flex-grow: 0; height: 14px; width: 60px;\"><\/div>\n<\/div>\n<\/div>\n<div style=\"padding: 19% 0;\"><\/div>\n<div style=\"display: block; height: 50px; margin: 0 auto 12px; width: 50px;\"><\/div>\n<div style=\"padding-top: 8px;\">\n<div style=\"color: #3897f0; font-family: Arial,sans-serif; font-size: 14px; font-style: normal; font-weight: 550; line-height: 18px;\">Ver essa foto no Instagram<\/div>\n<\/div>\n<div style=\"padding: 12.5% 0;\"><\/div>\n<div style=\"display: flex; flex-direction: row; margin-bottom: 14px; align-items: center;\">\n<div>\n<div style=\"background-color: #f4f4f4; border-radius: 50%; height: 12.5px; width: 12.5px; transform: translateX(0px) translateY(7px);\"><\/div>\n<div style=\"background-color: #f4f4f4; height: 12.5px; transform: rotate(-45deg) translateX(3px) translateY(1px); width: 12.5px; flex-grow: 0; margin-right: 14px; margin-left: 2px;\"><\/div>\n<div style=\"background-color: #f4f4f4; border-radius: 50%; height: 12.5px; width: 12.5px; transform: translateX(9px) translateY(-18px);\"><\/div>\n<\/div>\n<div style=\"margin-left: 8px;\">\n<div style=\"background-color: #f4f4f4; border-radius: 50%; flex-grow: 0; height: 20px; width: 20px;\"><\/div>\n<div style=\"width: 0; height: 0; border-top: 2px solid transparent; border-left: 6px solid #f4f4f4; border-bottom: 2px solid transparent; transform: translateX(16px) translateY(-4px) rotate(30deg);\"><\/div>\n<\/div>\n<div style=\"margin-left: auto;\">\n<div style=\"width: 0px; border-top: 8px solid #F4F4F4; border-right: 8px solid transparent; transform: translateY(16px);\"><\/div>\n<div style=\"background-color: #f4f4f4; flex-grow: 0; height: 12px; width: 16px; transform: translateY(-4px);\"><\/div>\n<div style=\"width: 0; height: 0; border-top: 8px solid #F4F4F4; border-left: 8px solid transparent; transform: translateY(-4px) translateX(8px);\"><\/div>\n<\/div>\n<\/div>\n<div style=\"display: flex; flex-direction: column; flex-grow: 1; justify-content: center; margin-bottom: 24px;\">\n<div style=\"background-color: #f4f4f4; border-radius: 4px; flex-grow: 0; height: 14px; margin-bottom: 6px; width: 224px;\"><\/div>\n<div style=\"background-color: #f4f4f4; border-radius: 4px; flex-grow: 0; height: 14px; width: 144px;\"><\/div>\n<\/div>\n<p>&nbsp;<\/p>\n<p style=\"color: #c9c8cd; font-family: Arial,sans-serif; font-size: 14px; line-height: 17px; margin-bottom: 0; margin-top: 8px; overflow: hidden; padding: 8px 0 7px; text-align: center; text-overflow: ellipsis; white-space: nowrap;\"><a style=\"color: #c9c8cd; font-family: Arial,sans-serif; font-size: 14px; font-style: normal; font-weight: normal; line-height: 17px; text-decoration: none;\" href=\"https:\/\/www.instagram.com\/p\/DO7Yvlxjdry\/?utm_source=ig_embed&amp;utm_campaign=loading\" target=\"_blank\" rel=\"noopener\">Uma publica\u00e7\u00e3o compartilhada por Djamila Ribeiro (@djamilaribeiro1)<\/a><\/p>\n<\/div>\n<\/blockquote>\n<p><script async src=\"\/\/www.instagram.com\/embed.js\"><\/script><\/p>\n<p data-start=\"153\" data-end=\"215\"><strong data-start=\"153\" data-end=\"215\">Contenu traduit avec l\u2019aide de l\u2019intelligence artificielle<\/strong><\/p>\n","protected":false},"excerpt":{"rendered":"<p>La professeure Djamila Ribeiro a particip\u00e9, lundi 22 septembre, \u00e0 la Noite Magna, d\u00eener caritatif en faveur du Fonds Patrimonial de l\u2019Universit\u00e9 de S\u00e3o Paulo (USP). Membre du conseil du Fonds, Djamila a contribu\u00e9 directement \u00e0 la collecte : en plus d\u2019avoir achet\u00e9 une table lors de l\u2019\u00e9v\u00e9nement, organis\u00e9 au restaurant Terra\u00e7o It\u00e1lia, elle a [&hellip;]<\/p>\n","protected":false},"author":1,"featured_media":4407,"comment_status":"open","ping_status":"open","sticky":false,"template":"","format":"standard","meta":{"inline_featured_image":false},"categories":[785],"tags":[1404,1118,969,1416,1405,1414,1406,1415,1407,1408,1417,1409,1418,1410],"acf":[],"yoast_head":"<!-- This site is optimized with the Yoast SEO plugin v20.5 - https:\/\/yoast.com\/wordpress\/plugins\/seo\/ -->\n<title>La professeure Djamila Ribeiro soutient le Fonds Patrimonial de l\u2019USP lors d\u2019un d\u00eener caritatif pour l\u2019inclusion \u00e9tudiante - Djamila Ribeiro<\/title>\n<meta name=\"description\" content=\"La professeure Djamila Ribeiro a soutenu le Fonds Patrimonial de l\u2019USP et soulign\u00e9 l\u2019importance de l\u2019inclusion \u00e9tudiante.\" \/>\n<meta name=\"robots\" content=\"index, follow, max-snippet:-1, max-image-preview:large, max-video-preview:-1\" \/>\n<link rel=\"canonical\" href=\"https:\/\/www.djamilaribeiro.com.br\/fr\/professora-djamila-ribeiro-participa-de-jantar-beneficente-em-apoio-a-permanencia-estudantil-na-usp\/\" \/>\n<meta property=\"og:locale\" content=\"pt_BR\" \/>\n<meta property=\"og:type\" content=\"article\" \/>\n<meta property=\"og:title\" content=\"La professeure Djamila Ribeiro soutient le Fonds Patrimonial de l\u2019USP lors d\u2019un d\u00eener caritatif pour l\u2019inclusion \u00e9tudiante - Djamila Ribeiro\" \/>\n<meta property=\"og:description\" content=\"La professeure Djamila Ribeiro a soutenu le Fonds Patrimonial de l\u2019USP et soulign\u00e9 l\u2019importance de l\u2019inclusion \u00e9tudiante.\" \/>\n<meta property=\"og:url\" content=\"https:\/\/www.djamilaribeiro.com.br\/fr\/professora-djamila-ribeiro-participa-de-jantar-beneficente-em-apoio-a-permanencia-estudantil-na-usp\/\" \/>\n<meta property=\"og:site_name\" content=\"Djamila Ribeiro\" \/>\n<meta property=\"article:published_time\" content=\"2025-09-26T00:47:53+00:00\" \/>\n<meta property=\"article:modified_time\" content=\"2025-10-07T01:18:01+00:00\" \/>\n<meta property=\"og:image\" content=\"https:\/\/www.djamilaribeiro.com.br\/wp-content\/uploads\/2025\/09\/Screenshot_2025-09-25-21-42-07-01_1c337646f29875672b5a61192b9010f9.jpg\" \/>\n\t<meta property=\"og:image:width\" content=\"1079\" \/>\n\t<meta property=\"og:image:height\" content=\"1062\" \/>\n\t<meta property=\"og:image:type\" content=\"image\/jpeg\" \/>\n<meta name=\"author\" content=\"Reda\u00e7\u00e3o\" \/>\n<meta name=\"twitter:card\" content=\"summary_large_image\" \/>\n<meta name=\"twitter:label1\" content=\"Escrito por\" \/>\n\t<meta name=\"twitter:data1\" content=\"Reda\u00e7\u00e3o\" \/>\n\t<meta name=\"twitter:label2\" content=\"Est. tempo de leitura\" \/>\n\t<meta name=\"twitter:data2\" content=\"3 minutos\" \/>\n<script type=\"application\/ld+json\" class=\"yoast-schema-graph\">{\"@context\":\"https:\/\/schema.org\",\"@graph\":[{\"@type\":\"WebPage\",\"@id\":\"https:\/\/www.djamilaribeiro.com.br\/fr\/professora-djamila-ribeiro-participa-de-jantar-beneficente-em-apoio-a-permanencia-estudantil-na-usp\/\",\"url\":\"https:\/\/www.djamilaribeiro.com.br\/fr\/professora-djamila-ribeiro-participa-de-jantar-beneficente-em-apoio-a-permanencia-estudantil-na-usp\/\",\"name\":\"La professeure Djamila Ribeiro soutient le Fonds Patrimonial de l\u2019USP lors d\u2019un d\u00eener caritatif pour l\u2019inclusion \u00e9tudiante - Djamila Ribeiro\",\"isPartOf\":{\"@id\":\"https:\/\/www.djamilaribeiro.com.br\/#website\"},\"datePublished\":\"2025-09-26T00:47:53+00:00\",\"dateModified\":\"2025-10-07T01:18:01+00:00\",\"author\":{\"@id\":\"https:\/\/www.djamilaribeiro.com.br\/#\/schema\/person\/a928f404cf733e4c62686bedd437b9ee\"},\"description\":\"La professeure Djamila Ribeiro a soutenu le Fonds Patrimonial de l\u2019USP et soulign\u00e9 l\u2019importance de l\u2019inclusion \u00e9tudiante.\",\"breadcrumb\":{\"@id\":\"https:\/\/www.djamilaribeiro.com.br\/fr\/professora-djamila-ribeiro-participa-de-jantar-beneficente-em-apoio-a-permanencia-estudantil-na-usp\/#breadcrumb\"},\"inLanguage\":\"pt-BR\",\"potentialAction\":[{\"@type\":\"ReadAction\",\"target\":[\"https:\/\/www.djamilaribeiro.com.br\/fr\/professora-djamila-ribeiro-participa-de-jantar-beneficente-em-apoio-a-permanencia-estudantil-na-usp\/\"]}]},{\"@type\":\"BreadcrumbList\",\"@id\":\"https:\/\/www.djamilaribeiro.com.br\/fr\/professora-djamila-ribeiro-participa-de-jantar-beneficente-em-apoio-a-permanencia-estudantil-na-usp\/#breadcrumb\",\"itemListElement\":[{\"@type\":\"ListItem\",\"position\":1,\"name\":\"In\u00edcio\",\"item\":\"https:\/\/www.djamilaribeiro.com.br\/fr\/\"},{\"@type\":\"ListItem\",\"position\":2,\"name\":\"La professeure Djamila Ribeiro soutient le Fonds Patrimonial de l\u2019USP lors d\u2019un d\u00eener caritatif pour l\u2019inclusion \u00e9tudiante\"}]},{\"@type\":\"WebSite\",\"@id\":\"https:\/\/www.djamilaribeiro.com.br\/#website\",\"url\":\"https:\/\/www.djamilaribeiro.com.br\/\",\"name\":\"Djamila Ribeiro\",\"description\":\"\",\"potentialAction\":[{\"@type\":\"SearchAction\",\"target\":{\"@type\":\"EntryPoint\",\"urlTemplate\":\"https:\/\/www.djamilaribeiro.com.br\/?s={search_term_string}\"},\"query-input\":\"required name=search_term_string\"}],\"inLanguage\":\"pt-BR\"},{\"@type\":\"Person\",\"@id\":\"https:\/\/www.djamilaribeiro.com.br\/#\/schema\/person\/a928f404cf733e4c62686bedd437b9ee\",\"name\":\"Reda\u00e7\u00e3o\",\"image\":{\"@type\":\"ImageObject\",\"inLanguage\":\"pt-BR\",\"@id\":\"https:\/\/www.djamilaribeiro.com.br\/#\/schema\/person\/image\/\",\"url\":\"https:\/\/secure.gravatar.com\/avatar\/e22ea52208b383d899430021cb4ecf26?s=96&d=mm&r=g\",\"contentUrl\":\"https:\/\/secure.gravatar.com\/avatar\/e22ea52208b383d899430021cb4ecf26?s=96&d=mm&r=g\",\"caption\":\"Reda\u00e7\u00e3o\"},\"sameAs\":[\"https:\/\/localhost\"],\"url\":\"https:\/\/www.djamilaribeiro.com.br\/fr\/author\/djamila\/\"}]}<\/script>\n<!-- \/ Yoast SEO plugin. -->","yoast_head_json":{"title":"La professeure Djamila Ribeiro soutient le Fonds Patrimonial de l\u2019USP lors d\u2019un d\u00eener caritatif pour l\u2019inclusion \u00e9tudiante - Djamila Ribeiro","description":"La professeure Djamila Ribeiro a soutenu le Fonds Patrimonial de l\u2019USP et soulign\u00e9 l\u2019importance de l\u2019inclusion \u00e9tudiante.","robots":{"index":"index","follow":"follow","max-snippet":"max-snippet:-1","max-image-preview":"max-image-preview:large","max-video-preview":"max-video-preview:-1"},"canonical":"https:\/\/www.djamilaribeiro.com.br\/fr\/professora-djamila-ribeiro-participa-de-jantar-beneficente-em-apoio-a-permanencia-estudantil-na-usp\/","og_locale":"pt_BR","og_type":"article","og_title":"La professeure Djamila Ribeiro soutient le Fonds Patrimonial de l\u2019USP lors d\u2019un d\u00eener caritatif pour l\u2019inclusion \u00e9tudiante - Djamila Ribeiro","og_description":"La professeure Djamila Ribeiro a soutenu le Fonds Patrimonial de l\u2019USP et soulign\u00e9 l\u2019importance de l\u2019inclusion \u00e9tudiante.","og_url":"https:\/\/www.djamilaribeiro.com.br\/fr\/professora-djamila-ribeiro-participa-de-jantar-beneficente-em-apoio-a-permanencia-estudantil-na-usp\/","og_site_name":"Djamila Ribeiro","article_published_time":"2025-09-26T00:47:53+00:00","article_modified_time":"2025-10-07T01:18:01+00:00","og_image":[{"width":1079,"height":1062,"url":"https:\/\/www.djamilaribeiro.com.br\/wp-content\/uploads\/2025\/09\/Screenshot_2025-09-25-21-42-07-01_1c337646f29875672b5a61192b9010f9.jpg","type":"image\/jpeg"}],"author":"Reda\u00e7\u00e3o","twitter_card":"summary_large_image","twitter_misc":{"Escrito por":"Reda\u00e7\u00e3o","Est. tempo de leitura":"3 minutos"},"schema":{"@context":"https:\/\/schema.org","@graph":[{"@type":"WebPage","@id":"https:\/\/www.djamilaribeiro.com.br\/fr\/professora-djamila-ribeiro-participa-de-jantar-beneficente-em-apoio-a-permanencia-estudantil-na-usp\/","url":"https:\/\/www.djamilaribeiro.com.br\/fr\/professora-djamila-ribeiro-participa-de-jantar-beneficente-em-apoio-a-permanencia-estudantil-na-usp\/","name":"La professeure Djamila Ribeiro soutient le Fonds Patrimonial de l\u2019USP lors d\u2019un d\u00eener caritatif pour l\u2019inclusion \u00e9tudiante - Djamila Ribeiro","isPartOf":{"@id":"https:\/\/www.djamilaribeiro.com.br\/#website"},"datePublished":"2025-09-26T00:47:53+00:00","dateModified":"2025-10-07T01:18:01+00:00","author":{"@id":"https:\/\/www.djamilaribeiro.com.br\/#\/schema\/person\/a928f404cf733e4c62686bedd437b9ee"},"description":"La professeure Djamila Ribeiro a soutenu le Fonds Patrimonial de l\u2019USP et soulign\u00e9 l\u2019importance de l\u2019inclusion \u00e9tudiante.","breadcrumb":{"@id":"https:\/\/www.djamilaribeiro.com.br\/fr\/professora-djamila-ribeiro-participa-de-jantar-beneficente-em-apoio-a-permanencia-estudantil-na-usp\/#breadcrumb"},"inLanguage":"pt-BR","potentialAction":[{"@type":"ReadAction","target":["https:\/\/www.djamilaribeiro.com.br\/fr\/professora-djamila-ribeiro-participa-de-jantar-beneficente-em-apoio-a-permanencia-estudantil-na-usp\/"]}]},{"@type":"BreadcrumbList","@id":"https:\/\/www.djamilaribeiro.com.br\/fr\/professora-djamila-ribeiro-participa-de-jantar-beneficente-em-apoio-a-permanencia-estudantil-na-usp\/#breadcrumb","itemListElement":[{"@type":"ListItem","position":1,"name":"In\u00edcio","item":"https:\/\/www.djamilaribeiro.com.br\/fr\/"},{"@type":"ListItem","position":2,"name":"La professeure Djamila Ribeiro soutient le Fonds Patrimonial de l\u2019USP lors d\u2019un d\u00eener caritatif pour l\u2019inclusion \u00e9tudiante"}]},{"@type":"WebSite","@id":"https:\/\/www.djamilaribeiro.com.br\/#website","url":"https:\/\/www.djamilaribeiro.com.br\/","name":"Djamila Ribeiro","description":"","potentialAction":[{"@type":"SearchAction","target":{"@type":"EntryPoint","urlTemplate":"https:\/\/www.djamilaribeiro.com.br\/?s={search_term_string}"},"query-input":"required name=search_term_string"}],"inLanguage":"pt-BR"},{"@type":"Person","@id":"https:\/\/www.djamilaribeiro.com.br\/#\/schema\/person\/a928f404cf733e4c62686bedd437b9ee","name":"Reda\u00e7\u00e3o","image":{"@type":"ImageObject","inLanguage":"pt-BR","@id":"https:\/\/www.djamilaribeiro.com.br\/#\/schema\/person\/image\/","url":"https:\/\/secure.gravatar.com\/avatar\/e22ea52208b383d899430021cb4ecf26?s=96&d=mm&r=g","contentUrl":"https:\/\/secure.gravatar.com\/avatar\/e22ea52208b383d899430021cb4ecf26?s=96&d=mm&r=g","caption":"Reda\u00e7\u00e3o"},"sameAs":["https:\/\/localhost"],"url":"https:\/\/www.djamilaribeiro.com.br\/fr\/author\/djamila\/"}]}},"amp_enabled":true,"_links":{"self":[{"href":"https:\/\/www.djamilaribeiro.com.br\/fr\/wp-json\/wp\/v2\/posts\/4410"}],"collection":[{"href":"https:\/\/www.djamilaribeiro.com.br\/fr\/wp-json\/wp\/v2\/posts"}],"about":[{"href":"https:\/\/www.djamilaribeiro.com.br\/fr\/wp-json\/wp\/v2\/types\/post"}],"author":[{"embeddable":true,"href":"https:\/\/www.djamilaribeiro.com.br\/fr\/wp-json\/wp\/v2\/users\/1"}],"replies":[{"embeddable":true,"href":"https:\/\/www.djamilaribeiro.com.br\/fr\/wp-json\/wp\/v2\/comments?post=4410"}],"version-history":[{"count":5,"href":"https:\/\/www.djamilaribeiro.com.br\/fr\/wp-json\/wp\/v2\/posts\/4410\/revisions"}],"predecessor-version":[{"id":4479,"href":"https:\/\/www.djamilaribeiro.com.br\/fr\/wp-json\/wp\/v2\/posts\/4410\/revisions\/4479"}],"wp:featuredmedia":[{"embeddable":true,"href":"https:\/\/www.djamilaribeiro.com.br\/fr\/wp-json\/wp\/v2\/media\/4407"}],"wp:attachment":[{"href":"https:\/\/www.djamilaribeiro.com.br\/fr\/wp-json\/wp\/v2\/media?parent=4410"}],"wp:term":[{"taxonomy":"category","embeddable":true,"href":"https:\/\/www.djamilaribeiro.com.br\/fr\/wp-json\/wp\/v2\/categories?post=4410"},{"taxonomy":"post_tag","embeddable":true,"href":"https:\/\/www.djamilaribeiro.com.br\/fr\/wp-json\/wp\/v2\/tags?post=4410"}],"curies":[{"name":"wp","href":"https:\/\/api.w.org\/{rel}","templated":true}]}}