{"id":4470,"date":"2025-10-06T12:52:27","date_gmt":"2025-10-06T15:52:27","guid":{"rendered":"https:\/\/www.djamilaribeiro.com.br\/djamila-inicia-nova-jornada-academica-em-cambridge\/"},"modified":"2025-11-02T09:26:02","modified_gmt":"2025-11-02T12:26:02","slug":"djamila-inicia-nova-jornada-academica-em-cambridge","status":"publish","type":"post","link":"https:\/\/www.djamilaribeiro.com.br\/fr\/djamila-inicia-nova-jornada-academica-em-cambridge\/","title":{"rendered":"Djamila entame une nouvelle \u00e9tape \u00e0 Cambridge"},"content":{"rendered":"<p data-start=\"2825\" data-end=\"2973\">La philosophe et \u00e9crivaine partage ses premi\u00e8res impressions sur l\u2019ann\u00e9e qu\u2019elle passera aux \u00c9tats-Unis, consacr\u00e9e \u00e0 l\u2019enseignement et \u00e0 l\u2019\u00e9criture.<\/p>\n<p data-start=\"2975\" data-end=\"3439\">Djamila a entam\u00e9 un nouveau chapitre important de sa trajectoire acad\u00e9mique. Il y a neuf jours, elle est arriv\u00e9e \u00e0 Cambridge, dans le Massachusetts, aux \u00c9tats-Unis \u2014 la ville qui sera son foyer pendant l\u2019ann\u00e9e \u00e0 venir. Dans une publication r\u00e9cente sur Instagram, la philosophe br\u00e9silienne a partag\u00e9 avec ses abonn\u00e9s les premiers pas de cette nouvelle phase, marqu\u00e9e par un accueil chaleureux, des d\u00e9couvertes et un temps pr\u00e9cieux pour la production intellectuelle.<\/p>\n<p data-start=\"3441\" data-end=\"3910\">D\u00e8s son arriv\u00e9e, Djamila a \u00e9t\u00e9 accueillie avec bienveillance par son professeur h\u00f4te, Joaquin Terrones, ainsi que par les coll\u00e8gues du d\u00e9partement auquel elle est rattach\u00e9e. Tout en r\u00e9glant les d\u00e9marches administratives, comme l\u2019\u00e9mission de son badge d\u2019identification, elle a aussi eu l\u2019occasion de rencontrer deux Br\u00e9siliennes influentes dans la r\u00e9gion : Nilma Dominique et Rosabelli Coelho, figures de proue du prestigieux MIT (Massachusetts Institute of Technology).<\/p>\n<p data-start=\"3912\" data-end=\"4301\">Rosabelli est responsable du d\u00e9veloppement de projets au Br\u00e9sil et dans le biome amazonien avec des \u00e9l\u00e8ves, des professeurs, des partenaires du secteur priv\u00e9, des institutions universitaires, des fondations et des organismes gouvernementaux li\u00e9s au MIT. Nilma, quant \u00e0 elle, est professeure de portugais et charg\u00e9e de l\u2019\u00e9laboration du programme actuel de cours de langue portugaise au MIT.<\/p>\n<p>&nbsp;<\/p>\n<p style=\"text-align: center;\"><img decoding=\"async\" loading=\"lazy\" class=\"aligncenter wp-image-4455 size-large\" src=\"https:\/\/www.djamilaribeiro.com.br\/wp-content\/uploads\/2025\/10\/djamila_2-775x1024.jpg\" alt=\"\" width=\"775\" height=\"1024\" srcset=\"https:\/\/www.djamilaribeiro.com.br\/wp-content\/uploads\/2025\/10\/djamila_2-775x1024.jpg 775w, https:\/\/www.djamilaribeiro.com.br\/wp-content\/uploads\/2025\/10\/djamila_2-227x300.jpg 227w, https:\/\/www.djamilaribeiro.com.br\/wp-content\/uploads\/2025\/10\/djamila_2-768x1015.jpg 768w, https:\/\/www.djamilaribeiro.com.br\/wp-content\/uploads\/2025\/10\/djamila_2.jpg 1080w\" sizes=\"(max-width: 775px) 100vw, 775px\" \/><\/p>\n<p>&nbsp;<\/p>\n<p data-start=\"4303\" data-end=\"4328\"><strong data-start=\"4303\" data-end=\"4328\">Des jours ensoleill\u00e9s<\/strong><\/p>\n<p data-start=\"4330\" data-end=\"4764\">Le climat a \u00e9galement contribu\u00e9 \u00e0 cet accueil chaleureux, avec des journ\u00e9es ensoleill\u00e9es et des temp\u00e9ratures inhabituelles pour la saison qui, selon les mots de Djamila, &#8220;l\u2019ont accueillie et enlac\u00e9e&#8221;. Tandis qu\u2019elle d\u00e9couvre la ville et le campus universitaire \u2014 non sans humour, en admettant qu\u2019elle \u201cessaie encore de ne pas se perdre\u201d \u2014, Djamila se r\u00e9jouit de vivre \u201cdes journ\u00e9es qui, en plus d\u2019\u00eatre lumineuses, sont int\u00e9ressantes\u201d.<\/p>\n<p data-start=\"4766\" data-end=\"5157\">Ce premier semestre sera principalement consacr\u00e9 \u00e0 l\u2019\u00e9criture et \u00e0 l\u2019organisation de projets en cours. \u201cJ\u2019ai d\u00e9j\u00e0 envoy\u00e9 le programme du cours, mais je ne commence \u00e0 enseigner qu\u2019au semestre prochain. Je vais utiliser ce temps pour \u00e9crire, rencontrer les autres professeurs du programme Martin Luther King Jr, et concr\u00e9tiser des projets en retard\u201d, a-t-elle expliqu\u00e9 sur les r\u00e9seaux sociaux.<\/p>\n<p data-start=\"5159\" data-end=\"5573\">Djamila consid\u00e8re cette nouvelle \u00e9tape comme une conqu\u00eate pr\u00e9cieuse, soulignant l\u2019importance de pouvoir se consacrer \u00e0 la production intellectuelle avec plus de s\u00e9r\u00e9nit\u00e9. \u201cJe n\u2019ai jamais eu ce temps. J\u2019ai toujours \u00e9crit et coordonn\u00e9 mes projets avec une vie qui avan\u00e7ait \u00e0 cent \u00e0 l\u2019heure. Je valorise donc ce moment, fruit de nombreux combats\u201d, a-t-elle d\u00e9clar\u00e9, avant d\u2019ajouter : \u201cLe temps est vraiment un Orix\u00e1.\u201d<\/p>\n<blockquote class=\"instagram-media\" style=\"background: #FFF; border: 0; border-radius: 3px; box-shadow: 0 0 1px 0 rgba(0,0,0,0.5),0 1px 10px 0 rgba(0,0,0,0.15); margin: 1px; max-width: 540px; min-width: 326px; padding: 0; width: calc(100% - 2px);\" data-instgrm-captioned=\"\" data-instgrm-permalink=\"https:\/\/www.instagram.com\/p\/DPY_tbCDQad\/?utm_source=ig_embed&amp;utm_campaign=loading\" data-instgrm-version=\"14\">\n<div style=\"padding: 16px;\">\n<p>&nbsp;<\/p>\n<div style=\"display: flex; flex-direction: row; align-items: center;\">\n<div style=\"background-color: #f4f4f4; border-radius: 50%; flex-grow: 0; height: 40px; margin-right: 14px; width: 40px;\"><\/div>\n<div style=\"display: flex; flex-direction: column; flex-grow: 1; justify-content: center;\">\n<div style=\"background-color: #f4f4f4; border-radius: 4px; flex-grow: 0; height: 14px; margin-bottom: 6px; width: 100px;\"><\/div>\n<div style=\"background-color: #f4f4f4; border-radius: 4px; flex-grow: 0; height: 14px; width: 60px;\"><\/div>\n<\/div>\n<\/div>\n<div style=\"padding: 19% 0;\"><\/div>\n<div style=\"display: block; height: 50px; margin: 0 auto 12px; width: 50px;\"><\/div>\n<div style=\"padding-top: 8px;\">\n<div style=\"color: #3897f0; font-family: Arial,sans-serif; font-size: 14px; font-style: normal; font-weight: 550; line-height: 18px;\">Ver essa foto no Instagram<\/div>\n<\/div>\n<div style=\"padding: 12.5% 0;\"><\/div>\n<div style=\"display: flex; flex-direction: row; margin-bottom: 14px; align-items: center;\">\n<div>\n<div style=\"background-color: #f4f4f4; border-radius: 50%; height: 12.5px; width: 12.5px; transform: translateX(0px) translateY(7px);\"><\/div>\n<div style=\"background-color: #f4f4f4; height: 12.5px; transform: rotate(-45deg) translateX(3px) translateY(1px); width: 12.5px; flex-grow: 0; margin-right: 14px; margin-left: 2px;\"><\/div>\n<div style=\"background-color: #f4f4f4; border-radius: 50%; height: 12.5px; width: 12.5px; transform: translateX(9px) translateY(-18px);\"><\/div>\n<\/div>\n<div style=\"margin-left: 8px;\">\n<div style=\"background-color: #f4f4f4; border-radius: 50%; flex-grow: 0; height: 20px; width: 20px;\"><\/div>\n<div style=\"width: 0; height: 0; border-top: 2px solid transparent; border-left: 6px solid #f4f4f4; border-bottom: 2px solid transparent; transform: translateX(16px) translateY(-4px) rotate(30deg);\"><\/div>\n<\/div>\n<div style=\"margin-left: auto;\">\n<div style=\"width: 0px; border-top: 8px solid #F4F4F4; border-right: 8px solid transparent; transform: translateY(16px);\"><\/div>\n<div style=\"background-color: #f4f4f4; flex-grow: 0; height: 12px; width: 16px; transform: translateY(-4px);\"><\/div>\n<div style=\"width: 0; height: 0; border-top: 8px solid #F4F4F4; border-left: 8px solid transparent; transform: translateY(-4px) translateX(8px);\"><\/div>\n<\/div>\n<\/div>\n<div style=\"display: flex; flex-direction: column; flex-grow: 1; justify-content: center; margin-bottom: 24px;\">\n<div style=\"background-color: #f4f4f4; border-radius: 4px; flex-grow: 0; height: 14px; margin-bottom: 6px; width: 224px;\"><\/div>\n<div style=\"background-color: #f4f4f4; border-radius: 4px; flex-grow: 0; height: 14px; width: 144px;\"><\/div>\n<\/div>\n<p>&nbsp;<\/p>\n<p style=\"color: #c9c8cd; font-family: Arial,sans-serif; font-size: 14px; line-height: 17px; margin-bottom: 0; margin-top: 8px; overflow: hidden; padding: 8px 0 7px; text-align: center; text-overflow: ellipsis; white-space: nowrap;\"><a style=\"color: #c9c8cd; font-family: Arial,sans-serif; font-size: 14px; font-style: normal; font-weight: normal; line-height: 17px; text-decoration: none;\" href=\"https:\/\/www.instagram.com\/p\/DPY_tbCDQad\/?utm_source=ig_embed&amp;utm_campaign=loading\" target=\"_blank\" rel=\"noopener\">Uma publica\u00e7\u00e3o compartilhada por Djamila Ribeiro (@djamilaribeiro1)<\/a><\/p>\n<\/div>\n<\/blockquote>\n<p><script async src=\"\/\/www.instagram.com\/embed.js\"><\/script><\/p>\n<p data-start=\"153\" data-end=\"215\"><strong data-start=\"153\" data-end=\"215\">Contenu traduit avec l\u2019aide de l\u2019intelligence artificielle<\/strong><\/p>\n","protected":false},"excerpt":{"rendered":"<p>La philosophe et \u00e9crivaine partage ses premi\u00e8res impressions sur l\u2019ann\u00e9e qu\u2019elle passera aux \u00c9tats-Unis, consacr\u00e9e \u00e0 l\u2019enseignement et \u00e0 l\u2019\u00e9criture. Djamila a entam\u00e9 un nouveau chapitre important de sa trajectoire acad\u00e9mique. Il y a neuf jours, elle est arriv\u00e9e \u00e0 Cambridge, dans le Massachusetts, aux \u00c9tats-Unis \u2014 la ville qui sera son foyer pendant l\u2019ann\u00e9e [&hellip;]<\/p>\n","protected":false},"author":1,"featured_media":4461,"comment_status":"open","ping_status":"open","sticky":false,"template":"","format":"standard","meta":{"inline_featured_image":false},"categories":[785],"tags":[1428,969,1441,939,1429,1430,1431,1336,1119,1432,1440,1438,1433,1439],"acf":[],"yoast_head":"<!-- This site is optimized with the Yoast SEO plugin v20.5 - https:\/\/yoast.com\/wordpress\/plugins\/seo\/ -->\n<title>Djamila entame une nouvelle \u00e9tape \u00e0 Cambridge - Djamila Ribeiro<\/title>\n<meta name=\"description\" content=\"Dans cette nouvelle \u00e9tape en tant que professeure invit\u00e9e au MIT, Djamila trouve un accueil chaleureux et le temps de d\u00e9velopper ses projets.\" \/>\n<meta name=\"robots\" content=\"index, follow, max-snippet:-1, max-image-preview:large, max-video-preview:-1\" \/>\n<link rel=\"canonical\" href=\"https:\/\/www.djamilaribeiro.com.br\/fr\/djamila-inicia-nova-jornada-academica-em-cambridge\/\" \/>\n<meta property=\"og:locale\" content=\"pt_BR\" \/>\n<meta property=\"og:type\" content=\"article\" \/>\n<meta property=\"og:title\" content=\"Djamila entame une nouvelle \u00e9tape \u00e0 Cambridge - Djamila Ribeiro\" \/>\n<meta property=\"og:description\" content=\"Dans cette nouvelle \u00e9tape en tant que professeure invit\u00e9e au MIT, Djamila trouve un accueil chaleureux et le temps de d\u00e9velopper ses projets.\" \/>\n<meta property=\"og:url\" content=\"https:\/\/www.djamilaribeiro.com.br\/fr\/djamila-inicia-nova-jornada-academica-em-cambridge\/\" \/>\n<meta property=\"og:site_name\" content=\"Djamila Ribeiro\" \/>\n<meta property=\"article:published_time\" content=\"2025-10-06T15:52:27+00:00\" \/>\n<meta property=\"article:modified_time\" content=\"2025-11-02T12:26:02+00:00\" \/>\n<meta property=\"og:image\" content=\"https:\/\/www.djamilaribeiro.com.br\/wp-content\/uploads\/2025\/10\/djamila_1.jpg\" \/>\n\t<meta property=\"og:image:width\" content=\"1080\" \/>\n\t<meta property=\"og:image:height\" content=\"1424\" \/>\n\t<meta property=\"og:image:type\" content=\"image\/jpeg\" \/>\n<meta name=\"author\" content=\"Reda\u00e7\u00e3o\" \/>\n<meta name=\"twitter:card\" content=\"summary_large_image\" \/>\n<meta name=\"twitter:label1\" content=\"Escrito por\" \/>\n\t<meta name=\"twitter:data1\" content=\"Reda\u00e7\u00e3o\" \/>\n\t<meta name=\"twitter:label2\" content=\"Est. tempo de leitura\" \/>\n\t<meta name=\"twitter:data2\" content=\"3 minutos\" \/>\n<script type=\"application\/ld+json\" class=\"yoast-schema-graph\">{\"@context\":\"https:\/\/schema.org\",\"@graph\":[{\"@type\":\"WebPage\",\"@id\":\"https:\/\/www.djamilaribeiro.com.br\/fr\/djamila-inicia-nova-jornada-academica-em-cambridge\/\",\"url\":\"https:\/\/www.djamilaribeiro.com.br\/fr\/djamila-inicia-nova-jornada-academica-em-cambridge\/\",\"name\":\"Djamila entame une nouvelle \u00e9tape \u00e0 Cambridge - Djamila Ribeiro\",\"isPartOf\":{\"@id\":\"https:\/\/www.djamilaribeiro.com.br\/#website\"},\"datePublished\":\"2025-10-06T15:52:27+00:00\",\"dateModified\":\"2025-11-02T12:26:02+00:00\",\"author\":{\"@id\":\"https:\/\/www.djamilaribeiro.com.br\/#\/schema\/person\/a928f404cf733e4c62686bedd437b9ee\"},\"description\":\"Dans cette nouvelle \u00e9tape en tant que professeure invit\u00e9e au MIT, Djamila trouve un accueil chaleureux et le temps de d\u00e9velopper ses projets.\",\"breadcrumb\":{\"@id\":\"https:\/\/www.djamilaribeiro.com.br\/fr\/djamila-inicia-nova-jornada-academica-em-cambridge\/#breadcrumb\"},\"inLanguage\":\"pt-BR\",\"potentialAction\":[{\"@type\":\"ReadAction\",\"target\":[\"https:\/\/www.djamilaribeiro.com.br\/fr\/djamila-inicia-nova-jornada-academica-em-cambridge\/\"]}]},{\"@type\":\"BreadcrumbList\",\"@id\":\"https:\/\/www.djamilaribeiro.com.br\/fr\/djamila-inicia-nova-jornada-academica-em-cambridge\/#breadcrumb\",\"itemListElement\":[{\"@type\":\"ListItem\",\"position\":1,\"name\":\"In\u00edcio\",\"item\":\"https:\/\/www.djamilaribeiro.com.br\/fr\/\"},{\"@type\":\"ListItem\",\"position\":2,\"name\":\"Djamila entame une nouvelle \u00e9tape \u00e0 Cambridge\"}]},{\"@type\":\"WebSite\",\"@id\":\"https:\/\/www.djamilaribeiro.com.br\/#website\",\"url\":\"https:\/\/www.djamilaribeiro.com.br\/\",\"name\":\"Djamila Ribeiro\",\"description\":\"\",\"potentialAction\":[{\"@type\":\"SearchAction\",\"target\":{\"@type\":\"EntryPoint\",\"urlTemplate\":\"https:\/\/www.djamilaribeiro.com.br\/?s={search_term_string}\"},\"query-input\":\"required name=search_term_string\"}],\"inLanguage\":\"pt-BR\"},{\"@type\":\"Person\",\"@id\":\"https:\/\/www.djamilaribeiro.com.br\/#\/schema\/person\/a928f404cf733e4c62686bedd437b9ee\",\"name\":\"Reda\u00e7\u00e3o\",\"image\":{\"@type\":\"ImageObject\",\"inLanguage\":\"pt-BR\",\"@id\":\"https:\/\/www.djamilaribeiro.com.br\/#\/schema\/person\/image\/\",\"url\":\"https:\/\/secure.gravatar.com\/avatar\/e22ea52208b383d899430021cb4ecf26?s=96&d=mm&r=g\",\"contentUrl\":\"https:\/\/secure.gravatar.com\/avatar\/e22ea52208b383d899430021cb4ecf26?s=96&d=mm&r=g\",\"caption\":\"Reda\u00e7\u00e3o\"},\"sameAs\":[\"https:\/\/localhost\"],\"url\":\"https:\/\/www.djamilaribeiro.com.br\/fr\/author\/djamila\/\"}]}<\/script>\n<!-- \/ Yoast SEO plugin. -->","yoast_head_json":{"title":"Djamila entame une nouvelle \u00e9tape \u00e0 Cambridge - Djamila Ribeiro","description":"Dans cette nouvelle \u00e9tape en tant que professeure invit\u00e9e au MIT, Djamila trouve un accueil chaleureux et le temps de d\u00e9velopper ses projets.","robots":{"index":"index","follow":"follow","max-snippet":"max-snippet:-1","max-image-preview":"max-image-preview:large","max-video-preview":"max-video-preview:-1"},"canonical":"https:\/\/www.djamilaribeiro.com.br\/fr\/djamila-inicia-nova-jornada-academica-em-cambridge\/","og_locale":"pt_BR","og_type":"article","og_title":"Djamila entame une nouvelle \u00e9tape \u00e0 Cambridge - Djamila Ribeiro","og_description":"Dans cette nouvelle \u00e9tape en tant que professeure invit\u00e9e au MIT, Djamila trouve un accueil chaleureux et le temps de d\u00e9velopper ses projets.","og_url":"https:\/\/www.djamilaribeiro.com.br\/fr\/djamila-inicia-nova-jornada-academica-em-cambridge\/","og_site_name":"Djamila Ribeiro","article_published_time":"2025-10-06T15:52:27+00:00","article_modified_time":"2025-11-02T12:26:02+00:00","og_image":[{"width":1080,"height":1424,"url":"https:\/\/www.djamilaribeiro.com.br\/wp-content\/uploads\/2025\/10\/djamila_1.jpg","type":"image\/jpeg"}],"author":"Reda\u00e7\u00e3o","twitter_card":"summary_large_image","twitter_misc":{"Escrito por":"Reda\u00e7\u00e3o","Est. tempo de leitura":"3 minutos"},"schema":{"@context":"https:\/\/schema.org","@graph":[{"@type":"WebPage","@id":"https:\/\/www.djamilaribeiro.com.br\/fr\/djamila-inicia-nova-jornada-academica-em-cambridge\/","url":"https:\/\/www.djamilaribeiro.com.br\/fr\/djamila-inicia-nova-jornada-academica-em-cambridge\/","name":"Djamila entame une nouvelle \u00e9tape \u00e0 Cambridge - Djamila Ribeiro","isPartOf":{"@id":"https:\/\/www.djamilaribeiro.com.br\/#website"},"datePublished":"2025-10-06T15:52:27+00:00","dateModified":"2025-11-02T12:26:02+00:00","author":{"@id":"https:\/\/www.djamilaribeiro.com.br\/#\/schema\/person\/a928f404cf733e4c62686bedd437b9ee"},"description":"Dans cette nouvelle \u00e9tape en tant que professeure invit\u00e9e au MIT, Djamila trouve un accueil chaleureux et le temps de d\u00e9velopper ses projets.","breadcrumb":{"@id":"https:\/\/www.djamilaribeiro.com.br\/fr\/djamila-inicia-nova-jornada-academica-em-cambridge\/#breadcrumb"},"inLanguage":"pt-BR","potentialAction":[{"@type":"ReadAction","target":["https:\/\/www.djamilaribeiro.com.br\/fr\/djamila-inicia-nova-jornada-academica-em-cambridge\/"]}]},{"@type":"BreadcrumbList","@id":"https:\/\/www.djamilaribeiro.com.br\/fr\/djamila-inicia-nova-jornada-academica-em-cambridge\/#breadcrumb","itemListElement":[{"@type":"ListItem","position":1,"name":"In\u00edcio","item":"https:\/\/www.djamilaribeiro.com.br\/fr\/"},{"@type":"ListItem","position":2,"name":"Djamila entame une nouvelle \u00e9tape \u00e0 Cambridge"}]},{"@type":"WebSite","@id":"https:\/\/www.djamilaribeiro.com.br\/#website","url":"https:\/\/www.djamilaribeiro.com.br\/","name":"Djamila Ribeiro","description":"","potentialAction":[{"@type":"SearchAction","target":{"@type":"EntryPoint","urlTemplate":"https:\/\/www.djamilaribeiro.com.br\/?s={search_term_string}"},"query-input":"required name=search_term_string"}],"inLanguage":"pt-BR"},{"@type":"Person","@id":"https:\/\/www.djamilaribeiro.com.br\/#\/schema\/person\/a928f404cf733e4c62686bedd437b9ee","name":"Reda\u00e7\u00e3o","image":{"@type":"ImageObject","inLanguage":"pt-BR","@id":"https:\/\/www.djamilaribeiro.com.br\/#\/schema\/person\/image\/","url":"https:\/\/secure.gravatar.com\/avatar\/e22ea52208b383d899430021cb4ecf26?s=96&d=mm&r=g","contentUrl":"https:\/\/secure.gravatar.com\/avatar\/e22ea52208b383d899430021cb4ecf26?s=96&d=mm&r=g","caption":"Reda\u00e7\u00e3o"},"sameAs":["https:\/\/localhost"],"url":"https:\/\/www.djamilaribeiro.com.br\/fr\/author\/djamila\/"}]}},"amp_enabled":true,"_links":{"self":[{"href":"https:\/\/www.djamilaribeiro.com.br\/fr\/wp-json\/wp\/v2\/posts\/4470"}],"collection":[{"href":"https:\/\/www.djamilaribeiro.com.br\/fr\/wp-json\/wp\/v2\/posts"}],"about":[{"href":"https:\/\/www.djamilaribeiro.com.br\/fr\/wp-json\/wp\/v2\/types\/post"}],"author":[{"embeddable":true,"href":"https:\/\/www.djamilaribeiro.com.br\/fr\/wp-json\/wp\/v2\/users\/1"}],"replies":[{"embeddable":true,"href":"https:\/\/www.djamilaribeiro.com.br\/fr\/wp-json\/wp\/v2\/comments?post=4470"}],"version-history":[{"count":6,"href":"https:\/\/www.djamilaribeiro.com.br\/fr\/wp-json\/wp\/v2\/posts\/4470\/revisions"}],"predecessor-version":[{"id":4623,"href":"https:\/\/www.djamilaribeiro.com.br\/fr\/wp-json\/wp\/v2\/posts\/4470\/revisions\/4623"}],"wp:featuredmedia":[{"embeddable":true,"href":"https:\/\/www.djamilaribeiro.com.br\/fr\/wp-json\/wp\/v2\/media\/4461"}],"wp:attachment":[{"href":"https:\/\/www.djamilaribeiro.com.br\/fr\/wp-json\/wp\/v2\/media?parent=4470"}],"wp:term":[{"taxonomy":"category","embeddable":true,"href":"https:\/\/www.djamilaribeiro.com.br\/fr\/wp-json\/wp\/v2\/categories?post=4470"},{"taxonomy":"post_tag","embeddable":true,"href":"https:\/\/www.djamilaribeiro.com.br\/fr\/wp-json\/wp\/v2\/tags?post=4470"}],"curies":[{"name":"wp","href":"https:\/\/api.w.org\/{rel}","templated":true}]}}