{"id":4498,"date":"2025-10-20T10:02:26","date_gmt":"2025-10-20T13:02:26","guid":{"rendered":"https:\/\/www.djamilaribeiro.com.br\/opinion-djamila-ribeiro-independence-or-death\/"},"modified":"2025-10-20T10:18:11","modified_gmt":"2025-10-20T13:18:11","slug":"opinion-djamila-ribeiro-independance-ou-mort","status":"publish","type":"post","link":"https:\/\/www.djamilaribeiro.com.br\/fr\/opinion-djamila-ribeiro-independance-ou-mort\/","title":{"rendered":"Opinion \u2013 Djamila Ribeiro : Ind\u00e9pendance ou mort"},"content":{"rendered":"<p data-start=\"4687\" data-end=\"4890\"><em>Texte publi\u00e9 initialement dans Folha de S.Paulo le 28 ao\u00fbt 2025<\/em><\/p>\n<p data-start=\"4687\" data-end=\"4890\">Dans un contexte polaris\u00e9, o\u00f9 les d\u00e9bats fondamentaux sont r\u00e9duits \u00e0 des disputes passionn\u00e9es comparables \u00e0 des rivalit\u00e9s footballistiques, l&#8217;id\u00e9e d&#8217;ind\u00e9pendance demeure une valeur \u00e9thique indispensable.<\/p>\n<p data-start=\"4892\" data-end=\"5319\">Je ne parle pas uniquement de l\u2019ind\u00e9pendance politique ou \u00e9conomique \u2014 toutes deux pr\u00e9cieuses \u00e0 leur mani\u00e8re \u2014, mais de celle qui rel\u00e8ve du domaine de la pens\u00e9e : l\u2019autonomie de r\u00e9fl\u00e9chir sans se soumettre \u00e0 des consensus faciles, d\u2019agir sans chercher l\u2019approbation d\u2019autrui. L\u2019ind\u00e9pendance intellectuelle \u2014 condition aussi rare que pr\u00e9cieuse \u2014 me rappelle les vers de S\u00e9rgio Sampaio dans <em data-start=\"5281\" data-end=\"5299\">\u00ab Sinceramente \u00bb<\/em>, lorsqu\u2019il chante :<\/p>\n<blockquote data-start=\"5321\" data-end=\"5718\">\n<p data-start=\"5323\" data-end=\"5718\">\u00ab Il n\u2019y a rien de plus beau que d\u2019\u00eatre ind\u00e9pendant.<br data-start=\"5375\" data-end=\"5378\" \/>Et pouvoir se conqu\u00e9rir, partir, arriver, ainsi, tout simplement.<br data-start=\"5445\" data-end=\"5448\" \/>Il n\u2019y a rien de plus paisible que d\u2019\u00eatre ce que l\u2019on ressent.<br data-start=\"5512\" data-end=\"5515\" \/>Et pouvoir aimer, perdre, pleurer, puis gagner, ainsi, librement.<br data-start=\"5582\" data-end=\"5585\" \/>Il n\u2019y a rien de plus solitaire que d\u2019\u00eatre intelligent<br data-start=\"5641\" data-end=\"5644\" \/>et de pouvoir fredonner, se tromper, chanter faux, ainsi, sinc\u00e8rement. \u00bb<\/p>\n<\/blockquote>\n<p data-start=\"5720\" data-end=\"6020\">Il est beau d\u2019assumer ce que l\u2019on est, de gagner, de perdre, mais de rester fid\u00e8le \u00e0 soi-m\u00eame. Dans <em data-start=\"5820\" data-end=\"5844\">\u00ab Mes mots seront l\u00e0 \u00bb<\/em>, la po\u00e9tesse f\u00e9ministe noire Audre Lorde a \u00e9galement livr\u00e9 une r\u00e9flexion puissante sur l\u2019ind\u00e9pendance, en \u00e9crivant des lignes inoubliables qui me fortifient \u00e0 chaque lecture :<\/p>\n<blockquote data-start=\"6022\" data-end=\"6270\">\n<p data-start=\"6024\" data-end=\"6270\">\u00ab Mes critiques ont toujours voulu me voir sous un certain angle. Les gens font cela. Il est plus facile de g\u00e9rer une po\u00e9tesse \u2014 surtout une po\u00e9tesse noire \u2014 lorsqu\u2019on la classe, qu\u2019on la limite suffisamment pour qu\u2019elle remplisse vos attentes. \u00bb<\/p>\n<\/blockquote>\n<p data-start=\"6272\" data-end=\"6291\">Et Lorde poursuit :<\/p>\n<blockquote data-start=\"6293\" data-end=\"6585\">\n<p data-start=\"6295\" data-end=\"6585\">\u00ab Mais j\u2019ai toujours senti que je ne pouvais pas \u00eatre cat\u00e9goris\u00e9e, et ce sentiment a \u00e9t\u00e9 \u00e0 la fois ma faiblesse et ma force. Ma faiblesse, car mon ind\u00e9pendance m\u2019a co\u00fbt\u00e9 le soutien de certaines personnes. Mais voyez-vous, cela a aussi \u00e9t\u00e9 ma force, car cela me donne le pouvoir d\u2019avancer. \u00bb<\/p>\n<\/blockquote>\n<blockquote data-start=\"6587\" data-end=\"6790\">\n<p data-start=\"6589\" data-end=\"6790\">\u00ab Je ne sais pas comment j\u2019aurais surv\u00e9cu \u00e0 ce que j\u2019ai travers\u00e9 et continu\u00e9 \u00e0 cr\u00e9er si je n\u2019avais pas senti que c\u2019est tout ce que je suis qui me comble et satisfait ma vision du monde \u00bb, conclut-elle.<\/p>\n<\/blockquote>\n<p data-start=\"6792\" data-end=\"7166\">Le g\u00e9ographe br\u00e9silien Milton Santos affirmait que l\u2019intellectuel ne pouvait \u00eatre esclave de la pens\u00e9e d\u2019autrui. Il critiquait ce qu\u2019il appelait la pens\u00e9e mim\u00e9tique : la r\u00e9p\u00e9tition pure et simple de th\u00e9ories produites dans d\u2019autres contextes, sans esprit critique ni adaptation. Pour lui, l\u2019ind\u00e9pendance \u00e9tait une condition sine qua non pour m\u00e9riter le titre d\u2019intellectuel.<\/p>\n<p data-start=\"7168\" data-end=\"7648\">L\u2019ind\u00e9pendance a un prix \u00e9lev\u00e9 : elle exige le courage d\u2019affronter les boycotts, les attaques, les tentatives de d\u00e9l\u00e9gitimation. Dans des soci\u00e9t\u00e9s marqu\u00e9es par la normalisation des in\u00e9galit\u00e9s et la manipulation de l\u2019opinion publique, penser de mani\u00e8re ind\u00e9pendante revient \u00e0 refuser le confort de la m\u00e9diocrit\u00e9 et l\u2019anesth\u00e9sie du consensus. C\u2019est pourquoi elle d\u00e9range. C\u2019est pourquoi elle est surveill\u00e9e. \u00catre ind\u00e9pendant, c\u2019est refuser la domestication de l\u2019imaginaire critique.<\/p>\n<p data-start=\"7650\" data-end=\"8181\">Pouss\u00e9e \u00e0 son extr\u00eame, l\u2019ind\u00e9pendance est une expression de la libert\u00e9 : elle ne demande pas la permission aux structures, ne reconna\u00eet pas comme naturelles les hi\u00e9rarchies impos\u00e9es, et ne se plie pas au chantage du pouvoir. \u00catre ind\u00e9pendant, c\u2019est affirmer qu\u2019aucune institution n\u2019est sacr\u00e9e et qu\u2019aucune autorit\u00e9 n\u2019est intouchable. C\u2019est refuser le th\u00e9\u00e2tre des ob\u00e9issances quotidiennes \u2014 le vote captif, l\u2019enthousiasme aveugle, les petits cercles d\u2019initi\u00e9s, la critique facile \u2014 pour revendiquer la dignit\u00e9 de vivre sans cha\u00eenes.<\/p>\n<p data-start=\"8183\" data-end=\"8589\">C\u2019est rejeter le mythe de l\u2019\u00ab ordre et progr\u00e8s \u00bb afin de r\u00e9v\u00e9ler que ce que l\u2019on appelle \u00ab ordre \u00bb n\u2019est souvent que la chor\u00e9graphie calcul\u00e9e de l\u2019in\u00e9galit\u00e9. C\u2019est d\u00e9fendre la pens\u00e9e critique face \u00e0 sa mort annonc\u00e9e, l\u2019exer\u00e7ant avec maturit\u00e9 et respect, sans jamais abdiquer de sa propre conviction. Car l\u2019ind\u00e9pendance n\u2019est ni folie, ni irr\u00e9v\u00e9rence : elle est la forme la plus exigeante de responsabilit\u00e9.<\/p>\n<p data-start=\"8591\" data-end=\"9168\">Pour les femmes noires dans une soci\u00e9t\u00e9 capitaliste, raciste et patriarcale, \u00eatre ind\u00e9pendante, c\u2019est un jeu de capoeira : une rencontre entre danse et combat. Issues de positions \u00e9conomiques pr\u00e9caires, elles doivent faire preuve de ruse pour avancer, savoir esquiver les coups, savoir frapper, comprendre que le silence n\u2019est pas toujours un consentement, mais souvent une strat\u00e9gie de survie. C\u2019est une danse qui exige solitude, mais projette la solidarit\u00e9, car se lib\u00e9rer des cha\u00eenes de la pens\u00e9e h\u00e9g\u00e9monique, c\u2019est aussi ouvrir l\u2019espace pour que d\u2019autres puissent respirer.<\/p>\n<p data-start=\"9170\" data-end=\"9410\">L\u2019autre jour, je regardais le film indien <em data-start=\"9212\" data-end=\"9243\">\u00ab La Voix de l\u2019\u00e9mancipation \u00bb<\/em>. Dans une sc\u00e8ne, un personnage tente de corrompre l\u2019homme fort du quartier. Celui-ci, offens\u00e9, r\u00e9torque : \u00ab Tu veux corrompre un oiseau libre avec une simple cage ? \u00bb<\/p>\n<p data-start=\"9412\" data-end=\"9577\">Pour paraphraser : si je devais r\u00e9sumer le sens de l\u2019ind\u00e9pendance, je dirais \u2014<br data-start=\"9490\" data-end=\"9493\" \/><strong data-start=\"9493\" data-end=\"9577\">on n\u2019impressionne pas un oiseau libre avec une cage. Son destin, c\u2019est de voler.<\/strong><\/p>\n<p data-start=\"9412\" data-end=\"9577\"><em>Contenu traduit avec l\u2019aide de l\u2019intelligence artificielle<\/em><\/p>\n","protected":false},"excerpt":{"rendered":"<p>Texte publi\u00e9 initialement dans Folha de S.Paulo le 28 ao\u00fbt 2025 Dans un contexte polaris\u00e9, o\u00f9 les d\u00e9bats fondamentaux sont r\u00e9duits \u00e0 des disputes passionn\u00e9es comparables \u00e0 des rivalit\u00e9s footballistiques, l&#8217;id\u00e9e d&#8217;ind\u00e9pendance demeure une valeur \u00e9thique indispensable. Je ne parle pas uniquement de l\u2019ind\u00e9pendance politique ou \u00e9conomique \u2014 toutes deux pr\u00e9cieuses \u00e0 leur mani\u00e8re \u2014, [&hellip;]<\/p>\n","protected":false},"author":1,"featured_media":4493,"comment_status":"open","ping_status":"open","sticky":false,"template":"","format":"standard","meta":{"inline_featured_image":false},"categories":[785],"tags":[1164,1455,1457,1446,1447,1448,1151,1453,1451,1454,1452,1456],"acf":[],"yoast_head":"<!-- This site is optimized with the Yoast SEO plugin v20.5 - https:\/\/yoast.com\/wordpress\/plugins\/seo\/ -->\n<title>Opinion \u2013 Djamila Ribeiro : Ind\u00e9pendance ou mort - Djamila Ribeiro<\/title>\n<meta name=\"description\" content=\"Revendiquer l\u2019ind\u00e9pendance intellectuelle est un acte radical de libert\u00e9 \u2014 surtout pour les femmes noires dans une soci\u00e9t\u00e9 in\u00e9galitaire.\" \/>\n<meta name=\"robots\" content=\"index, follow, max-snippet:-1, max-image-preview:large, max-video-preview:-1\" \/>\n<link rel=\"canonical\" href=\"https:\/\/www.djamilaribeiro.com.br\/fr\/opinion-djamila-ribeiro-independance-ou-mort\/\" \/>\n<meta property=\"og:locale\" content=\"pt_BR\" \/>\n<meta property=\"og:type\" content=\"article\" \/>\n<meta property=\"og:title\" content=\"Opinion \u2013 Djamila Ribeiro : Ind\u00e9pendance ou mort - Djamila Ribeiro\" \/>\n<meta property=\"og:description\" content=\"Revendiquer l\u2019ind\u00e9pendance intellectuelle est un acte radical de libert\u00e9 \u2014 surtout pour les femmes noires dans une soci\u00e9t\u00e9 in\u00e9galitaire.\" \/>\n<meta property=\"og:url\" content=\"https:\/\/www.djamilaribeiro.com.br\/fr\/opinion-djamila-ribeiro-independance-ou-mort\/\" \/>\n<meta property=\"og:site_name\" content=\"Djamila Ribeiro\" \/>\n<meta property=\"article:published_time\" content=\"2025-10-20T13:02:26+00:00\" \/>\n<meta property=\"article:modified_time\" content=\"2025-10-20T13:18:11+00:00\" \/>\n<meta property=\"og:image\" content=\"https:\/\/www.djamilaribeiro.com.br\/wp-content\/uploads\/2025\/10\/passarinho-abstrato.jpg\" \/>\n\t<meta property=\"og:image:width\" content=\"1024\" \/>\n\t<meta property=\"og:image:height\" content=\"1024\" \/>\n\t<meta property=\"og:image:type\" content=\"image\/jpeg\" \/>\n<meta name=\"author\" content=\"Reda\u00e7\u00e3o\" \/>\n<meta name=\"twitter:card\" content=\"summary_large_image\" \/>\n<meta name=\"twitter:label1\" content=\"Escrito por\" \/>\n\t<meta name=\"twitter:data1\" content=\"Reda\u00e7\u00e3o\" \/>\n\t<meta name=\"twitter:label2\" content=\"Est. tempo de leitura\" \/>\n\t<meta name=\"twitter:data2\" content=\"5 minutos\" \/>\n<script type=\"application\/ld+json\" class=\"yoast-schema-graph\">{\"@context\":\"https:\/\/schema.org\",\"@graph\":[{\"@type\":\"WebPage\",\"@id\":\"https:\/\/www.djamilaribeiro.com.br\/fr\/opinion-djamila-ribeiro-independance-ou-mort\/\",\"url\":\"https:\/\/www.djamilaribeiro.com.br\/fr\/opinion-djamila-ribeiro-independance-ou-mort\/\",\"name\":\"Opinion \u2013 Djamila Ribeiro : Ind\u00e9pendance ou mort - Djamila Ribeiro\",\"isPartOf\":{\"@id\":\"https:\/\/www.djamilaribeiro.com.br\/#website\"},\"datePublished\":\"2025-10-20T13:02:26+00:00\",\"dateModified\":\"2025-10-20T13:18:11+00:00\",\"author\":{\"@id\":\"https:\/\/www.djamilaribeiro.com.br\/#\/schema\/person\/a928f404cf733e4c62686bedd437b9ee\"},\"description\":\"Revendiquer l\u2019ind\u00e9pendance intellectuelle est un acte radical de libert\u00e9 \u2014 surtout pour les femmes noires dans une soci\u00e9t\u00e9 in\u00e9galitaire.\",\"breadcrumb\":{\"@id\":\"https:\/\/www.djamilaribeiro.com.br\/fr\/opinion-djamila-ribeiro-independance-ou-mort\/#breadcrumb\"},\"inLanguage\":\"pt-BR\",\"potentialAction\":[{\"@type\":\"ReadAction\",\"target\":[\"https:\/\/www.djamilaribeiro.com.br\/fr\/opinion-djamila-ribeiro-independance-ou-mort\/\"]}]},{\"@type\":\"BreadcrumbList\",\"@id\":\"https:\/\/www.djamilaribeiro.com.br\/fr\/opinion-djamila-ribeiro-independance-ou-mort\/#breadcrumb\",\"itemListElement\":[{\"@type\":\"ListItem\",\"position\":1,\"name\":\"In\u00edcio\",\"item\":\"https:\/\/www.djamilaribeiro.com.br\/fr\/\"},{\"@type\":\"ListItem\",\"position\":2,\"name\":\"Opinion \u2013 Djamila Ribeiro : Ind\u00e9pendance ou mort\"}]},{\"@type\":\"WebSite\",\"@id\":\"https:\/\/www.djamilaribeiro.com.br\/#website\",\"url\":\"https:\/\/www.djamilaribeiro.com.br\/\",\"name\":\"Djamila Ribeiro\",\"description\":\"\",\"potentialAction\":[{\"@type\":\"SearchAction\",\"target\":{\"@type\":\"EntryPoint\",\"urlTemplate\":\"https:\/\/www.djamilaribeiro.com.br\/?s={search_term_string}\"},\"query-input\":\"required name=search_term_string\"}],\"inLanguage\":\"pt-BR\"},{\"@type\":\"Person\",\"@id\":\"https:\/\/www.djamilaribeiro.com.br\/#\/schema\/person\/a928f404cf733e4c62686bedd437b9ee\",\"name\":\"Reda\u00e7\u00e3o\",\"image\":{\"@type\":\"ImageObject\",\"inLanguage\":\"pt-BR\",\"@id\":\"https:\/\/www.djamilaribeiro.com.br\/#\/schema\/person\/image\/\",\"url\":\"https:\/\/secure.gravatar.com\/avatar\/e22ea52208b383d899430021cb4ecf26?s=96&d=mm&r=g\",\"contentUrl\":\"https:\/\/secure.gravatar.com\/avatar\/e22ea52208b383d899430021cb4ecf26?s=96&d=mm&r=g\",\"caption\":\"Reda\u00e7\u00e3o\"},\"sameAs\":[\"https:\/\/localhost\"],\"url\":\"https:\/\/www.djamilaribeiro.com.br\/fr\/author\/djamila\/\"}]}<\/script>\n<!-- \/ Yoast SEO plugin. -->","yoast_head_json":{"title":"Opinion \u2013 Djamila Ribeiro : Ind\u00e9pendance ou mort - Djamila Ribeiro","description":"Revendiquer l\u2019ind\u00e9pendance intellectuelle est un acte radical de libert\u00e9 \u2014 surtout pour les femmes noires dans une soci\u00e9t\u00e9 in\u00e9galitaire.","robots":{"index":"index","follow":"follow","max-snippet":"max-snippet:-1","max-image-preview":"max-image-preview:large","max-video-preview":"max-video-preview:-1"},"canonical":"https:\/\/www.djamilaribeiro.com.br\/fr\/opinion-djamila-ribeiro-independance-ou-mort\/","og_locale":"pt_BR","og_type":"article","og_title":"Opinion \u2013 Djamila Ribeiro : Ind\u00e9pendance ou mort - Djamila Ribeiro","og_description":"Revendiquer l\u2019ind\u00e9pendance intellectuelle est un acte radical de libert\u00e9 \u2014 surtout pour les femmes noires dans une soci\u00e9t\u00e9 in\u00e9galitaire.","og_url":"https:\/\/www.djamilaribeiro.com.br\/fr\/opinion-djamila-ribeiro-independance-ou-mort\/","og_site_name":"Djamila Ribeiro","article_published_time":"2025-10-20T13:02:26+00:00","article_modified_time":"2025-10-20T13:18:11+00:00","og_image":[{"width":1024,"height":1024,"url":"https:\/\/www.djamilaribeiro.com.br\/wp-content\/uploads\/2025\/10\/passarinho-abstrato.jpg","type":"image\/jpeg"}],"author":"Reda\u00e7\u00e3o","twitter_card":"summary_large_image","twitter_misc":{"Escrito por":"Reda\u00e7\u00e3o","Est. tempo de leitura":"5 minutos"},"schema":{"@context":"https:\/\/schema.org","@graph":[{"@type":"WebPage","@id":"https:\/\/www.djamilaribeiro.com.br\/fr\/opinion-djamila-ribeiro-independance-ou-mort\/","url":"https:\/\/www.djamilaribeiro.com.br\/fr\/opinion-djamila-ribeiro-independance-ou-mort\/","name":"Opinion \u2013 Djamila Ribeiro : Ind\u00e9pendance ou mort - Djamila Ribeiro","isPartOf":{"@id":"https:\/\/www.djamilaribeiro.com.br\/#website"},"datePublished":"2025-10-20T13:02:26+00:00","dateModified":"2025-10-20T13:18:11+00:00","author":{"@id":"https:\/\/www.djamilaribeiro.com.br\/#\/schema\/person\/a928f404cf733e4c62686bedd437b9ee"},"description":"Revendiquer l\u2019ind\u00e9pendance intellectuelle est un acte radical de libert\u00e9 \u2014 surtout pour les femmes noires dans une soci\u00e9t\u00e9 in\u00e9galitaire.","breadcrumb":{"@id":"https:\/\/www.djamilaribeiro.com.br\/fr\/opinion-djamila-ribeiro-independance-ou-mort\/#breadcrumb"},"inLanguage":"pt-BR","potentialAction":[{"@type":"ReadAction","target":["https:\/\/www.djamilaribeiro.com.br\/fr\/opinion-djamila-ribeiro-independance-ou-mort\/"]}]},{"@type":"BreadcrumbList","@id":"https:\/\/www.djamilaribeiro.com.br\/fr\/opinion-djamila-ribeiro-independance-ou-mort\/#breadcrumb","itemListElement":[{"@type":"ListItem","position":1,"name":"In\u00edcio","item":"https:\/\/www.djamilaribeiro.com.br\/fr\/"},{"@type":"ListItem","position":2,"name":"Opinion \u2013 Djamila Ribeiro : Ind\u00e9pendance ou mort"}]},{"@type":"WebSite","@id":"https:\/\/www.djamilaribeiro.com.br\/#website","url":"https:\/\/www.djamilaribeiro.com.br\/","name":"Djamila Ribeiro","description":"","potentialAction":[{"@type":"SearchAction","target":{"@type":"EntryPoint","urlTemplate":"https:\/\/www.djamilaribeiro.com.br\/?s={search_term_string}"},"query-input":"required name=search_term_string"}],"inLanguage":"pt-BR"},{"@type":"Person","@id":"https:\/\/www.djamilaribeiro.com.br\/#\/schema\/person\/a928f404cf733e4c62686bedd437b9ee","name":"Reda\u00e7\u00e3o","image":{"@type":"ImageObject","inLanguage":"pt-BR","@id":"https:\/\/www.djamilaribeiro.com.br\/#\/schema\/person\/image\/","url":"https:\/\/secure.gravatar.com\/avatar\/e22ea52208b383d899430021cb4ecf26?s=96&d=mm&r=g","contentUrl":"https:\/\/secure.gravatar.com\/avatar\/e22ea52208b383d899430021cb4ecf26?s=96&d=mm&r=g","caption":"Reda\u00e7\u00e3o"},"sameAs":["https:\/\/localhost"],"url":"https:\/\/www.djamilaribeiro.com.br\/fr\/author\/djamila\/"}]}},"amp_enabled":true,"_links":{"self":[{"href":"https:\/\/www.djamilaribeiro.com.br\/fr\/wp-json\/wp\/v2\/posts\/4498"}],"collection":[{"href":"https:\/\/www.djamilaribeiro.com.br\/fr\/wp-json\/wp\/v2\/posts"}],"about":[{"href":"https:\/\/www.djamilaribeiro.com.br\/fr\/wp-json\/wp\/v2\/types\/post"}],"author":[{"embeddable":true,"href":"https:\/\/www.djamilaribeiro.com.br\/fr\/wp-json\/wp\/v2\/users\/1"}],"replies":[{"embeddable":true,"href":"https:\/\/www.djamilaribeiro.com.br\/fr\/wp-json\/wp\/v2\/comments?post=4498"}],"version-history":[{"count":4,"href":"https:\/\/www.djamilaribeiro.com.br\/fr\/wp-json\/wp\/v2\/posts\/4498\/revisions"}],"predecessor-version":[{"id":4502,"href":"https:\/\/www.djamilaribeiro.com.br\/fr\/wp-json\/wp\/v2\/posts\/4498\/revisions\/4502"}],"wp:featuredmedia":[{"embeddable":true,"href":"https:\/\/www.djamilaribeiro.com.br\/fr\/wp-json\/wp\/v2\/media\/4493"}],"wp:attachment":[{"href":"https:\/\/www.djamilaribeiro.com.br\/fr\/wp-json\/wp\/v2\/media?parent=4498"}],"wp:term":[{"taxonomy":"category","embeddable":true,"href":"https:\/\/www.djamilaribeiro.com.br\/fr\/wp-json\/wp\/v2\/categories?post=4498"},{"taxonomy":"post_tag","embeddable":true,"href":"https:\/\/www.djamilaribeiro.com.br\/fr\/wp-json\/wp\/v2\/tags?post=4498"}],"curies":[{"name":"wp","href":"https:\/\/api.w.org\/{rel}","templated":true}]}}