{"id":4521,"date":"2025-10-21T11:06:22","date_gmt":"2025-10-21T14:06:22","guid":{"rendered":"https:\/\/www.djamilaribeiro.com.br\/djamila-ribeiro-lanca-em-portugal-o-inedito-travessias\/"},"modified":"2025-11-14T10:42:18","modified_gmt":"2025-11-14T13:42:18","slug":"djamila-ribeiro-publie-au-portugal-l-inedit-travessias","status":"publish","type":"post","link":"https:\/\/www.djamilaribeiro.com.br\/fr\/djamila-ribeiro-publie-au-portugal-l-inedit-travessias\/","title":{"rendered":"Djamila Ribeiro publie au Portugal l\u2019in\u00e9dit \u00ab\u202fTravessias\u202f\u00bb"},"content":{"rendered":"<p data-start=\"3367\" data-end=\"3574\"><strong>*Contenu traduit \u00e0 l&#8217;aide de l&#8217;intelligence artificielle.*<\/strong><\/p>\n<p data-start=\"3367\" data-end=\"3574\"><em data-start=\"3436\" data-end=\"3574\">Ouvrage \u00e9dit\u00e9 par Zeferino Coelho, avec une s\u00e9lection d\u2019articles parus dans la Folha de S.Paulo et une introduction in\u00e9dite de l\u2019autrice<\/em><\/p>\n<p data-start=\"3576\" data-end=\"3981\">La philosophe et \u00e9crivaine br\u00e9silienne <strong data-start=\"3615\" data-end=\"3634\">Djamila Ribeiro<\/strong> publiera en <strong data-start=\"3647\" data-end=\"3659\">novembre<\/strong>, exclusivement au <strong data-start=\"3678\" data-end=\"3690\">Portugal<\/strong>, son nouveau livre intitul\u00e9 <em data-start=\"3719\" data-end=\"3731\">Travessias<\/em>, aux \u00e9ditions <strong data-start=\"3746\" data-end=\"3767\">Editorial Caminho<\/strong> (groupe Leya). L\u2019ouvrage, d\u00e9j\u00e0 en <strong data-start=\"3802\" data-end=\"3814\">pr\u00e9vente<\/strong> sur le site de l\u2019\u00e9diteur, rassemble une s\u00e9lection d\u2019articles \u00e9crits pendant les deux premi\u00e8res ann\u00e9es de sa chronique hebdomadaire dans le journal <em data-start=\"3962\" data-end=\"3980\">Folha de S.Paulo<\/em>.<\/p>\n<p data-start=\"3983\" data-end=\"4293\">\u00c9dit\u00e9 par <strong data-start=\"3993\" data-end=\"4012\">Zeferino Coelho<\/strong>, c\u00e9l\u00e8bre pour avoir publi\u00e9 les \u0153uvres du prix Nobel <strong data-start=\"4065\" data-end=\"4082\">Jos\u00e9 Saramago<\/strong>, <em data-start=\"4084\" data-end=\"4096\">Travessias<\/em> fait suite au succ\u00e8s de <em data-start=\"4121\" data-end=\"4144\">Cartas para minha av\u00f3<\/em>, paru en 2024. Cette publication confirme la place de Djamila sur le march\u00e9 litt\u00e9raire portugais et \u00e9tend la port\u00e9e de sa pens\u00e9e critique en Europe.<\/p>\n<blockquote data-start=\"4295\" data-end=\"4565\">\n<p data-start=\"4297\" data-end=\"4565\">\u00ab <em data-start=\"4299\" data-end=\"4462\">Les questions du racisme ne sont pas uniquement br\u00e9siliennes, elles sont aussi portugaises. Et celles du machisme ne sont pas exclusivement br\u00e9siliennes non plus<\/em> \u00bb, souligne l\u2019\u00e9diteur, en insistant sur l\u2019actualit\u00e9 et la r\u00e9sonance du travail de Djamila au Portugal.<\/p>\n<\/blockquote>\n<p data-start=\"4567\" data-end=\"5002\">Avec un langage accessible et une grande rigueur analytique, les textes abordent le racisme structurel, les politiques publiques, le f\u00e9minisme noir, la culture et l\u2019\u00e9ducation. La s\u00e9lection permet de suivre la mani\u00e8re dont les concepts fondamentaux d\u00e9velopp\u00e9s par l\u2019autrice \u2014 dans des ouvrages comme <em data-start=\"4866\" data-end=\"4892\">Petit Manuel Antiraciste<\/em> et <em data-start=\"4896\" data-end=\"4912\">Lieu de Parole<\/em> \u2014 ont \u00e9t\u00e9 appliqu\u00e9s \u00e0 la conjoncture politique et sociale br\u00e9silienne entre 2019 et 2021.<\/p>\n<p data-start=\"5004\" data-end=\"5083\">Dans une <strong data-start=\"5013\" data-end=\"5037\">introduction in\u00e9dite<\/strong>, Djamila se pr\u00e9sente aux lecteurs portugais :<\/p>\n<blockquote data-start=\"5085\" data-end=\"5302\">\n<p data-start=\"5087\" data-end=\"5302\">\u00ab <em data-start=\"5089\" data-end=\"5300\">J\u2019ai \u00e9t\u00e9 publi\u00e9e au Portugal en 2024. Le livre Cartas para a minha Av\u00f3 a travers\u00e9 les mers et m\u2019a pr\u00e9sent\u00e9e \u00e0 un nouveau public de lecteurs et de lectrices. Et pourtant, je ressens le besoin de me pr\u00e9senter.<\/em> \u00bb<\/p>\n<\/blockquote>\n<p data-start=\"5304\" data-end=\"5359\">Elle y retrace son parcours personnel et intellectuel :<\/p>\n<blockquote data-start=\"5361\" data-end=\"5655\">\n<p data-start=\"5363\" data-end=\"5655\">\u00ab <em data-start=\"5365\" data-end=\"5653\">J\u2019ai grandi dans une famille compos\u00e9e d\u2019un docker syndicaliste et d\u2019une employ\u00e9e domestique adepte du candombl\u00e9. L\u2019ali\u00e9nation n\u2019\u00e9tait pas une option : nous savions que nous faisions partie d\u2019une famille noire de la classe ouvri\u00e8re et connaissions les cons\u00e9quences de ce point de d\u00e9part.<\/em> \u00bb<\/p>\n<\/blockquote>\n<p data-start=\"5657\" data-end=\"5886\">Cette perspective, m\u00ealant exp\u00e9rience v\u00e9cue, engagement militant et pens\u00e9e critique, est au c\u0153ur de l\u2019\u0153uvre de Djamila et prend une nouvelle dimension dans son dialogue avec la soci\u00e9t\u00e9 portugaise. Comme l\u2019observe Zeferino Coelho :<\/p>\n<blockquote data-start=\"5888\" data-end=\"6071\">\n<p data-start=\"5890\" data-end=\"6071\">\u00ab <em data-start=\"5892\" data-end=\"6069\">Djamila, qui vit peut-\u00eatre ces probl\u00e8mes de mani\u00e8re plus intense au Br\u00e9sil, est particuli\u00e8rement bien plac\u00e9e pour nous parler des enjeux li\u00e9s au racisme et \u00e0 l\u2019anti-f\u00e9minisme.<\/em> \u00bb<\/p>\n<\/blockquote>\n<p data-start=\"6073\" data-end=\"6229\">La publication de <em data-start=\"6091\" data-end=\"6103\">Travessias<\/em> confirme le r\u00f4le de Djamila Ribeiro comme <strong data-start=\"6146\" data-end=\"6228\">passeur entre des contextes marqu\u00e9s par des in\u00e9galit\u00e9s structurelles partag\u00e9es<\/strong>.<\/p>\n<hr data-start=\"2890\" data-end=\"2893\" \/>\n<p>\ud83d\udcd6 Pour commander le livre en pr\u00e9vente : <em><strong><a href=\"https:\/\/caminho.leya.com\/pt\/ciencias\/travessias\/\">Editorial\u00a0Caminho<\/a><\/strong><\/em><\/p>\n<p>&nbsp;<\/p>\n<blockquote class=\"instagram-media\" style=\"background: #FFF; border: 0; border-radius: 3px; box-shadow: 0 0 1px 0 rgba(0,0,0,0.5),0 1px 10px 0 rgba(0,0,0,0.15); margin: 1px; max-width: 540px; min-width: 326px; padding: 0; width: calc(100% - 2px);\" data-instgrm-captioned=\"\" data-instgrm-permalink=\"https:\/\/www.instagram.com\/reel\/DODYJ1nDHty\/?utm_source=ig_embed&amp;utm_campaign=loading\" data-instgrm-version=\"14\">\n<div style=\"padding: 16px;\">\n<p>&nbsp;<\/p>\n<div style=\"display: flex; flex-direction: row; align-items: center;\">\n<div style=\"background-color: #f4f4f4; border-radius: 50%; flex-grow: 0; height: 40px; margin-right: 14px; width: 40px;\"><\/div>\n<div style=\"display: flex; flex-direction: column; flex-grow: 1; justify-content: center;\">\n<div style=\"background-color: #f4f4f4; border-radius: 4px; flex-grow: 0; height: 14px; margin-bottom: 6px; width: 100px;\"><\/div>\n<div style=\"background-color: #f4f4f4; border-radius: 4px; flex-grow: 0; height: 14px; width: 60px;\"><\/div>\n<\/div>\n<\/div>\n<div style=\"padding: 19% 0;\"><\/div>\n<div style=\"display: block; height: 50px; margin: 0 auto 12px; width: 50px;\"><\/div>\n<div style=\"padding-top: 8px;\">\n<div style=\"color: #3897f0; font-family: Arial,sans-serif; font-size: 14px; font-style: normal; font-weight: 550; line-height: 18px;\">Ver essa foto no Instagram<\/div>\n<\/div>\n<div style=\"padding: 12.5% 0;\"><\/div>\n<div style=\"display: flex; flex-direction: row; margin-bottom: 14px; align-items: center;\">\n<div>\n<div style=\"background-color: #f4f4f4; border-radius: 50%; height: 12.5px; width: 12.5px; transform: translateX(0px) translateY(7px);\"><\/div>\n<div style=\"background-color: #f4f4f4; height: 12.5px; transform: rotate(-45deg) translateX(3px) translateY(1px); width: 12.5px; flex-grow: 0; margin-right: 14px; margin-left: 2px;\"><\/div>\n<div style=\"background-color: #f4f4f4; border-radius: 50%; height: 12.5px; width: 12.5px; transform: translateX(9px) translateY(-18px);\"><\/div>\n<\/div>\n<div style=\"margin-left: 8px;\">\n<div style=\"background-color: #f4f4f4; border-radius: 50%; flex-grow: 0; height: 20px; width: 20px;\"><\/div>\n<div style=\"width: 0; height: 0; border-top: 2px solid transparent; border-left: 6px solid #f4f4f4; border-bottom: 2px solid transparent; transform: translateX(16px) translateY(-4px) rotate(30deg);\"><\/div>\n<\/div>\n<div style=\"margin-left: auto;\">\n<div style=\"width: 0px; border-top: 8px solid #F4F4F4; border-right: 8px solid transparent; transform: translateY(16px);\"><\/div>\n<div style=\"background-color: #f4f4f4; flex-grow: 0; height: 12px; width: 16px; transform: translateY(-4px);\"><\/div>\n<div style=\"width: 0; height: 0; border-top: 8px solid #F4F4F4; border-left: 8px solid transparent; transform: translateY(-4px) translateX(8px);\"><\/div>\n<\/div>\n<\/div>\n<div style=\"display: flex; flex-direction: column; flex-grow: 1; justify-content: center; margin-bottom: 24px;\">\n<div style=\"background-color: #f4f4f4; border-radius: 4px; flex-grow: 0; height: 14px; margin-bottom: 6px; width: 224px;\"><\/div>\n<div style=\"background-color: #f4f4f4; border-radius: 4px; flex-grow: 0; height: 14px; width: 144px;\"><\/div>\n<\/div>\n<p>&nbsp;<\/p>\n<p style=\"color: #c9c8cd; font-family: Arial,sans-serif; font-size: 14px; line-height: 17px; margin-bottom: 0; margin-top: 8px; overflow: hidden; padding: 8px 0 7px; text-align: center; text-overflow: ellipsis; white-space: nowrap;\"><a style=\"color: #c9c8cd; font-family: Arial,sans-serif; font-size: 14px; font-style: normal; font-weight: normal; line-height: 17px; text-decoration: none;\" href=\"https:\/\/www.instagram.com\/reel\/DODYJ1nDHty\/?utm_source=ig_embed&amp;utm_campaign=loading\" target=\"_blank\" rel=\"noopener\">Uma publica\u00e7\u00e3o compartilhada por Zeferino Coelho (@diario.de.um.editor)<\/a><\/p>\n<\/div>\n<\/blockquote>\n<p><script async src=\"\/\/www.instagram.com\/embed.js\"><\/script><\/p>\n","protected":false},"excerpt":{"rendered":"<p>*Contenu traduit \u00e0 l&#8217;aide de l&#8217;intelligence artificielle.* Ouvrage \u00e9dit\u00e9 par Zeferino Coelho, avec une s\u00e9lection d\u2019articles parus dans la Folha de S.Paulo et une introduction in\u00e9dite de l\u2019autrice La philosophe et \u00e9crivaine br\u00e9silienne Djamila Ribeiro publiera en novembre, exclusivement au Portugal, son nouveau livre intitul\u00e9 Travessias, aux \u00e9ditions Editorial Caminho (groupe Leya). L\u2019ouvrage, d\u00e9j\u00e0 en [&hellip;]<\/p>\n","protected":false},"author":1,"featured_media":4517,"comment_status":"open","ping_status":"open","sticky":false,"template":"","format":"standard","meta":{"inline_featured_image":false},"categories":[785],"tags":[1491,969,1083,939,1430,1483,1484,1485,1486,964,1119,1080,1490,1487,1488,1084],"acf":[],"yoast_head":"<!-- This site is optimized with the Yoast SEO plugin v20.5 - https:\/\/yoast.com\/wordpress\/plugins\/seo\/ -->\n<title>Djamila Ribeiro publie au Portugal l\u2019in\u00e9dit \u00ab\u202fTravessias\u202f\u00bb - Djamila Ribeiro<\/title>\n<meta name=\"description\" content=\"Publi\u00e9 par Editorial Caminho, le livre \u00e9dit\u00e9 par Zeferino Coelho rassemble des articles de Djamila Ribeiro parus dans la Folha de S.Paulo\" \/>\n<meta name=\"robots\" content=\"index, follow, max-snippet:-1, max-image-preview:large, max-video-preview:-1\" \/>\n<link rel=\"canonical\" href=\"https:\/\/www.djamilaribeiro.com.br\/fr\/djamila-ribeiro-publie-au-portugal-l-inedit-travessias\/\" \/>\n<meta property=\"og:locale\" content=\"pt_BR\" \/>\n<meta property=\"og:type\" content=\"article\" \/>\n<meta property=\"og:title\" content=\"Djamila Ribeiro publie au Portugal l\u2019in\u00e9dit \u00ab\u202fTravessias\u202f\u00bb - Djamila Ribeiro\" \/>\n<meta property=\"og:description\" content=\"Publi\u00e9 par Editorial Caminho, le livre \u00e9dit\u00e9 par Zeferino Coelho rassemble des articles de Djamila Ribeiro parus dans la Folha de S.Paulo\" \/>\n<meta property=\"og:url\" content=\"https:\/\/www.djamilaribeiro.com.br\/fr\/djamila-ribeiro-publie-au-portugal-l-inedit-travessias\/\" \/>\n<meta property=\"og:site_name\" content=\"Djamila Ribeiro\" \/>\n<meta property=\"article:published_time\" content=\"2025-10-21T14:06:22+00:00\" \/>\n<meta property=\"article:modified_time\" content=\"2025-11-14T13:42:18+00:00\" \/>\n<meta property=\"og:image\" content=\"https:\/\/www.djamilaribeiro.com.br\/wp-content\/uploads\/2025\/10\/capa.jpg\" \/>\n\t<meta property=\"og:image:width\" content=\"1228\" \/>\n\t<meta property=\"og:image:height\" content=\"1920\" \/>\n\t<meta property=\"og:image:type\" content=\"image\/jpeg\" \/>\n<meta name=\"author\" content=\"Reda\u00e7\u00e3o\" \/>\n<meta name=\"twitter:card\" content=\"summary_large_image\" \/>\n<meta name=\"twitter:label1\" content=\"Escrito por\" \/>\n\t<meta name=\"twitter:data1\" content=\"Reda\u00e7\u00e3o\" \/>\n\t<meta name=\"twitter:label2\" content=\"Est. tempo de leitura\" \/>\n\t<meta name=\"twitter:data2\" content=\"3 minutos\" \/>\n<script type=\"application\/ld+json\" class=\"yoast-schema-graph\">{\"@context\":\"https:\/\/schema.org\",\"@graph\":[{\"@type\":\"WebPage\",\"@id\":\"https:\/\/www.djamilaribeiro.com.br\/fr\/djamila-ribeiro-publie-au-portugal-l-inedit-travessias\/\",\"url\":\"https:\/\/www.djamilaribeiro.com.br\/fr\/djamila-ribeiro-publie-au-portugal-l-inedit-travessias\/\",\"name\":\"Djamila Ribeiro publie au Portugal l\u2019in\u00e9dit \u00ab\u202fTravessias\u202f\u00bb - Djamila Ribeiro\",\"isPartOf\":{\"@id\":\"https:\/\/www.djamilaribeiro.com.br\/#website\"},\"datePublished\":\"2025-10-21T14:06:22+00:00\",\"dateModified\":\"2025-11-14T13:42:18+00:00\",\"author\":{\"@id\":\"https:\/\/www.djamilaribeiro.com.br\/#\/schema\/person\/a928f404cf733e4c62686bedd437b9ee\"},\"description\":\"Publi\u00e9 par Editorial Caminho, le livre \u00e9dit\u00e9 par Zeferino Coelho rassemble des articles de Djamila Ribeiro parus dans la Folha de S.Paulo\",\"breadcrumb\":{\"@id\":\"https:\/\/www.djamilaribeiro.com.br\/fr\/djamila-ribeiro-publie-au-portugal-l-inedit-travessias\/#breadcrumb\"},\"inLanguage\":\"pt-BR\",\"potentialAction\":[{\"@type\":\"ReadAction\",\"target\":[\"https:\/\/www.djamilaribeiro.com.br\/fr\/djamila-ribeiro-publie-au-portugal-l-inedit-travessias\/\"]}]},{\"@type\":\"BreadcrumbList\",\"@id\":\"https:\/\/www.djamilaribeiro.com.br\/fr\/djamila-ribeiro-publie-au-portugal-l-inedit-travessias\/#breadcrumb\",\"itemListElement\":[{\"@type\":\"ListItem\",\"position\":1,\"name\":\"In\u00edcio\",\"item\":\"https:\/\/www.djamilaribeiro.com.br\/fr\/\"},{\"@type\":\"ListItem\",\"position\":2,\"name\":\"Djamila Ribeiro publie au Portugal l\u2019in\u00e9dit \u00ab\u202fTravessias\u202f\u00bb\"}]},{\"@type\":\"WebSite\",\"@id\":\"https:\/\/www.djamilaribeiro.com.br\/#website\",\"url\":\"https:\/\/www.djamilaribeiro.com.br\/\",\"name\":\"Djamila Ribeiro\",\"description\":\"\",\"potentialAction\":[{\"@type\":\"SearchAction\",\"target\":{\"@type\":\"EntryPoint\",\"urlTemplate\":\"https:\/\/www.djamilaribeiro.com.br\/?s={search_term_string}\"},\"query-input\":\"required name=search_term_string\"}],\"inLanguage\":\"pt-BR\"},{\"@type\":\"Person\",\"@id\":\"https:\/\/www.djamilaribeiro.com.br\/#\/schema\/person\/a928f404cf733e4c62686bedd437b9ee\",\"name\":\"Reda\u00e7\u00e3o\",\"image\":{\"@type\":\"ImageObject\",\"inLanguage\":\"pt-BR\",\"@id\":\"https:\/\/www.djamilaribeiro.com.br\/#\/schema\/person\/image\/\",\"url\":\"https:\/\/secure.gravatar.com\/avatar\/e22ea52208b383d899430021cb4ecf26?s=96&d=mm&r=g\",\"contentUrl\":\"https:\/\/secure.gravatar.com\/avatar\/e22ea52208b383d899430021cb4ecf26?s=96&d=mm&r=g\",\"caption\":\"Reda\u00e7\u00e3o\"},\"sameAs\":[\"https:\/\/localhost\"],\"url\":\"https:\/\/www.djamilaribeiro.com.br\/fr\/author\/djamila\/\"}]}<\/script>\n<!-- \/ Yoast SEO plugin. -->","yoast_head_json":{"title":"Djamila Ribeiro publie au Portugal l\u2019in\u00e9dit \u00ab\u202fTravessias\u202f\u00bb - Djamila Ribeiro","description":"Publi\u00e9 par Editorial Caminho, le livre \u00e9dit\u00e9 par Zeferino Coelho rassemble des articles de Djamila Ribeiro parus dans la Folha de S.Paulo","robots":{"index":"index","follow":"follow","max-snippet":"max-snippet:-1","max-image-preview":"max-image-preview:large","max-video-preview":"max-video-preview:-1"},"canonical":"https:\/\/www.djamilaribeiro.com.br\/fr\/djamila-ribeiro-publie-au-portugal-l-inedit-travessias\/","og_locale":"pt_BR","og_type":"article","og_title":"Djamila Ribeiro publie au Portugal l\u2019in\u00e9dit \u00ab\u202fTravessias\u202f\u00bb - Djamila Ribeiro","og_description":"Publi\u00e9 par Editorial Caminho, le livre \u00e9dit\u00e9 par Zeferino Coelho rassemble des articles de Djamila Ribeiro parus dans la Folha de S.Paulo","og_url":"https:\/\/www.djamilaribeiro.com.br\/fr\/djamila-ribeiro-publie-au-portugal-l-inedit-travessias\/","og_site_name":"Djamila Ribeiro","article_published_time":"2025-10-21T14:06:22+00:00","article_modified_time":"2025-11-14T13:42:18+00:00","og_image":[{"width":1228,"height":1920,"url":"https:\/\/www.djamilaribeiro.com.br\/wp-content\/uploads\/2025\/10\/capa.jpg","type":"image\/jpeg"}],"author":"Reda\u00e7\u00e3o","twitter_card":"summary_large_image","twitter_misc":{"Escrito por":"Reda\u00e7\u00e3o","Est. tempo de leitura":"3 minutos"},"schema":{"@context":"https:\/\/schema.org","@graph":[{"@type":"WebPage","@id":"https:\/\/www.djamilaribeiro.com.br\/fr\/djamila-ribeiro-publie-au-portugal-l-inedit-travessias\/","url":"https:\/\/www.djamilaribeiro.com.br\/fr\/djamila-ribeiro-publie-au-portugal-l-inedit-travessias\/","name":"Djamila Ribeiro publie au Portugal l\u2019in\u00e9dit \u00ab\u202fTravessias\u202f\u00bb - Djamila Ribeiro","isPartOf":{"@id":"https:\/\/www.djamilaribeiro.com.br\/#website"},"datePublished":"2025-10-21T14:06:22+00:00","dateModified":"2025-11-14T13:42:18+00:00","author":{"@id":"https:\/\/www.djamilaribeiro.com.br\/#\/schema\/person\/a928f404cf733e4c62686bedd437b9ee"},"description":"Publi\u00e9 par Editorial Caminho, le livre \u00e9dit\u00e9 par Zeferino Coelho rassemble des articles de Djamila Ribeiro parus dans la Folha de S.Paulo","breadcrumb":{"@id":"https:\/\/www.djamilaribeiro.com.br\/fr\/djamila-ribeiro-publie-au-portugal-l-inedit-travessias\/#breadcrumb"},"inLanguage":"pt-BR","potentialAction":[{"@type":"ReadAction","target":["https:\/\/www.djamilaribeiro.com.br\/fr\/djamila-ribeiro-publie-au-portugal-l-inedit-travessias\/"]}]},{"@type":"BreadcrumbList","@id":"https:\/\/www.djamilaribeiro.com.br\/fr\/djamila-ribeiro-publie-au-portugal-l-inedit-travessias\/#breadcrumb","itemListElement":[{"@type":"ListItem","position":1,"name":"In\u00edcio","item":"https:\/\/www.djamilaribeiro.com.br\/fr\/"},{"@type":"ListItem","position":2,"name":"Djamila Ribeiro publie au Portugal l\u2019in\u00e9dit \u00ab\u202fTravessias\u202f\u00bb"}]},{"@type":"WebSite","@id":"https:\/\/www.djamilaribeiro.com.br\/#website","url":"https:\/\/www.djamilaribeiro.com.br\/","name":"Djamila Ribeiro","description":"","potentialAction":[{"@type":"SearchAction","target":{"@type":"EntryPoint","urlTemplate":"https:\/\/www.djamilaribeiro.com.br\/?s={search_term_string}"},"query-input":"required name=search_term_string"}],"inLanguage":"pt-BR"},{"@type":"Person","@id":"https:\/\/www.djamilaribeiro.com.br\/#\/schema\/person\/a928f404cf733e4c62686bedd437b9ee","name":"Reda\u00e7\u00e3o","image":{"@type":"ImageObject","inLanguage":"pt-BR","@id":"https:\/\/www.djamilaribeiro.com.br\/#\/schema\/person\/image\/","url":"https:\/\/secure.gravatar.com\/avatar\/e22ea52208b383d899430021cb4ecf26?s=96&d=mm&r=g","contentUrl":"https:\/\/secure.gravatar.com\/avatar\/e22ea52208b383d899430021cb4ecf26?s=96&d=mm&r=g","caption":"Reda\u00e7\u00e3o"},"sameAs":["https:\/\/localhost"],"url":"https:\/\/www.djamilaribeiro.com.br\/fr\/author\/djamila\/"}]}},"amp_enabled":true,"_links":{"self":[{"href":"https:\/\/www.djamilaribeiro.com.br\/fr\/wp-json\/wp\/v2\/posts\/4521"}],"collection":[{"href":"https:\/\/www.djamilaribeiro.com.br\/fr\/wp-json\/wp\/v2\/posts"}],"about":[{"href":"https:\/\/www.djamilaribeiro.com.br\/fr\/wp-json\/wp\/v2\/types\/post"}],"author":[{"embeddable":true,"href":"https:\/\/www.djamilaribeiro.com.br\/fr\/wp-json\/wp\/v2\/users\/1"}],"replies":[{"embeddable":true,"href":"https:\/\/www.djamilaribeiro.com.br\/fr\/wp-json\/wp\/v2\/comments?post=4521"}],"version-history":[{"count":7,"href":"https:\/\/www.djamilaribeiro.com.br\/fr\/wp-json\/wp\/v2\/posts\/4521\/revisions"}],"predecessor-version":[{"id":4650,"href":"https:\/\/www.djamilaribeiro.com.br\/fr\/wp-json\/wp\/v2\/posts\/4521\/revisions\/4650"}],"wp:featuredmedia":[{"embeddable":true,"href":"https:\/\/www.djamilaribeiro.com.br\/fr\/wp-json\/wp\/v2\/media\/4517"}],"wp:attachment":[{"href":"https:\/\/www.djamilaribeiro.com.br\/fr\/wp-json\/wp\/v2\/media?parent=4521"}],"wp:term":[{"taxonomy":"category","embeddable":true,"href":"https:\/\/www.djamilaribeiro.com.br\/fr\/wp-json\/wp\/v2\/categories?post=4521"},{"taxonomy":"post_tag","embeddable":true,"href":"https:\/\/www.djamilaribeiro.com.br\/fr\/wp-json\/wp\/v2\/tags?post=4521"}],"curies":[{"name":"wp","href":"https:\/\/api.w.org\/{rel}","templated":true}]}}