{"id":4544,"date":"2025-10-22T11:34:57","date_gmt":"2025-10-22T14:34:57","guid":{"rendered":"https:\/\/www.djamilaribeiro.com.br\/djamila-ribeiro-celebra-um-ano-do-lancamento-de-where-we-stand\/"},"modified":"2025-11-14T11:02:03","modified_gmt":"2025-11-14T14:02:03","slug":"djamila-ribeiro-celebre-un-an-de-la-parution-de-where-we-stand","status":"publish","type":"post","link":"https:\/\/www.djamilaribeiro.com.br\/fr\/djamila-ribeiro-celebre-un-an-de-la-parution-de-where-we-stand\/","title":{"rendered":"Djamila Ribeiro c\u00e9l\u00e8bre un an de la parution de &#8216;Where We Stand&#8217;"},"content":{"rendered":"<p data-start=\"258\" data-end=\"494\"><strong>*Contenu traduit \u00e0 l&#8217;aide de l&#8217;intelligence artificielle.*<\/strong><\/p>\n<p data-start=\"258\" data-end=\"494\">La philosophe et \u00e9crivaine br\u00e9silienne a marqu\u00e9 sur ses r\u00e9seaux sociaux l\u2019anniversaire de l\u2019\u00e9dition anglaise de son ouvrage acclam\u00e9 <em data-start=\"390\" data-end=\"405\">Lugar de Fala <\/em>(<em data-start=\"49\" data-end=\"72\">La place de la Parole Noire<\/em>, publi\u00e9 en France par les \u00e9ditions Anacaona), revenant sur le parcours international du livre et l\u2019impact de son concept fondamental.<\/p>\n<p data-start=\"496\" data-end=\"862\"><strong>Djamila Ribeiro c\u00e9l\u00e8bre ce mois-ci le premier anniversaire de <em data-start=\"558\" data-end=\"574\">Where We Stand<\/em><\/strong>, version anglaise de <em data-start=\"596\" data-end=\"611\">Lugar de Fala<\/em>. Publi\u00e9 par la prestigieuse maison d\u2019\u00e9dition <strong>Yale University Press<\/strong>, le livre a fait l\u2019objet de lancements dans plusieurs villes nord-am\u00e9ricaines au cours des douze derniers mois, renfor\u00e7ant sa pr\u00e9sence dans les universit\u00e9s et autres espaces de d\u00e9bat.<\/p>\n<p data-start=\"864\" data-end=\"937\">Sur son compte Instagram, Djamila a partag\u00e9 un message \u00e0 cette occasion :<\/p>\n<blockquote data-start=\"939\" data-end=\"1378\">\n<p data-start=\"941\" data-end=\"1378\">\u00ab Un an de publication de <em data-start=\"967\" data-end=\"983\">Where We Stand<\/em>. Je remercie mon \u00e9ditrice Abbie Storch et Yale University Press pour cette opportunit\u00e9. C\u2019est une immense joie de voir le concept de <em data-start=\"1117\" data-end=\"1132\">Lugar de Fala<\/em> se diffuser \u00e0 travers le monde ! D\u2019autres \u00e9v\u00e9nements \u00e0 venir ! \u00bb, a annonc\u00e9 la professeure invit\u00e9e du prestigieux programme <strong>Dr. Martin Luther King Jr. (<em data-start=\"1285\" data-end=\"1329\">MLK Visiting Professors &amp; Scholars Program<\/em>) du Massachusetts Institute of Technology (MIT)<\/strong>.<\/p>\n<\/blockquote>\n<p data-start=\"1380\" data-end=\"1693\">Au cours de cette ann\u00e9e, Djamila a eu l\u2019occasion d\u2019\u00e9changer avec des \u00e9tudiant\u00b7e\u00b7s et des chercheur\u00b7se\u00b7s dans des institutions renomm\u00e9es telles que <strong>Harvard, UCLA<\/strong>, entre autres, consolidant ainsi l\u2019importance de son \u0153uvre dans les d\u00e9bats mondiaux sur le <strong>f\u00e9minisme, les questions raciales et les rapports de pouvoir<\/strong>.<\/p>\n<p data-start=\"1695\" data-end=\"1909\"><em data-start=\"1695\" data-end=\"1711\">Where We Stand<\/em> ne se contente pas de traduire les mots de <em data-start=\"1755\" data-end=\"1770\">Lugar de Fala<\/em> : il introduit dans le d\u00e9bat acad\u00e9mique anglophone <strong>un concept central pour comprendre les dynamiques sociales des soci\u00e9t\u00e9s contemporaines<\/strong>.<\/p>\n<blockquote data-start=\"1911\" data-end=\"2080\">\n<p data-start=\"1913\" data-end=\"2080\">\u00ab C\u2019est une immense joie de voir le concept de <em data-start=\"1960\" data-end=\"1975\">Lugar de Fala<\/em> se diffuser \u00e0 travers le monde ! \u00bb, a d\u00e9clar\u00e9 l\u2019autrice, soulignant l\u2019expansion continue de son travail.<\/p>\n<\/blockquote>\n<h3 data-start=\"2082\" data-end=\"2110\">Chimamanda Ngozi Adichie<\/h3>\n<p data-start=\"2112\" data-end=\"2394\">Un point fort de l\u2019\u00e9dition anglaise est la <strong>pr\u00e9face sign\u00e9e par la c\u00e9l\u00e8bre \u00e9crivaine nig\u00e9riane Chimamanda Ngozi Adichie<\/strong>, l\u2019une des voix les plus influentes de la litt\u00e9rature mondiale. Cette collaboration entre deux intellectuelles du Sud global <strong>renforce encore la port\u00e9e de l\u2019ouvrage<\/strong>.<\/p>\n<blockquote data-start=\"2396\" data-end=\"2534\">\n<p data-start=\"2398\" data-end=\"2534\">\u00ab Et ma gratitude \u00e9ternelle \u00e0 la ch\u00e8re Chimamanda Ngozi Adichie pour avoir \u00e9crit la pr\u00e9face ! \u00bb, a exprim\u00e9 l\u2019intellectuelle br\u00e9silienne.<\/p>\n<\/blockquote>\n<p data-start=\"2536\" data-end=\"2820\">La c\u00e9l\u00e9bration de ce premier anniversaire de <em data-start=\"2581\" data-end=\"2597\">Where We Stand<\/em> r\u00e9affirme la pertinence de la pens\u00e9e de Djamila Ribeiro et son influence croissante sur la sc\u00e8ne intellectuelle internationale, en promouvant un dialogue essentiel sur l\u2019identit\u00e9, la repr\u00e9sentativit\u00e9 et la justice sociale.<\/p>\n<p data-start=\"2822\" data-end=\"2870\">\ud83d\udcd6 <strong>Pour pr\u00e9commander le livre, rendez-vous sur<\/strong> : <strong><a href=\"https:\/\/yalebooks.yale.edu\/book\/9780300269642\/where-we-stand\/\">Yale University Press<\/a><\/strong><\/p>\n<blockquote class=\"instagram-media\" style=\"background: #FFF; border: 0; border-radius: 3px; box-shadow: 0 0 1px 0 rgba(0,0,0,0.5),0 1px 10px 0 rgba(0,0,0,0.15); margin: 1px; max-width: 540px; min-width: 326px; padding: 0; width: calc(100% - 2px);\" data-instgrm-captioned=\"\" data-instgrm-permalink=\"https:\/\/www.instagram.com\/reel\/DP7b8n2kdv5\/?utm_source=ig_embed&amp;utm_campaign=loading\" data-instgrm-version=\"14\">\n<div style=\"padding: 16px;\">\n<p>&nbsp;<\/p>\n<div style=\"display: flex; flex-direction: row; align-items: center;\">\n<div style=\"background-color: #f4f4f4; border-radius: 50%; flex-grow: 0; height: 40px; margin-right: 14px; width: 40px;\"><\/div>\n<div style=\"display: flex; flex-direction: column; flex-grow: 1; justify-content: center;\">\n<div style=\"background-color: #f4f4f4; border-radius: 4px; flex-grow: 0; height: 14px; margin-bottom: 6px; width: 100px;\"><\/div>\n<div style=\"background-color: #f4f4f4; border-radius: 4px; flex-grow: 0; height: 14px; width: 60px;\"><\/div>\n<\/div>\n<\/div>\n<div style=\"padding: 19% 0;\"><\/div>\n<div style=\"display: block; height: 50px; margin: 0 auto 12px; width: 50px;\"><\/div>\n<div style=\"padding-top: 8px;\">\n<div style=\"color: #3897f0; font-family: Arial,sans-serif; font-size: 14px; font-style: normal; font-weight: 550; line-height: 18px;\">Ver essa foto no Instagram<\/div>\n<\/div>\n<div style=\"padding: 12.5% 0;\"><\/div>\n<div style=\"display: flex; flex-direction: row; margin-bottom: 14px; align-items: center;\">\n<div>\n<div style=\"background-color: #f4f4f4; border-radius: 50%; height: 12.5px; width: 12.5px; transform: translateX(0px) translateY(7px);\"><\/div>\n<div style=\"background-color: #f4f4f4; height: 12.5px; transform: rotate(-45deg) translateX(3px) translateY(1px); width: 12.5px; flex-grow: 0; margin-right: 14px; margin-left: 2px;\"><\/div>\n<div style=\"background-color: #f4f4f4; border-radius: 50%; height: 12.5px; width: 12.5px; transform: translateX(9px) translateY(-18px);\"><\/div>\n<\/div>\n<div style=\"margin-left: 8px;\">\n<div style=\"background-color: #f4f4f4; border-radius: 50%; flex-grow: 0; height: 20px; width: 20px;\"><\/div>\n<div style=\"width: 0; height: 0; border-top: 2px solid transparent; border-left: 6px solid #f4f4f4; border-bottom: 2px solid transparent; transform: translateX(16px) translateY(-4px) rotate(30deg);\"><\/div>\n<\/div>\n<div style=\"margin-left: auto;\">\n<div style=\"width: 0px; border-top: 8px solid #F4F4F4; border-right: 8px solid transparent; transform: translateY(16px);\"><\/div>\n<div style=\"background-color: #f4f4f4; flex-grow: 0; height: 12px; width: 16px; transform: translateY(-4px);\"><\/div>\n<div style=\"width: 0; height: 0; border-top: 8px solid #F4F4F4; border-left: 8px solid transparent; transform: translateY(-4px) translateX(8px);\"><\/div>\n<\/div>\n<\/div>\n<div style=\"display: flex; flex-direction: column; flex-grow: 1; justify-content: center; margin-bottom: 24px;\">\n<div style=\"background-color: #f4f4f4; border-radius: 4px; flex-grow: 0; height: 14px; margin-bottom: 6px; width: 224px;\"><\/div>\n<div style=\"background-color: #f4f4f4; border-radius: 4px; flex-grow: 0; height: 14px; width: 144px;\"><\/div>\n<\/div>\n<p>&nbsp;<\/p>\n<p style=\"color: #c9c8cd; font-family: Arial,sans-serif; font-size: 14px; line-height: 17px; margin-bottom: 0; margin-top: 8px; overflow: hidden; padding: 8px 0 7px; text-align: center; text-overflow: ellipsis; white-space: nowrap;\"><a style=\"color: #c9c8cd; font-family: Arial,sans-serif; font-size: 14px; font-style: normal; font-weight: normal; line-height: 17px; text-decoration: none;\" href=\"https:\/\/www.instagram.com\/reel\/DP7b8n2kdv5\/?utm_source=ig_embed&amp;utm_campaign=loading\" target=\"_blank\" rel=\"noopener\">Uma publica\u00e7\u00e3o compartilhada por Djamila Ribeiro (@djamilaribeiro1)<\/a><\/p>\n<\/div>\n<\/blockquote>\n<p><script async src=\"\/\/www.instagram.com\/embed.js\"><\/script><\/p>\n","protected":false},"excerpt":{"rendered":"<p>*Contenu traduit \u00e0 l&#8217;aide de l&#8217;intelligence artificielle.* La philosophe et \u00e9crivaine br\u00e9silienne a marqu\u00e9 sur ses r\u00e9seaux sociaux l\u2019anniversaire de l\u2019\u00e9dition anglaise de son ouvrage acclam\u00e9 Lugar de Fala (La place de la Parole Noire, publi\u00e9 en France par les \u00e9ditions Anacaona), revenant sur le parcours international du livre et l\u2019impact de son concept fondamental. [&hellip;]<\/p>\n","protected":false},"author":1,"featured_media":4539,"comment_status":"open","ping_status":"open","sticky":false,"template":"","format":"standard","meta":{"inline_featured_image":false},"categories":[785],"tags":[972,969,939,1429,1430,935,1486,964,1336,1119,1490,1487,946,892],"acf":[],"yoast_head":"<!-- This site is optimized with the Yoast SEO plugin v20.5 - https:\/\/yoast.com\/wordpress\/plugins\/seo\/ -->\n<title>Djamila Ribeiro c\u00e9l\u00e8bre un an de la parution de &#039;Where We Stand&#039; - Djamila Ribeiro<\/title>\n<meta name=\"description\" content=\"Publi\u00e9 par Yale University Press avec une pr\u00e9face de Chimamanda Ngozi Adichie, l\u2019ouvrage s\u2019impose dans le d\u00e9bat acad\u00e9mique aux \u00c9tats-Unis.\" \/>\n<meta name=\"robots\" content=\"index, follow, max-snippet:-1, max-image-preview:large, max-video-preview:-1\" \/>\n<link rel=\"canonical\" href=\"https:\/\/www.djamilaribeiro.com.br\/fr\/djamila-ribeiro-celebre-un-an-de-la-parution-de-where-we-stand\/\" \/>\n<meta property=\"og:locale\" content=\"pt_BR\" \/>\n<meta property=\"og:type\" content=\"article\" \/>\n<meta property=\"og:title\" content=\"Djamila Ribeiro c\u00e9l\u00e8bre un an de la parution de &#039;Where We Stand&#039; - Djamila Ribeiro\" \/>\n<meta property=\"og:description\" content=\"Publi\u00e9 par Yale University Press avec une pr\u00e9face de Chimamanda Ngozi Adichie, l\u2019ouvrage s\u2019impose dans le d\u00e9bat acad\u00e9mique aux \u00c9tats-Unis.\" \/>\n<meta property=\"og:url\" content=\"https:\/\/www.djamilaribeiro.com.br\/fr\/djamila-ribeiro-celebre-un-an-de-la-parution-de-where-we-stand\/\" \/>\n<meta property=\"og:site_name\" content=\"Djamila Ribeiro\" \/>\n<meta property=\"article:published_time\" content=\"2025-10-22T14:34:57+00:00\" \/>\n<meta property=\"article:modified_time\" content=\"2025-11-14T14:02:03+00:00\" \/>\n<meta property=\"og:image\" content=\"https:\/\/www.djamilaribeiro.com.br\/wp-content\/uploads\/2025\/10\/InShot_20251022_112407249.jpg\" \/>\n\t<meta property=\"og:image:width\" content=\"1215\" \/>\n\t<meta property=\"og:image:height\" content=\"1920\" \/>\n\t<meta property=\"og:image:type\" content=\"image\/jpeg\" \/>\n<meta name=\"author\" content=\"Reda\u00e7\u00e3o\" \/>\n<meta name=\"twitter:card\" content=\"summary_large_image\" \/>\n<meta name=\"twitter:label1\" content=\"Escrito por\" \/>\n\t<meta name=\"twitter:data1\" content=\"Reda\u00e7\u00e3o\" \/>\n\t<meta name=\"twitter:label2\" content=\"Est. tempo de leitura\" \/>\n\t<meta name=\"twitter:data2\" content=\"3 minutos\" \/>\n<script type=\"application\/ld+json\" class=\"yoast-schema-graph\">{\"@context\":\"https:\/\/schema.org\",\"@graph\":[{\"@type\":\"WebPage\",\"@id\":\"https:\/\/www.djamilaribeiro.com.br\/fr\/djamila-ribeiro-celebre-un-an-de-la-parution-de-where-we-stand\/\",\"url\":\"https:\/\/www.djamilaribeiro.com.br\/fr\/djamila-ribeiro-celebre-un-an-de-la-parution-de-where-we-stand\/\",\"name\":\"Djamila Ribeiro c\u00e9l\u00e8bre un an de la parution de 'Where We Stand' - Djamila Ribeiro\",\"isPartOf\":{\"@id\":\"https:\/\/www.djamilaribeiro.com.br\/#website\"},\"datePublished\":\"2025-10-22T14:34:57+00:00\",\"dateModified\":\"2025-11-14T14:02:03+00:00\",\"author\":{\"@id\":\"https:\/\/www.djamilaribeiro.com.br\/#\/schema\/person\/a928f404cf733e4c62686bedd437b9ee\"},\"description\":\"Publi\u00e9 par Yale University Press avec une pr\u00e9face de Chimamanda Ngozi Adichie, l\u2019ouvrage s\u2019impose dans le d\u00e9bat acad\u00e9mique aux \u00c9tats-Unis.\",\"breadcrumb\":{\"@id\":\"https:\/\/www.djamilaribeiro.com.br\/fr\/djamila-ribeiro-celebre-un-an-de-la-parution-de-where-we-stand\/#breadcrumb\"},\"inLanguage\":\"pt-BR\",\"potentialAction\":[{\"@type\":\"ReadAction\",\"target\":[\"https:\/\/www.djamilaribeiro.com.br\/fr\/djamila-ribeiro-celebre-un-an-de-la-parution-de-where-we-stand\/\"]}]},{\"@type\":\"BreadcrumbList\",\"@id\":\"https:\/\/www.djamilaribeiro.com.br\/fr\/djamila-ribeiro-celebre-un-an-de-la-parution-de-where-we-stand\/#breadcrumb\",\"itemListElement\":[{\"@type\":\"ListItem\",\"position\":1,\"name\":\"In\u00edcio\",\"item\":\"https:\/\/www.djamilaribeiro.com.br\/fr\/\"},{\"@type\":\"ListItem\",\"position\":2,\"name\":\"Djamila Ribeiro c\u00e9l\u00e8bre un an de la parution de &#8216;Where We Stand&#8217;\"}]},{\"@type\":\"WebSite\",\"@id\":\"https:\/\/www.djamilaribeiro.com.br\/#website\",\"url\":\"https:\/\/www.djamilaribeiro.com.br\/\",\"name\":\"Djamila Ribeiro\",\"description\":\"\",\"potentialAction\":[{\"@type\":\"SearchAction\",\"target\":{\"@type\":\"EntryPoint\",\"urlTemplate\":\"https:\/\/www.djamilaribeiro.com.br\/?s={search_term_string}\"},\"query-input\":\"required name=search_term_string\"}],\"inLanguage\":\"pt-BR\"},{\"@type\":\"Person\",\"@id\":\"https:\/\/www.djamilaribeiro.com.br\/#\/schema\/person\/a928f404cf733e4c62686bedd437b9ee\",\"name\":\"Reda\u00e7\u00e3o\",\"image\":{\"@type\":\"ImageObject\",\"inLanguage\":\"pt-BR\",\"@id\":\"https:\/\/www.djamilaribeiro.com.br\/#\/schema\/person\/image\/\",\"url\":\"https:\/\/secure.gravatar.com\/avatar\/e22ea52208b383d899430021cb4ecf26?s=96&d=mm&r=g\",\"contentUrl\":\"https:\/\/secure.gravatar.com\/avatar\/e22ea52208b383d899430021cb4ecf26?s=96&d=mm&r=g\",\"caption\":\"Reda\u00e7\u00e3o\"},\"sameAs\":[\"https:\/\/localhost\"],\"url\":\"https:\/\/www.djamilaribeiro.com.br\/fr\/author\/djamila\/\"}]}<\/script>\n<!-- \/ Yoast SEO plugin. -->","yoast_head_json":{"title":"Djamila Ribeiro c\u00e9l\u00e8bre un an de la parution de 'Where We Stand' - Djamila Ribeiro","description":"Publi\u00e9 par Yale University Press avec une pr\u00e9face de Chimamanda Ngozi Adichie, l\u2019ouvrage s\u2019impose dans le d\u00e9bat acad\u00e9mique aux \u00c9tats-Unis.","robots":{"index":"index","follow":"follow","max-snippet":"max-snippet:-1","max-image-preview":"max-image-preview:large","max-video-preview":"max-video-preview:-1"},"canonical":"https:\/\/www.djamilaribeiro.com.br\/fr\/djamila-ribeiro-celebre-un-an-de-la-parution-de-where-we-stand\/","og_locale":"pt_BR","og_type":"article","og_title":"Djamila Ribeiro c\u00e9l\u00e8bre un an de la parution de 'Where We Stand' - Djamila Ribeiro","og_description":"Publi\u00e9 par Yale University Press avec une pr\u00e9face de Chimamanda Ngozi Adichie, l\u2019ouvrage s\u2019impose dans le d\u00e9bat acad\u00e9mique aux \u00c9tats-Unis.","og_url":"https:\/\/www.djamilaribeiro.com.br\/fr\/djamila-ribeiro-celebre-un-an-de-la-parution-de-where-we-stand\/","og_site_name":"Djamila Ribeiro","article_published_time":"2025-10-22T14:34:57+00:00","article_modified_time":"2025-11-14T14:02:03+00:00","og_image":[{"width":1215,"height":1920,"url":"https:\/\/www.djamilaribeiro.com.br\/wp-content\/uploads\/2025\/10\/InShot_20251022_112407249.jpg","type":"image\/jpeg"}],"author":"Reda\u00e7\u00e3o","twitter_card":"summary_large_image","twitter_misc":{"Escrito por":"Reda\u00e7\u00e3o","Est. tempo de leitura":"3 minutos"},"schema":{"@context":"https:\/\/schema.org","@graph":[{"@type":"WebPage","@id":"https:\/\/www.djamilaribeiro.com.br\/fr\/djamila-ribeiro-celebre-un-an-de-la-parution-de-where-we-stand\/","url":"https:\/\/www.djamilaribeiro.com.br\/fr\/djamila-ribeiro-celebre-un-an-de-la-parution-de-where-we-stand\/","name":"Djamila Ribeiro c\u00e9l\u00e8bre un an de la parution de 'Where We Stand' - Djamila Ribeiro","isPartOf":{"@id":"https:\/\/www.djamilaribeiro.com.br\/#website"},"datePublished":"2025-10-22T14:34:57+00:00","dateModified":"2025-11-14T14:02:03+00:00","author":{"@id":"https:\/\/www.djamilaribeiro.com.br\/#\/schema\/person\/a928f404cf733e4c62686bedd437b9ee"},"description":"Publi\u00e9 par Yale University Press avec une pr\u00e9face de Chimamanda Ngozi Adichie, l\u2019ouvrage s\u2019impose dans le d\u00e9bat acad\u00e9mique aux \u00c9tats-Unis.","breadcrumb":{"@id":"https:\/\/www.djamilaribeiro.com.br\/fr\/djamila-ribeiro-celebre-un-an-de-la-parution-de-where-we-stand\/#breadcrumb"},"inLanguage":"pt-BR","potentialAction":[{"@type":"ReadAction","target":["https:\/\/www.djamilaribeiro.com.br\/fr\/djamila-ribeiro-celebre-un-an-de-la-parution-de-where-we-stand\/"]}]},{"@type":"BreadcrumbList","@id":"https:\/\/www.djamilaribeiro.com.br\/fr\/djamila-ribeiro-celebre-un-an-de-la-parution-de-where-we-stand\/#breadcrumb","itemListElement":[{"@type":"ListItem","position":1,"name":"In\u00edcio","item":"https:\/\/www.djamilaribeiro.com.br\/fr\/"},{"@type":"ListItem","position":2,"name":"Djamila Ribeiro c\u00e9l\u00e8bre un an de la parution de &#8216;Where We Stand&#8217;"}]},{"@type":"WebSite","@id":"https:\/\/www.djamilaribeiro.com.br\/#website","url":"https:\/\/www.djamilaribeiro.com.br\/","name":"Djamila Ribeiro","description":"","potentialAction":[{"@type":"SearchAction","target":{"@type":"EntryPoint","urlTemplate":"https:\/\/www.djamilaribeiro.com.br\/?s={search_term_string}"},"query-input":"required name=search_term_string"}],"inLanguage":"pt-BR"},{"@type":"Person","@id":"https:\/\/www.djamilaribeiro.com.br\/#\/schema\/person\/a928f404cf733e4c62686bedd437b9ee","name":"Reda\u00e7\u00e3o","image":{"@type":"ImageObject","inLanguage":"pt-BR","@id":"https:\/\/www.djamilaribeiro.com.br\/#\/schema\/person\/image\/","url":"https:\/\/secure.gravatar.com\/avatar\/e22ea52208b383d899430021cb4ecf26?s=96&d=mm&r=g","contentUrl":"https:\/\/secure.gravatar.com\/avatar\/e22ea52208b383d899430021cb4ecf26?s=96&d=mm&r=g","caption":"Reda\u00e7\u00e3o"},"sameAs":["https:\/\/localhost"],"url":"https:\/\/www.djamilaribeiro.com.br\/fr\/author\/djamila\/"}]}},"amp_enabled":true,"_links":{"self":[{"href":"https:\/\/www.djamilaribeiro.com.br\/fr\/wp-json\/wp\/v2\/posts\/4544"}],"collection":[{"href":"https:\/\/www.djamilaribeiro.com.br\/fr\/wp-json\/wp\/v2\/posts"}],"about":[{"href":"https:\/\/www.djamilaribeiro.com.br\/fr\/wp-json\/wp\/v2\/types\/post"}],"author":[{"embeddable":true,"href":"https:\/\/www.djamilaribeiro.com.br\/fr\/wp-json\/wp\/v2\/users\/1"}],"replies":[{"embeddable":true,"href":"https:\/\/www.djamilaribeiro.com.br\/fr\/wp-json\/wp\/v2\/comments?post=4544"}],"version-history":[{"count":6,"href":"https:\/\/www.djamilaribeiro.com.br\/fr\/wp-json\/wp\/v2\/posts\/4544\/revisions"}],"predecessor-version":[{"id":4651,"href":"https:\/\/www.djamilaribeiro.com.br\/fr\/wp-json\/wp\/v2\/posts\/4544\/revisions\/4651"}],"wp:featuredmedia":[{"embeddable":true,"href":"https:\/\/www.djamilaribeiro.com.br\/fr\/wp-json\/wp\/v2\/media\/4539"}],"wp:attachment":[{"href":"https:\/\/www.djamilaribeiro.com.br\/fr\/wp-json\/wp\/v2\/media?parent=4544"}],"wp:term":[{"taxonomy":"category","embeddable":true,"href":"https:\/\/www.djamilaribeiro.com.br\/fr\/wp-json\/wp\/v2\/categories?post=4544"},{"taxonomy":"post_tag","embeddable":true,"href":"https:\/\/www.djamilaribeiro.com.br\/fr\/wp-json\/wp\/v2\/tags?post=4544"}],"curies":[{"name":"wp","href":"https:\/\/api.w.org\/{rel}","templated":true}]}}