{"id":4674,"date":"2025-11-19T10:22:09","date_gmt":"2025-11-19T13:22:09","guid":{"rendered":"https:\/\/www.djamilaribeiro.com.br\/?p=4674"},"modified":"2025-11-19T10:22:09","modified_gmt":"2025-11-19T13:22:09","slug":"djamila-ribeiro-donne-son-premier-cours-au-mit","status":"publish","type":"post","link":"https:\/\/www.djamilaribeiro.com.br\/fr\/djamila-ribeiro-donne-son-premier-cours-au-mit\/","title":{"rendered":"Djamila Ribeiro donne son premier cours au MIT"},"content":{"rendered":"<p data-start=\"167\" data-end=\"665\"><strong>*Contenu traduit \u00e0 l&#8217;aide de l&#8217;intelligence artificielle.*<\/strong><\/p>\n<p data-start=\"167\" data-end=\"665\">Ce mardi 18, Djamila Ribeiro a donn\u00e9 son tout premier cours au Massachusetts Institute of Technology (MIT), o\u00f9 elle enseigne en tant que professeure invit\u00e9e de la chaire Dr. Martin Luther King Jr. (MLK Chair). \u00ab Ce fut une joie de donner un cours \u00e0 l\u2019invitation de la professeure Rosabelli, coordinatrice du programme MIT Br\u00e9sil. C\u2019\u00e9tait ma premi\u00e8re fois en salle de classe dans l\u2019universit\u00e9 qui m\u2019accueille cette ann\u00e9e dans le cadre de la DR. MLK Chair \u00bb, a-t-elle partag\u00e9 sur ses r\u00e9seaux sociaux.<\/p>\n<p data-start=\"667\" data-end=\"960\">L\u2019\u00e9v\u00e9nement faisait partie des activit\u00e9s du programme d\u2019\u00e9change entre le MIT et le Br\u00e9sil, qui met en relation des \u00e9tudiants en licence et en master avec des institutions br\u00e9siliennes, afin de d\u00e9velopper des exp\u00e9riences qui favorisent la cr\u00e9ation de liens et l\u2019affrontement de d\u00e9fis complexes.<\/p>\n<p style=\"text-align: center;\" data-start=\"667\" data-end=\"960\"><img decoding=\"async\" loading=\"lazy\" class=\"aligncenter size-large wp-image-4665\" src=\"https:\/\/www.djamilaribeiro.com.br\/wp-content\/uploads\/2025\/11\/lelia-1024x754.jpg\" alt=\"\" width=\"1024\" height=\"754\" srcset=\"https:\/\/www.djamilaribeiro.com.br\/wp-content\/uploads\/2025\/11\/lelia-1024x754.jpg 1024w, https:\/\/www.djamilaribeiro.com.br\/wp-content\/uploads\/2025\/11\/lelia-300x221.jpg 300w, https:\/\/www.djamilaribeiro.com.br\/wp-content\/uploads\/2025\/11\/lelia-768x565.jpg 768w, https:\/\/www.djamilaribeiro.com.br\/wp-content\/uploads\/2025\/11\/lelia.jpg 1080w\" sizes=\"(max-width: 1024px) 100vw, 1024px\" \/><\/p>\n<p data-start=\"962\" data-end=\"1497\">\u00ab Le MIT maintient des programmes dans plusieurs pays pour encourager la recherche, l\u2019apprentissage des langues et les \u00e9changes acad\u00e9miques. Une partie du groupe s\u2019appr\u00eate \u00e0 partir pour Manaus, o\u00f9 les \u00e9tudiants participeront \u00e0 un programme d\u2019\u00e9change sp\u00e9cial. \u00c9taient \u00e9galement pr\u00e9sents des \u00e9tudiants qui, en janvier, participeront au programme coordonn\u00e9 par le professeur Joaquin Terrones, qui s\u00e9lectionne depuis des ann\u00e9es des groupes pour une immersion \u00e0 Salvador, S\u00e3o Paulo et Rio de Janeiro \u00bb, a soulign\u00e9 la philosophe br\u00e9silienne.<\/p>\n<p data-start=\"1499\" data-end=\"1962\">Pour sa premi\u00e8re s\u00e9ance au MIT, Djamila a pr\u00e9sent\u00e9 aux \u00e9tudiants des \u0153uvres et r\u00e9flexions d\u2019intellectuel\u00b7le\u00b7s noir\u00b7e\u00b7s br\u00e9silien\u00b7ne\u00b7s essentiel\u00b7le\u00b7s pour comprendre le fonctionnement de la soci\u00e9t\u00e9 br\u00e9silienne. \u00ab J\u2019ai apport\u00e9 certaines des voix intellectuelles noires br\u00e9siliennes centrales pour comprendre les dynamiques philosophiques, politiques et historiques du pays \u00bb, a-t-elle \u00e9crit, exprimant sa joie \u00e0 l\u2019id\u00e9e de retrouver certain\u00b7e\u00b7s \u00e9tudiant\u00b7e\u00b7s en 2026.<\/p>\n<p data-start=\"1964\" data-end=\"2367\">\u00ab Le cours a suscit\u00e9 des d\u00e9bats stimulants et je suis repartie tr\u00e8s heureuse d\u2019avoir contribu\u00e9 \u00e0 des initiatives du MIT qui enrichissent et affinent le regard port\u00e9 sur le Br\u00e9sil. Je f\u00e9licite les professeur\u00b7e\u00b7s pour avoir construit des programmes aussi puissants que n\u00e9cessaires. Et je souhaite bon voyage aux \u00e9tudiant\u00b7e\u00b7s, dont certain\u00b7e\u00b7s seront dans ma classe le semestre prochain \u00bb, a-t-elle conclu.<\/p>\n<blockquote class=\"instagram-media\" style=\"background: #FFF; border: 0; border-radius: 3px; box-shadow: 0 0 1px 0 rgba(0,0,0,0.5),0 1px 10px 0 rgba(0,0,0,0.15); margin: 1px; max-width: 540px; min-width: 326px; padding: 0; width: calc(100% - 2px);\" data-instgrm-captioned=\"\" data-instgrm-permalink=\"https:\/\/www.instagram.com\/p\/DRN0yEbEeRT\/?utm_source=ig_embed&amp;utm_campaign=loading\" data-instgrm-version=\"14\">\n<div style=\"padding: 16px;\">\n<p>&nbsp;<\/p>\n<div style=\"display: flex; flex-direction: row; align-items: center;\">\n<div style=\"background-color: #f4f4f4; border-radius: 50%; flex-grow: 0; height: 40px; margin-right: 14px; width: 40px;\"><\/div>\n<div style=\"display: flex; flex-direction: column; flex-grow: 1; justify-content: center;\">\n<div style=\"background-color: #f4f4f4; border-radius: 4px; flex-grow: 0; height: 14px; margin-bottom: 6px; width: 100px;\"><\/div>\n<div style=\"background-color: #f4f4f4; border-radius: 4px; flex-grow: 0; height: 14px; width: 60px;\"><\/div>\n<\/div>\n<\/div>\n<div style=\"padding: 19% 0;\"><\/div>\n<div style=\"display: block; height: 50px; margin: 0 auto 12px; width: 50px;\"><\/div>\n<div style=\"padding-top: 8px;\">\n<div style=\"color: #3897f0; font-family: Arial,sans-serif; font-size: 14px; font-style: normal; font-weight: 550; line-height: 18px;\">Ver essa foto no Instagram<\/div>\n<\/div>\n<div style=\"padding: 12.5% 0;\"><\/div>\n<div style=\"display: flex; flex-direction: row; margin-bottom: 14px; align-items: center;\">\n<div>\n<div style=\"background-color: #f4f4f4; border-radius: 50%; height: 12.5px; width: 12.5px; transform: translateX(0px) translateY(7px);\"><\/div>\n<div style=\"background-color: #f4f4f4; height: 12.5px; transform: rotate(-45deg) translateX(3px) translateY(1px); width: 12.5px; flex-grow: 0; margin-right: 14px; margin-left: 2px;\"><\/div>\n<div style=\"background-color: #f4f4f4; border-radius: 50%; height: 12.5px; width: 12.5px; transform: translateX(9px) translateY(-18px);\"><\/div>\n<\/div>\n<div style=\"margin-left: 8px;\">\n<div style=\"background-color: #f4f4f4; border-radius: 50%; flex-grow: 0; height: 20px; width: 20px;\"><\/div>\n<div style=\"width: 0; height: 0; border-top: 2px solid transparent; border-left: 6px solid #f4f4f4; border-bottom: 2px solid transparent; transform: translateX(16px) translateY(-4px) rotate(30deg);\"><\/div>\n<\/div>\n<div style=\"margin-left: auto;\">\n<div style=\"width: 0px; border-top: 8px solid #F4F4F4; border-right: 8px solid transparent; transform: translateY(16px);\"><\/div>\n<div style=\"background-color: #f4f4f4; flex-grow: 0; height: 12px; width: 16px; transform: translateY(-4px);\"><\/div>\n<div style=\"width: 0; height: 0; border-top: 8px solid #F4F4F4; border-left: 8px solid transparent; transform: translateY(-4px) translateX(8px);\"><\/div>\n<\/div>\n<\/div>\n<div style=\"display: flex; flex-direction: column; flex-grow: 1; justify-content: center; margin-bottom: 24px;\">\n<div style=\"background-color: #f4f4f4; border-radius: 4px; flex-grow: 0; height: 14px; margin-bottom: 6px; width: 224px;\"><\/div>\n<div style=\"background-color: #f4f4f4; border-radius: 4px; flex-grow: 0; height: 14px; width: 144px;\"><\/div>\n<\/div>\n<p>&nbsp;<\/p>\n<p style=\"color: #c9c8cd; font-family: Arial,sans-serif; font-size: 14px; line-height: 17px; margin-bottom: 0; margin-top: 8px; overflow: hidden; padding: 8px 0 7px; text-align: center; text-overflow: ellipsis; white-space: nowrap;\"><a style=\"color: #c9c8cd; font-family: Arial,sans-serif; font-size: 14px; font-style: normal; font-weight: normal; line-height: 17px; text-decoration: none;\" href=\"https:\/\/www.instagram.com\/p\/DRN0yEbEeRT\/?utm_source=ig_embed&amp;utm_campaign=loading\" target=\"_blank\" rel=\"noopener\">Uma publica\u00e7\u00e3o compartilhada por Djamila Ribeiro (@djamilaribeiro1)<\/a><\/p>\n<\/div>\n<\/blockquote>\n<p><script async src=\"\/\/www.instagram.com\/embed.js\"><\/script><\/p>\n","protected":false},"excerpt":{"rendered":"<p>*Contenu traduit \u00e0 l&#8217;aide de l&#8217;intelligence artificielle.* Ce mardi 18, Djamila Ribeiro a donn\u00e9 son tout premier cours au Massachusetts Institute of Technology (MIT), o\u00f9 elle enseigne en tant que professeure invit\u00e9e de la chaire Dr. Martin Luther King Jr. (MLK Chair). \u00ab Ce fut une joie de donner un cours \u00e0 l\u2019invitation de la [&hellip;]<\/p>\n","protected":false},"author":1,"featured_media":4661,"comment_status":"open","ping_status":"open","sticky":false,"template":"","format":"standard","meta":{"inline_featured_image":false},"categories":[785],"tags":[969,1224,1623,1622,935,1336,1579,1621,1490],"acf":[],"yoast_head":"<!-- This site is optimized with the Yoast SEO plugin v20.5 - https:\/\/yoast.com\/wordpress\/plugins\/seo\/ -->\n<title>Djamila Ribeiro donne son premier cours au MIT - Djamila Ribeiro<\/title>\n<meta name=\"description\" content=\"Pour son premier cours en tant que professeure invit\u00e9e, Djamila pr\u00e9sente la pens\u00e9e d\u2019intellectuelles br\u00e9siliennes noires aux \u00e9tudiant\u00b7e\u00b7s du MIT.\" \/>\n<meta name=\"robots\" content=\"index, follow, max-snippet:-1, max-image-preview:large, max-video-preview:-1\" \/>\n<link rel=\"canonical\" href=\"https:\/\/www.djamilaribeiro.com.br\/fr\/djamila-ribeiro-donne-son-premier-cours-au-mit\/\" \/>\n<meta property=\"og:locale\" content=\"pt_BR\" \/>\n<meta property=\"og:type\" content=\"article\" \/>\n<meta property=\"og:title\" content=\"Djamila Ribeiro donne son premier cours au MIT - Djamila Ribeiro\" \/>\n<meta property=\"og:description\" content=\"Pour son premier cours en tant que professeure invit\u00e9e, Djamila pr\u00e9sente la pens\u00e9e d\u2019intellectuelles br\u00e9siliennes noires aux \u00e9tudiant\u00b7e\u00b7s du MIT.\" \/>\n<meta property=\"og:url\" content=\"https:\/\/www.djamilaribeiro.com.br\/fr\/djamila-ribeiro-donne-son-premier-cours-au-mit\/\" \/>\n<meta property=\"og:site_name\" content=\"Djamila Ribeiro\" \/>\n<meta property=\"article:published_time\" content=\"2025-11-19T13:22:09+00:00\" \/>\n<meta property=\"og:image\" content=\"https:\/\/www.djamilaribeiro.com.br\/wp-content\/uploads\/2025\/11\/mit-brazil.jpg\" \/>\n\t<meta property=\"og:image:width\" content=\"1080\" \/>\n\t<meta property=\"og:image:height\" content=\"791\" \/>\n\t<meta property=\"og:image:type\" content=\"image\/jpeg\" \/>\n<meta name=\"author\" content=\"Reda\u00e7\u00e3o\" \/>\n<meta name=\"twitter:card\" content=\"summary_large_image\" \/>\n<meta name=\"twitter:label1\" content=\"Escrito por\" \/>\n\t<meta name=\"twitter:data1\" content=\"Reda\u00e7\u00e3o\" \/>\n\t<meta name=\"twitter:label2\" content=\"Est. tempo de leitura\" \/>\n\t<meta name=\"twitter:data2\" content=\"3 minutos\" \/>\n<script type=\"application\/ld+json\" class=\"yoast-schema-graph\">{\"@context\":\"https:\/\/schema.org\",\"@graph\":[{\"@type\":\"WebPage\",\"@id\":\"https:\/\/www.djamilaribeiro.com.br\/fr\/djamila-ribeiro-donne-son-premier-cours-au-mit\/\",\"url\":\"https:\/\/www.djamilaribeiro.com.br\/fr\/djamila-ribeiro-donne-son-premier-cours-au-mit\/\",\"name\":\"Djamila Ribeiro donne son premier cours au MIT - Djamila Ribeiro\",\"isPartOf\":{\"@id\":\"https:\/\/www.djamilaribeiro.com.br\/#website\"},\"datePublished\":\"2025-11-19T13:22:09+00:00\",\"dateModified\":\"2025-11-19T13:22:09+00:00\",\"author\":{\"@id\":\"https:\/\/www.djamilaribeiro.com.br\/#\/schema\/person\/a928f404cf733e4c62686bedd437b9ee\"},\"description\":\"Pour son premier cours en tant que professeure invit\u00e9e, Djamila pr\u00e9sente la pens\u00e9e d\u2019intellectuelles br\u00e9siliennes noires aux \u00e9tudiant\u00b7e\u00b7s du MIT.\",\"breadcrumb\":{\"@id\":\"https:\/\/www.djamilaribeiro.com.br\/fr\/djamila-ribeiro-donne-son-premier-cours-au-mit\/#breadcrumb\"},\"inLanguage\":\"pt-BR\",\"potentialAction\":[{\"@type\":\"ReadAction\",\"target\":[\"https:\/\/www.djamilaribeiro.com.br\/fr\/djamila-ribeiro-donne-son-premier-cours-au-mit\/\"]}]},{\"@type\":\"BreadcrumbList\",\"@id\":\"https:\/\/www.djamilaribeiro.com.br\/fr\/djamila-ribeiro-donne-son-premier-cours-au-mit\/#breadcrumb\",\"itemListElement\":[{\"@type\":\"ListItem\",\"position\":1,\"name\":\"In\u00edcio\",\"item\":\"https:\/\/www.djamilaribeiro.com.br\/fr\/\"},{\"@type\":\"ListItem\",\"position\":2,\"name\":\"Djamila Ribeiro donne son premier cours au MIT\"}]},{\"@type\":\"WebSite\",\"@id\":\"https:\/\/www.djamilaribeiro.com.br\/#website\",\"url\":\"https:\/\/www.djamilaribeiro.com.br\/\",\"name\":\"Djamila Ribeiro\",\"description\":\"\",\"potentialAction\":[{\"@type\":\"SearchAction\",\"target\":{\"@type\":\"EntryPoint\",\"urlTemplate\":\"https:\/\/www.djamilaribeiro.com.br\/?s={search_term_string}\"},\"query-input\":\"required name=search_term_string\"}],\"inLanguage\":\"pt-BR\"},{\"@type\":\"Person\",\"@id\":\"https:\/\/www.djamilaribeiro.com.br\/#\/schema\/person\/a928f404cf733e4c62686bedd437b9ee\",\"name\":\"Reda\u00e7\u00e3o\",\"image\":{\"@type\":\"ImageObject\",\"inLanguage\":\"pt-BR\",\"@id\":\"https:\/\/www.djamilaribeiro.com.br\/#\/schema\/person\/image\/\",\"url\":\"https:\/\/secure.gravatar.com\/avatar\/e22ea52208b383d899430021cb4ecf26?s=96&d=mm&r=g\",\"contentUrl\":\"https:\/\/secure.gravatar.com\/avatar\/e22ea52208b383d899430021cb4ecf26?s=96&d=mm&r=g\",\"caption\":\"Reda\u00e7\u00e3o\"},\"sameAs\":[\"https:\/\/localhost\"],\"url\":\"https:\/\/www.djamilaribeiro.com.br\/fr\/author\/djamila\/\"}]}<\/script>\n<!-- \/ Yoast SEO plugin. -->","yoast_head_json":{"title":"Djamila Ribeiro donne son premier cours au MIT - Djamila Ribeiro","description":"Pour son premier cours en tant que professeure invit\u00e9e, Djamila pr\u00e9sente la pens\u00e9e d\u2019intellectuelles br\u00e9siliennes noires aux \u00e9tudiant\u00b7e\u00b7s du MIT.","robots":{"index":"index","follow":"follow","max-snippet":"max-snippet:-1","max-image-preview":"max-image-preview:large","max-video-preview":"max-video-preview:-1"},"canonical":"https:\/\/www.djamilaribeiro.com.br\/fr\/djamila-ribeiro-donne-son-premier-cours-au-mit\/","og_locale":"pt_BR","og_type":"article","og_title":"Djamila Ribeiro donne son premier cours au MIT - Djamila Ribeiro","og_description":"Pour son premier cours en tant que professeure invit\u00e9e, Djamila pr\u00e9sente la pens\u00e9e d\u2019intellectuelles br\u00e9siliennes noires aux \u00e9tudiant\u00b7e\u00b7s du MIT.","og_url":"https:\/\/www.djamilaribeiro.com.br\/fr\/djamila-ribeiro-donne-son-premier-cours-au-mit\/","og_site_name":"Djamila Ribeiro","article_published_time":"2025-11-19T13:22:09+00:00","og_image":[{"width":1080,"height":791,"url":"https:\/\/www.djamilaribeiro.com.br\/wp-content\/uploads\/2025\/11\/mit-brazil.jpg","type":"image\/jpeg"}],"author":"Reda\u00e7\u00e3o","twitter_card":"summary_large_image","twitter_misc":{"Escrito por":"Reda\u00e7\u00e3o","Est. tempo de leitura":"3 minutos"},"schema":{"@context":"https:\/\/schema.org","@graph":[{"@type":"WebPage","@id":"https:\/\/www.djamilaribeiro.com.br\/fr\/djamila-ribeiro-donne-son-premier-cours-au-mit\/","url":"https:\/\/www.djamilaribeiro.com.br\/fr\/djamila-ribeiro-donne-son-premier-cours-au-mit\/","name":"Djamila Ribeiro donne son premier cours au MIT - Djamila Ribeiro","isPartOf":{"@id":"https:\/\/www.djamilaribeiro.com.br\/#website"},"datePublished":"2025-11-19T13:22:09+00:00","dateModified":"2025-11-19T13:22:09+00:00","author":{"@id":"https:\/\/www.djamilaribeiro.com.br\/#\/schema\/person\/a928f404cf733e4c62686bedd437b9ee"},"description":"Pour son premier cours en tant que professeure invit\u00e9e, Djamila pr\u00e9sente la pens\u00e9e d\u2019intellectuelles br\u00e9siliennes noires aux \u00e9tudiant\u00b7e\u00b7s du MIT.","breadcrumb":{"@id":"https:\/\/www.djamilaribeiro.com.br\/fr\/djamila-ribeiro-donne-son-premier-cours-au-mit\/#breadcrumb"},"inLanguage":"pt-BR","potentialAction":[{"@type":"ReadAction","target":["https:\/\/www.djamilaribeiro.com.br\/fr\/djamila-ribeiro-donne-son-premier-cours-au-mit\/"]}]},{"@type":"BreadcrumbList","@id":"https:\/\/www.djamilaribeiro.com.br\/fr\/djamila-ribeiro-donne-son-premier-cours-au-mit\/#breadcrumb","itemListElement":[{"@type":"ListItem","position":1,"name":"In\u00edcio","item":"https:\/\/www.djamilaribeiro.com.br\/fr\/"},{"@type":"ListItem","position":2,"name":"Djamila Ribeiro donne son premier cours au MIT"}]},{"@type":"WebSite","@id":"https:\/\/www.djamilaribeiro.com.br\/#website","url":"https:\/\/www.djamilaribeiro.com.br\/","name":"Djamila Ribeiro","description":"","potentialAction":[{"@type":"SearchAction","target":{"@type":"EntryPoint","urlTemplate":"https:\/\/www.djamilaribeiro.com.br\/?s={search_term_string}"},"query-input":"required name=search_term_string"}],"inLanguage":"pt-BR"},{"@type":"Person","@id":"https:\/\/www.djamilaribeiro.com.br\/#\/schema\/person\/a928f404cf733e4c62686bedd437b9ee","name":"Reda\u00e7\u00e3o","image":{"@type":"ImageObject","inLanguage":"pt-BR","@id":"https:\/\/www.djamilaribeiro.com.br\/#\/schema\/person\/image\/","url":"https:\/\/secure.gravatar.com\/avatar\/e22ea52208b383d899430021cb4ecf26?s=96&d=mm&r=g","contentUrl":"https:\/\/secure.gravatar.com\/avatar\/e22ea52208b383d899430021cb4ecf26?s=96&d=mm&r=g","caption":"Reda\u00e7\u00e3o"},"sameAs":["https:\/\/localhost"],"url":"https:\/\/www.djamilaribeiro.com.br\/fr\/author\/djamila\/"}]}},"amp_enabled":true,"_links":{"self":[{"href":"https:\/\/www.djamilaribeiro.com.br\/fr\/wp-json\/wp\/v2\/posts\/4674"}],"collection":[{"href":"https:\/\/www.djamilaribeiro.com.br\/fr\/wp-json\/wp\/v2\/posts"}],"about":[{"href":"https:\/\/www.djamilaribeiro.com.br\/fr\/wp-json\/wp\/v2\/types\/post"}],"author":[{"embeddable":true,"href":"https:\/\/www.djamilaribeiro.com.br\/fr\/wp-json\/wp\/v2\/users\/1"}],"replies":[{"embeddable":true,"href":"https:\/\/www.djamilaribeiro.com.br\/fr\/wp-json\/wp\/v2\/comments?post=4674"}],"version-history":[{"count":1,"href":"https:\/\/www.djamilaribeiro.com.br\/fr\/wp-json\/wp\/v2\/posts\/4674\/revisions"}],"predecessor-version":[{"id":4676,"href":"https:\/\/www.djamilaribeiro.com.br\/fr\/wp-json\/wp\/v2\/posts\/4674\/revisions\/4676"}],"wp:featuredmedia":[{"embeddable":true,"href":"https:\/\/www.djamilaribeiro.com.br\/fr\/wp-json\/wp\/v2\/media\/4661"}],"wp:attachment":[{"href":"https:\/\/www.djamilaribeiro.com.br\/fr\/wp-json\/wp\/v2\/media?parent=4674"}],"wp:term":[{"taxonomy":"category","embeddable":true,"href":"https:\/\/www.djamilaribeiro.com.br\/fr\/wp-json\/wp\/v2\/categories?post=4674"},{"taxonomy":"post_tag","embeddable":true,"href":"https:\/\/www.djamilaribeiro.com.br\/fr\/wp-json\/wp\/v2\/tags?post=4674"}],"curies":[{"name":"wp","href":"https:\/\/api.w.org\/{rel}","templated":true}]}}