{"id":4779,"date":"2025-12-23T16:06:56","date_gmt":"2025-12-23T19:06:56","guid":{"rendered":"https:\/\/www.djamilaribeiro.com.br\/?p=4779"},"modified":"2025-12-23T16:35:04","modified_gmt":"2025-12-23T19:35:04","slug":"luniversite-doxford-met-en-lumiere-la-conference-magistrale-de-djamila-ribeiro-dans-sa-principale-publication-institutionnelle","status":"publish","type":"post","link":"https:\/\/www.djamilaribeiro.com.br\/fr\/luniversite-doxford-met-en-lumiere-la-conference-magistrale-de-djamila-ribeiro-dans-sa-principale-publication-institutionnelle\/","title":{"rendered":"L\u2019Universit\u00e9 d\u2019Oxford met en lumi\u00e8re la conf\u00e9rence magistrale de Djamila Ribeiro dans sa principale publication institutionnelle"},"content":{"rendered":"<p data-start=\"648\" data-end=\"910\"><em>Dans un <strong><a href=\"https:\/\/www.mod-langs.ox.ac.uk\/oxford-polyglot\/2025-26\/1\/djamila-ribeiro-oxford\">article publi\u00e9 cette semaine<\/a><\/strong>, l\u2019Universit\u00e9 d\u2019Oxford souligne l\u2019impact de la philosophe br\u00e9silienne Djamila Ribeiro, qui a donn\u00e9 la prestigieuse Taylor Lecture en juin dernier, \u00e0 partir de son ouvrage Where We Stand, version anglaise de Lugar de Fala (Lieu de Parole).<\/em><\/p>\n<p data-start=\"912\" data-end=\"1321\">L\u2019Universit\u00e9 d\u2019Oxford a officiellement inclus la conf\u00e9rence de Djamila Ribeiro parmi les \u00e9v\u00e9nements marquants de l\u2019ann\u00e9e acad\u00e9mique 2025. Cette conf\u00e9rence, donn\u00e9e le 2 juin dans le cadre de la traditionnelle <strong data-start=\"1120\" data-end=\"1138\">Taylor Lecture<\/strong>, a \u00e9t\u00e9 salu\u00e9e dans la newsletter institutionnelle <em data-start=\"1189\" data-end=\"1206\">Oxford Polyglot<\/em>, parue ce mois de d\u00e9cembre, pour sa rigueur conceptuelle, sa port\u00e9e politique et la forte participation du public.<\/p>\n<p data-start=\"1323\" data-end=\"1718\">Organis\u00e9e chaque ann\u00e9e depuis 1889, la Taylor Lecture accueillait pour la premi\u00e8re fois une philosophe noire br\u00e9silienne. L\u2019invitation est venue du D\u00e9partement de Langue Portugaise de l\u2019Universit\u00e9, et la pr\u00e9sentation s\u2019est appuy\u00e9e sur l\u2019ouvrage <em data-start=\"1568\" data-end=\"1584\">Where We Stand<\/em> \u2014 traduction anglaise de <em data-start=\"1610\" data-end=\"1625\">Lugar de Fala<\/em>, publi\u00e9e par Yale University Press avec une pr\u00e9face de l\u2019\u00e9crivaine Chimamanda Ngozi Adichie.<\/p>\n<p data-start=\"1720\" data-end=\"2093\">\u00ab Je ressens le poids et la responsabilit\u00e9 d\u2019occuper cet espace en tant qu\u2019intellectuelle noire br\u00e9silienne \u00bb, avait \u00e9crit Djamila \u00e0 l\u2019\u00e9poque sur son profil Instagram. Dans une r\u00e9flexion percutante, elle a rappel\u00e9 que cette chaire avait \u00e9t\u00e9 cr\u00e9\u00e9e seulement un an apr\u00e8s l\u2019abolition de l\u2019esclavage au Br\u00e9sil \u2014 ce qui rend sa pr\u00e9sence \u00e0 cet \u00e9v\u00e9nement d\u2019autant plus symbolique.<\/p>\n<p data-start=\"2095\" data-end=\"2457\">La conf\u00e9rence s\u2019est tenue \u00e0 guichets ferm\u00e9s, avec liste d\u2019attente, dans le Trinity College, l\u2019un des plus anciens \u00e9tablissements de l\u2019universit\u00e9 britannique. L\u2019article publi\u00e9 par Oxford souligne que l\u2019accueil du public s\u2019est r\u00e9v\u00e9l\u00e9 d\u00e8s les premi\u00e8res minutes, lorsque Djamila a salu\u00e9 l\u2019auditoire par un \u00ab Boa tarde \u00bb \u2014 auquel celui-ci a r\u00e9pondu avec enthousiasme.<\/p>\n<p data-start=\"2459\" data-end=\"2929\">\u00ab Lieu de parole \u00bb. Telle \u00e9tait l\u2019expression \u00e0 la fois famili\u00e8re et \u00e9nigmatique que le public a d\u00e9couverte en prenant place pour cette tr\u00e8s attendue Taylor Lecture 2025. \u00ab Heureusement, nous \u00e9tions sur le point d\u2019embarquer dans un voyage fascinant \u00e0 travers les pens\u00e9es et les pratiques de plusieurs penseuses f\u00e9ministes, afin de comprendre la signification de ce concept \u2014 guid\u00e9s par nul autre que la philosophe br\u00e9silienne prim\u00e9e Djamila Ribeiro \u00bb, souligne l\u2019article.<\/p>\n<p data-start=\"2931\" data-end=\"3442\">Le texte met \u00e9galement en avant son r\u00f4le de coordinatrice de l\u2019Institut <em data-start=\"3003\" data-end=\"3023\">Feminismos Plurais<\/em> et rappelle la reconnaissance croissante de son \u0153uvre : \u00ab Elle est l\u2019auteure de plusieurs ouvrages prim\u00e9s et best-sellers, totalisant plus d\u2019un million d\u2019exemplaires vendus. Plus r\u00e9cemment, elle a re\u00e7u le Prix franco-allemand des droits humains et, en 2021, son <em data-start=\"3286\" data-end=\"3312\">Petit Manuel Antiraciste<\/em> (2019) a remport\u00e9 le prix Jabuti dans la cat\u00e9gorie Sciences humaines, la distinction litt\u00e9raire la plus prestigieuse du Br\u00e9sil. \u00bb<\/p>\n<p data-start=\"3444\" data-end=\"3811\">Le bulletin met en \u00e9vidence l\u2019urgence de reconna\u00eetre comment l\u2019exclusion de certains groupes sociaux \u2014 dans les universit\u00e9s, les m\u00e9dias ou la politique \u2014 emp\u00eache leur reconnaissance en tant que sujets de parole. Il note que Djamila \u00ab nous a pr\u00e9sent\u00e9 une multiplicit\u00e9 de penseuses qui, malgr\u00e9 leur grande richesse intellectuelle, sont rarement cit\u00e9es en philosophie \u00bb.<\/p>\n<p data-start=\"3813\" data-end=\"4303\">L\u2019un des passages les plus marquants de l\u2019article affirme : \u00ab Ce qui fut peut-\u00eatre le plus admirable, c\u2019est la mani\u00e8re dont Djamila Ribeiro a renforc\u00e9 cette cartographie vibrante de penseuses en y int\u00e9grant ses propres exp\u00e9riences en tant que femme noire br\u00e9silienne. \u00bb Selon la publication, cette perspective personnelle \u00ab a fa\u00e7onn\u00e9 la conf\u00e9rence et constitue \u00e9galement l\u2019un des fondements de son \u00e9criture \u00bb, suscitant une identification imm\u00e9diate chez les jeunes universitaires pr\u00e9sentes.<\/p>\n<p data-start=\"4305\" data-end=\"4579\">Le site d\u2019Oxford rapporte \u00e9galement qu\u2019\u00e0 l\u2019issue de la conf\u00e9rence, <strong data-start=\"4372\" data-end=\"4441\">toutes les questions pos\u00e9es \u00e0 la philosophe provenaient de femmes<\/strong> \u2014 un fait que le bulletin interpr\u00e8te comme r\u00e9v\u00e9lateur de la puissance de l\u2019acte pos\u00e9 par Djamila : celui de briser un silence historique.<\/p>\n<p data-start=\"4581\" data-end=\"5007\">Bien plus qu\u2019un \u00e9v\u00e9nement ponctuel, la conf\u00e9rence de Djamila Ribeiro s\u2019inscrit d\u00e9sormais dans la m\u00e9moire institutionnelle de l\u2019Universit\u00e9. Outre sa mise en valeur dans le <em data-start=\"4752\" data-end=\"4769\">Oxford Polyglot<\/em>, son ouvrage a \u00e9t\u00e9 officiellement acquis par les biblioth\u00e8ques de l\u2019Universit\u00e9 d\u2019Oxford \u2014 un geste que Djamila a elle-m\u00eame salu\u00e9 sur les r\u00e9seaux sociaux : \u00ab J\u2019ai \u00e9t\u00e9 tr\u00e8s heureuse de voir un tel int\u00e9r\u00eat de la part du milieu acad\u00e9mique. \u00bb<\/p>\n<p data-start=\"5009\" data-end=\"5234\">Sa pr\u00e9sence \u00e0 Oxford ne refl\u00e8te pas seulement la port\u00e9e internationale de sa pens\u00e9e : elle renforce la n\u00e9cessit\u00e9 de r\u00e9examiner quelles voix ont \u00e9t\u00e9 syst\u00e9matiquement r\u00e9duites au silence dans les grandes institutions du savoir.<\/p>\n<p data-start=\"5236\" data-end=\"5401\">D\u00e9sormais inscrite dans les archives officielles, la conf\u00e9rence magistrale de Djamila Ribeiro fait partie int\u00e9grante de l\u2019h\u00e9ritage intellectuel de la Taylor Lecture.<\/p>\n<p data-start=\"5236\" data-end=\"5401\"><em>Lisez ci-dessous le texte complet, traduit en fran\u00e7ais avec l\u2019aide de l\u2019intelligence artificielle :<\/em><\/p>\n<p data-start=\"0\" data-end=\"106\"><strong data-start=\"0\" data-end=\"28\">Djamila Ribeiro \u00e0 Oxford<\/strong><br data-start=\"28\" data-end=\"31\" \/><strong data-start=\"31\" data-end=\"106\">Une conf\u00e9rence captivante de l\u2019une des plus grandes penseuses du Br\u00e9sil<\/strong><\/p>\n<p data-start=\"108\" data-end=\"542\">\u00ab Lieu de parole \u00bb. Telle \u00e9tait l\u2019expression \u00e0 la fois famili\u00e8re et \u00e9nigmatique que le public d\u00e9couvrit en prenant place pour la tr\u00e8s attendue Taylor Lecture 2025. Heureusement pour nous, nous allions \u00eatre entra\u00een\u00e9s dans un fascinant voyage \u00e0 travers les pens\u00e9es et les travaux de nombreuses th\u00e9oriciennes f\u00e9ministes afin de d\u00e9couvrir la port\u00e9e de ce concept, guid\u00e9s par nul autre que la philosophe br\u00e9silienne prim\u00e9e Djamila Ribeiro.<\/p>\n<p data-start=\"544\" data-end=\"1253\">Djamila Ribeiro est une militante et \u00e9crivaine br\u00e9silienne, coordinatrice de l\u2019initiative <em data-start=\"634\" data-end=\"652\">Plural Feminisms<\/em>, et autrice de nombreux ouvrages \u00e0 succ\u00e8s, couronn\u00e9s de prix, totalisant plus d\u2019un million d\u2019exemplaires vendus. Plus r\u00e9cemment, elle a re\u00e7u le Prix franco-allemand des droits de l\u2019homme et, en 2021, son <em data-start=\"857\" data-end=\"886\">Pequeno Manual Antirracista<\/em> (2019) a remport\u00e9 le prix Jabuti dans la cat\u00e9gorie Sciences humaines, la plus prestigieuse distinction litt\u00e9raire du Br\u00e9sil. Toutefois, \u00e0 la suite de sa r\u00e9cente publication en anglais, c\u2019est son premier ouvrage, <em data-start=\"1099\" data-end=\"1114\">Lugar de Fala<\/em> (2017), traduit sous le titre <em data-start=\"1145\" data-end=\"1161\">Where We Stand<\/em> (2024), qu\u2019elle est venue pr\u00e9senter \u00e0 un auditoire oxfordien particuli\u00e8rement enthousiaste.<\/p>\n<p data-start=\"1255\" data-end=\"1916\">Ayant travaill\u00e9 dans de nombreuses institutions universitaires, dont l\u2019Universit\u00e9 de S\u00e3o Paulo et l\u2019Universit\u00e9 de New York, Ribeiro n\u2019est pas \u00e9trang\u00e8re au milieu acad\u00e9mique. Lorsqu\u2019elle nous salua d\u2019un chaleureux \u00ab Boa tarde \u00bb, nous nous sent\u00eemes imm\u00e9diatement \u00e0 l\u2019aise en sa pr\u00e9sence. En l\u2019espace de quelques minutes \u00e0 peine apr\u00e8s \u00eatre mont\u00e9e sur sc\u00e8ne, il devint \u00e9vident qu\u2019elle avait instaur\u00e9 dans l\u2019amphith\u00e9\u00e2tre un espace de transparence palpable, o\u00f9 chaque voix serait reconnue et entendue. Il n\u2019est donc pas surprenant qu\u2019apr\u00e8s une br\u00e8ve invitation de Ribeiro, nous ayons r\u00e9pondu sans la moindre h\u00e9sitation \u00e0 son salut par un enthousiaste \u00ab Boa tarde ! \u00bb.<\/p>\n<p data-start=\"1918\" data-end=\"2758\">Sa conf\u00e9rence, dans laquelle elle cherchait \u00e0 clarifier le sens controvers\u00e9 du \u00ab lieu de parole \u00bb et \u00e0 donner voix \u00e0 la multitude de femmes noires rest\u00e9es inaudibles en philosophie, fut un v\u00e9ritable t\u00e9moignage de cette exigence de visibilit\u00e9 et de v\u00e9rit\u00e9. En nous guidant \u00e0 travers la th\u00e8se centrale de son livre <em data-start=\"2231\" data-end=\"2247\">Where We Stand<\/em>, Ribeiro nous pr\u00e9senta une constellation de penseuses qui, malgr\u00e9 leur nombre et la richesse de leurs apports, sont rarement cit\u00e9es en philosophie, \u00e9clips\u00e9es par les voix blanches et masculines de la pens\u00e9e occidentale. Dans une d\u00e9construction de cette norme eurocentr\u00e9e et h\u00e9t\u00e9ronormative, Ribeiro invoqua ainsi les noms et les \u0153uvres de penseuses telles que Grada Kilomba, L\u00e9lia Gonzalez et Luiza Bairros, dont les contributions au concept de \u00ab lieu de parole \u00bb sont remarquables, bien que souvent n\u00e9glig\u00e9es.<\/p>\n<p data-start=\"2760\" data-end=\"3586\">Un \u00e9l\u00e9ment central de cette philosophie, comme l\u2019a soulign\u00e9 Ribeiro, est la th\u00e9orie du point de vue f\u00e9ministe de Bairros, selon laquelle l\u2019impossibilit\u00e9 pour certaines personnes d\u2019\u00eatre l\u00e9gitimement pr\u00e9sentes dans des espaces tels que l\u2019universit\u00e9, les m\u00e9dias ou la politique institutionnelle constitue une raison majeure de leur difficult\u00e9 \u00e0 \u00eatre entendues ou reconnues comme des voix singuli\u00e8res. Ce qui fut peut-\u00eatre le plus admirable, toutefois, fut la mani\u00e8re dont Djamila Ribeiro a renforc\u00e9 cette cartographie vibrante de penseuses en l\u2019enrichissant de sa propre exp\u00e9rience de femme noire br\u00e9silienne. Cette perspective personnelle n\u2019a pas seulement marqu\u00e9 sa conf\u00e9rence : elle constitue \u00e9galement un fondement essentiel de son \u00e9criture, et c\u2019est sans doute cette authenticit\u00e9 qui explique la valeur qui lui est accord\u00e9e.<\/p>\n<p data-start=\"3588\" data-end=\"4240\">Dans une salle remplie d\u2019aspirantes universitaires \u2014 dont une large proportion de femmes \u2014, ce type de repr\u00e9sentation eut un impact profond. Car si la contribution des philosophes hommes blancs ne saurait \u00eatre ni\u00e9e (comme Ribeiro elle-m\u00eame l\u2019a rappel\u00e9), ces voix ne repr\u00e9sentent qu\u2019une fraction de la population. C\u2019est donc tr\u00e8s justement que Phillip Rothwell introduisit la conf\u00e9rence par la citation suivante de Jota Momba\u00e7a, extraite de <em data-start=\"4028\" data-end=\"4044\">Where We Stand<\/em> :<br data-start=\"4046\" data-end=\"4049\" \/>\u00ab Le geste politique consistant \u00e0 inviter un homme cis euro-blanc \u00e0 se taire et \u00e0 r\u00e9fl\u00e9chir avant de parler introduit, en r\u00e9alit\u00e9, une rupture dans le r\u00e9gime d\u2019autorisation d\u00e9j\u00e0 en vigueur. \u00bb<\/p>\n<p data-start=\"4242\" data-end=\"4611\">C\u2019est pr\u00e9cis\u00e9ment ce que Ribeiro est parvenue \u00e0 accomplir, comme en t\u00e9moignait la s\u00e9rie de questions stimulantes qui suivit la conf\u00e9rence \u2014 toutes pos\u00e9es par des femmes. On ne peut y voir qu\u2019une preuve suppl\u00e9mentaire de la force de Djamila Ribeiro en tant que femme \u00e0 la fois autonome et inspirante, capable d\u2019encourager d\u2019autres femmes \u00e0 prendre la parole \u00e0 leur tour.<\/p>\n<p data-start=\"4613\" data-end=\"5178\" data-is-last-node=\"\" data-is-only-node=\"\">Nous n\u2019aurions pu r\u00eaver d\u2019un d\u00e9but plus m\u00e9morable pour la sixi\u00e8me semaine de Trinity, et il ne fait gu\u00e8re de doute que, gr\u00e2ce aux quatre-vingt-dix minutes pass\u00e9es en compagnie de Ribeiro, les exemplaires de son livre s\u2019arracheront chez Blackwell\u2019s \u00e0 un rythme encore plus soutenu qu\u2019auparavant. Nos plus sinc\u00e8res remerciements vont non seulement \u00e0 Djamila Ribeiro, mais aussi au Dr Gui Perdig\u00e3o, au Professeur Phillip Rothwell, \u00e0 l\u2019Institut Cam\u00f5es de la Coop\u00e9ration et de la Langue, ainsi qu\u2019\u00e0 toutes les personnes ayant contribu\u00e9 \u00e0 la r\u00e9alisation de cet \u00e9v\u00e9nement.<\/p>\n","protected":false},"excerpt":{"rendered":"<p>Dans un article publi\u00e9 cette semaine, l\u2019Universit\u00e9 d\u2019Oxford souligne l\u2019impact de la philosophe br\u00e9silienne Djamila Ribeiro, qui a donn\u00e9 la prestigieuse Taylor Lecture en juin dernier, \u00e0 partir de son ouvrage Where We Stand, version anglaise de Lugar de Fala (Lieu de Parole). L\u2019Universit\u00e9 d\u2019Oxford a officiellement inclus la conf\u00e9rence de Djamila Ribeiro parmi les [&hellip;]<\/p>\n","protected":false},"author":1,"featured_media":4775,"comment_status":"open","ping_status":"open","sticky":false,"template":"","format":"standard","meta":{"inline_featured_image":false},"categories":[785],"tags":[969,896,894],"acf":[],"yoast_head":"<!-- This site is optimized with the Yoast SEO plugin v20.5 - https:\/\/yoast.com\/wordpress\/plugins\/seo\/ -->\n<title>L\u2019Universit\u00e9 d\u2019Oxford met en lumi\u00e8re la conf\u00e9rence magistrale de Djamila Ribeiro dans sa principale publication institutionnelle - Djamila Ribeiro<\/title>\n<meta name=\"description\" content=\"L\u2019Universit\u00e9 d\u2019Oxford reconna\u00eet la conf\u00e9rence magistrale de Djamila Ribeiro comme l\u2019un des grands moments acad\u00e9miques de l\u2019ann\u00e9e.\" \/>\n<meta name=\"robots\" content=\"index, follow, max-snippet:-1, max-image-preview:large, max-video-preview:-1\" \/>\n<link rel=\"canonical\" href=\"https:\/\/www.djamilaribeiro.com.br\/fr\/luniversite-doxford-met-en-lumiere-la-conference-magistrale-de-djamila-ribeiro-dans-sa-principale-publication-institutionnelle\/\" \/>\n<meta property=\"og:locale\" content=\"pt_BR\" \/>\n<meta property=\"og:type\" content=\"article\" \/>\n<meta property=\"og:title\" content=\"L\u2019Universit\u00e9 d\u2019Oxford met en lumi\u00e8re la conf\u00e9rence magistrale de Djamila Ribeiro dans sa principale publication institutionnelle - Djamila Ribeiro\" \/>\n<meta property=\"og:description\" content=\"L\u2019Universit\u00e9 d\u2019Oxford reconna\u00eet la conf\u00e9rence magistrale de Djamila Ribeiro comme l\u2019un des grands moments acad\u00e9miques de l\u2019ann\u00e9e.\" \/>\n<meta property=\"og:url\" content=\"https:\/\/www.djamilaribeiro.com.br\/fr\/luniversite-doxford-met-en-lumiere-la-conference-magistrale-de-djamila-ribeiro-dans-sa-principale-publication-institutionnelle\/\" \/>\n<meta property=\"og:site_name\" content=\"Djamila Ribeiro\" \/>\n<meta property=\"article:published_time\" content=\"2025-12-23T19:06:56+00:00\" \/>\n<meta property=\"article:modified_time\" content=\"2025-12-23T19:35:04+00:00\" \/>\n<meta property=\"og:image\" content=\"https:\/\/www.djamilaribeiro.com.br\/wp-content\/uploads\/2025\/12\/Copyright-Henrike-2.jpg\" \/>\n\t<meta property=\"og:image:width\" content=\"1024\" \/>\n\t<meta property=\"og:image:height\" content=\"576\" \/>\n\t<meta property=\"og:image:type\" content=\"image\/jpeg\" \/>\n<meta name=\"author\" content=\"Reda\u00e7\u00e3o\" \/>\n<meta name=\"twitter:card\" content=\"summary_large_image\" \/>\n<meta name=\"twitter:label1\" content=\"Escrito por\" \/>\n\t<meta name=\"twitter:data1\" content=\"Reda\u00e7\u00e3o\" \/>\n\t<meta name=\"twitter:label2\" content=\"Est. tempo de leitura\" \/>\n\t<meta name=\"twitter:data2\" content=\"9 minutos\" \/>\n<script type=\"application\/ld+json\" class=\"yoast-schema-graph\">{\"@context\":\"https:\/\/schema.org\",\"@graph\":[{\"@type\":\"WebPage\",\"@id\":\"https:\/\/www.djamilaribeiro.com.br\/fr\/luniversite-doxford-met-en-lumiere-la-conference-magistrale-de-djamila-ribeiro-dans-sa-principale-publication-institutionnelle\/\",\"url\":\"https:\/\/www.djamilaribeiro.com.br\/fr\/luniversite-doxford-met-en-lumiere-la-conference-magistrale-de-djamila-ribeiro-dans-sa-principale-publication-institutionnelle\/\",\"name\":\"L\u2019Universit\u00e9 d\u2019Oxford met en lumi\u00e8re la conf\u00e9rence magistrale de Djamila Ribeiro dans sa principale publication institutionnelle - Djamila Ribeiro\",\"isPartOf\":{\"@id\":\"https:\/\/www.djamilaribeiro.com.br\/#website\"},\"datePublished\":\"2025-12-23T19:06:56+00:00\",\"dateModified\":\"2025-12-23T19:35:04+00:00\",\"author\":{\"@id\":\"https:\/\/www.djamilaribeiro.com.br\/#\/schema\/person\/a928f404cf733e4c62686bedd437b9ee\"},\"description\":\"L\u2019Universit\u00e9 d\u2019Oxford reconna\u00eet la conf\u00e9rence magistrale de Djamila Ribeiro comme l\u2019un des grands moments acad\u00e9miques de l\u2019ann\u00e9e.\",\"breadcrumb\":{\"@id\":\"https:\/\/www.djamilaribeiro.com.br\/fr\/luniversite-doxford-met-en-lumiere-la-conference-magistrale-de-djamila-ribeiro-dans-sa-principale-publication-institutionnelle\/#breadcrumb\"},\"inLanguage\":\"pt-BR\",\"potentialAction\":[{\"@type\":\"ReadAction\",\"target\":[\"https:\/\/www.djamilaribeiro.com.br\/fr\/luniversite-doxford-met-en-lumiere-la-conference-magistrale-de-djamila-ribeiro-dans-sa-principale-publication-institutionnelle\/\"]}]},{\"@type\":\"BreadcrumbList\",\"@id\":\"https:\/\/www.djamilaribeiro.com.br\/fr\/luniversite-doxford-met-en-lumiere-la-conference-magistrale-de-djamila-ribeiro-dans-sa-principale-publication-institutionnelle\/#breadcrumb\",\"itemListElement\":[{\"@type\":\"ListItem\",\"position\":1,\"name\":\"In\u00edcio\",\"item\":\"https:\/\/www.djamilaribeiro.com.br\/fr\/\"},{\"@type\":\"ListItem\",\"position\":2,\"name\":\"L\u2019Universit\u00e9 d\u2019Oxford met en lumi\u00e8re la conf\u00e9rence magistrale de Djamila Ribeiro dans sa principale publication institutionnelle\"}]},{\"@type\":\"WebSite\",\"@id\":\"https:\/\/www.djamilaribeiro.com.br\/#website\",\"url\":\"https:\/\/www.djamilaribeiro.com.br\/\",\"name\":\"Djamila Ribeiro\",\"description\":\"\",\"potentialAction\":[{\"@type\":\"SearchAction\",\"target\":{\"@type\":\"EntryPoint\",\"urlTemplate\":\"https:\/\/www.djamilaribeiro.com.br\/?s={search_term_string}\"},\"query-input\":\"required name=search_term_string\"}],\"inLanguage\":\"pt-BR\"},{\"@type\":\"Person\",\"@id\":\"https:\/\/www.djamilaribeiro.com.br\/#\/schema\/person\/a928f404cf733e4c62686bedd437b9ee\",\"name\":\"Reda\u00e7\u00e3o\",\"image\":{\"@type\":\"ImageObject\",\"inLanguage\":\"pt-BR\",\"@id\":\"https:\/\/www.djamilaribeiro.com.br\/#\/schema\/person\/image\/\",\"url\":\"https:\/\/secure.gravatar.com\/avatar\/e22ea52208b383d899430021cb4ecf26?s=96&d=mm&r=g\",\"contentUrl\":\"https:\/\/secure.gravatar.com\/avatar\/e22ea52208b383d899430021cb4ecf26?s=96&d=mm&r=g\",\"caption\":\"Reda\u00e7\u00e3o\"},\"sameAs\":[\"https:\/\/localhost\"],\"url\":\"https:\/\/www.djamilaribeiro.com.br\/fr\/author\/djamila\/\"}]}<\/script>\n<!-- \/ Yoast SEO plugin. -->","yoast_head_json":{"title":"L\u2019Universit\u00e9 d\u2019Oxford met en lumi\u00e8re la conf\u00e9rence magistrale de Djamila Ribeiro dans sa principale publication institutionnelle - Djamila Ribeiro","description":"L\u2019Universit\u00e9 d\u2019Oxford reconna\u00eet la conf\u00e9rence magistrale de Djamila Ribeiro comme l\u2019un des grands moments acad\u00e9miques de l\u2019ann\u00e9e.","robots":{"index":"index","follow":"follow","max-snippet":"max-snippet:-1","max-image-preview":"max-image-preview:large","max-video-preview":"max-video-preview:-1"},"canonical":"https:\/\/www.djamilaribeiro.com.br\/fr\/luniversite-doxford-met-en-lumiere-la-conference-magistrale-de-djamila-ribeiro-dans-sa-principale-publication-institutionnelle\/","og_locale":"pt_BR","og_type":"article","og_title":"L\u2019Universit\u00e9 d\u2019Oxford met en lumi\u00e8re la conf\u00e9rence magistrale de Djamila Ribeiro dans sa principale publication institutionnelle - Djamila Ribeiro","og_description":"L\u2019Universit\u00e9 d\u2019Oxford reconna\u00eet la conf\u00e9rence magistrale de Djamila Ribeiro comme l\u2019un des grands moments acad\u00e9miques de l\u2019ann\u00e9e.","og_url":"https:\/\/www.djamilaribeiro.com.br\/fr\/luniversite-doxford-met-en-lumiere-la-conference-magistrale-de-djamila-ribeiro-dans-sa-principale-publication-institutionnelle\/","og_site_name":"Djamila Ribeiro","article_published_time":"2025-12-23T19:06:56+00:00","article_modified_time":"2025-12-23T19:35:04+00:00","og_image":[{"width":1024,"height":576,"url":"https:\/\/www.djamilaribeiro.com.br\/wp-content\/uploads\/2025\/12\/Copyright-Henrike-2.jpg","type":"image\/jpeg"}],"author":"Reda\u00e7\u00e3o","twitter_card":"summary_large_image","twitter_misc":{"Escrito por":"Reda\u00e7\u00e3o","Est. tempo de leitura":"9 minutos"},"schema":{"@context":"https:\/\/schema.org","@graph":[{"@type":"WebPage","@id":"https:\/\/www.djamilaribeiro.com.br\/fr\/luniversite-doxford-met-en-lumiere-la-conference-magistrale-de-djamila-ribeiro-dans-sa-principale-publication-institutionnelle\/","url":"https:\/\/www.djamilaribeiro.com.br\/fr\/luniversite-doxford-met-en-lumiere-la-conference-magistrale-de-djamila-ribeiro-dans-sa-principale-publication-institutionnelle\/","name":"L\u2019Universit\u00e9 d\u2019Oxford met en lumi\u00e8re la conf\u00e9rence magistrale de Djamila Ribeiro dans sa principale publication institutionnelle - Djamila Ribeiro","isPartOf":{"@id":"https:\/\/www.djamilaribeiro.com.br\/#website"},"datePublished":"2025-12-23T19:06:56+00:00","dateModified":"2025-12-23T19:35:04+00:00","author":{"@id":"https:\/\/www.djamilaribeiro.com.br\/#\/schema\/person\/a928f404cf733e4c62686bedd437b9ee"},"description":"L\u2019Universit\u00e9 d\u2019Oxford reconna\u00eet la conf\u00e9rence magistrale de Djamila Ribeiro comme l\u2019un des grands moments acad\u00e9miques de l\u2019ann\u00e9e.","breadcrumb":{"@id":"https:\/\/www.djamilaribeiro.com.br\/fr\/luniversite-doxford-met-en-lumiere-la-conference-magistrale-de-djamila-ribeiro-dans-sa-principale-publication-institutionnelle\/#breadcrumb"},"inLanguage":"pt-BR","potentialAction":[{"@type":"ReadAction","target":["https:\/\/www.djamilaribeiro.com.br\/fr\/luniversite-doxford-met-en-lumiere-la-conference-magistrale-de-djamila-ribeiro-dans-sa-principale-publication-institutionnelle\/"]}]},{"@type":"BreadcrumbList","@id":"https:\/\/www.djamilaribeiro.com.br\/fr\/luniversite-doxford-met-en-lumiere-la-conference-magistrale-de-djamila-ribeiro-dans-sa-principale-publication-institutionnelle\/#breadcrumb","itemListElement":[{"@type":"ListItem","position":1,"name":"In\u00edcio","item":"https:\/\/www.djamilaribeiro.com.br\/fr\/"},{"@type":"ListItem","position":2,"name":"L\u2019Universit\u00e9 d\u2019Oxford met en lumi\u00e8re la conf\u00e9rence magistrale de Djamila Ribeiro dans sa principale publication institutionnelle"}]},{"@type":"WebSite","@id":"https:\/\/www.djamilaribeiro.com.br\/#website","url":"https:\/\/www.djamilaribeiro.com.br\/","name":"Djamila Ribeiro","description":"","potentialAction":[{"@type":"SearchAction","target":{"@type":"EntryPoint","urlTemplate":"https:\/\/www.djamilaribeiro.com.br\/?s={search_term_string}"},"query-input":"required name=search_term_string"}],"inLanguage":"pt-BR"},{"@type":"Person","@id":"https:\/\/www.djamilaribeiro.com.br\/#\/schema\/person\/a928f404cf733e4c62686bedd437b9ee","name":"Reda\u00e7\u00e3o","image":{"@type":"ImageObject","inLanguage":"pt-BR","@id":"https:\/\/www.djamilaribeiro.com.br\/#\/schema\/person\/image\/","url":"https:\/\/secure.gravatar.com\/avatar\/e22ea52208b383d899430021cb4ecf26?s=96&d=mm&r=g","contentUrl":"https:\/\/secure.gravatar.com\/avatar\/e22ea52208b383d899430021cb4ecf26?s=96&d=mm&r=g","caption":"Reda\u00e7\u00e3o"},"sameAs":["https:\/\/localhost"],"url":"https:\/\/www.djamilaribeiro.com.br\/fr\/author\/djamila\/"}]}},"amp_enabled":true,"_links":{"self":[{"href":"https:\/\/www.djamilaribeiro.com.br\/fr\/wp-json\/wp\/v2\/posts\/4779"}],"collection":[{"href":"https:\/\/www.djamilaribeiro.com.br\/fr\/wp-json\/wp\/v2\/posts"}],"about":[{"href":"https:\/\/www.djamilaribeiro.com.br\/fr\/wp-json\/wp\/v2\/types\/post"}],"author":[{"embeddable":true,"href":"https:\/\/www.djamilaribeiro.com.br\/fr\/wp-json\/wp\/v2\/users\/1"}],"replies":[{"embeddable":true,"href":"https:\/\/www.djamilaribeiro.com.br\/fr\/wp-json\/wp\/v2\/comments?post=4779"}],"version-history":[{"count":2,"href":"https:\/\/www.djamilaribeiro.com.br\/fr\/wp-json\/wp\/v2\/posts\/4779\/revisions"}],"predecessor-version":[{"id":4783,"href":"https:\/\/www.djamilaribeiro.com.br\/fr\/wp-json\/wp\/v2\/posts\/4779\/revisions\/4783"}],"wp:featuredmedia":[{"embeddable":true,"href":"https:\/\/www.djamilaribeiro.com.br\/fr\/wp-json\/wp\/v2\/media\/4775"}],"wp:attachment":[{"href":"https:\/\/www.djamilaribeiro.com.br\/fr\/wp-json\/wp\/v2\/media?parent=4779"}],"wp:term":[{"taxonomy":"category","embeddable":true,"href":"https:\/\/www.djamilaribeiro.com.br\/fr\/wp-json\/wp\/v2\/categories?post=4779"},{"taxonomy":"post_tag","embeddable":true,"href":"https:\/\/www.djamilaribeiro.com.br\/fr\/wp-json\/wp\/v2\/tags?post=4779"}],"curies":[{"name":"wp","href":"https:\/\/api.w.org\/{rel}","templated":true}]}}