{"id":4857,"date":"2026-01-08T10:27:09","date_gmt":"2026-01-08T13:27:09","guid":{"rendered":"https:\/\/www.djamilaribeiro.com.br\/?p=4857"},"modified":"2026-01-08T10:29:23","modified_gmt":"2026-01-08T13:29:23","slug":"djamila-ribeiro-lance-sa-chaine-youtube","status":"publish","type":"post","link":"https:\/\/www.djamilaribeiro.com.br\/fr\/djamila-ribeiro-lance-sa-chaine-youtube\/","title":{"rendered":"Djamila Ribeiro lance sa cha\u00eene YouTube"},"content":{"rendered":"<p data-start=\"2007\" data-end=\"2320\">D\u00e9sormais, le public pourra \u00e9galement suivre les activit\u00e9s de Djamila Ribeiro sur YouTube. La philosophe br\u00e9silienne a annonc\u00e9 la nouvelle sur son profil Instagram et sur Central Djamila, sa cha\u00eene WhatsApp cr\u00e9\u00e9e en d\u00e9cembre dernier. L\u2019objectif est d\u2019\u00e9largir les moyens de diffusion de ses contenus.<\/p>\n<p data-start=\"2322\" data-end=\"2640\">Cette d\u00e9cision marque une nouvelle \u00e9tape dans le travail de Djamila pour diffuser une pens\u00e9e critique et d\u00e9mocratiser l\u2019acc\u00e8s \u00e0 l\u2019\u00e9ducation. Gr\u00e2ce \u00e0 cette nouvelle plateforme, le public aura acc\u00e8s \u00e0 des vid\u00e9os, des interviews, des d\u00e9bats et des r\u00e9flexions auparavant concentr\u00e9s sur les r\u00e9seaux sociaux et son site web.<\/p>\n<p data-start=\"2642\" data-end=\"2844\">En renfor\u00e7ant sa pr\u00e9sence sur YouTube, Djamila confirme son engagement dans une action constante pour conqu\u00e9rir des espaces de parole et d\u2019information. Une exigence fondamentale de la lutte antiraciste.<\/p>\n<p data-start=\"2846\" data-end=\"3245\">Le choix de cette plateforme r\u00e9pond aussi \u00e0 une r\u00e9alit\u00e9 br\u00e9silienne : YouTube est l\u2019un des r\u00e9seaux les plus utilis\u00e9s dans le pays, atteignant des millions de personnes de diff\u00e9rentes r\u00e9gions et tranches d\u2019\u00e2ge. \u00ab Porter le d\u00e9bat sur le racisme structurel, les privil\u00e8ges li\u00e9s \u00e0 la blanchit\u00e9 et le f\u00e9minisme noir dans cet espace est une strat\u00e9gie \u00e0 la fois politique et p\u00e9dagogique \u00bb, affirme Djamila.<\/p>\n<p data-start=\"3247\" data-end=\"3380\">Et vous, \u00eates-vous d\u00e9j\u00e0 abonn\u00e9\u00b7e \u00e0 la <a href=\"https:\/\/www.youtube.com\/@djamilaribeiro1\"><strong>cha\u00eene<\/strong><\/a> ? Avez-vous rejoint la communaut\u00e9 <a href=\"https:\/\/whatsapp.com\/channel\/0029Vb72K7Z5Ejxw1nMJdz0x\"><strong>Central Djamila<\/strong><\/a> ? Cliquez sur les liens et d\u00e9couvrez !<\/p>\n","protected":false},"excerpt":{"rendered":"<p>D\u00e9sormais, le public pourra \u00e9galement suivre les activit\u00e9s de Djamila Ribeiro sur YouTube. La philosophe br\u00e9silienne a annonc\u00e9 la nouvelle sur son profil Instagram et sur Central Djamila, sa cha\u00eene WhatsApp cr\u00e9\u00e9e en d\u00e9cembre dernier. L\u2019objectif est d\u2019\u00e9largir les moyens de diffusion de ses contenus. Cette d\u00e9cision marque une nouvelle \u00e9tape dans le travail de [&hellip;]<\/p>\n","protected":false},"author":1,"featured_media":4850,"comment_status":"open","ping_status":"open","sticky":false,"template":"","format":"standard","meta":{"inline_featured_image":false},"categories":[785],"tags":[1104,1705,1706,969,1224,939,1490,1707],"acf":[],"yoast_head":"<!-- This site is optimized with the Yoast SEO plugin v20.5 - https:\/\/yoast.com\/wordpress\/plugins\/seo\/ -->\n<title>Djamila Ribeiro lance sa cha\u00eene YouTube - Djamila Ribeiro<\/title>\n<meta name=\"description\" content=\"Le public peut d\u00e9sormais suivre la pens\u00e9e de Djamila Ribeiro aussi sur YouTube.\" \/>\n<meta name=\"robots\" content=\"index, follow, max-snippet:-1, max-image-preview:large, max-video-preview:-1\" \/>\n<link rel=\"canonical\" href=\"https:\/\/www.djamilaribeiro.com.br\/fr\/djamila-ribeiro-lance-sa-chaine-youtube\/\" \/>\n<meta property=\"og:locale\" content=\"pt_BR\" \/>\n<meta property=\"og:type\" content=\"article\" \/>\n<meta property=\"og:title\" content=\"Djamila Ribeiro lance sa cha\u00eene YouTube - Djamila Ribeiro\" \/>\n<meta property=\"og:description\" content=\"Le public peut d\u00e9sormais suivre la pens\u00e9e de Djamila Ribeiro aussi sur YouTube.\" \/>\n<meta property=\"og:url\" content=\"https:\/\/www.djamilaribeiro.com.br\/fr\/djamila-ribeiro-lance-sa-chaine-youtube\/\" \/>\n<meta property=\"og:site_name\" content=\"Djamila Ribeiro\" \/>\n<meta property=\"article:published_time\" content=\"2026-01-08T13:27:09+00:00\" \/>\n<meta property=\"article:modified_time\" content=\"2026-01-08T13:29:23+00:00\" \/>\n<meta property=\"og:image\" content=\"https:\/\/www.djamilaribeiro.com.br\/wp-content\/uploads\/2026\/01\/WhatsApp-Image-2026-01-05-at-20.13.56.jpeg\" \/>\n\t<meta property=\"og:image:width\" content=\"1080\" \/>\n\t<meta property=\"og:image:height\" content=\"1350\" \/>\n\t<meta property=\"og:image:type\" content=\"image\/jpeg\" \/>\n<meta name=\"author\" content=\"Reda\u00e7\u00e3o\" \/>\n<meta name=\"twitter:card\" content=\"summary_large_image\" \/>\n<meta name=\"twitter:label1\" content=\"Escrito por\" \/>\n\t<meta name=\"twitter:data1\" content=\"Reda\u00e7\u00e3o\" \/>\n\t<meta name=\"twitter:label2\" content=\"Est. tempo de leitura\" \/>\n\t<meta name=\"twitter:data2\" content=\"2 minutos\" \/>\n<script type=\"application\/ld+json\" class=\"yoast-schema-graph\">{\"@context\":\"https:\/\/schema.org\",\"@graph\":[{\"@type\":\"WebPage\",\"@id\":\"https:\/\/www.djamilaribeiro.com.br\/fr\/djamila-ribeiro-lance-sa-chaine-youtube\/\",\"url\":\"https:\/\/www.djamilaribeiro.com.br\/fr\/djamila-ribeiro-lance-sa-chaine-youtube\/\",\"name\":\"Djamila Ribeiro lance sa cha\u00eene YouTube - Djamila Ribeiro\",\"isPartOf\":{\"@id\":\"https:\/\/www.djamilaribeiro.com.br\/#website\"},\"datePublished\":\"2026-01-08T13:27:09+00:00\",\"dateModified\":\"2026-01-08T13:29:23+00:00\",\"author\":{\"@id\":\"https:\/\/www.djamilaribeiro.com.br\/#\/schema\/person\/a928f404cf733e4c62686bedd437b9ee\"},\"description\":\"Le public peut d\u00e9sormais suivre la pens\u00e9e de Djamila Ribeiro aussi sur YouTube.\",\"breadcrumb\":{\"@id\":\"https:\/\/www.djamilaribeiro.com.br\/fr\/djamila-ribeiro-lance-sa-chaine-youtube\/#breadcrumb\"},\"inLanguage\":\"pt-BR\",\"potentialAction\":[{\"@type\":\"ReadAction\",\"target\":[\"https:\/\/www.djamilaribeiro.com.br\/fr\/djamila-ribeiro-lance-sa-chaine-youtube\/\"]}]},{\"@type\":\"BreadcrumbList\",\"@id\":\"https:\/\/www.djamilaribeiro.com.br\/fr\/djamila-ribeiro-lance-sa-chaine-youtube\/#breadcrumb\",\"itemListElement\":[{\"@type\":\"ListItem\",\"position\":1,\"name\":\"In\u00edcio\",\"item\":\"https:\/\/www.djamilaribeiro.com.br\/fr\/\"},{\"@type\":\"ListItem\",\"position\":2,\"name\":\"Djamila Ribeiro lance sa cha\u00eene YouTube\"}]},{\"@type\":\"WebSite\",\"@id\":\"https:\/\/www.djamilaribeiro.com.br\/#website\",\"url\":\"https:\/\/www.djamilaribeiro.com.br\/\",\"name\":\"Djamila Ribeiro\",\"description\":\"\",\"potentialAction\":[{\"@type\":\"SearchAction\",\"target\":{\"@type\":\"EntryPoint\",\"urlTemplate\":\"https:\/\/www.djamilaribeiro.com.br\/?s={search_term_string}\"},\"query-input\":\"required name=search_term_string\"}],\"inLanguage\":\"pt-BR\"},{\"@type\":\"Person\",\"@id\":\"https:\/\/www.djamilaribeiro.com.br\/#\/schema\/person\/a928f404cf733e4c62686bedd437b9ee\",\"name\":\"Reda\u00e7\u00e3o\",\"image\":{\"@type\":\"ImageObject\",\"inLanguage\":\"pt-BR\",\"@id\":\"https:\/\/www.djamilaribeiro.com.br\/#\/schema\/person\/image\/\",\"url\":\"https:\/\/secure.gravatar.com\/avatar\/e22ea52208b383d899430021cb4ecf26?s=96&d=mm&r=g\",\"contentUrl\":\"https:\/\/secure.gravatar.com\/avatar\/e22ea52208b383d899430021cb4ecf26?s=96&d=mm&r=g\",\"caption\":\"Reda\u00e7\u00e3o\"},\"sameAs\":[\"https:\/\/localhost\"],\"url\":\"https:\/\/www.djamilaribeiro.com.br\/fr\/author\/djamila\/\"}]}<\/script>\n<!-- \/ Yoast SEO plugin. -->","yoast_head_json":{"title":"Djamila Ribeiro lance sa cha\u00eene YouTube - Djamila Ribeiro","description":"Le public peut d\u00e9sormais suivre la pens\u00e9e de Djamila Ribeiro aussi sur YouTube.","robots":{"index":"index","follow":"follow","max-snippet":"max-snippet:-1","max-image-preview":"max-image-preview:large","max-video-preview":"max-video-preview:-1"},"canonical":"https:\/\/www.djamilaribeiro.com.br\/fr\/djamila-ribeiro-lance-sa-chaine-youtube\/","og_locale":"pt_BR","og_type":"article","og_title":"Djamila Ribeiro lance sa cha\u00eene YouTube - Djamila Ribeiro","og_description":"Le public peut d\u00e9sormais suivre la pens\u00e9e de Djamila Ribeiro aussi sur YouTube.","og_url":"https:\/\/www.djamilaribeiro.com.br\/fr\/djamila-ribeiro-lance-sa-chaine-youtube\/","og_site_name":"Djamila Ribeiro","article_published_time":"2026-01-08T13:27:09+00:00","article_modified_time":"2026-01-08T13:29:23+00:00","og_image":[{"width":1080,"height":1350,"url":"https:\/\/www.djamilaribeiro.com.br\/wp-content\/uploads\/2026\/01\/WhatsApp-Image-2026-01-05-at-20.13.56.jpeg","type":"image\/jpeg"}],"author":"Reda\u00e7\u00e3o","twitter_card":"summary_large_image","twitter_misc":{"Escrito por":"Reda\u00e7\u00e3o","Est. tempo de leitura":"2 minutos"},"schema":{"@context":"https:\/\/schema.org","@graph":[{"@type":"WebPage","@id":"https:\/\/www.djamilaribeiro.com.br\/fr\/djamila-ribeiro-lance-sa-chaine-youtube\/","url":"https:\/\/www.djamilaribeiro.com.br\/fr\/djamila-ribeiro-lance-sa-chaine-youtube\/","name":"Djamila Ribeiro lance sa cha\u00eene YouTube - Djamila Ribeiro","isPartOf":{"@id":"https:\/\/www.djamilaribeiro.com.br\/#website"},"datePublished":"2026-01-08T13:27:09+00:00","dateModified":"2026-01-08T13:29:23+00:00","author":{"@id":"https:\/\/www.djamilaribeiro.com.br\/#\/schema\/person\/a928f404cf733e4c62686bedd437b9ee"},"description":"Le public peut d\u00e9sormais suivre la pens\u00e9e de Djamila Ribeiro aussi sur YouTube.","breadcrumb":{"@id":"https:\/\/www.djamilaribeiro.com.br\/fr\/djamila-ribeiro-lance-sa-chaine-youtube\/#breadcrumb"},"inLanguage":"pt-BR","potentialAction":[{"@type":"ReadAction","target":["https:\/\/www.djamilaribeiro.com.br\/fr\/djamila-ribeiro-lance-sa-chaine-youtube\/"]}]},{"@type":"BreadcrumbList","@id":"https:\/\/www.djamilaribeiro.com.br\/fr\/djamila-ribeiro-lance-sa-chaine-youtube\/#breadcrumb","itemListElement":[{"@type":"ListItem","position":1,"name":"In\u00edcio","item":"https:\/\/www.djamilaribeiro.com.br\/fr\/"},{"@type":"ListItem","position":2,"name":"Djamila Ribeiro lance sa cha\u00eene YouTube"}]},{"@type":"WebSite","@id":"https:\/\/www.djamilaribeiro.com.br\/#website","url":"https:\/\/www.djamilaribeiro.com.br\/","name":"Djamila Ribeiro","description":"","potentialAction":[{"@type":"SearchAction","target":{"@type":"EntryPoint","urlTemplate":"https:\/\/www.djamilaribeiro.com.br\/?s={search_term_string}"},"query-input":"required name=search_term_string"}],"inLanguage":"pt-BR"},{"@type":"Person","@id":"https:\/\/www.djamilaribeiro.com.br\/#\/schema\/person\/a928f404cf733e4c62686bedd437b9ee","name":"Reda\u00e7\u00e3o","image":{"@type":"ImageObject","inLanguage":"pt-BR","@id":"https:\/\/www.djamilaribeiro.com.br\/#\/schema\/person\/image\/","url":"https:\/\/secure.gravatar.com\/avatar\/e22ea52208b383d899430021cb4ecf26?s=96&d=mm&r=g","contentUrl":"https:\/\/secure.gravatar.com\/avatar\/e22ea52208b383d899430021cb4ecf26?s=96&d=mm&r=g","caption":"Reda\u00e7\u00e3o"},"sameAs":["https:\/\/localhost"],"url":"https:\/\/www.djamilaribeiro.com.br\/fr\/author\/djamila\/"}]}},"amp_enabled":true,"_links":{"self":[{"href":"https:\/\/www.djamilaribeiro.com.br\/fr\/wp-json\/wp\/v2\/posts\/4857"}],"collection":[{"href":"https:\/\/www.djamilaribeiro.com.br\/fr\/wp-json\/wp\/v2\/posts"}],"about":[{"href":"https:\/\/www.djamilaribeiro.com.br\/fr\/wp-json\/wp\/v2\/types\/post"}],"author":[{"embeddable":true,"href":"https:\/\/www.djamilaribeiro.com.br\/fr\/wp-json\/wp\/v2\/users\/1"}],"replies":[{"embeddable":true,"href":"https:\/\/www.djamilaribeiro.com.br\/fr\/wp-json\/wp\/v2\/comments?post=4857"}],"version-history":[{"count":1,"href":"https:\/\/www.djamilaribeiro.com.br\/fr\/wp-json\/wp\/v2\/posts\/4857\/revisions"}],"predecessor-version":[{"id":4858,"href":"https:\/\/www.djamilaribeiro.com.br\/fr\/wp-json\/wp\/v2\/posts\/4857\/revisions\/4858"}],"wp:featuredmedia":[{"embeddable":true,"href":"https:\/\/www.djamilaribeiro.com.br\/fr\/wp-json\/wp\/v2\/media\/4850"}],"wp:attachment":[{"href":"https:\/\/www.djamilaribeiro.com.br\/fr\/wp-json\/wp\/v2\/media?parent=4857"}],"wp:term":[{"taxonomy":"category","embeddable":true,"href":"https:\/\/www.djamilaribeiro.com.br\/fr\/wp-json\/wp\/v2\/categories?post=4857"},{"taxonomy":"post_tag","embeddable":true,"href":"https:\/\/www.djamilaribeiro.com.br\/fr\/wp-json\/wp\/v2\/tags?post=4857"}],"curies":[{"name":"wp","href":"https:\/\/api.w.org\/{rel}","templated":true}]}}