{"id":4873,"date":"2026-01-10T12:58:17","date_gmt":"2026-01-10T15:58:17","guid":{"rendered":"https:\/\/www.djamilaribeiro.com.br\/?p=4873"},"modified":"2026-01-10T13:11:25","modified_gmt":"2026-01-10T16:11:25","slug":"mae-ana-fut-une-femme-qui-a-ouvert-de-nombreux-chemins-djamila-ribeiro-rend-hommage-a-lialorixa-mae-ana-dogum","status":"publish","type":"post","link":"https:\/\/www.djamilaribeiro.com.br\/fr\/mae-ana-fut-une-femme-qui-a-ouvert-de-nombreux-chemins-djamila-ribeiro-rend-hommage-a-lialorixa-mae-ana-dogum\/","title":{"rendered":"\u00ab M\u00e3e Ana fut une femme qui a ouvert de nombreux chemins \u00bb : Djamila Ribeiro rend hommage \u00e0 l\u2019Ialorix\u00e1 M\u00e3e Ana d\u2019Ogum"},"content":{"rendered":"<p data-start=\"3334\" data-end=\"3522\">M\u00e3e Ana d\u2019Ogum est d\u00e9c\u00e9d\u00e9e jeudi dernier, le 8 janvier, \u00e0 S\u00e3o Paulo. Sur ses r\u00e9seaux sociaux, Djamila Ribeiro a rendu hommage \u00e0 celle qui a inspir\u00e9 tant de personnes par ses enseignements.<\/p>\n<p data-start=\"3524\" data-end=\"3847\">\u00ab Aujourd\u2019hui, l\u2019une des plus grandes Ialorix\u00e1s du Br\u00e9sil, la grande M\u00e3e Ana d\u2019Ogum, est partie pour l\u2019Orun \u00bb, a \u00e9crit la philosophe br\u00e9silienne, rappelant l\u2019importance de la pr\u00eatresse dans son parcours personnel et dans la pr\u00e9servation du Candombl\u00e9 au Br\u00e9sil. <em data-start=\"3785\" data-end=\"3847\">(Orun d\u00e9signe le monde spirituel dans la cosmologie yoruba.)<\/em><\/p>\n<p data-start=\"3849\" data-end=\"4192\">\u00ab M\u00e3e Ana fut une femme qui a ouvert de nombreux chemins. Elle laisse un immense h\u00e9ritage d\u2019engagement envers le sacr\u00e9. Elle a soutenu une maison, form\u00e9 des g\u00e9n\u00e9rations, accueilli des personnes et maintenu vivante une tradition ancestrale, m\u00eame lorsque pratiquer le Candombl\u00e9 signifiait affronter encore plus d\u2019intol\u00e9rance et de pers\u00e9cution. \u00bb<\/p>\n<p data-start=\"4194\" data-end=\"4613\">C\u2019est par l\u2019interm\u00e9diaire de M\u00e3e Ana que Djamila a renou\u00e9 avec le Candombl\u00e9 \u2014 un cheminement spirituel qu\u2019elle raconte dans le livre <em data-start=\"4327\" data-end=\"4350\">Cartas para minha av\u00f3<\/em> (<em data-start=\"229\" data-end=\"285\"><strong><a href=\"https:\/\/www.anacaona.fr\/boutique\/ta-magie-ma-menee-jusquici-lettres-grand-mere-djamila-ribeiro-roman-autobiographique\/\">Ta magie m\u2019a men\u00e9e jusqu\u2019ici \u2013 Lettres \u00e0 ma grand-m\u00e8re<\/a><\/strong>)<\/em>. \u00ab C\u2019est par l\u2019ax\u00e9 d\u2019Ogum qu\u2019Ox\u00f3ssi a pu rentrer chez lui. Les mains de M\u00e3e Ana ont \u00e9t\u00e9 un portail, un soin et un fondement pour moi et pour tant d\u2019autres personnes. \u00bb <em data-start=\"4547\" data-end=\"4613\">(Ax\u00e9 d\u00e9signe l\u2019\u00e9nergie sacr\u00e9e ; Ogum et Ox\u00f3ssi sont des orix\u00e1s.)<\/em><\/p>\n<p data-start=\"4194\" data-end=\"4613\">\n<p style=\"text-align: center;\" data-start=\"4194\" data-end=\"4613\"><img decoding=\"async\" loading=\"lazy\" class=\"aligncenter size-large wp-image-4868\" src=\"https:\/\/www.djamilaribeiro.com.br\/wp-content\/uploads\/2026\/01\/Mae-Ana-2-1024x1003.jpg\" alt=\"\" width=\"1024\" height=\"1003\" srcset=\"https:\/\/www.djamilaribeiro.com.br\/wp-content\/uploads\/2026\/01\/Mae-Ana-2-1024x1003.jpg 1024w, https:\/\/www.djamilaribeiro.com.br\/wp-content\/uploads\/2026\/01\/Mae-Ana-2-300x294.jpg 300w, https:\/\/www.djamilaribeiro.com.br\/wp-content\/uploads\/2026\/01\/Mae-Ana-2-768x752.jpg 768w, https:\/\/www.djamilaribeiro.com.br\/wp-content\/uploads\/2026\/01\/Mae-Ana-2-35x35.jpg 35w, https:\/\/www.djamilaribeiro.com.br\/wp-content\/uploads\/2026\/01\/Mae-Ana-2.jpg 1080w\" sizes=\"(max-width: 1024px) 100vw, 1024px\" \/><\/p>\n<p data-start=\"4194\" data-end=\"4613\">\n<p data-start=\"4615\" data-end=\"5001\">N\u00e9e \u00e0 Valen\u00e7a, dans l\u2019\u00c9tat de Bahia, le 7 janvier 1944, Ana Maria Ara\u00fajo Santos s\u2019est install\u00e9e \u00e0 Salvador \u00e0 l\u2019\u00e2ge de neuf ans et, dans les ann\u00e9es 1970, a commenc\u00e9 \u00e0 vivre \u00e0 S\u00e3o Paulo. Fille de santo (initi\u00e9e) de M\u00e3e Simpl\u00edcia de Ogum, de la Casa de Oxumar\u00ea \u00e0 Salvador, M\u00e3e Ana a v\u00e9cu le Candombl\u00e9 depuis l\u2019enfance et a \u00e9t\u00e9 initi\u00e9e au culte des orix\u00e1s le 24 mai 1960, \u00e0 l\u2019\u00e2ge de 16 ans.<\/p>\n<p data-start=\"5003\" data-end=\"5310\">Matriarche du terreiro Oj\u00fa On\u00edr\u00e8 et initi\u00e9e \u00e0 l\u2019Il\u00ea Ax\u00e9 Oxumar\u00ea, o\u00f9 elle est devenue une r\u00e9f\u00e9rence, M\u00e3e Ana a \u0153uvr\u00e9 pendant des d\u00e9cennies, selon les mots de Djamila, \u00ab avec fermet\u00e9 et discr\u00e9tion, comme tant de dirigeantes noires et religieuses qui maintiennent vivantes des traditions face \u00e0 l\u2019effacement \u00bb.<\/p>\n<p data-start=\"5312\" data-end=\"5739\">Dans son hommage, Djamila a tenu \u00e0 adresser son \u00e9treinte \u00e0 la famille du Oj\u00fa On\u00edr\u00e8, en particulier \u00e0 son amie Fl\u00e1via Monteiro, ainsi qu\u2019\u00e0 la communaut\u00e9 de l\u2019Il\u00ea Ax\u00e9 Oxumar\u00ea. Elle a \u00e9galement rappel\u00e9 avoir rendu hommage \u00e0 M\u00e3e Ana dans sa chronique publi\u00e9e en 2023 dans la <em data-start=\"5583\" data-end=\"5602\">Folha de S. Paulo<\/em>, en soulignant que l\u2019illustration accompagnant la publication sur les r\u00e9seaux est sign\u00e9e Aline Bispo, cr\u00e9\u00e9e \u00e0 l\u2019origine pour le journal.<\/p>\n<p data-start=\"5741\" data-end=\"5893\">L\u2019adieu s\u2019est conclu par une phrase qui r\u00e9sume la force et le parcours de l\u2019Ialorix\u00e1 : \u00ab Ogum a ouvert la voie, et M\u00e3e Ana l\u2019a parcourue avec honneur. \u00bb<\/p>\n<blockquote class=\"instagram-media\" style=\"background: #FFF; border: 0; border-radius: 3px; box-shadow: 0 0 1px 0 rgba(0,0,0,0.5),0 1px 10px 0 rgba(0,0,0,0.15); margin: 1px; max-width: 540px; min-width: 326px; padding: 0; width: calc(100% - 2px);\" data-instgrm-captioned=\"\" data-instgrm-permalink=\"https:\/\/www.instagram.com\/p\/DTRSP7JkafF\/?utm_source=ig_embed&amp;utm_campaign=loading\" data-instgrm-version=\"14\">\n<div style=\"padding: 16px;\">\n<p>&nbsp;<\/p>\n<div style=\"display: flex; flex-direction: row; align-items: center;\">\n<div style=\"background-color: #f4f4f4; border-radius: 50%; flex-grow: 0; height: 40px; margin-right: 14px; width: 40px;\"><\/div>\n<div style=\"display: flex; flex-direction: column; flex-grow: 1; justify-content: center;\">\n<div style=\"background-color: #f4f4f4; border-radius: 4px; flex-grow: 0; height: 14px; margin-bottom: 6px; width: 100px;\"><\/div>\n<div style=\"background-color: #f4f4f4; border-radius: 4px; flex-grow: 0; height: 14px; width: 60px;\"><\/div>\n<\/div>\n<\/div>\n<div style=\"padding: 19% 0;\"><\/div>\n<div style=\"display: block; height: 50px; margin: 0 auto 12px; width: 50px;\"><\/div>\n<div style=\"padding-top: 8px;\">\n<div style=\"color: #3897f0; font-family: Arial,sans-serif; font-size: 14px; font-style: normal; font-weight: 550; line-height: 18px;\">Ver essa foto no Instagram<\/div>\n<\/div>\n<div style=\"padding: 12.5% 0;\"><\/div>\n<div style=\"display: flex; flex-direction: row; margin-bottom: 14px; align-items: center;\">\n<div>\n<div style=\"background-color: #f4f4f4; border-radius: 50%; height: 12.5px; width: 12.5px; transform: translateX(0px) translateY(7px);\"><\/div>\n<div style=\"background-color: #f4f4f4; height: 12.5px; transform: rotate(-45deg) translateX(3px) translateY(1px); width: 12.5px; flex-grow: 0; margin-right: 14px; margin-left: 2px;\"><\/div>\n<div style=\"background-color: #f4f4f4; border-radius: 50%; height: 12.5px; width: 12.5px; transform: translateX(9px) translateY(-18px);\"><\/div>\n<\/div>\n<div style=\"margin-left: 8px;\">\n<div style=\"background-color: #f4f4f4; border-radius: 50%; flex-grow: 0; height: 20px; width: 20px;\"><\/div>\n<div style=\"width: 0; height: 0; border-top: 2px solid transparent; border-left: 6px solid #f4f4f4; border-bottom: 2px solid transparent; transform: translateX(16px) translateY(-4px) rotate(30deg);\"><\/div>\n<\/div>\n<div style=\"margin-left: auto;\">\n<div style=\"width: 0px; border-top: 8px solid #F4F4F4; border-right: 8px solid transparent; transform: translateY(16px);\"><\/div>\n<div style=\"background-color: #f4f4f4; flex-grow: 0; height: 12px; width: 16px; transform: translateY(-4px);\"><\/div>\n<div style=\"width: 0; height: 0; border-top: 8px solid #F4F4F4; border-left: 8px solid transparent; transform: translateY(-4px) translateX(8px);\"><\/div>\n<\/div>\n<\/div>\n<div style=\"display: flex; flex-direction: column; flex-grow: 1; justify-content: center; margin-bottom: 24px;\">\n<div style=\"background-color: #f4f4f4; border-radius: 4px; flex-grow: 0; height: 14px; margin-bottom: 6px; width: 224px;\"><\/div>\n<div style=\"background-color: #f4f4f4; border-radius: 4px; flex-grow: 0; height: 14px; width: 144px;\"><\/div>\n<\/div>\n<p>&nbsp;<\/p>\n<p style=\"color: #c9c8cd; font-family: Arial,sans-serif; font-size: 14px; line-height: 17px; margin-bottom: 0; margin-top: 8px; overflow: hidden; padding: 8px 0 7px; text-align: center; text-overflow: ellipsis; white-space: nowrap;\"><a style=\"color: #c9c8cd; font-family: Arial,sans-serif; font-size: 14px; font-style: normal; font-weight: normal; line-height: 17px; text-decoration: none;\" href=\"https:\/\/www.instagram.com\/p\/DTRSP7JkafF\/?utm_source=ig_embed&amp;utm_campaign=loading\" target=\"_blank\" rel=\"noopener\">Um post compartilhado por Djamila Ribeiro (@djamilaribeiro1)<\/a><\/p>\n<\/div>\n<\/blockquote>\n<p><script async src=\"\/\/www.instagram.com\/embed.js\"><\/script><\/p>\n<p>Avec des informations provenant du site <a href=\"https:\/\/almapreta.com.br\/sessao\/cotidiano\/morre-mae-ana-de-ogum-referencia-do-candomble-no-brasil\/\"><strong><em>Alma Preta<\/em><\/strong><\/a><\/p>\n","protected":false},"excerpt":{"rendered":"<p>M\u00e3e Ana d\u2019Ogum est d\u00e9c\u00e9d\u00e9e jeudi dernier, le 8 janvier, \u00e0 S\u00e3o Paulo. Sur ses r\u00e9seaux sociaux, Djamila Ribeiro a rendu hommage \u00e0 celle qui a inspir\u00e9 tant de personnes par ses enseignements. \u00ab Aujourd\u2019hui, l\u2019une des plus grandes Ialorix\u00e1s du Br\u00e9sil, la grande M\u00e3e Ana d\u2019Ogum, est partie pour l\u2019Orun \u00bb, a \u00e9crit la [&hellip;]<\/p>\n","protected":false},"author":1,"featured_media":4864,"comment_status":"open","ping_status":"open","sticky":false,"template":"","format":"standard","meta":{"inline_featured_image":false},"categories":[785],"tags":[1155,969,1722,1719,1720,1721,1717,1718],"acf":[],"yoast_head":"<!-- This site is optimized with the Yoast SEO plugin v20.5 - https:\/\/yoast.com\/wordpress\/plugins\/seo\/ -->\n<title>\u00ab M\u00e3e Ana fut une femme qui a ouvert de nombreux chemins \u00bb : Djamila Ribeiro rend hommage \u00e0 l\u2019Ialorix\u00e1 M\u00e3e Ana d\u2019Ogum - Djamila Ribeiro<\/title>\n<meta name=\"description\" content=\"La philosophe rappelle l\u2019importance de M\u00e3e Ana dans son parcours spirituel et souligne l\u2019h\u00e9ritage de r\u00e9sistance laiss\u00e9 par l\u2019Ialorix\u00e1.\" \/>\n<meta name=\"robots\" content=\"index, follow, max-snippet:-1, max-image-preview:large, max-video-preview:-1\" \/>\n<link rel=\"canonical\" href=\"https:\/\/www.djamilaribeiro.com.br\/fr\/mae-ana-fut-une-femme-qui-a-ouvert-de-nombreux-chemins-djamila-ribeiro-rend-hommage-a-lialorixa-mae-ana-dogum\/\" \/>\n<meta property=\"og:locale\" content=\"pt_BR\" \/>\n<meta property=\"og:type\" content=\"article\" \/>\n<meta property=\"og:title\" content=\"\u00ab M\u00e3e Ana fut une femme qui a ouvert de nombreux chemins \u00bb : Djamila Ribeiro rend hommage \u00e0 l\u2019Ialorix\u00e1 M\u00e3e Ana d\u2019Ogum - Djamila Ribeiro\" \/>\n<meta property=\"og:description\" content=\"La philosophe rappelle l\u2019importance de M\u00e3e Ana dans son parcours spirituel et souligne l\u2019h\u00e9ritage de r\u00e9sistance laiss\u00e9 par l\u2019Ialorix\u00e1.\" \/>\n<meta property=\"og:url\" content=\"https:\/\/www.djamilaribeiro.com.br\/fr\/mae-ana-fut-une-femme-qui-a-ouvert-de-nombreux-chemins-djamila-ribeiro-rend-hommage-a-lialorixa-mae-ana-dogum\/\" \/>\n<meta property=\"og:site_name\" content=\"Djamila Ribeiro\" \/>\n<meta property=\"article:published_time\" content=\"2026-01-10T15:58:17+00:00\" \/>\n<meta property=\"article:modified_time\" content=\"2026-01-10T16:11:25+00:00\" \/>\n<meta property=\"og:image\" content=\"https:\/\/www.djamilaribeiro.com.br\/wp-content\/uploads\/2026\/01\/Mae-Ana-1.jpg\" \/>\n\t<meta property=\"og:image:width\" content=\"1080\" \/>\n\t<meta property=\"og:image:height\" content=\"1051\" \/>\n\t<meta property=\"og:image:type\" content=\"image\/jpeg\" \/>\n<meta name=\"author\" content=\"Reda\u00e7\u00e3o\" \/>\n<meta name=\"twitter:card\" content=\"summary_large_image\" \/>\n<meta name=\"twitter:label1\" content=\"Escrito por\" \/>\n\t<meta name=\"twitter:data1\" content=\"Reda\u00e7\u00e3o\" \/>\n\t<meta name=\"twitter:label2\" content=\"Est. tempo de leitura\" \/>\n\t<meta name=\"twitter:data2\" content=\"3 minutos\" \/>\n<script type=\"application\/ld+json\" class=\"yoast-schema-graph\">{\"@context\":\"https:\/\/schema.org\",\"@graph\":[{\"@type\":\"WebPage\",\"@id\":\"https:\/\/www.djamilaribeiro.com.br\/fr\/mae-ana-fut-une-femme-qui-a-ouvert-de-nombreux-chemins-djamila-ribeiro-rend-hommage-a-lialorixa-mae-ana-dogum\/\",\"url\":\"https:\/\/www.djamilaribeiro.com.br\/fr\/mae-ana-fut-une-femme-qui-a-ouvert-de-nombreux-chemins-djamila-ribeiro-rend-hommage-a-lialorixa-mae-ana-dogum\/\",\"name\":\"\u00ab M\u00e3e Ana fut une femme qui a ouvert de nombreux chemins \u00bb : Djamila Ribeiro rend hommage \u00e0 l\u2019Ialorix\u00e1 M\u00e3e Ana d\u2019Ogum - Djamila Ribeiro\",\"isPartOf\":{\"@id\":\"https:\/\/www.djamilaribeiro.com.br\/#website\"},\"datePublished\":\"2026-01-10T15:58:17+00:00\",\"dateModified\":\"2026-01-10T16:11:25+00:00\",\"author\":{\"@id\":\"https:\/\/www.djamilaribeiro.com.br\/#\/schema\/person\/a928f404cf733e4c62686bedd437b9ee\"},\"description\":\"La philosophe rappelle l\u2019importance de M\u00e3e Ana dans son parcours spirituel et souligne l\u2019h\u00e9ritage de r\u00e9sistance laiss\u00e9 par l\u2019Ialorix\u00e1.\",\"breadcrumb\":{\"@id\":\"https:\/\/www.djamilaribeiro.com.br\/fr\/mae-ana-fut-une-femme-qui-a-ouvert-de-nombreux-chemins-djamila-ribeiro-rend-hommage-a-lialorixa-mae-ana-dogum\/#breadcrumb\"},\"inLanguage\":\"pt-BR\",\"potentialAction\":[{\"@type\":\"ReadAction\",\"target\":[\"https:\/\/www.djamilaribeiro.com.br\/fr\/mae-ana-fut-une-femme-qui-a-ouvert-de-nombreux-chemins-djamila-ribeiro-rend-hommage-a-lialorixa-mae-ana-dogum\/\"]}]},{\"@type\":\"BreadcrumbList\",\"@id\":\"https:\/\/www.djamilaribeiro.com.br\/fr\/mae-ana-fut-une-femme-qui-a-ouvert-de-nombreux-chemins-djamila-ribeiro-rend-hommage-a-lialorixa-mae-ana-dogum\/#breadcrumb\",\"itemListElement\":[{\"@type\":\"ListItem\",\"position\":1,\"name\":\"In\u00edcio\",\"item\":\"https:\/\/www.djamilaribeiro.com.br\/fr\/\"},{\"@type\":\"ListItem\",\"position\":2,\"name\":\"\u00ab M\u00e3e Ana fut une femme qui a ouvert de nombreux chemins \u00bb : Djamila Ribeiro rend hommage \u00e0 l\u2019Ialorix\u00e1 M\u00e3e Ana d\u2019Ogum\"}]},{\"@type\":\"WebSite\",\"@id\":\"https:\/\/www.djamilaribeiro.com.br\/#website\",\"url\":\"https:\/\/www.djamilaribeiro.com.br\/\",\"name\":\"Djamila Ribeiro\",\"description\":\"\",\"potentialAction\":[{\"@type\":\"SearchAction\",\"target\":{\"@type\":\"EntryPoint\",\"urlTemplate\":\"https:\/\/www.djamilaribeiro.com.br\/?s={search_term_string}\"},\"query-input\":\"required name=search_term_string\"}],\"inLanguage\":\"pt-BR\"},{\"@type\":\"Person\",\"@id\":\"https:\/\/www.djamilaribeiro.com.br\/#\/schema\/person\/a928f404cf733e4c62686bedd437b9ee\",\"name\":\"Reda\u00e7\u00e3o\",\"image\":{\"@type\":\"ImageObject\",\"inLanguage\":\"pt-BR\",\"@id\":\"https:\/\/www.djamilaribeiro.com.br\/#\/schema\/person\/image\/\",\"url\":\"https:\/\/secure.gravatar.com\/avatar\/e22ea52208b383d899430021cb4ecf26?s=96&d=mm&r=g\",\"contentUrl\":\"https:\/\/secure.gravatar.com\/avatar\/e22ea52208b383d899430021cb4ecf26?s=96&d=mm&r=g\",\"caption\":\"Reda\u00e7\u00e3o\"},\"sameAs\":[\"https:\/\/localhost\"],\"url\":\"https:\/\/www.djamilaribeiro.com.br\/fr\/author\/djamila\/\"}]}<\/script>\n<!-- \/ Yoast SEO plugin. -->","yoast_head_json":{"title":"\u00ab M\u00e3e Ana fut une femme qui a ouvert de nombreux chemins \u00bb : Djamila Ribeiro rend hommage \u00e0 l\u2019Ialorix\u00e1 M\u00e3e Ana d\u2019Ogum - Djamila Ribeiro","description":"La philosophe rappelle l\u2019importance de M\u00e3e Ana dans son parcours spirituel et souligne l\u2019h\u00e9ritage de r\u00e9sistance laiss\u00e9 par l\u2019Ialorix\u00e1.","robots":{"index":"index","follow":"follow","max-snippet":"max-snippet:-1","max-image-preview":"max-image-preview:large","max-video-preview":"max-video-preview:-1"},"canonical":"https:\/\/www.djamilaribeiro.com.br\/fr\/mae-ana-fut-une-femme-qui-a-ouvert-de-nombreux-chemins-djamila-ribeiro-rend-hommage-a-lialorixa-mae-ana-dogum\/","og_locale":"pt_BR","og_type":"article","og_title":"\u00ab M\u00e3e Ana fut une femme qui a ouvert de nombreux chemins \u00bb : Djamila Ribeiro rend hommage \u00e0 l\u2019Ialorix\u00e1 M\u00e3e Ana d\u2019Ogum - Djamila Ribeiro","og_description":"La philosophe rappelle l\u2019importance de M\u00e3e Ana dans son parcours spirituel et souligne l\u2019h\u00e9ritage de r\u00e9sistance laiss\u00e9 par l\u2019Ialorix\u00e1.","og_url":"https:\/\/www.djamilaribeiro.com.br\/fr\/mae-ana-fut-une-femme-qui-a-ouvert-de-nombreux-chemins-djamila-ribeiro-rend-hommage-a-lialorixa-mae-ana-dogum\/","og_site_name":"Djamila Ribeiro","article_published_time":"2026-01-10T15:58:17+00:00","article_modified_time":"2026-01-10T16:11:25+00:00","og_image":[{"width":1080,"height":1051,"url":"https:\/\/www.djamilaribeiro.com.br\/wp-content\/uploads\/2026\/01\/Mae-Ana-1.jpg","type":"image\/jpeg"}],"author":"Reda\u00e7\u00e3o","twitter_card":"summary_large_image","twitter_misc":{"Escrito por":"Reda\u00e7\u00e3o","Est. tempo de leitura":"3 minutos"},"schema":{"@context":"https:\/\/schema.org","@graph":[{"@type":"WebPage","@id":"https:\/\/www.djamilaribeiro.com.br\/fr\/mae-ana-fut-une-femme-qui-a-ouvert-de-nombreux-chemins-djamila-ribeiro-rend-hommage-a-lialorixa-mae-ana-dogum\/","url":"https:\/\/www.djamilaribeiro.com.br\/fr\/mae-ana-fut-une-femme-qui-a-ouvert-de-nombreux-chemins-djamila-ribeiro-rend-hommage-a-lialorixa-mae-ana-dogum\/","name":"\u00ab M\u00e3e Ana fut une femme qui a ouvert de nombreux chemins \u00bb : Djamila Ribeiro rend hommage \u00e0 l\u2019Ialorix\u00e1 M\u00e3e Ana d\u2019Ogum - Djamila Ribeiro","isPartOf":{"@id":"https:\/\/www.djamilaribeiro.com.br\/#website"},"datePublished":"2026-01-10T15:58:17+00:00","dateModified":"2026-01-10T16:11:25+00:00","author":{"@id":"https:\/\/www.djamilaribeiro.com.br\/#\/schema\/person\/a928f404cf733e4c62686bedd437b9ee"},"description":"La philosophe rappelle l\u2019importance de M\u00e3e Ana dans son parcours spirituel et souligne l\u2019h\u00e9ritage de r\u00e9sistance laiss\u00e9 par l\u2019Ialorix\u00e1.","breadcrumb":{"@id":"https:\/\/www.djamilaribeiro.com.br\/fr\/mae-ana-fut-une-femme-qui-a-ouvert-de-nombreux-chemins-djamila-ribeiro-rend-hommage-a-lialorixa-mae-ana-dogum\/#breadcrumb"},"inLanguage":"pt-BR","potentialAction":[{"@type":"ReadAction","target":["https:\/\/www.djamilaribeiro.com.br\/fr\/mae-ana-fut-une-femme-qui-a-ouvert-de-nombreux-chemins-djamila-ribeiro-rend-hommage-a-lialorixa-mae-ana-dogum\/"]}]},{"@type":"BreadcrumbList","@id":"https:\/\/www.djamilaribeiro.com.br\/fr\/mae-ana-fut-une-femme-qui-a-ouvert-de-nombreux-chemins-djamila-ribeiro-rend-hommage-a-lialorixa-mae-ana-dogum\/#breadcrumb","itemListElement":[{"@type":"ListItem","position":1,"name":"In\u00edcio","item":"https:\/\/www.djamilaribeiro.com.br\/fr\/"},{"@type":"ListItem","position":2,"name":"\u00ab M\u00e3e Ana fut une femme qui a ouvert de nombreux chemins \u00bb : Djamila Ribeiro rend hommage \u00e0 l\u2019Ialorix\u00e1 M\u00e3e Ana d\u2019Ogum"}]},{"@type":"WebSite","@id":"https:\/\/www.djamilaribeiro.com.br\/#website","url":"https:\/\/www.djamilaribeiro.com.br\/","name":"Djamila Ribeiro","description":"","potentialAction":[{"@type":"SearchAction","target":{"@type":"EntryPoint","urlTemplate":"https:\/\/www.djamilaribeiro.com.br\/?s={search_term_string}"},"query-input":"required name=search_term_string"}],"inLanguage":"pt-BR"},{"@type":"Person","@id":"https:\/\/www.djamilaribeiro.com.br\/#\/schema\/person\/a928f404cf733e4c62686bedd437b9ee","name":"Reda\u00e7\u00e3o","image":{"@type":"ImageObject","inLanguage":"pt-BR","@id":"https:\/\/www.djamilaribeiro.com.br\/#\/schema\/person\/image\/","url":"https:\/\/secure.gravatar.com\/avatar\/e22ea52208b383d899430021cb4ecf26?s=96&d=mm&r=g","contentUrl":"https:\/\/secure.gravatar.com\/avatar\/e22ea52208b383d899430021cb4ecf26?s=96&d=mm&r=g","caption":"Reda\u00e7\u00e3o"},"sameAs":["https:\/\/localhost"],"url":"https:\/\/www.djamilaribeiro.com.br\/fr\/author\/djamila\/"}]}},"amp_enabled":true,"_links":{"self":[{"href":"https:\/\/www.djamilaribeiro.com.br\/fr\/wp-json\/wp\/v2\/posts\/4873"}],"collection":[{"href":"https:\/\/www.djamilaribeiro.com.br\/fr\/wp-json\/wp\/v2\/posts"}],"about":[{"href":"https:\/\/www.djamilaribeiro.com.br\/fr\/wp-json\/wp\/v2\/types\/post"}],"author":[{"embeddable":true,"href":"https:\/\/www.djamilaribeiro.com.br\/fr\/wp-json\/wp\/v2\/users\/1"}],"replies":[{"embeddable":true,"href":"https:\/\/www.djamilaribeiro.com.br\/fr\/wp-json\/wp\/v2\/comments?post=4873"}],"version-history":[{"count":1,"href":"https:\/\/www.djamilaribeiro.com.br\/fr\/wp-json\/wp\/v2\/posts\/4873\/revisions"}],"predecessor-version":[{"id":4874,"href":"https:\/\/www.djamilaribeiro.com.br\/fr\/wp-json\/wp\/v2\/posts\/4873\/revisions\/4874"}],"wp:featuredmedia":[{"embeddable":true,"href":"https:\/\/www.djamilaribeiro.com.br\/fr\/wp-json\/wp\/v2\/media\/4864"}],"wp:attachment":[{"href":"https:\/\/www.djamilaribeiro.com.br\/fr\/wp-json\/wp\/v2\/media?parent=4873"}],"wp:term":[{"taxonomy":"category","embeddable":true,"href":"https:\/\/www.djamilaribeiro.com.br\/fr\/wp-json\/wp\/v2\/categories?post=4873"},{"taxonomy":"post_tag","embeddable":true,"href":"https:\/\/www.djamilaribeiro.com.br\/fr\/wp-json\/wp\/v2\/tags?post=4873"}],"curies":[{"name":"wp","href":"https:\/\/api.w.org\/{rel}","templated":true}]}}