{"id":4885,"date":"2026-01-16T08:44:47","date_gmt":"2026-01-16T11:44:47","guid":{"rendered":"https:\/\/www.djamilaribeiro.com.br\/?p=4885"},"modified":"2026-01-16T08:54:36","modified_gmt":"2026-01-16T11:54:36","slug":"expansion-numerique-djamila-ribeiro-arrive-sur-linkedin-et-ouvre-un-nouveau-dialogue-professionnel","status":"publish","type":"post","link":"https:\/\/www.djamilaribeiro.com.br\/fr\/expansion-numerique-djamila-ribeiro-arrive-sur-linkedin-et-ouvre-un-nouveau-dialogue-professionnel\/","title":{"rendered":"Expansion num\u00e9rique : Djamila Ribeiro arrive sur LinkedIn et ouvre un nouveau dialogue professionnel"},"content":{"rendered":"<p data-start=\"2725\" data-end=\"2894\"><strong>La philosophe br\u00e9silienne rejoint le plus grand r\u00e9seau professionnel du monde pour partager ses r\u00e9flexions et d\u00e9voiler les coulisses de son travail d\u2019enseignante au MIT.<\/strong><\/p>\n<p data-start=\"2896\" data-end=\"3240\">La pr\u00e9sence num\u00e9rique de l\u2019une des penseuses les plus influentes du Br\u00e9sil contemporain vient de s\u2019\u00e9tendre \u00e0 une nouvelle adresse \u2014 et de mani\u00e8re strat\u00e9gique. Apr\u00e8s avoir rassembl\u00e9 une communaut\u00e9 de millions de personnes sur Instagram et lanc\u00e9 r\u00e9cemment sa cha\u00eene officielle sur YouTube, Djamila Ribeiro fait son entr\u00e9e officielle sur LinkedIn.<\/p>\n<p data-start=\"3242\" data-end=\"3532\">Ce mouvement marque une nouvelle phase dans sa communication publique. Le choix d\u2019investir cet espace d\u00e9coule de la prise de conscience que sa production intellectuelle \u2014 en tant qu\u2019autrice et professeure \u2014 circule d\u00e9j\u00e0 de fa\u00e7on significative dans les milieux professionnels et acad\u00e9miques.<\/p>\n<p data-start=\"3534\" data-end=\"3835\">Dans sa publication inaugurale, Djamila explique que sa page a pour but de devenir un espace o\u00f9 \u201cpublier des r\u00e9flexions, partager des textes, annoncer des \u00e9v\u00e9nements et dialoguer\u201d avec un public en qu\u00eate de contenus plus profonds que ceux habituellement propos\u00e9s par les r\u00e9seaux sociaux traditionnels.<\/p>\n<p data-start=\"3837\" data-end=\"4057\">\u00ab Je vais vraiment m\u2019efforcer, vous n\u2019avez pas id\u00e9e de ce que c\u2019est, pour une femme de mon \u00e2ge, de s\u2019engager sur un r\u00e9seau social de plus \u00bb, plaisante-t-elle, illustrant avec l\u00e9g\u00e8ret\u00e9 le d\u00e9fi de l\u2019omnipr\u00e9sence num\u00e9rique.<\/p>\n<p data-start=\"4059\" data-end=\"4092\"><strong data-start=\"4059\" data-end=\"4092\">Du MIT au monde professionnel<\/strong><\/p>\n<p data-start=\"4094\" data-end=\"4362\">Cette arriv\u00e9e sur LinkedIn survient \u00e0 un moment de forte activit\u00e9 acad\u00e9mique. Djamila conclut actuellement un semestre au Massachusetts Institute of Technology (MIT), aux \u00c9tats-Unis \u2013 une p\u00e9riode rare o\u00f9 elle a pu b\u00e9n\u00e9ficier de \u201ctemps libre\u201d pour se reposer et \u00e9crire.<\/p>\n<p data-start=\"4364\" data-end=\"4748\">LinkedIn servira d\u00e9sormais de pont direct entre le monde universitaire nord-am\u00e9ricain et le public br\u00e9silien. Djamila a confirm\u00e9 qu\u2019au semestre prochain, elle enseignera un cours intitul\u00e9 <em data-start=\"4552\" data-end=\"4578\">F\u00e9minismes du Sud Global<\/em> au MIT et qu\u2019elle pr\u00e9voit d\u2019utiliser LinkedIn pour partager des extraits et r\u00e9flexions issues de ses cours, d\u00e9mocratisant ainsi l\u2019acc\u00e8s \u00e0 un savoir produit \u00e0 l\u2019\u00e9tranger.<\/p>\n<p data-start=\"4750\" data-end=\"4784\"><strong data-start=\"4750\" data-end=\"4784\">Une nouvelle identit\u00e9 visuelle<\/strong><\/p>\n<p data-start=\"4786\" data-end=\"5129\">Pour c\u00e9l\u00e9brer ce nouveau chapitre, son arriv\u00e9e sur LinkedIn s\u2019accompagne d\u2019un renouveau visuel. Ses photos de profil et de couverture sont issues d\u2019une s\u00e9ance exclusive avec le photographe Ricardo Barcellos, dans le cadre d\u2019un projet de rebranding et de cr\u00e9ation de nouvelle identit\u00e9 personnelle d\u00e9velopp\u00e9 par le cabinet FutureBrand S\u00e3o Paulo.<\/p>\n<p data-start=\"5131\" data-end=\"5265\">Pour suivre les actualit\u00e9s professionnelles et acad\u00e9miques de Djamila Ribeiro, <strong><a href=\"https:\/\/www.linkedin.com\/in\/djamila-ribeiro-327a94399\/\">cliquez ici et suivez son profil officiel sur LinkedIn<\/a><\/strong>.<\/p>\n","protected":false},"excerpt":{"rendered":"<p>La philosophe br\u00e9silienne rejoint le plus grand r\u00e9seau professionnel du monde pour partager ses r\u00e9flexions et d\u00e9voiler les coulisses de son travail d\u2019enseignante au MIT. La pr\u00e9sence num\u00e9rique de l\u2019une des penseuses les plus influentes du Br\u00e9sil contemporain vient de s\u2019\u00e9tendre \u00e0 une nouvelle adresse \u2014 et de mani\u00e8re strat\u00e9gique. Apr\u00e8s avoir rassembl\u00e9 une communaut\u00e9 [&hellip;]<\/p>\n","protected":false},"author":1,"featured_media":4881,"comment_status":"open","ping_status":"open","sticky":false,"template":"","format":"standard","meta":{"inline_featured_image":false},"categories":[785],"tags":[1732,939,1735,935,1734,1336,1119,1733,1731],"acf":[],"yoast_head":"<!-- This site is optimized with the Yoast SEO plugin v20.5 - https:\/\/yoast.com\/wordpress\/plugins\/seo\/ -->\n<title>Expansion num\u00e9rique : Djamila Ribeiro arrive sur LinkedIn et ouvre un nouveau dialogue professionnel - Djamila Ribeiro<\/title>\n<meta name=\"description\" content=\"La philosophe br\u00e9silienne arrive sur le plus grand r\u00e9seau professionnel mondial pour partager ses r\u00e9flexions et son activit\u00e9 au MIT.\" \/>\n<meta name=\"robots\" content=\"index, follow, max-snippet:-1, max-image-preview:large, max-video-preview:-1\" \/>\n<link rel=\"canonical\" href=\"https:\/\/www.djamilaribeiro.com.br\/fr\/expansion-numerique-djamila-ribeiro-arrive-sur-linkedin-et-ouvre-un-nouveau-dialogue-professionnel\/\" \/>\n<meta property=\"og:locale\" content=\"pt_BR\" \/>\n<meta property=\"og:type\" content=\"article\" \/>\n<meta property=\"og:title\" content=\"Expansion num\u00e9rique : Djamila Ribeiro arrive sur LinkedIn et ouvre un nouveau dialogue professionnel - Djamila Ribeiro\" \/>\n<meta property=\"og:description\" content=\"La philosophe br\u00e9silienne arrive sur le plus grand r\u00e9seau professionnel mondial pour partager ses r\u00e9flexions et son activit\u00e9 au MIT.\" \/>\n<meta property=\"og:url\" content=\"https:\/\/www.djamilaribeiro.com.br\/fr\/expansion-numerique-djamila-ribeiro-arrive-sur-linkedin-et-ouvre-un-nouveau-dialogue-professionnel\/\" \/>\n<meta property=\"og:site_name\" content=\"Djamila Ribeiro\" \/>\n<meta property=\"article:published_time\" content=\"2026-01-16T11:44:47+00:00\" \/>\n<meta property=\"article:modified_time\" content=\"2026-01-16T11:54:36+00:00\" \/>\n<meta property=\"og:image\" content=\"https:\/\/www.djamilaribeiro.com.br\/wp-content\/uploads\/2026\/01\/branding.png\" \/>\n\t<meta property=\"og:image:width\" content=\"556\" \/>\n\t<meta property=\"og:image:height\" content=\"739\" \/>\n\t<meta property=\"og:image:type\" content=\"image\/png\" \/>\n<meta name=\"author\" content=\"Reda\u00e7\u00e3o\" \/>\n<meta name=\"twitter:card\" content=\"summary_large_image\" \/>\n<meta name=\"twitter:label1\" content=\"Escrito por\" \/>\n\t<meta name=\"twitter:data1\" content=\"Reda\u00e7\u00e3o\" \/>\n\t<meta name=\"twitter:label2\" content=\"Est. tempo de leitura\" \/>\n\t<meta name=\"twitter:data2\" content=\"3 minutos\" \/>\n<script type=\"application\/ld+json\" class=\"yoast-schema-graph\">{\"@context\":\"https:\/\/schema.org\",\"@graph\":[{\"@type\":\"WebPage\",\"@id\":\"https:\/\/www.djamilaribeiro.com.br\/fr\/expansion-numerique-djamila-ribeiro-arrive-sur-linkedin-et-ouvre-un-nouveau-dialogue-professionnel\/\",\"url\":\"https:\/\/www.djamilaribeiro.com.br\/fr\/expansion-numerique-djamila-ribeiro-arrive-sur-linkedin-et-ouvre-un-nouveau-dialogue-professionnel\/\",\"name\":\"Expansion num\u00e9rique : Djamila Ribeiro arrive sur LinkedIn et ouvre un nouveau dialogue professionnel - Djamila Ribeiro\",\"isPartOf\":{\"@id\":\"https:\/\/www.djamilaribeiro.com.br\/#website\"},\"datePublished\":\"2026-01-16T11:44:47+00:00\",\"dateModified\":\"2026-01-16T11:54:36+00:00\",\"author\":{\"@id\":\"https:\/\/www.djamilaribeiro.com.br\/#\/schema\/person\/a928f404cf733e4c62686bedd437b9ee\"},\"description\":\"La philosophe br\u00e9silienne arrive sur le plus grand r\u00e9seau professionnel mondial pour partager ses r\u00e9flexions et son activit\u00e9 au MIT.\",\"breadcrumb\":{\"@id\":\"https:\/\/www.djamilaribeiro.com.br\/fr\/expansion-numerique-djamila-ribeiro-arrive-sur-linkedin-et-ouvre-un-nouveau-dialogue-professionnel\/#breadcrumb\"},\"inLanguage\":\"pt-BR\",\"potentialAction\":[{\"@type\":\"ReadAction\",\"target\":[\"https:\/\/www.djamilaribeiro.com.br\/fr\/expansion-numerique-djamila-ribeiro-arrive-sur-linkedin-et-ouvre-un-nouveau-dialogue-professionnel\/\"]}]},{\"@type\":\"BreadcrumbList\",\"@id\":\"https:\/\/www.djamilaribeiro.com.br\/fr\/expansion-numerique-djamila-ribeiro-arrive-sur-linkedin-et-ouvre-un-nouveau-dialogue-professionnel\/#breadcrumb\",\"itemListElement\":[{\"@type\":\"ListItem\",\"position\":1,\"name\":\"In\u00edcio\",\"item\":\"https:\/\/www.djamilaribeiro.com.br\/fr\/\"},{\"@type\":\"ListItem\",\"position\":2,\"name\":\"Expansion num\u00e9rique : Djamila Ribeiro arrive sur LinkedIn et ouvre un nouveau dialogue professionnel\"}]},{\"@type\":\"WebSite\",\"@id\":\"https:\/\/www.djamilaribeiro.com.br\/#website\",\"url\":\"https:\/\/www.djamilaribeiro.com.br\/\",\"name\":\"Djamila Ribeiro\",\"description\":\"\",\"potentialAction\":[{\"@type\":\"SearchAction\",\"target\":{\"@type\":\"EntryPoint\",\"urlTemplate\":\"https:\/\/www.djamilaribeiro.com.br\/?s={search_term_string}\"},\"query-input\":\"required name=search_term_string\"}],\"inLanguage\":\"pt-BR\"},{\"@type\":\"Person\",\"@id\":\"https:\/\/www.djamilaribeiro.com.br\/#\/schema\/person\/a928f404cf733e4c62686bedd437b9ee\",\"name\":\"Reda\u00e7\u00e3o\",\"image\":{\"@type\":\"ImageObject\",\"inLanguage\":\"pt-BR\",\"@id\":\"https:\/\/www.djamilaribeiro.com.br\/#\/schema\/person\/image\/\",\"url\":\"https:\/\/secure.gravatar.com\/avatar\/e22ea52208b383d899430021cb4ecf26?s=96&d=mm&r=g\",\"contentUrl\":\"https:\/\/secure.gravatar.com\/avatar\/e22ea52208b383d899430021cb4ecf26?s=96&d=mm&r=g\",\"caption\":\"Reda\u00e7\u00e3o\"},\"sameAs\":[\"https:\/\/localhost\"],\"url\":\"https:\/\/www.djamilaribeiro.com.br\/fr\/author\/djamila\/\"}]}<\/script>\n<!-- \/ Yoast SEO plugin. -->","yoast_head_json":{"title":"Expansion num\u00e9rique : Djamila Ribeiro arrive sur LinkedIn et ouvre un nouveau dialogue professionnel - Djamila Ribeiro","description":"La philosophe br\u00e9silienne arrive sur le plus grand r\u00e9seau professionnel mondial pour partager ses r\u00e9flexions et son activit\u00e9 au MIT.","robots":{"index":"index","follow":"follow","max-snippet":"max-snippet:-1","max-image-preview":"max-image-preview:large","max-video-preview":"max-video-preview:-1"},"canonical":"https:\/\/www.djamilaribeiro.com.br\/fr\/expansion-numerique-djamila-ribeiro-arrive-sur-linkedin-et-ouvre-un-nouveau-dialogue-professionnel\/","og_locale":"pt_BR","og_type":"article","og_title":"Expansion num\u00e9rique : Djamila Ribeiro arrive sur LinkedIn et ouvre un nouveau dialogue professionnel - Djamila Ribeiro","og_description":"La philosophe br\u00e9silienne arrive sur le plus grand r\u00e9seau professionnel mondial pour partager ses r\u00e9flexions et son activit\u00e9 au MIT.","og_url":"https:\/\/www.djamilaribeiro.com.br\/fr\/expansion-numerique-djamila-ribeiro-arrive-sur-linkedin-et-ouvre-un-nouveau-dialogue-professionnel\/","og_site_name":"Djamila Ribeiro","article_published_time":"2026-01-16T11:44:47+00:00","article_modified_time":"2026-01-16T11:54:36+00:00","og_image":[{"width":556,"height":739,"url":"https:\/\/www.djamilaribeiro.com.br\/wp-content\/uploads\/2026\/01\/branding.png","type":"image\/png"}],"author":"Reda\u00e7\u00e3o","twitter_card":"summary_large_image","twitter_misc":{"Escrito por":"Reda\u00e7\u00e3o","Est. tempo de leitura":"3 minutos"},"schema":{"@context":"https:\/\/schema.org","@graph":[{"@type":"WebPage","@id":"https:\/\/www.djamilaribeiro.com.br\/fr\/expansion-numerique-djamila-ribeiro-arrive-sur-linkedin-et-ouvre-un-nouveau-dialogue-professionnel\/","url":"https:\/\/www.djamilaribeiro.com.br\/fr\/expansion-numerique-djamila-ribeiro-arrive-sur-linkedin-et-ouvre-un-nouveau-dialogue-professionnel\/","name":"Expansion num\u00e9rique : Djamila Ribeiro arrive sur LinkedIn et ouvre un nouveau dialogue professionnel - Djamila Ribeiro","isPartOf":{"@id":"https:\/\/www.djamilaribeiro.com.br\/#website"},"datePublished":"2026-01-16T11:44:47+00:00","dateModified":"2026-01-16T11:54:36+00:00","author":{"@id":"https:\/\/www.djamilaribeiro.com.br\/#\/schema\/person\/a928f404cf733e4c62686bedd437b9ee"},"description":"La philosophe br\u00e9silienne arrive sur le plus grand r\u00e9seau professionnel mondial pour partager ses r\u00e9flexions et son activit\u00e9 au MIT.","breadcrumb":{"@id":"https:\/\/www.djamilaribeiro.com.br\/fr\/expansion-numerique-djamila-ribeiro-arrive-sur-linkedin-et-ouvre-un-nouveau-dialogue-professionnel\/#breadcrumb"},"inLanguage":"pt-BR","potentialAction":[{"@type":"ReadAction","target":["https:\/\/www.djamilaribeiro.com.br\/fr\/expansion-numerique-djamila-ribeiro-arrive-sur-linkedin-et-ouvre-un-nouveau-dialogue-professionnel\/"]}]},{"@type":"BreadcrumbList","@id":"https:\/\/www.djamilaribeiro.com.br\/fr\/expansion-numerique-djamila-ribeiro-arrive-sur-linkedin-et-ouvre-un-nouveau-dialogue-professionnel\/#breadcrumb","itemListElement":[{"@type":"ListItem","position":1,"name":"In\u00edcio","item":"https:\/\/www.djamilaribeiro.com.br\/fr\/"},{"@type":"ListItem","position":2,"name":"Expansion num\u00e9rique : Djamila Ribeiro arrive sur LinkedIn et ouvre un nouveau dialogue professionnel"}]},{"@type":"WebSite","@id":"https:\/\/www.djamilaribeiro.com.br\/#website","url":"https:\/\/www.djamilaribeiro.com.br\/","name":"Djamila Ribeiro","description":"","potentialAction":[{"@type":"SearchAction","target":{"@type":"EntryPoint","urlTemplate":"https:\/\/www.djamilaribeiro.com.br\/?s={search_term_string}"},"query-input":"required name=search_term_string"}],"inLanguage":"pt-BR"},{"@type":"Person","@id":"https:\/\/www.djamilaribeiro.com.br\/#\/schema\/person\/a928f404cf733e4c62686bedd437b9ee","name":"Reda\u00e7\u00e3o","image":{"@type":"ImageObject","inLanguage":"pt-BR","@id":"https:\/\/www.djamilaribeiro.com.br\/#\/schema\/person\/image\/","url":"https:\/\/secure.gravatar.com\/avatar\/e22ea52208b383d899430021cb4ecf26?s=96&d=mm&r=g","contentUrl":"https:\/\/secure.gravatar.com\/avatar\/e22ea52208b383d899430021cb4ecf26?s=96&d=mm&r=g","caption":"Reda\u00e7\u00e3o"},"sameAs":["https:\/\/localhost"],"url":"https:\/\/www.djamilaribeiro.com.br\/fr\/author\/djamila\/"}]}},"amp_enabled":true,"_links":{"self":[{"href":"https:\/\/www.djamilaribeiro.com.br\/fr\/wp-json\/wp\/v2\/posts\/4885"}],"collection":[{"href":"https:\/\/www.djamilaribeiro.com.br\/fr\/wp-json\/wp\/v2\/posts"}],"about":[{"href":"https:\/\/www.djamilaribeiro.com.br\/fr\/wp-json\/wp\/v2\/types\/post"}],"author":[{"embeddable":true,"href":"https:\/\/www.djamilaribeiro.com.br\/fr\/wp-json\/wp\/v2\/users\/1"}],"replies":[{"embeddable":true,"href":"https:\/\/www.djamilaribeiro.com.br\/fr\/wp-json\/wp\/v2\/comments?post=4885"}],"version-history":[{"count":1,"href":"https:\/\/www.djamilaribeiro.com.br\/fr\/wp-json\/wp\/v2\/posts\/4885\/revisions"}],"predecessor-version":[{"id":4886,"href":"https:\/\/www.djamilaribeiro.com.br\/fr\/wp-json\/wp\/v2\/posts\/4885\/revisions\/4886"}],"wp:featuredmedia":[{"embeddable":true,"href":"https:\/\/www.djamilaribeiro.com.br\/fr\/wp-json\/wp\/v2\/media\/4881"}],"wp:attachment":[{"href":"https:\/\/www.djamilaribeiro.com.br\/fr\/wp-json\/wp\/v2\/media?parent=4885"}],"wp:term":[{"taxonomy":"category","embeddable":true,"href":"https:\/\/www.djamilaribeiro.com.br\/fr\/wp-json\/wp\/v2\/categories?post=4885"},{"taxonomy":"post_tag","embeddable":true,"href":"https:\/\/www.djamilaribeiro.com.br\/fr\/wp-json\/wp\/v2\/tags?post=4885"}],"curies":[{"name":"wp","href":"https:\/\/api.w.org\/{rel}","templated":true}]}}