{"id":4943,"date":"2026-01-25T09:59:03","date_gmt":"2026-01-25T12:59:03","guid":{"rendered":"https:\/\/www.djamilaribeiro.com.br\/?p=4943"},"modified":"2026-01-25T10:34:41","modified_gmt":"2026-01-25T13:34:41","slug":"la-voix-et-lheritage-djamila-ribeiro-reflechit-a-la-lutte-pour-la-paix-de-martin-luther-king-jr","status":"publish","type":"post","link":"https:\/\/www.djamilaribeiro.com.br\/fr\/la-voix-et-lheritage-djamila-ribeiro-reflechit-a-la-lutte-pour-la-paix-de-martin-luther-king-jr\/","title":{"rendered":"La voix et l\u2019h\u00e9ritage : Djamila Ribeiro r\u00e9fl\u00e9chit \u00e0 la \u00ab lutte pour la paix \u00bb de Martin Luther King Jr."},"content":{"rendered":"<p data-start=\"3779\" data-end=\"3863\"><em>La semaine a \u00e9t\u00e9 marqu\u00e9e par des hommages de Djamila Ribeiro \u00e0 l\u2019activiste am\u00e9ricain<\/em><\/p>\n<p data-start=\"3865\" data-end=\"4340\">\u00c0 l\u2019occasion de la Journ\u00e9e Martin Luther King Jr., c\u00e9l\u00e9br\u00e9e chaque ann\u00e9e aux \u00c9tats-Unis le troisi\u00e8me lundi de janvier, Djamila Ribeiro a rendu hommage \u00e0 l\u2019activiste qui a marqu\u00e9 l\u2019histoire du XX\u1d49 si\u00e8cle par sa d\u00e9fense radicale de la justice sociale, de l\u2019\u00e9galit\u00e9 raciale et, surtout, de la paix. Le rappel de l\u2019h\u00e9ritage de Martin Luther King r\u00e9affirme la centralit\u00e9 de la pens\u00e9e pacifiste du leader des droits civiques comme r\u00e9f\u00e9rence \u00e9thique face aux dilemmes contemporains.<\/p>\n<p data-start=\"4342\" data-end=\"5357\">Dans une publication sur Instagram, le 19 janvier, Djamila a partag\u00e9 des images de ses visites au M\u00e9morial Dr. Martin Luther King Jr., \u00e0 Atlanta, effectu\u00e9es avant m\u00eame de prendre ses fonctions de professeure invit\u00e9e au Massachusetts Institute of Technology (MIT). Premi\u00e8re Br\u00e9silienne \u00e0 enseigner dans le programme du MIT qui porte le nom de l\u2019activiste, elle a soulign\u00e9 comment son admiration pour King s\u2019est transform\u00e9e en engagement intellectuel et politique.<br data-start=\"4804\" data-end=\"4807\" \/>\u00ab Je suis la premi\u00e8re Br\u00e9silienne invit\u00e9e \u00e0 enseigner dans le programme Martin Luther King Jr. pour professeurs invit\u00e9s du MIT. Un honneur assum\u00e9 avec une profonde gratitude et une conscience aigu\u00eb de la responsabilit\u00e9 qu\u2019il implique \u00bb, a \u00e9crit la philosophe br\u00e9silienne. Elle a r\u00e9affirm\u00e9 son engagement envers les valeurs d\u00e9fendues par King : \u00ab Je continuerai \u00e0 porter cet h\u00e9ritage avec moi \u2014 avec fiert\u00e9, respect et engagement \u2014 en honorant chaque \u00e9tape de cette histoire qui continue de nous inspirer \u00e0 r\u00eaver et \u00e0 agir pour un avenir plus juste. \u00bb<\/p>\n<h3 data-start=\"5359\" data-end=\"5400\"><strong data-start=\"5363\" data-end=\"5400\">Hommage dans la Folha de S. Paulo<\/strong><\/h3>\n<p data-start=\"5402\" data-end=\"5893\">Dans sa chronique hebdomadaire publi\u00e9e dans la <a href=\"https:\/\/www1.folha.uol.com.br\/colunas\/djamila-ribeiro\/2026\/01\/martin-luther-king-e-as-batalhas-contra-as-guerras.shtml\"><strong><em data-start=\"5449\" data-end=\"5468\">Folha de S. Paulo<\/em><\/strong><\/a>, Djamila a approfondi sa r\u00e9flexion sur l\u2019un des aspects centraux de la pens\u00e9e de King : la lutte pour la paix. Dans le texte intitul\u00e9 <em data-start=\"5603\" data-end=\"5694\">\u00ab Le message pacifiste de Martin Luther King Jr. d\u00e9sarme encore les guerres aujourd\u2019hui \u00bb<\/em>, la philosophe souligne combien le discours <em data-start=\"5739\" data-end=\"5799\">\u00ab Au-del\u00e0 du Vietnam : il est temps de briser le silence \u00bb<\/em>, prononc\u00e9 en avril 1967, demeure d\u2019une actualit\u00e9 saisissante face aux conflits contemporains.<\/p>\n<p data-start=\"5895\" data-end=\"6558\">Djamila met en avant une phrase embl\u00e9matique du leader : \u00ab Nous ne pouvons plus nous permettre d\u2019adorer le dieu de la haine ni de nous prosterner devant l\u2019autel de la repr\u00e9saille \u00bb, reliant l\u2019appel \u00e9thique de King \u2014 adress\u00e9 \u00e0 des personnes de toutes confessions \u2014 aux crises humanitaires actuelles. Du Soudan, o\u00f9 une guerre absurde fauche en silence des centaines de milliers de vies, au Moyen-Orient, o\u00f9 les Palestiniens revendiquent dignit\u00e9, territoire et voix dans les processus de reconstruction, en passant par des contextes o\u00f9 des femmes luttent pour leur autonomie, comme en Iran, l\u2019urgence morale \u00e9voqu\u00e9e par Martin Luther King Jr. demeure incontournable.<\/p>\n<p data-start=\"6560\" data-end=\"6947\">Djamila conclut le texte en \u00e9voquant les vers de Wilson Simonal \u2014 \u00ab Trop de lutte noire, c\u2019est lutter pour la paix \u00bb \u2014 et en soulignant la n\u00e9cessit\u00e9 de maintenir vivante cette pens\u00e9e pour les g\u00e9n\u00e9rations futures : \u00ab Son appel au choix \u2014 entre la violence et la coexistence, entre la haine et l\u2019amour politique \u2014 continue de r\u00e9sonner comme une t\u00e2che inachev\u00e9e de notre histoire commune. \u00bb<\/p>\n<p data-start=\"6560\" data-end=\"6947\">\n<blockquote class=\"instagram-media\" style=\"background: #FFF; border: 0; border-radius: 3px; box-shadow: 0 0 1px 0 rgba(0,0,0,0.5),0 1px 10px 0 rgba(0,0,0,0.15); margin: 1px; max-width: 540px; min-width: 326px; padding: 0; width: calc(100% - 2px);\" data-instgrm-captioned=\"\" data-instgrm-permalink=\"https:\/\/www.instagram.com\/p\/DTtHz3qkeJo\/?utm_source=ig_embed&amp;utm_campaign=loading\" data-instgrm-version=\"14\">\n<div style=\"padding: 16px;\">\n<p>&nbsp;<\/p>\n<div style=\"display: flex; flex-direction: row; align-items: center;\">\n<div style=\"background-color: #f4f4f4; border-radius: 50%; flex-grow: 0; height: 40px; margin-right: 14px; width: 40px;\"><\/div>\n<div style=\"display: flex; flex-direction: column; flex-grow: 1; justify-content: center;\">\n<div style=\"background-color: #f4f4f4; border-radius: 4px; flex-grow: 0; height: 14px; margin-bottom: 6px; width: 100px;\"><\/div>\n<div style=\"background-color: #f4f4f4; border-radius: 4px; flex-grow: 0; height: 14px; width: 60px;\"><\/div>\n<\/div>\n<\/div>\n<div style=\"padding: 19% 0;\"><\/div>\n<div style=\"display: block; height: 50px; margin: 0 auto 12px; width: 50px;\"><\/div>\n<div style=\"padding-top: 8px;\">\n<div style=\"color: #3897f0; font-family: Arial,sans-serif; font-size: 14px; font-style: normal; font-weight: 550; line-height: 18px;\">Ver essa foto no Instagram<\/div>\n<\/div>\n<div style=\"padding: 12.5% 0;\"><\/div>\n<div style=\"display: flex; flex-direction: row; margin-bottom: 14px; align-items: center;\">\n<div>\n<div style=\"background-color: #f4f4f4; border-radius: 50%; height: 12.5px; width: 12.5px; transform: translateX(0px) translateY(7px);\"><\/div>\n<div style=\"background-color: #f4f4f4; height: 12.5px; transform: rotate(-45deg) translateX(3px) translateY(1px); width: 12.5px; flex-grow: 0; margin-right: 14px; margin-left: 2px;\"><\/div>\n<div style=\"background-color: #f4f4f4; border-radius: 50%; height: 12.5px; width: 12.5px; transform: translateX(9px) translateY(-18px);\"><\/div>\n<\/div>\n<div style=\"margin-left: 8px;\">\n<div style=\"background-color: #f4f4f4; border-radius: 50%; flex-grow: 0; height: 20px; width: 20px;\"><\/div>\n<div style=\"width: 0; height: 0; border-top: 2px solid transparent; border-left: 6px solid #f4f4f4; border-bottom: 2px solid transparent; transform: translateX(16px) translateY(-4px) rotate(30deg);\"><\/div>\n<\/div>\n<div style=\"margin-left: auto;\">\n<div style=\"width: 0px; border-top: 8px solid #F4F4F4; border-right: 8px solid transparent; transform: translateY(16px);\"><\/div>\n<div style=\"background-color: #f4f4f4; flex-grow: 0; height: 12px; width: 16px; transform: translateY(-4px);\"><\/div>\n<div style=\"width: 0; height: 0; border-top: 8px solid #F4F4F4; border-left: 8px solid transparent; transform: translateY(-4px) translateX(8px);\"><\/div>\n<\/div>\n<\/div>\n<div style=\"display: flex; flex-direction: column; flex-grow: 1; justify-content: center; margin-bottom: 24px;\">\n<div style=\"background-color: #f4f4f4; border-radius: 4px; flex-grow: 0; height: 14px; margin-bottom: 6px; width: 224px;\"><\/div>\n<div style=\"background-color: #f4f4f4; border-radius: 4px; flex-grow: 0; height: 14px; width: 144px;\"><\/div>\n<\/div>\n<p>&nbsp;<\/p>\n<p style=\"color: #c9c8cd; font-family: Arial,sans-serif; font-size: 14px; line-height: 17px; margin-bottom: 0; margin-top: 8px; overflow: hidden; padding: 8px 0 7px; text-align: center; text-overflow: ellipsis; white-space: nowrap;\"><a style=\"color: #c9c8cd; font-family: Arial,sans-serif; font-size: 14px; font-style: normal; font-weight: normal; line-height: 17px; text-decoration: none;\" href=\"https:\/\/www.instagram.com\/p\/DTtHz3qkeJo\/?utm_source=ig_embed&amp;utm_campaign=loading\" target=\"_blank\" rel=\"noopener\">Um post compartilhado por Djamila Ribeiro (@djamilaribeiro1)<\/a><\/p>\n<\/div>\n<\/blockquote>\n<p><script async src=\"\/\/www.instagram.com\/embed.js\"><\/script><\/p>\n<p data-start=\"6949\" data-end=\"7006\"><em data-start=\"6949\" data-end=\"7006\">Contenu traduit \u00e0 l\u2019aide de l\u2019intelligence artificielle<\/em><\/p>\n","protected":false},"excerpt":{"rendered":"<p>La semaine a \u00e9t\u00e9 marqu\u00e9e par des hommages de Djamila Ribeiro \u00e0 l\u2019activiste am\u00e9ricain \u00c0 l\u2019occasion de la Journ\u00e9e Martin Luther King Jr., c\u00e9l\u00e9br\u00e9e chaque ann\u00e9e aux \u00c9tats-Unis le troisi\u00e8me lundi de janvier, Djamila Ribeiro a rendu hommage \u00e0 l\u2019activiste qui a marqu\u00e9 l\u2019histoire du XX\u1d49 si\u00e8cle par sa d\u00e9fense radicale de la justice sociale, [&hellip;]<\/p>\n","protected":false},"author":1,"featured_media":4936,"comment_status":"open","ping_status":"open","sticky":false,"template":"","format":"standard","meta":{"inline_featured_image":false},"categories":[785],"tags":[940,969,1768,1135,1767,1431,1769,1770],"acf":[],"yoast_head":"<!-- This site is optimized with the Yoast SEO plugin v20.5 - https:\/\/yoast.com\/wordpress\/plugins\/seo\/ -->\n<title>La voix et l\u2019h\u00e9ritage : Djamila Ribeiro r\u00e9fl\u00e9chit \u00e0 la \u00ab lutte pour la paix \u00bb de Martin Luther King Jr. - Djamila Ribeiro<\/title>\n<meta name=\"description\" content=\"La philosophe br\u00e9silienne r\u00e9fl\u00e9chit \u00e0 l\u2019h\u00e9ritage pacifiste du leader des droits civiques et \u00e0 l\u2019actualit\u00e9 de sa pens\u00e9e dans le monde contemporain.\" \/>\n<meta name=\"robots\" content=\"index, follow, max-snippet:-1, max-image-preview:large, max-video-preview:-1\" \/>\n<link rel=\"canonical\" href=\"https:\/\/www.djamilaribeiro.com.br\/fr\/la-voix-et-lheritage-djamila-ribeiro-reflechit-a-la-lutte-pour-la-paix-de-martin-luther-king-jr\/\" \/>\n<meta property=\"og:locale\" content=\"pt_BR\" \/>\n<meta property=\"og:type\" content=\"article\" \/>\n<meta property=\"og:title\" content=\"La voix et l\u2019h\u00e9ritage : Djamila Ribeiro r\u00e9fl\u00e9chit \u00e0 la \u00ab lutte pour la paix \u00bb de Martin Luther King Jr. - Djamila Ribeiro\" \/>\n<meta property=\"og:description\" content=\"La philosophe br\u00e9silienne r\u00e9fl\u00e9chit \u00e0 l\u2019h\u00e9ritage pacifiste du leader des droits civiques et \u00e0 l\u2019actualit\u00e9 de sa pens\u00e9e dans le monde contemporain.\" \/>\n<meta property=\"og:url\" content=\"https:\/\/www.djamilaribeiro.com.br\/fr\/la-voix-et-lheritage-djamila-ribeiro-reflechit-a-la-lutte-pour-la-paix-de-martin-luther-king-jr\/\" \/>\n<meta property=\"og:site_name\" content=\"Djamila Ribeiro\" \/>\n<meta property=\"article:published_time\" content=\"2026-01-25T12:59:03+00:00\" \/>\n<meta property=\"article:modified_time\" content=\"2026-01-25T13:34:41+00:00\" \/>\n<meta property=\"og:image\" content=\"https:\/\/www.djamilaribeiro.com.br\/wp-content\/uploads\/2026\/01\/Screenshot_2026-01-25-09-56-49-43_1c337646f29875672b5a61192b9010f9.jpg.jpeg\" \/>\n\t<meta property=\"og:image:width\" content=\"1080\" \/>\n\t<meta property=\"og:image:height\" content=\"1335\" \/>\n\t<meta property=\"og:image:type\" content=\"image\/jpeg\" \/>\n<meta name=\"author\" content=\"Reda\u00e7\u00e3o\" \/>\n<meta name=\"twitter:card\" content=\"summary_large_image\" \/>\n<meta name=\"twitter:label1\" content=\"Escrito por\" \/>\n\t<meta name=\"twitter:data1\" content=\"Reda\u00e7\u00e3o\" \/>\n\t<meta name=\"twitter:label2\" content=\"Est. tempo de leitura\" \/>\n\t<meta name=\"twitter:data2\" content=\"3 minutos\" \/>\n<script type=\"application\/ld+json\" class=\"yoast-schema-graph\">{\"@context\":\"https:\/\/schema.org\",\"@graph\":[{\"@type\":\"WebPage\",\"@id\":\"https:\/\/www.djamilaribeiro.com.br\/fr\/la-voix-et-lheritage-djamila-ribeiro-reflechit-a-la-lutte-pour-la-paix-de-martin-luther-king-jr\/\",\"url\":\"https:\/\/www.djamilaribeiro.com.br\/fr\/la-voix-et-lheritage-djamila-ribeiro-reflechit-a-la-lutte-pour-la-paix-de-martin-luther-king-jr\/\",\"name\":\"La voix et l\u2019h\u00e9ritage : Djamila Ribeiro r\u00e9fl\u00e9chit \u00e0 la \u00ab lutte pour la paix \u00bb de Martin Luther King Jr. - Djamila Ribeiro\",\"isPartOf\":{\"@id\":\"https:\/\/www.djamilaribeiro.com.br\/#website\"},\"datePublished\":\"2026-01-25T12:59:03+00:00\",\"dateModified\":\"2026-01-25T13:34:41+00:00\",\"author\":{\"@id\":\"https:\/\/www.djamilaribeiro.com.br\/#\/schema\/person\/a928f404cf733e4c62686bedd437b9ee\"},\"description\":\"La philosophe br\u00e9silienne r\u00e9fl\u00e9chit \u00e0 l\u2019h\u00e9ritage pacifiste du leader des droits civiques et \u00e0 l\u2019actualit\u00e9 de sa pens\u00e9e dans le monde contemporain.\",\"breadcrumb\":{\"@id\":\"https:\/\/www.djamilaribeiro.com.br\/fr\/la-voix-et-lheritage-djamila-ribeiro-reflechit-a-la-lutte-pour-la-paix-de-martin-luther-king-jr\/#breadcrumb\"},\"inLanguage\":\"pt-BR\",\"potentialAction\":[{\"@type\":\"ReadAction\",\"target\":[\"https:\/\/www.djamilaribeiro.com.br\/fr\/la-voix-et-lheritage-djamila-ribeiro-reflechit-a-la-lutte-pour-la-paix-de-martin-luther-king-jr\/\"]}]},{\"@type\":\"BreadcrumbList\",\"@id\":\"https:\/\/www.djamilaribeiro.com.br\/fr\/la-voix-et-lheritage-djamila-ribeiro-reflechit-a-la-lutte-pour-la-paix-de-martin-luther-king-jr\/#breadcrumb\",\"itemListElement\":[{\"@type\":\"ListItem\",\"position\":1,\"name\":\"In\u00edcio\",\"item\":\"https:\/\/www.djamilaribeiro.com.br\/fr\/\"},{\"@type\":\"ListItem\",\"position\":2,\"name\":\"La voix et l\u2019h\u00e9ritage : Djamila Ribeiro r\u00e9fl\u00e9chit \u00e0 la \u00ab lutte pour la paix \u00bb de Martin Luther King Jr.\"}]},{\"@type\":\"WebSite\",\"@id\":\"https:\/\/www.djamilaribeiro.com.br\/#website\",\"url\":\"https:\/\/www.djamilaribeiro.com.br\/\",\"name\":\"Djamila Ribeiro\",\"description\":\"\",\"potentialAction\":[{\"@type\":\"SearchAction\",\"target\":{\"@type\":\"EntryPoint\",\"urlTemplate\":\"https:\/\/www.djamilaribeiro.com.br\/?s={search_term_string}\"},\"query-input\":\"required name=search_term_string\"}],\"inLanguage\":\"pt-BR\"},{\"@type\":\"Person\",\"@id\":\"https:\/\/www.djamilaribeiro.com.br\/#\/schema\/person\/a928f404cf733e4c62686bedd437b9ee\",\"name\":\"Reda\u00e7\u00e3o\",\"image\":{\"@type\":\"ImageObject\",\"inLanguage\":\"pt-BR\",\"@id\":\"https:\/\/www.djamilaribeiro.com.br\/#\/schema\/person\/image\/\",\"url\":\"https:\/\/secure.gravatar.com\/avatar\/e22ea52208b383d899430021cb4ecf26?s=96&d=mm&r=g\",\"contentUrl\":\"https:\/\/secure.gravatar.com\/avatar\/e22ea52208b383d899430021cb4ecf26?s=96&d=mm&r=g\",\"caption\":\"Reda\u00e7\u00e3o\"},\"sameAs\":[\"https:\/\/localhost\"],\"url\":\"https:\/\/www.djamilaribeiro.com.br\/fr\/author\/djamila\/\"}]}<\/script>\n<!-- \/ Yoast SEO plugin. -->","yoast_head_json":{"title":"La voix et l\u2019h\u00e9ritage : Djamila Ribeiro r\u00e9fl\u00e9chit \u00e0 la \u00ab lutte pour la paix \u00bb de Martin Luther King Jr. - Djamila Ribeiro","description":"La philosophe br\u00e9silienne r\u00e9fl\u00e9chit \u00e0 l\u2019h\u00e9ritage pacifiste du leader des droits civiques et \u00e0 l\u2019actualit\u00e9 de sa pens\u00e9e dans le monde contemporain.","robots":{"index":"index","follow":"follow","max-snippet":"max-snippet:-1","max-image-preview":"max-image-preview:large","max-video-preview":"max-video-preview:-1"},"canonical":"https:\/\/www.djamilaribeiro.com.br\/fr\/la-voix-et-lheritage-djamila-ribeiro-reflechit-a-la-lutte-pour-la-paix-de-martin-luther-king-jr\/","og_locale":"pt_BR","og_type":"article","og_title":"La voix et l\u2019h\u00e9ritage : Djamila Ribeiro r\u00e9fl\u00e9chit \u00e0 la \u00ab lutte pour la paix \u00bb de Martin Luther King Jr. - Djamila Ribeiro","og_description":"La philosophe br\u00e9silienne r\u00e9fl\u00e9chit \u00e0 l\u2019h\u00e9ritage pacifiste du leader des droits civiques et \u00e0 l\u2019actualit\u00e9 de sa pens\u00e9e dans le monde contemporain.","og_url":"https:\/\/www.djamilaribeiro.com.br\/fr\/la-voix-et-lheritage-djamila-ribeiro-reflechit-a-la-lutte-pour-la-paix-de-martin-luther-king-jr\/","og_site_name":"Djamila Ribeiro","article_published_time":"2026-01-25T12:59:03+00:00","article_modified_time":"2026-01-25T13:34:41+00:00","og_image":[{"width":1080,"height":1335,"url":"https:\/\/www.djamilaribeiro.com.br\/wp-content\/uploads\/2026\/01\/Screenshot_2026-01-25-09-56-49-43_1c337646f29875672b5a61192b9010f9.jpg.jpeg","type":"image\/jpeg"}],"author":"Reda\u00e7\u00e3o","twitter_card":"summary_large_image","twitter_misc":{"Escrito por":"Reda\u00e7\u00e3o","Est. tempo de leitura":"3 minutos"},"schema":{"@context":"https:\/\/schema.org","@graph":[{"@type":"WebPage","@id":"https:\/\/www.djamilaribeiro.com.br\/fr\/la-voix-et-lheritage-djamila-ribeiro-reflechit-a-la-lutte-pour-la-paix-de-martin-luther-king-jr\/","url":"https:\/\/www.djamilaribeiro.com.br\/fr\/la-voix-et-lheritage-djamila-ribeiro-reflechit-a-la-lutte-pour-la-paix-de-martin-luther-king-jr\/","name":"La voix et l\u2019h\u00e9ritage : Djamila Ribeiro r\u00e9fl\u00e9chit \u00e0 la \u00ab lutte pour la paix \u00bb de Martin Luther King Jr. - Djamila Ribeiro","isPartOf":{"@id":"https:\/\/www.djamilaribeiro.com.br\/#website"},"datePublished":"2026-01-25T12:59:03+00:00","dateModified":"2026-01-25T13:34:41+00:00","author":{"@id":"https:\/\/www.djamilaribeiro.com.br\/#\/schema\/person\/a928f404cf733e4c62686bedd437b9ee"},"description":"La philosophe br\u00e9silienne r\u00e9fl\u00e9chit \u00e0 l\u2019h\u00e9ritage pacifiste du leader des droits civiques et \u00e0 l\u2019actualit\u00e9 de sa pens\u00e9e dans le monde contemporain.","breadcrumb":{"@id":"https:\/\/www.djamilaribeiro.com.br\/fr\/la-voix-et-lheritage-djamila-ribeiro-reflechit-a-la-lutte-pour-la-paix-de-martin-luther-king-jr\/#breadcrumb"},"inLanguage":"pt-BR","potentialAction":[{"@type":"ReadAction","target":["https:\/\/www.djamilaribeiro.com.br\/fr\/la-voix-et-lheritage-djamila-ribeiro-reflechit-a-la-lutte-pour-la-paix-de-martin-luther-king-jr\/"]}]},{"@type":"BreadcrumbList","@id":"https:\/\/www.djamilaribeiro.com.br\/fr\/la-voix-et-lheritage-djamila-ribeiro-reflechit-a-la-lutte-pour-la-paix-de-martin-luther-king-jr\/#breadcrumb","itemListElement":[{"@type":"ListItem","position":1,"name":"In\u00edcio","item":"https:\/\/www.djamilaribeiro.com.br\/fr\/"},{"@type":"ListItem","position":2,"name":"La voix et l\u2019h\u00e9ritage : Djamila Ribeiro r\u00e9fl\u00e9chit \u00e0 la \u00ab lutte pour la paix \u00bb de Martin Luther King Jr."}]},{"@type":"WebSite","@id":"https:\/\/www.djamilaribeiro.com.br\/#website","url":"https:\/\/www.djamilaribeiro.com.br\/","name":"Djamila Ribeiro","description":"","potentialAction":[{"@type":"SearchAction","target":{"@type":"EntryPoint","urlTemplate":"https:\/\/www.djamilaribeiro.com.br\/?s={search_term_string}"},"query-input":"required name=search_term_string"}],"inLanguage":"pt-BR"},{"@type":"Person","@id":"https:\/\/www.djamilaribeiro.com.br\/#\/schema\/person\/a928f404cf733e4c62686bedd437b9ee","name":"Reda\u00e7\u00e3o","image":{"@type":"ImageObject","inLanguage":"pt-BR","@id":"https:\/\/www.djamilaribeiro.com.br\/#\/schema\/person\/image\/","url":"https:\/\/secure.gravatar.com\/avatar\/e22ea52208b383d899430021cb4ecf26?s=96&d=mm&r=g","contentUrl":"https:\/\/secure.gravatar.com\/avatar\/e22ea52208b383d899430021cb4ecf26?s=96&d=mm&r=g","caption":"Reda\u00e7\u00e3o"},"sameAs":["https:\/\/localhost"],"url":"https:\/\/www.djamilaribeiro.com.br\/fr\/author\/djamila\/"}]}},"amp_enabled":true,"_links":{"self":[{"href":"https:\/\/www.djamilaribeiro.com.br\/fr\/wp-json\/wp\/v2\/posts\/4943"}],"collection":[{"href":"https:\/\/www.djamilaribeiro.com.br\/fr\/wp-json\/wp\/v2\/posts"}],"about":[{"href":"https:\/\/www.djamilaribeiro.com.br\/fr\/wp-json\/wp\/v2\/types\/post"}],"author":[{"embeddable":true,"href":"https:\/\/www.djamilaribeiro.com.br\/fr\/wp-json\/wp\/v2\/users\/1"}],"replies":[{"embeddable":true,"href":"https:\/\/www.djamilaribeiro.com.br\/fr\/wp-json\/wp\/v2\/comments?post=4943"}],"version-history":[{"count":1,"href":"https:\/\/www.djamilaribeiro.com.br\/fr\/wp-json\/wp\/v2\/posts\/4943\/revisions"}],"predecessor-version":[{"id":4944,"href":"https:\/\/www.djamilaribeiro.com.br\/fr\/wp-json\/wp\/v2\/posts\/4943\/revisions\/4944"}],"wp:featuredmedia":[{"embeddable":true,"href":"https:\/\/www.djamilaribeiro.com.br\/fr\/wp-json\/wp\/v2\/media\/4936"}],"wp:attachment":[{"href":"https:\/\/www.djamilaribeiro.com.br\/fr\/wp-json\/wp\/v2\/media?parent=4943"}],"wp:term":[{"taxonomy":"category","embeddable":true,"href":"https:\/\/www.djamilaribeiro.com.br\/fr\/wp-json\/wp\/v2\/categories?post=4943"},{"taxonomy":"post_tag","embeddable":true,"href":"https:\/\/www.djamilaribeiro.com.br\/fr\/wp-json\/wp\/v2\/tags?post=4943"}],"curies":[{"name":"wp","href":"https:\/\/api.w.org\/{rel}","templated":true}]}}