{"id":5252,"date":"2026-03-07T10:36:47","date_gmt":"2026-03-07T13:36:47","guid":{"rendered":"https:\/\/www.djamilaribeiro.com.br\/?p=5252"},"modified":"2026-03-07T14:32:26","modified_gmt":"2026-03-07T17:32:26","slug":"djamila-ribeiro-participe-a-amsterdam-a-une-conference-internationale-sur-les-defis-mondiaux-auxquels-les-femmes-sont-confrontees","status":"publish","type":"post","link":"https:\/\/www.djamilaribeiro.com.br\/fr\/djamila-ribeiro-participe-a-amsterdam-a-une-conference-internationale-sur-les-defis-mondiaux-auxquels-les-femmes-sont-confrontees\/","title":{"rendered":"Djamila Ribeiro participe \u00e0 Amsterdam \u00e0 une conf\u00e9rence internationale sur les d\u00e9fis mondiaux auxquels les femmes sont confront\u00e9es"},"content":{"rendered":"<p data-start=\"2966\" data-end=\"3432\">Djamila Ribeiro est d\u00e9j\u00e0 \u00e0 Amsterdam pour participer demain, dimanche, \u00e0 la conf\u00e9rence internationale <a href=\"https:\/\/www.womenunite.nl\/\"><strong data-start=\"3068\" data-end=\"3084\">Women Unite!<\/strong><\/a>, organis\u00e9e dans le cadre des activit\u00e9s de la Journ\u00e9e internationale des droits des femmes. Promue par la municipalit\u00e9 de la ville, la rencontre r\u00e9unit au Royal Theatre Carr\u00e9 des intellectuelles, des journalistes et des d\u00e9fenseuses des droits humains de diff\u00e9rents pays afin de d\u00e9battre des d\u00e9fis contemporains auxquels les femmes sont confront\u00e9es.<\/p>\n<p data-start=\"3434\" data-end=\"3720\">Accueillie par la maire d\u2019Amsterdam, <strong data-start=\"3471\" data-end=\"3488\">Femke Halsema<\/strong>, premi\u00e8re femme \u00e9lue \u00e0 ce poste dans l\u2019histoire de la ville, la conf\u00e9rence s\u2019inscrit dans la programmation municipale du 8 mars et vise \u00e0 promouvoir des dialogues globaux sur l\u2019\u00e9galit\u00e9 de genre, la d\u00e9mocratie et la justice sociale.<\/p>\n<p data-start=\"3722\" data-end=\"4210\">Invit\u00e9e internationale, Djamila participera \u00e0 un panel consacr\u00e9 au th\u00e8me <strong data-start=\"3795\" data-end=\"3827\">\u00ab Guerre contre les femmes \u00bb<\/strong>, dans lequel elle pr\u00e9sentera des r\u00e9flexions sur la situation des femmes au Br\u00e9sil et sur les d\u00e9fis structurels li\u00e9s \u00e0 la violence, aux in\u00e9galit\u00e9s et \u00e0 la lutte pour les droits. La philosophe br\u00e9silienne participera \u00e9galement \u00e0 des d\u00e9bats avec des penseuses de diff\u00e9rentes r\u00e9gions du monde, \u00e9largissant le dialogue international autour du f\u00e9minisme, du racisme et des droits humains.<\/p>\n<p data-start=\"4212\" data-end=\"4661\">Parmi les participantes confirm\u00e9es figurent l\u2019avocate ukrainienne et laur\u00e9ate du prix Nobel de la paix <strong data-start=\"4315\" data-end=\"4340\">Oleksandra Matviichuk<\/strong>, reconnue pour son travail en faveur des libert\u00e9s civiles, ainsi que l\u2019\u00e9crivaine et intellectuelle publique nig\u00e9riane <strong data-start=\"4459\" data-end=\"4480\">OluTimehin Kukoyi<\/strong>. La rencontre r\u00e9unit \u00e9galement des autrices, des chercheuses et des journalistes travaillant sur des th\u00e8mes li\u00e9s \u00e0 la d\u00e9mocratie, \u00e0 la libert\u00e9 d\u2019expression et \u00e0 l\u2019\u00e9galit\u00e9 de genre.<\/p>\n<p data-start=\"4663\" data-end=\"5011\">Laur\u00e9ate en 2019 du <strong data-start=\"4683\" data-end=\"4704\">Prince Claus Fund<\/strong>, une institution culturelle des Pays-Bas qui r\u00e9compense des contributions importantes \u00e0 la culture et aux droits humains dans le Sud global, Djamila Ribeiro participera \u00e9galement \u00e0 Amsterdam \u00e0 un \u00e9v\u00e9nement parall\u00e8le organis\u00e9 par la fondation aux c\u00f4t\u00e9s d\u2019organisations de d\u00e9fense des droits humains du pays.<\/p>\n<p data-start=\"5013\" data-end=\"5212\">Pour la philosophe, la participation \u00e0 des forums internationaux repr\u00e9sente une opportunit\u00e9 de renforcer les ponts entre diff\u00e9rentes exp\u00e9riences et d\u2019\u00e9largir le d\u00e9bat mondial sur la justice sociale :<\/p>\n<blockquote data-start=\"5214\" data-end=\"5454\">\n<p data-start=\"5216\" data-end=\"5454\">\u00ab Dans mes interventions, j\u2019apporterai des r\u00e9flexions sur la situation des femmes au Br\u00e9sil et sur les dialogues possibles avec des intellectuelles publiques de diff\u00e9rentes r\u00e9gions du monde. Nous, les femmes, allons gagner cette guerre. \u00bb<\/p>\n<\/blockquote>\n<p data-start=\"5456\" data-end=\"5516\">Suivez la couverture sur les r\u00e9seaux sociaux et sur le site.<\/p>\n<blockquote class=\"instagram-media\" style=\"background: #FFF; border: 0; border-radius: 3px; box-shadow: 0 0 1px 0 rgba(0,0,0,0.5),0 1px 10px 0 rgba(0,0,0,0.15); margin: 1px; max-width: 540px; min-width: 326px; padding: 0; width: calc(100% - 2px);\" data-instgrm-captioned=\"\" data-instgrm-permalink=\"https:\/\/www.instagram.com\/p\/DVjQ4l8kciM\/?utm_source=ig_embed&amp;utm_campaign=loading\" data-instgrm-version=\"14\">\n<div style=\"padding: 16px;\">\n<p>&nbsp;<\/p>\n<div style=\"display: flex; flex-direction: row; align-items: center;\">\n<div style=\"background-color: #f4f4f4; border-radius: 50%; flex-grow: 0; height: 40px; margin-right: 14px; width: 40px;\"><\/div>\n<div style=\"display: flex; flex-direction: column; flex-grow: 1; justify-content: center;\">\n<div style=\"background-color: #f4f4f4; border-radius: 4px; flex-grow: 0; height: 14px; margin-bottom: 6px; width: 100px;\"><\/div>\n<div style=\"background-color: #f4f4f4; border-radius: 4px; flex-grow: 0; height: 14px; width: 60px;\"><\/div>\n<\/div>\n<\/div>\n<div style=\"padding: 19% 0;\"><\/div>\n<div style=\"display: block; height: 50px; margin: 0 auto 12px; width: 50px;\"><\/div>\n<div style=\"padding-top: 8px;\">\n<div style=\"color: #3897f0; font-family: Arial,sans-serif; font-size: 14px; font-style: normal; font-weight: 550; line-height: 18px;\">Ver essa foto no Instagram<\/div>\n<\/div>\n<div style=\"padding: 12.5% 0;\"><\/div>\n<div style=\"display: flex; flex-direction: row; margin-bottom: 14px; align-items: center;\">\n<div>\n<div style=\"background-color: #f4f4f4; border-radius: 50%; height: 12.5px; width: 12.5px; transform: translateX(0px) translateY(7px);\"><\/div>\n<div style=\"background-color: #f4f4f4; height: 12.5px; transform: rotate(-45deg) translateX(3px) translateY(1px); width: 12.5px; flex-grow: 0; margin-right: 14px; margin-left: 2px;\"><\/div>\n<div style=\"background-color: #f4f4f4; border-radius: 50%; height: 12.5px; width: 12.5px; transform: translateX(9px) translateY(-18px);\"><\/div>\n<\/div>\n<div style=\"margin-left: 8px;\">\n<div style=\"background-color: #f4f4f4; border-radius: 50%; flex-grow: 0; height: 20px; width: 20px;\"><\/div>\n<div style=\"width: 0; height: 0; border-top: 2px solid transparent; border-left: 6px solid #f4f4f4; border-bottom: 2px solid transparent; transform: translateX(16px) translateY(-4px) rotate(30deg);\"><\/div>\n<\/div>\n<div style=\"margin-left: auto;\">\n<div style=\"width: 0px; border-top: 8px solid #F4F4F4; border-right: 8px solid transparent; transform: translateY(16px);\"><\/div>\n<div style=\"background-color: #f4f4f4; flex-grow: 0; height: 12px; width: 16px; transform: translateY(-4px);\"><\/div>\n<div style=\"width: 0; height: 0; border-top: 8px solid #F4F4F4; border-left: 8px solid transparent; transform: translateY(-4px) translateX(8px);\"><\/div>\n<\/div>\n<\/div>\n<div style=\"display: flex; flex-direction: column; flex-grow: 1; justify-content: center; margin-bottom: 24px;\">\n<div style=\"background-color: #f4f4f4; border-radius: 4px; flex-grow: 0; height: 14px; margin-bottom: 6px; width: 224px;\"><\/div>\n<div style=\"background-color: #f4f4f4; border-radius: 4px; flex-grow: 0; height: 14px; width: 144px;\"><\/div>\n<\/div>\n<p>&nbsp;<\/p>\n<p style=\"color: #c9c8cd; font-family: Arial,sans-serif; font-size: 14px; line-height: 17px; margin-bottom: 0; margin-top: 8px; overflow: hidden; padding: 8px 0 7px; text-align: center; text-overflow: ellipsis; white-space: nowrap;\"><a style=\"color: #c9c8cd; font-family: Arial,sans-serif; font-size: 14px; font-style: normal; font-weight: normal; line-height: 17px; text-decoration: none;\" href=\"https:\/\/www.instagram.com\/p\/DVjQ4l8kciM\/?utm_source=ig_embed&amp;utm_campaign=loading\" target=\"_blank\" rel=\"noopener\">Um post compartilhado por Djamila Ribeiro (@djamilaribeiro1)<\/a><\/p>\n<\/div>\n<\/blockquote>\n<p><script async src=\"\/\/www.instagram.com\/embed.js\"><\/script><\/p>\n","protected":false},"excerpt":{"rendered":"<p>Djamila Ribeiro est d\u00e9j\u00e0 \u00e0 Amsterdam pour participer demain, dimanche, \u00e0 la conf\u00e9rence internationale Women Unite!, organis\u00e9e dans le cadre des activit\u00e9s de la Journ\u00e9e internationale des droits des femmes. Promue par la municipalit\u00e9 de la ville, la rencontre r\u00e9unit au Royal Theatre Carr\u00e9 des intellectuelles, des journalistes et des d\u00e9fenseuses des droits humains de [&hellip;]<\/p>\n","protected":false},"author":1,"featured_media":5245,"comment_status":"open","ping_status":"open","sticky":false,"template":"","format":"standard","meta":{"inline_featured_image":false},"categories":[785],"tags":[1867,1865,969,1863,1186,1864,1160,1866,1862,1868],"acf":[],"yoast_head":"<!-- This site is optimized with the Yoast SEO plugin v20.5 - https:\/\/yoast.com\/wordpress\/plugins\/seo\/ -->\n<title>Djamila Ribeiro participe \u00e0 Amsterdam \u00e0 une conf\u00e9rence internationale sur les d\u00e9fis mondiaux auxquels les femmes sont confront\u00e9es - Djamila Ribeiro<\/title>\n<meta name=\"description\" content=\"La philosophe participe \u00e0 Women Unite \u00e0 Amsterdam, une conf\u00e9rence sur les d\u00e9fis auxquels les femmes font face dans le monde contemporain.\" \/>\n<meta name=\"robots\" content=\"index, follow, max-snippet:-1, max-image-preview:large, max-video-preview:-1\" \/>\n<link rel=\"canonical\" href=\"https:\/\/www.djamilaribeiro.com.br\/fr\/djamila-ribeiro-participe-a-amsterdam-a-une-conference-internationale-sur-les-defis-mondiaux-auxquels-les-femmes-sont-confrontees\/\" \/>\n<meta property=\"og:locale\" content=\"pt_BR\" \/>\n<meta property=\"og:type\" content=\"article\" \/>\n<meta property=\"og:title\" content=\"Djamila Ribeiro participe \u00e0 Amsterdam \u00e0 une conf\u00e9rence internationale sur les d\u00e9fis mondiaux auxquels les femmes sont confront\u00e9es - Djamila Ribeiro\" \/>\n<meta property=\"og:description\" content=\"La philosophe participe \u00e0 Women Unite \u00e0 Amsterdam, une conf\u00e9rence sur les d\u00e9fis auxquels les femmes font face dans le monde contemporain.\" \/>\n<meta property=\"og:url\" content=\"https:\/\/www.djamilaribeiro.com.br\/fr\/djamila-ribeiro-participe-a-amsterdam-a-une-conference-internationale-sur-les-defis-mondiaux-auxquels-les-femmes-sont-confrontees\/\" \/>\n<meta property=\"og:site_name\" content=\"Djamila Ribeiro\" \/>\n<meta property=\"article:published_time\" content=\"2026-03-07T13:36:47+00:00\" \/>\n<meta property=\"article:modified_time\" content=\"2026-03-07T17:32:26+00:00\" \/>\n<meta property=\"og:image\" content=\"https:\/\/www.djamilaribeiro.com.br\/wp-content\/uploads\/2026\/03\/banner.webp\" \/>\n\t<meta property=\"og:image:width\" content=\"1440\" \/>\n\t<meta property=\"og:image:height\" content=\"644\" \/>\n\t<meta property=\"og:image:type\" content=\"image\/webp\" \/>\n<meta name=\"author\" content=\"Reda\u00e7\u00e3o\" \/>\n<meta name=\"twitter:card\" content=\"summary_large_image\" \/>\n<meta name=\"twitter:label1\" content=\"Escrito por\" \/>\n\t<meta name=\"twitter:data1\" content=\"Reda\u00e7\u00e3o\" \/>\n\t<meta name=\"twitter:label2\" content=\"Est. tempo de leitura\" \/>\n\t<meta name=\"twitter:data2\" content=\"3 minutos\" \/>\n<script type=\"application\/ld+json\" class=\"yoast-schema-graph\">{\"@context\":\"https:\/\/schema.org\",\"@graph\":[{\"@type\":\"WebPage\",\"@id\":\"https:\/\/www.djamilaribeiro.com.br\/fr\/djamila-ribeiro-participe-a-amsterdam-a-une-conference-internationale-sur-les-defis-mondiaux-auxquels-les-femmes-sont-confrontees\/\",\"url\":\"https:\/\/www.djamilaribeiro.com.br\/fr\/djamila-ribeiro-participe-a-amsterdam-a-une-conference-internationale-sur-les-defis-mondiaux-auxquels-les-femmes-sont-confrontees\/\",\"name\":\"Djamila Ribeiro participe \u00e0 Amsterdam \u00e0 une conf\u00e9rence internationale sur les d\u00e9fis mondiaux auxquels les femmes sont confront\u00e9es - Djamila Ribeiro\",\"isPartOf\":{\"@id\":\"https:\/\/www.djamilaribeiro.com.br\/#website\"},\"datePublished\":\"2026-03-07T13:36:47+00:00\",\"dateModified\":\"2026-03-07T17:32:26+00:00\",\"author\":{\"@id\":\"https:\/\/www.djamilaribeiro.com.br\/#\/schema\/person\/a928f404cf733e4c62686bedd437b9ee\"},\"description\":\"La philosophe participe \u00e0 Women Unite \u00e0 Amsterdam, une conf\u00e9rence sur les d\u00e9fis auxquels les femmes font face dans le monde contemporain.\",\"breadcrumb\":{\"@id\":\"https:\/\/www.djamilaribeiro.com.br\/fr\/djamila-ribeiro-participe-a-amsterdam-a-une-conference-internationale-sur-les-defis-mondiaux-auxquels-les-femmes-sont-confrontees\/#breadcrumb\"},\"inLanguage\":\"pt-BR\",\"potentialAction\":[{\"@type\":\"ReadAction\",\"target\":[\"https:\/\/www.djamilaribeiro.com.br\/fr\/djamila-ribeiro-participe-a-amsterdam-a-une-conference-internationale-sur-les-defis-mondiaux-auxquels-les-femmes-sont-confrontees\/\"]}]},{\"@type\":\"BreadcrumbList\",\"@id\":\"https:\/\/www.djamilaribeiro.com.br\/fr\/djamila-ribeiro-participe-a-amsterdam-a-une-conference-internationale-sur-les-defis-mondiaux-auxquels-les-femmes-sont-confrontees\/#breadcrumb\",\"itemListElement\":[{\"@type\":\"ListItem\",\"position\":1,\"name\":\"In\u00edcio\",\"item\":\"https:\/\/www.djamilaribeiro.com.br\/fr\/\"},{\"@type\":\"ListItem\",\"position\":2,\"name\":\"Djamila Ribeiro participe \u00e0 Amsterdam \u00e0 une conf\u00e9rence internationale sur les d\u00e9fis mondiaux auxquels les femmes sont confront\u00e9es\"}]},{\"@type\":\"WebSite\",\"@id\":\"https:\/\/www.djamilaribeiro.com.br\/#website\",\"url\":\"https:\/\/www.djamilaribeiro.com.br\/\",\"name\":\"Djamila Ribeiro\",\"description\":\"\",\"potentialAction\":[{\"@type\":\"SearchAction\",\"target\":{\"@type\":\"EntryPoint\",\"urlTemplate\":\"https:\/\/www.djamilaribeiro.com.br\/?s={search_term_string}\"},\"query-input\":\"required name=search_term_string\"}],\"inLanguage\":\"pt-BR\"},{\"@type\":\"Person\",\"@id\":\"https:\/\/www.djamilaribeiro.com.br\/#\/schema\/person\/a928f404cf733e4c62686bedd437b9ee\",\"name\":\"Reda\u00e7\u00e3o\",\"image\":{\"@type\":\"ImageObject\",\"inLanguage\":\"pt-BR\",\"@id\":\"https:\/\/www.djamilaribeiro.com.br\/#\/schema\/person\/image\/\",\"url\":\"https:\/\/secure.gravatar.com\/avatar\/e22ea52208b383d899430021cb4ecf26?s=96&d=mm&r=g\",\"contentUrl\":\"https:\/\/secure.gravatar.com\/avatar\/e22ea52208b383d899430021cb4ecf26?s=96&d=mm&r=g\",\"caption\":\"Reda\u00e7\u00e3o\"},\"sameAs\":[\"https:\/\/localhost\"],\"url\":\"https:\/\/www.djamilaribeiro.com.br\/fr\/author\/djamila\/\"}]}<\/script>\n<!-- \/ Yoast SEO plugin. -->","yoast_head_json":{"title":"Djamila Ribeiro participe \u00e0 Amsterdam \u00e0 une conf\u00e9rence internationale sur les d\u00e9fis mondiaux auxquels les femmes sont confront\u00e9es - Djamila Ribeiro","description":"La philosophe participe \u00e0 Women Unite \u00e0 Amsterdam, une conf\u00e9rence sur les d\u00e9fis auxquels les femmes font face dans le monde contemporain.","robots":{"index":"index","follow":"follow","max-snippet":"max-snippet:-1","max-image-preview":"max-image-preview:large","max-video-preview":"max-video-preview:-1"},"canonical":"https:\/\/www.djamilaribeiro.com.br\/fr\/djamila-ribeiro-participe-a-amsterdam-a-une-conference-internationale-sur-les-defis-mondiaux-auxquels-les-femmes-sont-confrontees\/","og_locale":"pt_BR","og_type":"article","og_title":"Djamila Ribeiro participe \u00e0 Amsterdam \u00e0 une conf\u00e9rence internationale sur les d\u00e9fis mondiaux auxquels les femmes sont confront\u00e9es - Djamila Ribeiro","og_description":"La philosophe participe \u00e0 Women Unite \u00e0 Amsterdam, une conf\u00e9rence sur les d\u00e9fis auxquels les femmes font face dans le monde contemporain.","og_url":"https:\/\/www.djamilaribeiro.com.br\/fr\/djamila-ribeiro-participe-a-amsterdam-a-une-conference-internationale-sur-les-defis-mondiaux-auxquels-les-femmes-sont-confrontees\/","og_site_name":"Djamila Ribeiro","article_published_time":"2026-03-07T13:36:47+00:00","article_modified_time":"2026-03-07T17:32:26+00:00","og_image":[{"width":1440,"height":644,"url":"https:\/\/www.djamilaribeiro.com.br\/wp-content\/uploads\/2026\/03\/banner.webp","type":"image\/webp"}],"author":"Reda\u00e7\u00e3o","twitter_card":"summary_large_image","twitter_misc":{"Escrito por":"Reda\u00e7\u00e3o","Est. tempo de leitura":"3 minutos"},"schema":{"@context":"https:\/\/schema.org","@graph":[{"@type":"WebPage","@id":"https:\/\/www.djamilaribeiro.com.br\/fr\/djamila-ribeiro-participe-a-amsterdam-a-une-conference-internationale-sur-les-defis-mondiaux-auxquels-les-femmes-sont-confrontees\/","url":"https:\/\/www.djamilaribeiro.com.br\/fr\/djamila-ribeiro-participe-a-amsterdam-a-une-conference-internationale-sur-les-defis-mondiaux-auxquels-les-femmes-sont-confrontees\/","name":"Djamila Ribeiro participe \u00e0 Amsterdam \u00e0 une conf\u00e9rence internationale sur les d\u00e9fis mondiaux auxquels les femmes sont confront\u00e9es - Djamila Ribeiro","isPartOf":{"@id":"https:\/\/www.djamilaribeiro.com.br\/#website"},"datePublished":"2026-03-07T13:36:47+00:00","dateModified":"2026-03-07T17:32:26+00:00","author":{"@id":"https:\/\/www.djamilaribeiro.com.br\/#\/schema\/person\/a928f404cf733e4c62686bedd437b9ee"},"description":"La philosophe participe \u00e0 Women Unite \u00e0 Amsterdam, une conf\u00e9rence sur les d\u00e9fis auxquels les femmes font face dans le monde contemporain.","breadcrumb":{"@id":"https:\/\/www.djamilaribeiro.com.br\/fr\/djamila-ribeiro-participe-a-amsterdam-a-une-conference-internationale-sur-les-defis-mondiaux-auxquels-les-femmes-sont-confrontees\/#breadcrumb"},"inLanguage":"pt-BR","potentialAction":[{"@type":"ReadAction","target":["https:\/\/www.djamilaribeiro.com.br\/fr\/djamila-ribeiro-participe-a-amsterdam-a-une-conference-internationale-sur-les-defis-mondiaux-auxquels-les-femmes-sont-confrontees\/"]}]},{"@type":"BreadcrumbList","@id":"https:\/\/www.djamilaribeiro.com.br\/fr\/djamila-ribeiro-participe-a-amsterdam-a-une-conference-internationale-sur-les-defis-mondiaux-auxquels-les-femmes-sont-confrontees\/#breadcrumb","itemListElement":[{"@type":"ListItem","position":1,"name":"In\u00edcio","item":"https:\/\/www.djamilaribeiro.com.br\/fr\/"},{"@type":"ListItem","position":2,"name":"Djamila Ribeiro participe \u00e0 Amsterdam \u00e0 une conf\u00e9rence internationale sur les d\u00e9fis mondiaux auxquels les femmes sont confront\u00e9es"}]},{"@type":"WebSite","@id":"https:\/\/www.djamilaribeiro.com.br\/#website","url":"https:\/\/www.djamilaribeiro.com.br\/","name":"Djamila Ribeiro","description":"","potentialAction":[{"@type":"SearchAction","target":{"@type":"EntryPoint","urlTemplate":"https:\/\/www.djamilaribeiro.com.br\/?s={search_term_string}"},"query-input":"required name=search_term_string"}],"inLanguage":"pt-BR"},{"@type":"Person","@id":"https:\/\/www.djamilaribeiro.com.br\/#\/schema\/person\/a928f404cf733e4c62686bedd437b9ee","name":"Reda\u00e7\u00e3o","image":{"@type":"ImageObject","inLanguage":"pt-BR","@id":"https:\/\/www.djamilaribeiro.com.br\/#\/schema\/person\/image\/","url":"https:\/\/secure.gravatar.com\/avatar\/e22ea52208b383d899430021cb4ecf26?s=96&d=mm&r=g","contentUrl":"https:\/\/secure.gravatar.com\/avatar\/e22ea52208b383d899430021cb4ecf26?s=96&d=mm&r=g","caption":"Reda\u00e7\u00e3o"},"sameAs":["https:\/\/localhost"],"url":"https:\/\/www.djamilaribeiro.com.br\/fr\/author\/djamila\/"}]}},"amp_enabled":true,"_links":{"self":[{"href":"https:\/\/www.djamilaribeiro.com.br\/fr\/wp-json\/wp\/v2\/posts\/5252"}],"collection":[{"href":"https:\/\/www.djamilaribeiro.com.br\/fr\/wp-json\/wp\/v2\/posts"}],"about":[{"href":"https:\/\/www.djamilaribeiro.com.br\/fr\/wp-json\/wp\/v2\/types\/post"}],"author":[{"embeddable":true,"href":"https:\/\/www.djamilaribeiro.com.br\/fr\/wp-json\/wp\/v2\/users\/1"}],"replies":[{"embeddable":true,"href":"https:\/\/www.djamilaribeiro.com.br\/fr\/wp-json\/wp\/v2\/comments?post=5252"}],"version-history":[{"count":1,"href":"https:\/\/www.djamilaribeiro.com.br\/fr\/wp-json\/wp\/v2\/posts\/5252\/revisions"}],"predecessor-version":[{"id":5253,"href":"https:\/\/www.djamilaribeiro.com.br\/fr\/wp-json\/wp\/v2\/posts\/5252\/revisions\/5253"}],"wp:featuredmedia":[{"embeddable":true,"href":"https:\/\/www.djamilaribeiro.com.br\/fr\/wp-json\/wp\/v2\/media\/5245"}],"wp:attachment":[{"href":"https:\/\/www.djamilaribeiro.com.br\/fr\/wp-json\/wp\/v2\/media?parent=5252"}],"wp:term":[{"taxonomy":"category","embeddable":true,"href":"https:\/\/www.djamilaribeiro.com.br\/fr\/wp-json\/wp\/v2\/categories?post=5252"},{"taxonomy":"post_tag","embeddable":true,"href":"https:\/\/www.djamilaribeiro.com.br\/fr\/wp-json\/wp\/v2\/tags?post=5252"}],"curies":[{"name":"wp","href":"https:\/\/api.w.org\/{rel}","templated":true}]}}