{"id":5318,"date":"2026-03-13T11:46:02","date_gmt":"2026-03-13T14:46:02","guid":{"rendered":"https:\/\/www.djamilaribeiro.com.br\/?p=5318"},"modified":"2026-03-14T09:36:07","modified_gmt":"2026-03-14T12:36:07","slug":"djamila-ribeiro-annonce-un-partenariat-pour-offrir-un-soutien-juridique-aux-femmes-en-situation-de-vulnerabilite","status":"publish","type":"post","link":"https:\/\/www.djamilaribeiro.com.br\/fr\/djamila-ribeiro-annonce-un-partenariat-pour-offrir-un-soutien-juridique-aux-femmes-en-situation-de-vulnerabilite\/","title":{"rendered":"Djamila Ribeiro annonce un partenariat pour offrir un soutien juridique aux femmes en situation de vuln\u00e9rabilit\u00e9"},"content":{"rendered":"<p data-start=\"2063\" data-end=\"2331\">Djamila Ribeiro a annonc\u00e9 jeudi dernier (12) le lancement d\u2019un partenariat entre <strong data-start=\"2144\" data-end=\"2204\">l\u2019Espa\u00e7o Feminismos Plurais (Espace F\u00e9minismes Pluriels)<\/strong> et le cabinet <strong data-start=\"2219\" data-end=\"2240\">Veirano Advogados<\/strong> afin d\u2019\u00e9largir l\u2019acc\u00e8s \u00e0 la justice pour les femmes en situation de vuln\u00e9rabilit\u00e9 sociale.<\/p>\n<p data-start=\"2333\" data-end=\"2625\">L\u2019initiative pr\u00e9voit une assistance juridique b\u00e9n\u00e9vole dans des domaines essentiels de la vie quotidienne, tels que l\u2019h\u00e9ritage, la garde des enfants, la pension alimentaire, le divorce et la s\u00e9paration, ainsi que d\u2019autres demandes juridiques ayant un impact direct sur l\u2019autonomie des femmes.<\/p>\n<p data-start=\"2627\" data-end=\"2818\">\u00ab Notre objectif est d\u2019\u00e9largir les outils disponibles afin que les femmes en situation de vuln\u00e9rabilit\u00e9 puissent acc\u00e9der \u00e0 leurs droits et renforcer leur autonomie \u00bb, d\u00e9clare Djamila Ribeiro.<\/p>\n<h3 data-section-id=\"1ylsd0f\" data-start=\"2820\" data-end=\"2846\">\u00c9v\u00e9nement de lancement<\/h3>\n<p data-start=\"2848\" data-end=\"3086\">Le partenariat sera pr\u00e9sent\u00e9 au public lors d\u2019une rencontre le 17 mars \u00e0 l\u2019<strong data-start=\"2923\" data-end=\"2952\">Espa\u00e7o Feminismos Plurais<\/strong>, avec une conversation entre Djamila Ribeiro (en ligne) et l\u2019avocate <strong data-start=\"3022\" data-end=\"3046\">Priscilla Villa Nova<\/strong>, associ\u00e9e du cabinet Veirano Advogados.<\/p>\n<h3 data-section-id=\"dru507\" data-start=\"3088\" data-end=\"3120\">Informations sur l\u2019\u00e9v\u00e9nement<\/h3>\n<p data-start=\"3122\" data-end=\"3198\"><strong data-start=\"3122\" data-end=\"3132\">Date :<\/strong> 17 mars 2026<br data-start=\"3145\" data-end=\"3148\" \/><strong data-start=\"3148\" data-end=\"3161\">Accueil :<\/strong> 18h<br data-start=\"3165\" data-end=\"3168\" \/><strong data-start=\"3168\" data-end=\"3194\">D\u00e9but de l\u2019\u00e9v\u00e9nement :<\/strong> 19h<\/p>\n<p data-start=\"3200\" data-end=\"3282\"><strong data-start=\"3200\" data-end=\"3210\">Lieu :<\/strong><br data-start=\"3210\" data-end=\"3213\" \/>Espa\u00e7o Feminismos Plurais<br data-start=\"3238\" data-end=\"3241\" \/>Avenida Chibar\u00e1s, 666 \u2013 Moema \u2013 S\u00e3o Paulo<\/p>\n<p data-start=\"3284\" data-end=\"3377\">L\u2019\u00e9v\u00e9nement comptera \u00e9galement <strong data-start=\"3315\" data-end=\"3376\">des interpr\u00e8tes en langue des signes br\u00e9silienne (Libras)<\/strong>.<\/p>\n<h3 data-section-id=\"1ubr0hh\" data-start=\"3379\" data-end=\"3404\">Participation ouverte<\/h3>\n<p data-start=\"3406\" data-end=\"3578\">Pour encourager la participation, <strong data-start=\"3440\" data-end=\"3480\">les 50 premi\u00e8res personnes pr\u00e9sentes<\/strong> recevront un exemplaire de la <strong data-start=\"3511\" data-end=\"3577\">Collection Feminismos Plurais (Collection F\u00e9minismes Pluriels)<\/strong>.<\/p>\n<blockquote class=\"instagram-media\" style=\"background: #FFF; border: 0; border-radius: 3px; box-shadow: 0 0 1px 0 rgba(0,0,0,0.5),0 1px 10px 0 rgba(0,0,0,0.15); margin: 1px; max-width: 540px; min-width: 326px; padding: 0; width: calc(100% - 2px);\" data-instgrm-captioned=\"\" data-instgrm-permalink=\"https:\/\/www.instagram.com\/reel\/DVyfvGAEWZe\/?utm_source=ig_embed&amp;utm_campaign=loading\" data-instgrm-version=\"14\">\n<div style=\"padding: 16px;\">\n<p>&nbsp;<\/p>\n<div style=\"display: flex; flex-direction: row; align-items: center;\">\n<div style=\"background-color: #f4f4f4; border-radius: 50%; flex-grow: 0; height: 40px; margin-right: 14px; width: 40px;\"><\/div>\n<div style=\"display: flex; flex-direction: column; flex-grow: 1; justify-content: center;\">\n<div style=\"background-color: #f4f4f4; border-radius: 4px; flex-grow: 0; height: 14px; margin-bottom: 6px; width: 100px;\"><\/div>\n<div style=\"background-color: #f4f4f4; border-radius: 4px; flex-grow: 0; height: 14px; width: 60px;\"><\/div>\n<\/div>\n<\/div>\n<div style=\"padding: 19% 0;\"><\/div>\n<div style=\"display: block; height: 50px; margin: 0 auto 12px; width: 50px;\"><\/div>\n<div style=\"padding-top: 8px;\">\n<div style=\"color: #3897f0; font-family: Arial,sans-serif; font-size: 14px; font-style: normal; font-weight: 550; line-height: 18px;\">Ver essa foto no Instagram<\/div>\n<\/div>\n<div style=\"padding: 12.5% 0;\"><\/div>\n<div style=\"display: flex; flex-direction: row; margin-bottom: 14px; align-items: center;\">\n<div>\n<div style=\"background-color: #f4f4f4; border-radius: 50%; height: 12.5px; width: 12.5px; transform: translateX(0px) translateY(7px);\"><\/div>\n<div style=\"background-color: #f4f4f4; height: 12.5px; transform: rotate(-45deg) translateX(3px) translateY(1px); width: 12.5px; flex-grow: 0; margin-right: 14px; margin-left: 2px;\"><\/div>\n<div style=\"background-color: #f4f4f4; border-radius: 50%; height: 12.5px; width: 12.5px; transform: translateX(9px) translateY(-18px);\"><\/div>\n<\/div>\n<div style=\"margin-left: 8px;\">\n<div style=\"background-color: #f4f4f4; border-radius: 50%; flex-grow: 0; height: 20px; width: 20px;\"><\/div>\n<div style=\"width: 0; height: 0; border-top: 2px solid transparent; border-left: 6px solid #f4f4f4; border-bottom: 2px solid transparent; transform: translateX(16px) translateY(-4px) rotate(30deg);\"><\/div>\n<\/div>\n<div style=\"margin-left: auto;\">\n<div style=\"width: 0px; border-top: 8px solid #F4F4F4; border-right: 8px solid transparent; transform: translateY(16px);\"><\/div>\n<div style=\"background-color: #f4f4f4; flex-grow: 0; height: 12px; width: 16px; transform: translateY(-4px);\"><\/div>\n<div style=\"width: 0; height: 0; border-top: 8px solid #F4F4F4; border-left: 8px solid transparent; transform: translateY(-4px) translateX(8px);\"><\/div>\n<\/div>\n<\/div>\n<div style=\"display: flex; flex-direction: column; flex-grow: 1; justify-content: center; margin-bottom: 24px;\">\n<div style=\"background-color: #f4f4f4; border-radius: 4px; flex-grow: 0; height: 14px; margin-bottom: 6px; width: 224px;\"><\/div>\n<div style=\"background-color: #f4f4f4; border-radius: 4px; flex-grow: 0; height: 14px; width: 144px;\"><\/div>\n<\/div>\n<p>&nbsp;<\/p>\n<p style=\"color: #c9c8cd; font-family: Arial,sans-serif; font-size: 14px; line-height: 17px; margin-bottom: 0; margin-top: 8px; overflow: hidden; padding: 8px 0 7px; text-align: center; text-overflow: ellipsis; white-space: nowrap;\"><a style=\"color: #c9c8cd; font-family: Arial,sans-serif; font-size: 14px; font-style: normal; font-weight: normal; line-height: 17px; text-decoration: none;\" href=\"https:\/\/www.instagram.com\/reel\/DVyfvGAEWZe\/?utm_source=ig_embed&amp;utm_campaign=loading\" target=\"_blank\" rel=\"noopener\">Um post compartilhado por Djamila Ribeiro (@djamilaribeiro1)<\/a><\/p>\n<\/div>\n<\/blockquote>\n<p><script async src=\"\/\/www.instagram.com\/embed.js\"><\/script><\/p>\n","protected":false},"excerpt":{"rendered":"<p>Djamila Ribeiro a annonc\u00e9 jeudi dernier (12) le lancement d\u2019un partenariat entre l\u2019Espa\u00e7o Feminismos Plurais (Espace F\u00e9minismes Pluriels) et le cabinet Veirano Advogados afin d\u2019\u00e9largir l\u2019acc\u00e8s \u00e0 la justice pour les femmes en situation de vuln\u00e9rabilit\u00e9 sociale. L\u2019initiative pr\u00e9voit une assistance juridique b\u00e9n\u00e9vole dans des domaines essentiels de la vie quotidienne, tels que l\u2019h\u00e9ritage, la [&hellip;]<\/p>\n","protected":false},"author":1,"featured_media":5310,"comment_status":"open","ping_status":"open","sticky":false,"template":"","format":"standard","meta":{"inline_featured_image":false},"categories":[785],"tags":[1882,1885,969,1863,1886,1160,1884,1135,1883,1887],"acf":[],"yoast_head":"<!-- This site is optimized with the Yoast SEO plugin v20.5 - https:\/\/yoast.com\/wordpress\/plugins\/seo\/ -->\n<title>Djamila Ribeiro annonce un partenariat pour offrir un soutien juridique aux femmes en situation de vuln\u00e9rabilit\u00e9 - Djamila Ribeiro<\/title>\n<meta name=\"description\" content=\"Lancement le 17 mars \u00e0 l\u2019Espa\u00e7o Feminismos Plurais avec la participation en ligne de la philosophe br\u00e9silienne.\" \/>\n<meta name=\"robots\" content=\"index, follow, max-snippet:-1, max-image-preview:large, max-video-preview:-1\" \/>\n<link rel=\"canonical\" href=\"https:\/\/www.djamilaribeiro.com.br\/fr\/djamila-ribeiro-annonce-un-partenariat-pour-offrir-un-soutien-juridique-aux-femmes-en-situation-de-vulnerabilite\/\" \/>\n<meta property=\"og:locale\" content=\"pt_BR\" \/>\n<meta property=\"og:type\" content=\"article\" \/>\n<meta property=\"og:title\" content=\"Djamila Ribeiro annonce un partenariat pour offrir un soutien juridique aux femmes en situation de vuln\u00e9rabilit\u00e9 - Djamila Ribeiro\" \/>\n<meta property=\"og:description\" content=\"Lancement le 17 mars \u00e0 l\u2019Espa\u00e7o Feminismos Plurais avec la participation en ligne de la philosophe br\u00e9silienne.\" \/>\n<meta property=\"og:url\" content=\"https:\/\/www.djamilaribeiro.com.br\/fr\/djamila-ribeiro-annonce-un-partenariat-pour-offrir-un-soutien-juridique-aux-femmes-en-situation-de-vulnerabilite\/\" \/>\n<meta property=\"og:site_name\" content=\"Djamila Ribeiro\" \/>\n<meta property=\"article:published_time\" content=\"2026-03-13T14:46:02+00:00\" \/>\n<meta property=\"article:modified_time\" content=\"2026-03-14T12:36:07+00:00\" \/>\n<meta property=\"og:image\" content=\"https:\/\/www.djamilaribeiro.com.br\/wp-content\/uploads\/2026\/03\/Feminismos.jpg\" \/>\n\t<meta property=\"og:image:width\" content=\"1079\" \/>\n\t<meta property=\"og:image:height\" content=\"1349\" \/>\n\t<meta property=\"og:image:type\" content=\"image\/jpeg\" \/>\n<meta name=\"author\" content=\"Reda\u00e7\u00e3o\" \/>\n<meta name=\"twitter:card\" content=\"summary_large_image\" \/>\n<meta name=\"twitter:label1\" content=\"Escrito por\" \/>\n\t<meta name=\"twitter:data1\" content=\"Reda\u00e7\u00e3o\" \/>\n\t<meta name=\"twitter:label2\" content=\"Est. tempo de leitura\" \/>\n\t<meta name=\"twitter:data2\" content=\"2 minutos\" \/>\n<script type=\"application\/ld+json\" class=\"yoast-schema-graph\">{\"@context\":\"https:\/\/schema.org\",\"@graph\":[{\"@type\":\"WebPage\",\"@id\":\"https:\/\/www.djamilaribeiro.com.br\/fr\/djamila-ribeiro-annonce-un-partenariat-pour-offrir-un-soutien-juridique-aux-femmes-en-situation-de-vulnerabilite\/\",\"url\":\"https:\/\/www.djamilaribeiro.com.br\/fr\/djamila-ribeiro-annonce-un-partenariat-pour-offrir-un-soutien-juridique-aux-femmes-en-situation-de-vulnerabilite\/\",\"name\":\"Djamila Ribeiro annonce un partenariat pour offrir un soutien juridique aux femmes en situation de vuln\u00e9rabilit\u00e9 - Djamila Ribeiro\",\"isPartOf\":{\"@id\":\"https:\/\/www.djamilaribeiro.com.br\/#website\"},\"datePublished\":\"2026-03-13T14:46:02+00:00\",\"dateModified\":\"2026-03-14T12:36:07+00:00\",\"author\":{\"@id\":\"https:\/\/www.djamilaribeiro.com.br\/#\/schema\/person\/a928f404cf733e4c62686bedd437b9ee\"},\"description\":\"Lancement le 17 mars \u00e0 l\u2019Espa\u00e7o Feminismos Plurais avec la participation en ligne de la philosophe br\u00e9silienne.\",\"breadcrumb\":{\"@id\":\"https:\/\/www.djamilaribeiro.com.br\/fr\/djamila-ribeiro-annonce-un-partenariat-pour-offrir-un-soutien-juridique-aux-femmes-en-situation-de-vulnerabilite\/#breadcrumb\"},\"inLanguage\":\"pt-BR\",\"potentialAction\":[{\"@type\":\"ReadAction\",\"target\":[\"https:\/\/www.djamilaribeiro.com.br\/fr\/djamila-ribeiro-annonce-un-partenariat-pour-offrir-un-soutien-juridique-aux-femmes-en-situation-de-vulnerabilite\/\"]}]},{\"@type\":\"BreadcrumbList\",\"@id\":\"https:\/\/www.djamilaribeiro.com.br\/fr\/djamila-ribeiro-annonce-un-partenariat-pour-offrir-un-soutien-juridique-aux-femmes-en-situation-de-vulnerabilite\/#breadcrumb\",\"itemListElement\":[{\"@type\":\"ListItem\",\"position\":1,\"name\":\"In\u00edcio\",\"item\":\"https:\/\/www.djamilaribeiro.com.br\/fr\/\"},{\"@type\":\"ListItem\",\"position\":2,\"name\":\"Djamila Ribeiro annonce un partenariat pour offrir un soutien juridique aux femmes en situation de vuln\u00e9rabilit\u00e9\"}]},{\"@type\":\"WebSite\",\"@id\":\"https:\/\/www.djamilaribeiro.com.br\/#website\",\"url\":\"https:\/\/www.djamilaribeiro.com.br\/\",\"name\":\"Djamila Ribeiro\",\"description\":\"\",\"potentialAction\":[{\"@type\":\"SearchAction\",\"target\":{\"@type\":\"EntryPoint\",\"urlTemplate\":\"https:\/\/www.djamilaribeiro.com.br\/?s={search_term_string}\"},\"query-input\":\"required name=search_term_string\"}],\"inLanguage\":\"pt-BR\"},{\"@type\":\"Person\",\"@id\":\"https:\/\/www.djamilaribeiro.com.br\/#\/schema\/person\/a928f404cf733e4c62686bedd437b9ee\",\"name\":\"Reda\u00e7\u00e3o\",\"image\":{\"@type\":\"ImageObject\",\"inLanguage\":\"pt-BR\",\"@id\":\"https:\/\/www.djamilaribeiro.com.br\/#\/schema\/person\/image\/\",\"url\":\"https:\/\/secure.gravatar.com\/avatar\/e22ea52208b383d899430021cb4ecf26?s=96&d=mm&r=g\",\"contentUrl\":\"https:\/\/secure.gravatar.com\/avatar\/e22ea52208b383d899430021cb4ecf26?s=96&d=mm&r=g\",\"caption\":\"Reda\u00e7\u00e3o\"},\"sameAs\":[\"https:\/\/localhost\"],\"url\":\"https:\/\/www.djamilaribeiro.com.br\/fr\/author\/djamila\/\"}]}<\/script>\n<!-- \/ Yoast SEO plugin. -->","yoast_head_json":{"title":"Djamila Ribeiro annonce un partenariat pour offrir un soutien juridique aux femmes en situation de vuln\u00e9rabilit\u00e9 - Djamila Ribeiro","description":"Lancement le 17 mars \u00e0 l\u2019Espa\u00e7o Feminismos Plurais avec la participation en ligne de la philosophe br\u00e9silienne.","robots":{"index":"index","follow":"follow","max-snippet":"max-snippet:-1","max-image-preview":"max-image-preview:large","max-video-preview":"max-video-preview:-1"},"canonical":"https:\/\/www.djamilaribeiro.com.br\/fr\/djamila-ribeiro-annonce-un-partenariat-pour-offrir-un-soutien-juridique-aux-femmes-en-situation-de-vulnerabilite\/","og_locale":"pt_BR","og_type":"article","og_title":"Djamila Ribeiro annonce un partenariat pour offrir un soutien juridique aux femmes en situation de vuln\u00e9rabilit\u00e9 - Djamila Ribeiro","og_description":"Lancement le 17 mars \u00e0 l\u2019Espa\u00e7o Feminismos Plurais avec la participation en ligne de la philosophe br\u00e9silienne.","og_url":"https:\/\/www.djamilaribeiro.com.br\/fr\/djamila-ribeiro-annonce-un-partenariat-pour-offrir-un-soutien-juridique-aux-femmes-en-situation-de-vulnerabilite\/","og_site_name":"Djamila Ribeiro","article_published_time":"2026-03-13T14:46:02+00:00","article_modified_time":"2026-03-14T12:36:07+00:00","og_image":[{"width":1079,"height":1349,"url":"https:\/\/www.djamilaribeiro.com.br\/wp-content\/uploads\/2026\/03\/Feminismos.jpg","type":"image\/jpeg"}],"author":"Reda\u00e7\u00e3o","twitter_card":"summary_large_image","twitter_misc":{"Escrito por":"Reda\u00e7\u00e3o","Est. tempo de leitura":"2 minutos"},"schema":{"@context":"https:\/\/schema.org","@graph":[{"@type":"WebPage","@id":"https:\/\/www.djamilaribeiro.com.br\/fr\/djamila-ribeiro-annonce-un-partenariat-pour-offrir-un-soutien-juridique-aux-femmes-en-situation-de-vulnerabilite\/","url":"https:\/\/www.djamilaribeiro.com.br\/fr\/djamila-ribeiro-annonce-un-partenariat-pour-offrir-un-soutien-juridique-aux-femmes-en-situation-de-vulnerabilite\/","name":"Djamila Ribeiro annonce un partenariat pour offrir un soutien juridique aux femmes en situation de vuln\u00e9rabilit\u00e9 - Djamila Ribeiro","isPartOf":{"@id":"https:\/\/www.djamilaribeiro.com.br\/#website"},"datePublished":"2026-03-13T14:46:02+00:00","dateModified":"2026-03-14T12:36:07+00:00","author":{"@id":"https:\/\/www.djamilaribeiro.com.br\/#\/schema\/person\/a928f404cf733e4c62686bedd437b9ee"},"description":"Lancement le 17 mars \u00e0 l\u2019Espa\u00e7o Feminismos Plurais avec la participation en ligne de la philosophe br\u00e9silienne.","breadcrumb":{"@id":"https:\/\/www.djamilaribeiro.com.br\/fr\/djamila-ribeiro-annonce-un-partenariat-pour-offrir-un-soutien-juridique-aux-femmes-en-situation-de-vulnerabilite\/#breadcrumb"},"inLanguage":"pt-BR","potentialAction":[{"@type":"ReadAction","target":["https:\/\/www.djamilaribeiro.com.br\/fr\/djamila-ribeiro-annonce-un-partenariat-pour-offrir-un-soutien-juridique-aux-femmes-en-situation-de-vulnerabilite\/"]}]},{"@type":"BreadcrumbList","@id":"https:\/\/www.djamilaribeiro.com.br\/fr\/djamila-ribeiro-annonce-un-partenariat-pour-offrir-un-soutien-juridique-aux-femmes-en-situation-de-vulnerabilite\/#breadcrumb","itemListElement":[{"@type":"ListItem","position":1,"name":"In\u00edcio","item":"https:\/\/www.djamilaribeiro.com.br\/fr\/"},{"@type":"ListItem","position":2,"name":"Djamila Ribeiro annonce un partenariat pour offrir un soutien juridique aux femmes en situation de vuln\u00e9rabilit\u00e9"}]},{"@type":"WebSite","@id":"https:\/\/www.djamilaribeiro.com.br\/#website","url":"https:\/\/www.djamilaribeiro.com.br\/","name":"Djamila Ribeiro","description":"","potentialAction":[{"@type":"SearchAction","target":{"@type":"EntryPoint","urlTemplate":"https:\/\/www.djamilaribeiro.com.br\/?s={search_term_string}"},"query-input":"required name=search_term_string"}],"inLanguage":"pt-BR"},{"@type":"Person","@id":"https:\/\/www.djamilaribeiro.com.br\/#\/schema\/person\/a928f404cf733e4c62686bedd437b9ee","name":"Reda\u00e7\u00e3o","image":{"@type":"ImageObject","inLanguage":"pt-BR","@id":"https:\/\/www.djamilaribeiro.com.br\/#\/schema\/person\/image\/","url":"https:\/\/secure.gravatar.com\/avatar\/e22ea52208b383d899430021cb4ecf26?s=96&d=mm&r=g","contentUrl":"https:\/\/secure.gravatar.com\/avatar\/e22ea52208b383d899430021cb4ecf26?s=96&d=mm&r=g","caption":"Reda\u00e7\u00e3o"},"sameAs":["https:\/\/localhost"],"url":"https:\/\/www.djamilaribeiro.com.br\/fr\/author\/djamila\/"}]}},"amp_enabled":true,"_links":{"self":[{"href":"https:\/\/www.djamilaribeiro.com.br\/fr\/wp-json\/wp\/v2\/posts\/5318"}],"collection":[{"href":"https:\/\/www.djamilaribeiro.com.br\/fr\/wp-json\/wp\/v2\/posts"}],"about":[{"href":"https:\/\/www.djamilaribeiro.com.br\/fr\/wp-json\/wp\/v2\/types\/post"}],"author":[{"embeddable":true,"href":"https:\/\/www.djamilaribeiro.com.br\/fr\/wp-json\/wp\/v2\/users\/1"}],"replies":[{"embeddable":true,"href":"https:\/\/www.djamilaribeiro.com.br\/fr\/wp-json\/wp\/v2\/comments?post=5318"}],"version-history":[{"count":1,"href":"https:\/\/www.djamilaribeiro.com.br\/fr\/wp-json\/wp\/v2\/posts\/5318\/revisions"}],"predecessor-version":[{"id":5319,"href":"https:\/\/www.djamilaribeiro.com.br\/fr\/wp-json\/wp\/v2\/posts\/5318\/revisions\/5319"}],"wp:featuredmedia":[{"embeddable":true,"href":"https:\/\/www.djamilaribeiro.com.br\/fr\/wp-json\/wp\/v2\/media\/5310"}],"wp:attachment":[{"href":"https:\/\/www.djamilaribeiro.com.br\/fr\/wp-json\/wp\/v2\/media?parent=5318"}],"wp:term":[{"taxonomy":"category","embeddable":true,"href":"https:\/\/www.djamilaribeiro.com.br\/fr\/wp-json\/wp\/v2\/categories?post=5318"},{"taxonomy":"post_tag","embeddable":true,"href":"https:\/\/www.djamilaribeiro.com.br\/fr\/wp-json\/wp\/v2\/tags?post=5318"}],"curies":[{"name":"wp","href":"https:\/\/api.w.org\/{rel}","templated":true}]}}