{"id":5334,"date":"2026-03-15T12:00:46","date_gmt":"2026-03-15T15:00:46","guid":{"rendered":"https:\/\/www.djamilaribeiro.com.br\/?p=5334"},"modified":"2026-03-15T12:16:00","modified_gmt":"2026-03-15T15:16:00","slug":"what-about-the-women-la-question-de-djamila-ribeiro-sur-laffaire-master-inspire-le-nom-dune-plateforme-internationale-pour-la-defense-de-la-vie-des-femmes","status":"publish","type":"post","link":"https:\/\/www.djamilaribeiro.com.br\/fr\/what-about-the-women-la-question-de-djamila-ribeiro-sur-laffaire-master-inspire-le-nom-dune-plateforme-internationale-pour-la-defense-de-la-vie-des-femmes\/","title":{"rendered":"\u00ab What About the Women ? \u00bb \u2014 la question de Djamila Ribeiro sur l\u2019affaire Master inspire le nom d\u2019une plateforme internationale pour la d\u00e9fense de la vie des femmes"},"content":{"rendered":"<p data-start=\"4053\" data-end=\"4628\">Cl\u00f4turant la programmation de la Semaine des femmes, la question qui a donn\u00e9 son titre \u00e0 une s\u00e9rie de textes de la chronique de Djamila Ribeiro \u00e0 propos de l\u2019affaire Banco Master \u2014 <strong><a href=\"https:\/\/www.djamilaribeiro.com.br\/fr\/police-federale-et-les-femmes-linvisibilisation-de-lexploitation-dans-laffaire-banco-master\/\">\u00ab Police f\u00e9d\u00e9rale : et les femmes ? \u00bb<\/a><\/strong> \u2014 a d\u00e9pass\u00e9 le d\u00e9bat national pour acqu\u00e9rir une dimension internationale. L\u2019expression a inspir\u00e9 le manifeste pr\u00e9sent\u00e9 \u00e0 la fin de la conf\u00e9rence <a href=\"https:\/\/www.djamilaribeiro.com.br\/fr\/djamila-ribeiro-annonce-un-partenariat-pour-offrir-un-soutien-juridique-aux-femmes-en-situation-de-vulnerabilite\/\"><strong data-start=\"4417\" data-end=\"4433\">Women Unite!<\/strong><\/a>, organis\u00e9e \u00e0 Amsterdam le 8 mars, et a \u00e9t\u00e9 adopt\u00e9e par la maire de la ville, Femke Halsema, comme axe central d\u2019une nouvelle plateforme transnationale de mobilisation pour les droits des femmes.<\/p>\n<p data-start=\"4630\" data-end=\"5220\">La rencontre, tenue au Royal Theatre Carr\u00e9, a r\u00e9uni des intellectuelles, des journalistes et des d\u00e9fenseures des droits humains de plusieurs pays afin de discuter des d\u00e9fis contemporains auxquels les femmes sont confront\u00e9es. Invit\u00e9e \u00e0 l\u2019\u00e9v\u00e9nement, Djamila Ribeiro a particip\u00e9 au panel consacr\u00e9 au th\u00e8me \u00ab Guerre contre les femmes \u00bb, dans lequel elle a abord\u00e9 la situation br\u00e9silienne, d\u00e9non\u00e7ant l\u2019augmentation des f\u00e9minicides, la persistance du mariage des enfants et l\u2019absence d\u2019enqu\u00eate sur des femmes europ\u00e9ennes emmen\u00e9es au Br\u00e9sil pour participer \u00e0 des f\u00eates avec des figures politiques.<\/p>\n<p data-start=\"5222\" data-end=\"5563\">Au cours de l\u2019\u00e9v\u00e9nement, la philosophe br\u00e9silienne a \u00e9galement remis un rapport d\u00e9taill\u00e9 sur l\u2019affaire \u00e0 l\u2019avocate ukrainienne Oleksandra Matviichuk, laur\u00e9ate du Prix Nobel de la paix 2022. Le document a aussi \u00e9t\u00e9 partag\u00e9 avec des journalistes et des autorit\u00e9s de diff\u00e9rents pays pr\u00e9sents, \u00e9largissant la r\u00e9percussion internationale du cas :<\/p>\n<blockquote data-start=\"5565\" data-end=\"5867\">\n<p data-start=\"5567\" data-end=\"5867\">\u00ab L\u2019avocate fera le lien avec des organisations f\u00e9ministes ukrainiennes qui d\u00e9noncent le trafic international de femmes. Le rapport a \u00e9galement \u00e9t\u00e9 remis \u00e0 des autorit\u00e9s et journalistes n\u00e9erlandais, ainsi qu\u2019\u00e0 des repr\u00e9sentants du Suriname et du Nigeria \u00bb, a soulign\u00e9 Djamila sur ses r\u00e9seaux sociaux.<\/p>\n<p data-start=\"5567\" data-end=\"5867\">\n<\/blockquote>\n<p style=\"text-align: center;\" data-start=\"5567\" data-end=\"5867\"><img decoding=\"async\" loading=\"lazy\" class=\"aligncenter size-full wp-image-5328\" src=\"https:\/\/www.djamilaribeiro.com.br\/wp-content\/uploads\/2026\/03\/Woman-Unite-2025-in-Carre_DvanEngel-73.jpg\" alt=\"\" width=\"1024\" height=\"682\" srcset=\"https:\/\/www.djamilaribeiro.com.br\/wp-content\/uploads\/2026\/03\/Woman-Unite-2025-in-Carre_DvanEngel-73.jpg 1024w, https:\/\/www.djamilaribeiro.com.br\/wp-content\/uploads\/2026\/03\/Woman-Unite-2025-in-Carre_DvanEngel-73-300x200.jpg 300w, https:\/\/www.djamilaribeiro.com.br\/wp-content\/uploads\/2026\/03\/Woman-Unite-2025-in-Carre_DvanEngel-73-768x512.jpg 768w\" sizes=\"(max-width: 1024px) 100vw, 1024px\" \/><\/p>\n<p data-start=\"5869\" data-end=\"6280\">La force politique de cette d\u00e9nonciation a conduit la question formul\u00e9e dans la chronique publi\u00e9e au Br\u00e9sil \u00e0 devenir l\u2019axe symbolique du manifeste final de la conf\u00e9rence. Pr\u00e9sent\u00e9 par la maire d\u2019Amsterdam, le document a adopt\u00e9 la formulation en anglais \u2014 \u00ab What about the women? \u00bb \u2014 comme appel international \u00e0 exiger enqu\u00eate, responsabilisation et protection des femmes victimes de violence et d\u2019exploitation.<\/p>\n<p data-start=\"6282\" data-end=\"6698\">La question donnera son nom \u00e0 une plateforme transnationale de mobilisation, r\u00e9unissant des organisations f\u00e9ministes, des juristes et des d\u00e9fenseures des droits humains de diff\u00e9rents pays. L\u2019id\u00e9e est simple et directe : face \u00e0 des d\u00e9nonciations impliquant violence, exploitation sexuelle ou trafic international, c\u2019est la question fondamentale qui doit toujours rester au centre du d\u00e9bat public \u2014 \u00ab Et les femmes ? \u00bb<\/p>\n<p data-start=\"6700\" data-end=\"6848\">Pour Djamila Ribeiro, la r\u00e9percussion du th\u00e8me montre comment des exp\u00e9riences locales peuvent g\u00e9n\u00e9rer des r\u00e9ponses collectives \u00e0 l\u2019\u00e9chelle mondiale.<\/p>\n<blockquote data-start=\"6850\" data-end=\"7136\">\n<p data-start=\"6852\" data-end=\"7136\">\u00ab Nous, femmes de diff\u00e9rentes r\u00e9gions du monde, reconnaissons nos diff\u00e9rences, mais comprenons l\u2019importance de la condition que nous partageons. Nous continuerons \u00e0 lutter pour nos droits en posant la question fondamentale : et les femmes ? What about the women ? \u00bb, a-t-elle affirm\u00e9.<\/p>\n<\/blockquote>\n<p data-start=\"7138\" data-end=\"7453\">Avec l\u2019adoption de ce slogan dans le manifeste final de la conf\u00e9rence, la question lanc\u00e9e dans le d\u00e9bat br\u00e9silien circule d\u00e9sormais dans les r\u00e9seaux internationaux d\u2019activisme, transformant une d\u00e9nonciation sp\u00e9cifique en un nouveau point de convergence mondial pour la d\u00e9fense de la vie et de la dignit\u00e9 des femmes.<\/p>\n<blockquote class=\"instagram-media\" style=\"background: #FFF; border: 0; border-radius: 3px; box-shadow: 0 0 1px 0 rgba(0,0,0,0.5),0 1px 10px 0 rgba(0,0,0,0.15); margin: 1px; max-width: 540px; min-width: 326px; padding: 0; width: calc(100% - 2px);\" data-instgrm-captioned=\"\" data-instgrm-permalink=\"https:\/\/www.instagram.com\/p\/DVonV_diB1o\/?utm_source=ig_embed&amp;utm_campaign=loading\" data-instgrm-version=\"14\">\n<div style=\"padding: 16px;\">\n<p>&nbsp;<\/p>\n<div style=\"display: flex; flex-direction: row; align-items: center;\">\n<div style=\"background-color: #f4f4f4; border-radius: 50%; flex-grow: 0; height: 40px; margin-right: 14px; width: 40px;\"><\/div>\n<div style=\"display: flex; flex-direction: column; flex-grow: 1; justify-content: center;\">\n<div style=\"background-color: #f4f4f4; border-radius: 4px; flex-grow: 0; height: 14px; margin-bottom: 6px; width: 100px;\"><\/div>\n<div style=\"background-color: #f4f4f4; border-radius: 4px; flex-grow: 0; height: 14px; width: 60px;\"><\/div>\n<\/div>\n<\/div>\n<div style=\"padding: 19% 0;\"><\/div>\n<div style=\"display: block; height: 50px; margin: 0 auto 12px; width: 50px;\"><\/div>\n<div style=\"padding-top: 8px;\">\n<div style=\"color: #3897f0; font-family: Arial,sans-serif; font-size: 14px; font-style: normal; font-weight: 550; line-height: 18px;\">Ver essa foto no Instagram<\/div>\n<\/div>\n<div style=\"padding: 12.5% 0;\"><\/div>\n<div style=\"display: flex; flex-direction: row; margin-bottom: 14px; align-items: center;\">\n<div>\n<div style=\"background-color: #f4f4f4; border-radius: 50%; height: 12.5px; width: 12.5px; transform: translateX(0px) translateY(7px);\"><\/div>\n<div style=\"background-color: #f4f4f4; height: 12.5px; transform: rotate(-45deg) translateX(3px) translateY(1px); width: 12.5px; flex-grow: 0; margin-right: 14px; margin-left: 2px;\"><\/div>\n<div style=\"background-color: #f4f4f4; border-radius: 50%; height: 12.5px; width: 12.5px; transform: translateX(9px) translateY(-18px);\"><\/div>\n<\/div>\n<div style=\"margin-left: 8px;\">\n<div style=\"background-color: #f4f4f4; border-radius: 50%; flex-grow: 0; height: 20px; width: 20px;\"><\/div>\n<div style=\"width: 0; height: 0; border-top: 2px solid transparent; border-left: 6px solid #f4f4f4; border-bottom: 2px solid transparent; transform: translateX(16px) translateY(-4px) rotate(30deg);\"><\/div>\n<\/div>\n<div style=\"margin-left: auto;\">\n<div style=\"width: 0px; border-top: 8px solid #F4F4F4; border-right: 8px solid transparent; transform: translateY(16px);\"><\/div>\n<div style=\"background-color: #f4f4f4; flex-grow: 0; height: 12px; width: 16px; transform: translateY(-4px);\"><\/div>\n<div style=\"width: 0; height: 0; border-top: 8px solid #F4F4F4; border-left: 8px solid transparent; transform: translateY(-4px) translateX(8px);\"><\/div>\n<\/div>\n<\/div>\n<div style=\"display: flex; flex-direction: column; flex-grow: 1; justify-content: center; margin-bottom: 24px;\">\n<div style=\"background-color: #f4f4f4; border-radius: 4px; flex-grow: 0; height: 14px; margin-bottom: 6px; width: 224px;\"><\/div>\n<div style=\"background-color: #f4f4f4; border-radius: 4px; flex-grow: 0; height: 14px; width: 144px;\"><\/div>\n<\/div>\n<p>&nbsp;<\/p>\n<p style=\"color: #c9c8cd; font-family: Arial,sans-serif; font-size: 14px; line-height: 17px; margin-bottom: 0; margin-top: 8px; overflow: hidden; padding: 8px 0 7px; text-align: center; text-overflow: ellipsis; white-space: nowrap;\"><a style=\"color: #c9c8cd; font-family: Arial,sans-serif; font-size: 14px; font-style: normal; font-weight: normal; line-height: 17px; text-decoration: none;\" href=\"https:\/\/www.instagram.com\/p\/DVonV_diB1o\/?utm_source=ig_embed&amp;utm_campaign=loading\" target=\"_blank\" rel=\"noopener\">Um post compartilhado por Djamila Ribeiro (@djamilaribeiro1)<\/a><\/p>\n<\/div>\n<\/blockquote>\n<p><script async src=\"\/\/www.instagram.com\/embed.js\"><\/script><\/p>\n<p data-start=\"7138\" data-end=\"7453\"><em><strong>Traduit par IA<\/strong><\/em><\/p>\n","protected":false},"excerpt":{"rendered":"<p>Cl\u00f4turant la programmation de la Semaine des femmes, la question qui a donn\u00e9 son titre \u00e0 une s\u00e9rie de textes de la chronique de Djamila Ribeiro \u00e0 propos de l\u2019affaire Banco Master \u2014 \u00ab Police f\u00e9d\u00e9rale : et les femmes ? \u00bb \u2014 a d\u00e9pass\u00e9 le d\u00e9bat national pour acqu\u00e9rir une dimension internationale. L\u2019expression a [&hellip;]<\/p>\n","protected":false},"author":1,"featured_media":5324,"comment_status":"open","ping_status":"open","sticky":false,"template":"","format":"standard","meta":{"inline_featured_image":false},"categories":[785],"tags":[1901,969,1863,1242,1866,1905,1902,1900,1903,1904],"acf":[],"yoast_head":"<!-- This site is optimized with the Yoast SEO plugin v20.5 - https:\/\/yoast.com\/wordpress\/plugins\/seo\/ -->\n<title>\u00ab What About the Women ? \u00bb \u2014 la question de Djamila Ribeiro sur l\u2019affaire Master inspire le nom d\u2019une plateforme internationale pour la d\u00e9fense de la vie des femmes - Djamila Ribeiro<\/title>\n<meta name=\"description\" content=\"Le d\u00e9bat lanc\u00e9 par la philosophe br\u00e9silienne franchit les fronti\u00e8res et devient un slogan international contre les violences de genre.\" \/>\n<meta name=\"robots\" content=\"index, follow, max-snippet:-1, max-image-preview:large, max-video-preview:-1\" \/>\n<link rel=\"canonical\" href=\"https:\/\/www.djamilaribeiro.com.br\/fr\/what-about-the-women-la-question-de-djamila-ribeiro-sur-laffaire-master-inspire-le-nom-dune-plateforme-internationale-pour-la-defense-de-la-vie-des-femmes\/\" \/>\n<meta property=\"og:locale\" content=\"pt_BR\" \/>\n<meta property=\"og:type\" content=\"article\" \/>\n<meta property=\"og:title\" content=\"\u00ab What About the Women ? \u00bb \u2014 la question de Djamila Ribeiro sur l\u2019affaire Master inspire le nom d\u2019une plateforme internationale pour la d\u00e9fense de la vie des femmes - Djamila Ribeiro\" \/>\n<meta property=\"og:description\" content=\"Le d\u00e9bat lanc\u00e9 par la philosophe br\u00e9silienne franchit les fronti\u00e8res et devient un slogan international contre les violences de genre.\" \/>\n<meta property=\"og:url\" content=\"https:\/\/www.djamilaribeiro.com.br\/fr\/what-about-the-women-la-question-de-djamila-ribeiro-sur-laffaire-master-inspire-le-nom-dune-plateforme-internationale-pour-la-defense-de-la-vie-des-femmes\/\" \/>\n<meta property=\"og:site_name\" content=\"Djamila Ribeiro\" \/>\n<meta property=\"article:published_time\" content=\"2026-03-15T15:00:46+00:00\" \/>\n<meta property=\"article:modified_time\" content=\"2026-03-15T15:16:00+00:00\" \/>\n<meta property=\"og:image\" content=\"https:\/\/www.djamilaribeiro.com.br\/wp-content\/uploads\/2026\/03\/HR-3882.jpg\" \/>\n\t<meta property=\"og:image:width\" content=\"1024\" \/>\n\t<meta property=\"og:image:height\" content=\"682\" \/>\n\t<meta property=\"og:image:type\" content=\"image\/jpeg\" \/>\n<meta name=\"author\" content=\"Reda\u00e7\u00e3o\" \/>\n<meta name=\"twitter:card\" content=\"summary_large_image\" \/>\n<meta name=\"twitter:label1\" content=\"Escrito por\" \/>\n\t<meta name=\"twitter:data1\" content=\"Reda\u00e7\u00e3o\" \/>\n\t<meta name=\"twitter:label2\" content=\"Est. tempo de leitura\" \/>\n\t<meta name=\"twitter:data2\" content=\"4 minutos\" \/>\n<script type=\"application\/ld+json\" class=\"yoast-schema-graph\">{\"@context\":\"https:\/\/schema.org\",\"@graph\":[{\"@type\":\"WebPage\",\"@id\":\"https:\/\/www.djamilaribeiro.com.br\/fr\/what-about-the-women-la-question-de-djamila-ribeiro-sur-laffaire-master-inspire-le-nom-dune-plateforme-internationale-pour-la-defense-de-la-vie-des-femmes\/\",\"url\":\"https:\/\/www.djamilaribeiro.com.br\/fr\/what-about-the-women-la-question-de-djamila-ribeiro-sur-laffaire-master-inspire-le-nom-dune-plateforme-internationale-pour-la-defense-de-la-vie-des-femmes\/\",\"name\":\"\u00ab What About the Women ? \u00bb \u2014 la question de Djamila Ribeiro sur l\u2019affaire Master inspire le nom d\u2019une plateforme internationale pour la d\u00e9fense de la vie des femmes - Djamila Ribeiro\",\"isPartOf\":{\"@id\":\"https:\/\/www.djamilaribeiro.com.br\/#website\"},\"datePublished\":\"2026-03-15T15:00:46+00:00\",\"dateModified\":\"2026-03-15T15:16:00+00:00\",\"author\":{\"@id\":\"https:\/\/www.djamilaribeiro.com.br\/#\/schema\/person\/a928f404cf733e4c62686bedd437b9ee\"},\"description\":\"Le d\u00e9bat lanc\u00e9 par la philosophe br\u00e9silienne franchit les fronti\u00e8res et devient un slogan international contre les violences de genre.\",\"breadcrumb\":{\"@id\":\"https:\/\/www.djamilaribeiro.com.br\/fr\/what-about-the-women-la-question-de-djamila-ribeiro-sur-laffaire-master-inspire-le-nom-dune-plateforme-internationale-pour-la-defense-de-la-vie-des-femmes\/#breadcrumb\"},\"inLanguage\":\"pt-BR\",\"potentialAction\":[{\"@type\":\"ReadAction\",\"target\":[\"https:\/\/www.djamilaribeiro.com.br\/fr\/what-about-the-women-la-question-de-djamila-ribeiro-sur-laffaire-master-inspire-le-nom-dune-plateforme-internationale-pour-la-defense-de-la-vie-des-femmes\/\"]}]},{\"@type\":\"BreadcrumbList\",\"@id\":\"https:\/\/www.djamilaribeiro.com.br\/fr\/what-about-the-women-la-question-de-djamila-ribeiro-sur-laffaire-master-inspire-le-nom-dune-plateforme-internationale-pour-la-defense-de-la-vie-des-femmes\/#breadcrumb\",\"itemListElement\":[{\"@type\":\"ListItem\",\"position\":1,\"name\":\"In\u00edcio\",\"item\":\"https:\/\/www.djamilaribeiro.com.br\/fr\/\"},{\"@type\":\"ListItem\",\"position\":2,\"name\":\"\u00ab What About the Women ? \u00bb \u2014 la question de Djamila Ribeiro sur l\u2019affaire Master inspire le nom d\u2019une plateforme internationale pour la d\u00e9fense de la vie des femmes\"}]},{\"@type\":\"WebSite\",\"@id\":\"https:\/\/www.djamilaribeiro.com.br\/#website\",\"url\":\"https:\/\/www.djamilaribeiro.com.br\/\",\"name\":\"Djamila Ribeiro\",\"description\":\"\",\"potentialAction\":[{\"@type\":\"SearchAction\",\"target\":{\"@type\":\"EntryPoint\",\"urlTemplate\":\"https:\/\/www.djamilaribeiro.com.br\/?s={search_term_string}\"},\"query-input\":\"required name=search_term_string\"}],\"inLanguage\":\"pt-BR\"},{\"@type\":\"Person\",\"@id\":\"https:\/\/www.djamilaribeiro.com.br\/#\/schema\/person\/a928f404cf733e4c62686bedd437b9ee\",\"name\":\"Reda\u00e7\u00e3o\",\"image\":{\"@type\":\"ImageObject\",\"inLanguage\":\"pt-BR\",\"@id\":\"https:\/\/www.djamilaribeiro.com.br\/#\/schema\/person\/image\/\",\"url\":\"https:\/\/secure.gravatar.com\/avatar\/e22ea52208b383d899430021cb4ecf26?s=96&d=mm&r=g\",\"contentUrl\":\"https:\/\/secure.gravatar.com\/avatar\/e22ea52208b383d899430021cb4ecf26?s=96&d=mm&r=g\",\"caption\":\"Reda\u00e7\u00e3o\"},\"sameAs\":[\"https:\/\/localhost\"],\"url\":\"https:\/\/www.djamilaribeiro.com.br\/fr\/author\/djamila\/\"}]}<\/script>\n<!-- \/ Yoast SEO plugin. -->","yoast_head_json":{"title":"\u00ab What About the Women ? \u00bb \u2014 la question de Djamila Ribeiro sur l\u2019affaire Master inspire le nom d\u2019une plateforme internationale pour la d\u00e9fense de la vie des femmes - Djamila Ribeiro","description":"Le d\u00e9bat lanc\u00e9 par la philosophe br\u00e9silienne franchit les fronti\u00e8res et devient un slogan international contre les violences de genre.","robots":{"index":"index","follow":"follow","max-snippet":"max-snippet:-1","max-image-preview":"max-image-preview:large","max-video-preview":"max-video-preview:-1"},"canonical":"https:\/\/www.djamilaribeiro.com.br\/fr\/what-about-the-women-la-question-de-djamila-ribeiro-sur-laffaire-master-inspire-le-nom-dune-plateforme-internationale-pour-la-defense-de-la-vie-des-femmes\/","og_locale":"pt_BR","og_type":"article","og_title":"\u00ab What About the Women ? \u00bb \u2014 la question de Djamila Ribeiro sur l\u2019affaire Master inspire le nom d\u2019une plateforme internationale pour la d\u00e9fense de la vie des femmes - Djamila Ribeiro","og_description":"Le d\u00e9bat lanc\u00e9 par la philosophe br\u00e9silienne franchit les fronti\u00e8res et devient un slogan international contre les violences de genre.","og_url":"https:\/\/www.djamilaribeiro.com.br\/fr\/what-about-the-women-la-question-de-djamila-ribeiro-sur-laffaire-master-inspire-le-nom-dune-plateforme-internationale-pour-la-defense-de-la-vie-des-femmes\/","og_site_name":"Djamila Ribeiro","article_published_time":"2026-03-15T15:00:46+00:00","article_modified_time":"2026-03-15T15:16:00+00:00","og_image":[{"width":1024,"height":682,"url":"https:\/\/www.djamilaribeiro.com.br\/wp-content\/uploads\/2026\/03\/HR-3882.jpg","type":"image\/jpeg"}],"author":"Reda\u00e7\u00e3o","twitter_card":"summary_large_image","twitter_misc":{"Escrito por":"Reda\u00e7\u00e3o","Est. tempo de leitura":"4 minutos"},"schema":{"@context":"https:\/\/schema.org","@graph":[{"@type":"WebPage","@id":"https:\/\/www.djamilaribeiro.com.br\/fr\/what-about-the-women-la-question-de-djamila-ribeiro-sur-laffaire-master-inspire-le-nom-dune-plateforme-internationale-pour-la-defense-de-la-vie-des-femmes\/","url":"https:\/\/www.djamilaribeiro.com.br\/fr\/what-about-the-women-la-question-de-djamila-ribeiro-sur-laffaire-master-inspire-le-nom-dune-plateforme-internationale-pour-la-defense-de-la-vie-des-femmes\/","name":"\u00ab What About the Women ? \u00bb \u2014 la question de Djamila Ribeiro sur l\u2019affaire Master inspire le nom d\u2019une plateforme internationale pour la d\u00e9fense de la vie des femmes - Djamila Ribeiro","isPartOf":{"@id":"https:\/\/www.djamilaribeiro.com.br\/#website"},"datePublished":"2026-03-15T15:00:46+00:00","dateModified":"2026-03-15T15:16:00+00:00","author":{"@id":"https:\/\/www.djamilaribeiro.com.br\/#\/schema\/person\/a928f404cf733e4c62686bedd437b9ee"},"description":"Le d\u00e9bat lanc\u00e9 par la philosophe br\u00e9silienne franchit les fronti\u00e8res et devient un slogan international contre les violences de genre.","breadcrumb":{"@id":"https:\/\/www.djamilaribeiro.com.br\/fr\/what-about-the-women-la-question-de-djamila-ribeiro-sur-laffaire-master-inspire-le-nom-dune-plateforme-internationale-pour-la-defense-de-la-vie-des-femmes\/#breadcrumb"},"inLanguage":"pt-BR","potentialAction":[{"@type":"ReadAction","target":["https:\/\/www.djamilaribeiro.com.br\/fr\/what-about-the-women-la-question-de-djamila-ribeiro-sur-laffaire-master-inspire-le-nom-dune-plateforme-internationale-pour-la-defense-de-la-vie-des-femmes\/"]}]},{"@type":"BreadcrumbList","@id":"https:\/\/www.djamilaribeiro.com.br\/fr\/what-about-the-women-la-question-de-djamila-ribeiro-sur-laffaire-master-inspire-le-nom-dune-plateforme-internationale-pour-la-defense-de-la-vie-des-femmes\/#breadcrumb","itemListElement":[{"@type":"ListItem","position":1,"name":"In\u00edcio","item":"https:\/\/www.djamilaribeiro.com.br\/fr\/"},{"@type":"ListItem","position":2,"name":"\u00ab What About the Women ? \u00bb \u2014 la question de Djamila Ribeiro sur l\u2019affaire Master inspire le nom d\u2019une plateforme internationale pour la d\u00e9fense de la vie des femmes"}]},{"@type":"WebSite","@id":"https:\/\/www.djamilaribeiro.com.br\/#website","url":"https:\/\/www.djamilaribeiro.com.br\/","name":"Djamila Ribeiro","description":"","potentialAction":[{"@type":"SearchAction","target":{"@type":"EntryPoint","urlTemplate":"https:\/\/www.djamilaribeiro.com.br\/?s={search_term_string}"},"query-input":"required name=search_term_string"}],"inLanguage":"pt-BR"},{"@type":"Person","@id":"https:\/\/www.djamilaribeiro.com.br\/#\/schema\/person\/a928f404cf733e4c62686bedd437b9ee","name":"Reda\u00e7\u00e3o","image":{"@type":"ImageObject","inLanguage":"pt-BR","@id":"https:\/\/www.djamilaribeiro.com.br\/#\/schema\/person\/image\/","url":"https:\/\/secure.gravatar.com\/avatar\/e22ea52208b383d899430021cb4ecf26?s=96&d=mm&r=g","contentUrl":"https:\/\/secure.gravatar.com\/avatar\/e22ea52208b383d899430021cb4ecf26?s=96&d=mm&r=g","caption":"Reda\u00e7\u00e3o"},"sameAs":["https:\/\/localhost"],"url":"https:\/\/www.djamilaribeiro.com.br\/fr\/author\/djamila\/"}]}},"amp_enabled":true,"_links":{"self":[{"href":"https:\/\/www.djamilaribeiro.com.br\/fr\/wp-json\/wp\/v2\/posts\/5334"}],"collection":[{"href":"https:\/\/www.djamilaribeiro.com.br\/fr\/wp-json\/wp\/v2\/posts"}],"about":[{"href":"https:\/\/www.djamilaribeiro.com.br\/fr\/wp-json\/wp\/v2\/types\/post"}],"author":[{"embeddable":true,"href":"https:\/\/www.djamilaribeiro.com.br\/fr\/wp-json\/wp\/v2\/users\/1"}],"replies":[{"embeddable":true,"href":"https:\/\/www.djamilaribeiro.com.br\/fr\/wp-json\/wp\/v2\/comments?post=5334"}],"version-history":[{"count":2,"href":"https:\/\/www.djamilaribeiro.com.br\/fr\/wp-json\/wp\/v2\/posts\/5334\/revisions"}],"predecessor-version":[{"id":5341,"href":"https:\/\/www.djamilaribeiro.com.br\/fr\/wp-json\/wp\/v2\/posts\/5334\/revisions\/5341"}],"wp:featuredmedia":[{"embeddable":true,"href":"https:\/\/www.djamilaribeiro.com.br\/fr\/wp-json\/wp\/v2\/media\/5324"}],"wp:attachment":[{"href":"https:\/\/www.djamilaribeiro.com.br\/fr\/wp-json\/wp\/v2\/media?parent=5334"}],"wp:term":[{"taxonomy":"category","embeddable":true,"href":"https:\/\/www.djamilaribeiro.com.br\/fr\/wp-json\/wp\/v2\/categories?post=5334"},{"taxonomy":"post_tag","embeddable":true,"href":"https:\/\/www.djamilaribeiro.com.br\/fr\/wp-json\/wp\/v2\/tags?post=5334"}],"curies":[{"name":"wp","href":"https:\/\/api.w.org\/{rel}","templated":true}]}}