{"id":5521,"date":"2026-04-27T10:15:11","date_gmt":"2026-04-27T13:15:11","guid":{"rendered":"https:\/\/www.djamilaribeiro.com.br\/dois-livros-de-djamila-ribeiro-estao-entre-os-melhores-brasileiros-de-nao-ficcao-do-seculo-21\/"},"modified":"2026-04-27T11:09:05","modified_gmt":"2026-04-27T14:09:05","slug":"deux-livres-djamila-ribeiro-meilleurs-ouvrages-bresiliens-non-fiction-xxie-siecle","status":"publish","type":"post","link":"https:\/\/www.djamilaribeiro.com.br\/fr\/deux-livres-djamila-ribeiro-meilleurs-ouvrages-bresiliens-non-fiction-xxie-siecle\/","title":{"rendered":"Deux livres de Djamila Ribeiro figurent parmi les meilleurs ouvrages br\u00e9siliens de non-fiction du XXIe si\u00e8cle"},"content":{"rendered":"<p data-start=\"5467\" data-end=\"5870\"><strong data-start=\"5467\" data-end=\"5514\">Lugar de Fala (La place de la parole noire)<\/strong> et <strong data-start=\"5518\" data-end=\"5575\">Pequeno Manual Antirracista (Petit guide antiraciste)<\/strong>, de Djamila Ribeiro, ont \u00e9t\u00e9 s\u00e9lectionn\u00e9s dans la liste des [25 meilleurs livres br\u00e9siliens de non-fiction du XXIe si\u00e8cle] par un jury r\u00e9uni par <em data-start=\"5721\" data-end=\"5739\">Folha de S.Paulo<\/em>. Avec la pr\u00e9sence des deux \u0153uvres dans le classement, la philosophe devient la seule femme \u00e0 placer deux titres dans la s\u00e9lection.<\/p>\n<p data-start=\"5872\" data-end=\"6675\">Ce choix reconna\u00eet la force de deux livres qui ont travers\u00e9 le d\u00e9bat public br\u00e9silien par des voies diff\u00e9rentes. <strong data-start=\"5985\" data-end=\"6032\">Lugar de Fala (La place de la parole noire)<\/strong>, premier livre de Djamila et titre inaugural de la <strong data-start=\"6084\" data-end=\"6147\">Cole\u00e7\u00e3o Feminismos Plurais (Collection F\u00e9minismes pluriels)<\/strong>, a \u00e9t\u00e9 publi\u00e9 \u00e0 l\u2019origine par Editora Janda\u00edra et a r\u00e9cemment int\u00e9gr\u00e9 le catalogue de Record, avec la pr\u00e9vente d\u2019une nouvelle \u00e9dition d\u00e9j\u00e0 disponible. L\u2019ouvrage a \u00e9t\u00e9 traduit en fran\u00e7ais sous le titre <strong data-start=\"6349\" data-end=\"6380\">La place de la parole noire<\/strong>, publi\u00e9 par <strong data-start=\"6393\" data-end=\"6414\">Anacaona \u00c9ditions<\/strong>, et s\u2019est impos\u00e9 comme r\u00e9f\u00e9rence bibliographique dans des cours universitaires ainsi que comme lecture obligatoire dans des examens d\u2019entr\u00e9e d\u2019institutions publiques et priv\u00e9es. Traduit en plusieurs langues, il a \u00e9largi la pr\u00e9sence internationale de l\u2019autrice.<\/p>\n<p data-start=\"6677\" data-end=\"7133\"><strong data-start=\"6677\" data-end=\"6734\">Pequeno Manual Antirracista (Petit guide antiraciste)<\/strong>, publi\u00e9 au Br\u00e9sil par Companhia das Letras, a atteint une circulation encore plus large. Le livre, pr\u00e9sent dans les d\u00e9bats sur l\u2019\u00e9ducation de base, a \u00e9t\u00e9 le livre le plus vendu au Br\u00e9sil en 2020, a remport\u00e9 le prix Jabuti et est devenu l\u2019une des principales r\u00e9f\u00e9rences contemporaines en mati\u00e8re d\u2019\u00e9ducation raciale. L\u2019ouvrage a d\u00e9j\u00e0 \u00e9t\u00e9 traduit en plusieurs langues et para\u00eetra bient\u00f4t en polonais.<\/p>\n<p data-start=\"7135\" data-end=\"7694\">Dans une publication sur les r\u00e9seaux sociaux, Djamila a c\u00e9l\u00e9br\u00e9 sa pr\u00e9sence dans la liste, soulignant que la reconnaissance institutionnelle s\u2019ajoute \u00e0 une cons\u00e9cration ant\u00e9rieure venue du public. \u00ab Je suis reconnaissante de cette reconnaissance, qui avait d\u00e9j\u00e0 \u00e9t\u00e9 donn\u00e9e par le peuple, puisque les deux livres sont extr\u00eamement populaires \u00bb, a-t-elle \u00e9crit. L\u2019autrice a \u00e9galement remerci\u00e9 Lizandra Magon, de Janda\u00edra ; L\u00edvia Vianna, de Record ; et Ricardo Teperman, de Companhia das Letras, professionnels qui ont accompagn\u00e9 le parcours \u00e9ditorial des \u0153uvres.<\/p>\n<p data-start=\"7696\" data-end=\"8323\">La pr\u00e9sence de <strong data-start=\"7711\" data-end=\"7758\">Lugar de Fala (La place de la parole noire)<\/strong> dans la liste renforce la centralit\u00e9 d\u2019une discussion que l\u2019ouvrage a contribu\u00e9 \u00e0 rendre publique au Br\u00e9sil : qui est autoris\u00e9 \u00e0 produire du savoir, quelles voix sont interrompues et comment la race, le genre et la classe traversent le droit \u00e0 l\u2019\u00e9coute. Dans le livre, Djamila r\u00e9sume que chacun poss\u00e8de un lieu de parole, puisque chacun parle \u00e0 partir d\u2019une position sociale, bien que ces positions produisent des exp\u00e9riences et des responsabilit\u00e9s distinctes ; une formulation qui d\u00e9place le d\u00e9bat de l\u2019exp\u00e9rience individuelle vers la position sociale des sujets.<\/p>\n<p data-start=\"8325\" data-end=\"8352\"><strong data-start=\"8325\" data-end=\"8352\">Reconnaissance critique<\/strong><\/p>\n<p data-start=\"8354\" data-end=\"8978\">Sur Instagram, Djamila a partag\u00e9 les impressions de l\u2019anthropologue et chercheuse Debora Diniz sur <strong data-start=\"8453\" data-end=\"8500\">Lugar de Fala (La place de la parole noire)<\/strong>. Selon les mots de Debora, l\u2019ouvrage est \u00ab une intervention originale dans la mani\u00e8re de penser le pouvoir, les relations raciales et l\u2019\u00e9ducation antiraciste, en articulant t\u00e9moignage, production de connaissance et l\u00e9gitimit\u00e9 discursive \u00bb. Cette \u00e9valuation dialogue avec le c\u0153ur du livre : rompre avec l\u2019id\u00e9e d\u2019une neutralit\u00e9 universelle, g\u00e9n\u00e9ralement soutenue par des voix historiquement autoris\u00e9es, afin d\u2019ouvrir un espace aux perspectives noires, f\u00e9ministes et d\u00e9coloniales.<\/p>\n<p data-start=\"8980\" data-end=\"9460\">Dans <strong data-start=\"8985\" data-end=\"9042\">Pequeno Manual Antirracista (Petit guide antiraciste)<\/strong>, la reconnaissance porte sur un livre qui a transform\u00e9 des concepts en action quotidienne. L\u2019ouvrage part de la compr\u00e9hension selon laquelle le racisme au Br\u00e9sil doit \u00eatre analys\u00e9 comme une structure sociale, et non comme une d\u00e9viation individuelle. Dans cette perspective, Djamila \u00e9crit que reconna\u00eetre le racisme est la meilleure mani\u00e8re de le combattre, car \u00ab nous ne pouvons pas combattre ce qui n\u2019a pas de nom \u00bb.<\/p>\n<p data-start=\"9462\" data-end=\"9888\">Le neuroscientifique et \u00e9crivain Sidarta Ribeiro, dans un commentaire sur le livre, a affirm\u00e9 que <strong data-start=\"9560\" data-end=\"9617\">Pequeno Manual Antirracista (Petit guide antiraciste)<\/strong> est \u00ab un jalon historique d\u2019un peuple qui se rel\u00e8ve \u00bb. La phrase r\u00e9sume la port\u00e9e d\u2019une \u0153uvre qui circule dans les \u00e9coles, les clubs de lecture, les entreprises, les universit\u00e9s et les familles en g\u00e9n\u00e9ral, transformant le d\u00e9bat sur le racisme en responsabilit\u00e9 publique.<\/p>\n<p data-start=\"9890\" data-end=\"10356\">La s\u00e9lection de la <em data-start=\"9909\" data-end=\"9916\">Folha<\/em> confirme donc que la production intellectuelle des femmes noires occupe aujourd\u2019hui une place incontournable dans l\u2019interpr\u00e9tation du Br\u00e9sil. Ensemble, <strong data-start=\"10069\" data-end=\"10116\">Lugar de Fala (La place de la parole noire)<\/strong> et <strong data-start=\"10120\" data-end=\"10177\">Pequeno Manual Antirracista (Petit guide antiraciste)<\/strong> d\u00e9placent des questions centrales du pays : qui peut parler, qui a \u00e9t\u00e9 r\u00e9duit au silence, qui b\u00e9n\u00e9ficie des in\u00e9galit\u00e9s et quelles pratiques sont n\u00e9cessaires pour les transformer.<\/p>\n<p data-start=\"10358\" data-end=\"10498\"><em data-start=\"10358\" data-end=\"10389\">Consultez la liste compl\u00e8te :<\/em> <a href=\"https:\/\/www1.folha.uol.com.br\/ilustrissima\/2026\/04\/conheca-os-melhores-livros-brasileiros-de-nao-ficcao-do-seculo-21-segundo-juri-convidado-pela-folha.shtml\"><strong data-start=\"10390\" data-end=\"10498\">[D\u00e9couvrez les meilleurs livres br\u00e9siliens de non-fiction du XXIe si\u00e8cle, selon un jury r\u00e9uni par Folha]<\/strong><\/a><\/p>\n<blockquote class=\"instagram-media\" style=\"background: #FFF; border: 0; border-radius: 3px; box-shadow: 0 0 1px 0 rgba(0,0,0,0.5),0 1px 10px 0 rgba(0,0,0,0.15); margin: 1px; max-width: 540px; min-width: 326px; padding: 0; width: calc(100% - 2px);\" data-instgrm-captioned=\"\" data-instgrm-permalink=\"https:\/\/www.instagram.com\/p\/DXm4YSAEYDg\/?utm_source=ig_embed&amp;utm_campaign=loading\" data-instgrm-version=\"14\">\n<div style=\"padding: 16px;\">\n<p>&nbsp;<\/p>\n<div style=\"display: flex; flex-direction: row; align-items: center;\">\n<div style=\"background-color: #f4f4f4; border-radius: 50%; flex-grow: 0; height: 40px; margin-right: 14px; width: 40px;\"><\/div>\n<div style=\"display: flex; flex-direction: column; flex-grow: 1; justify-content: center;\">\n<div style=\"background-color: #f4f4f4; border-radius: 4px; flex-grow: 0; height: 14px; margin-bottom: 6px; width: 100px;\"><\/div>\n<div style=\"background-color: #f4f4f4; border-radius: 4px; flex-grow: 0; height: 14px; width: 60px;\"><\/div>\n<\/div>\n<\/div>\n<div style=\"padding: 19% 0;\"><\/div>\n<div style=\"display: block; height: 50px; margin: 0 auto 12px; width: 50px;\"><\/div>\n<div style=\"padding-top: 8px;\">\n<div style=\"color: #3897f0; font-family: Arial,sans-serif; font-size: 14px; font-style: normal; font-weight: 550; line-height: 18px;\">Ver essa foto no Instagram<\/div>\n<\/div>\n<div style=\"padding: 12.5% 0;\"><\/div>\n<div style=\"display: flex; flex-direction: row; margin-bottom: 14px; align-items: center;\">\n<div>\n<div style=\"background-color: #f4f4f4; border-radius: 50%; height: 12.5px; width: 12.5px; transform: translateX(0px) translateY(7px);\"><\/div>\n<div style=\"background-color: #f4f4f4; height: 12.5px; transform: rotate(-45deg) translateX(3px) translateY(1px); width: 12.5px; flex-grow: 0; margin-right: 14px; margin-left: 2px;\"><\/div>\n<div style=\"background-color: #f4f4f4; border-radius: 50%; height: 12.5px; width: 12.5px; transform: translateX(9px) translateY(-18px);\"><\/div>\n<\/div>\n<div style=\"margin-left: 8px;\">\n<div style=\"background-color: #f4f4f4; border-radius: 50%; flex-grow: 0; height: 20px; width: 20px;\"><\/div>\n<div style=\"width: 0; height: 0; border-top: 2px solid transparent; border-left: 6px solid #f4f4f4; border-bottom: 2px solid transparent; transform: translateX(16px) translateY(-4px) rotate(30deg);\"><\/div>\n<\/div>\n<div style=\"margin-left: auto;\">\n<div style=\"width: 0px; border-top: 8px solid #F4F4F4; border-right: 8px solid transparent; transform: translateY(16px);\"><\/div>\n<div style=\"background-color: #f4f4f4; flex-grow: 0; height: 12px; width: 16px; transform: translateY(-4px);\"><\/div>\n<div style=\"width: 0; height: 0; border-top: 8px solid #F4F4F4; border-left: 8px solid transparent; transform: translateY(-4px) translateX(8px);\"><\/div>\n<\/div>\n<\/div>\n<div style=\"display: flex; flex-direction: column; flex-grow: 1; justify-content: center; margin-bottom: 24px;\">\n<div style=\"background-color: #f4f4f4; border-radius: 4px; flex-grow: 0; height: 14px; margin-bottom: 6px; width: 224px;\"><\/div>\n<div style=\"background-color: #f4f4f4; border-radius: 4px; flex-grow: 0; height: 14px; width: 144px;\"><\/div>\n<\/div>\n<p>&nbsp;<\/p>\n<p style=\"color: #c9c8cd; font-family: Arial,sans-serif; font-size: 14px; line-height: 17px; margin-bottom: 0; margin-top: 8px; overflow: hidden; padding: 8px 0 7px; text-align: center; text-overflow: ellipsis; white-space: nowrap;\"><a style=\"color: #c9c8cd; font-family: Arial,sans-serif; font-size: 14px; font-style: normal; font-weight: normal; line-height: 17px; text-decoration: none;\" href=\"https:\/\/www.instagram.com\/p\/DXm4YSAEYDg\/?utm_source=ig_embed&amp;utm_campaign=loading\" target=\"_blank\" rel=\"noopener\">Um post compartilhado por Djamila Ribeiro (@djamilaribeiro1)<\/a><\/p>\n<\/div>\n<\/blockquote>\n<p><script async src=\"\/\/www.instagram.com\/embed.js\"><\/script><\/p>\n","protected":false},"excerpt":{"rendered":"<p>Lugar de Fala (La place de la parole noire) et Pequeno Manual Antirracista (Petit guide antiraciste), de Djamila Ribeiro, ont \u00e9t\u00e9 s\u00e9lectionn\u00e9s dans la liste des [25 meilleurs livres br\u00e9siliens de non-fiction du XXIe si\u00e8cle] par un jury r\u00e9uni par Folha de S.Paulo. Avec la pr\u00e9sence des deux \u0153uvres dans le classement, la philosophe devient [&hellip;]<\/p>\n","protected":false},"author":1,"featured_media":5532,"comment_status":"open","ping_status":"open","sticky":false,"template":"","format":"standard","meta":{"inline_featured_image":false},"categories":[785],"tags":[940,2009,2021,969,939,1483,975,964,971,2023,2020,1262,2013,2019,2022],"acf":[],"yoast_head":"<!-- This site is optimized with the Yoast SEO plugin v20.5 - https:\/\/yoast.com\/wordpress\/plugins\/seo\/ -->\n<title>Deux livres de Djamila Ribeiro figurent parmi les meilleurs ouvrages br\u00e9siliens de non-fiction du XXIe si\u00e8cle - Djamila Ribeiro<\/title>\n<meta name=\"description\" content=\"Cette reconnaissance souligne la force de deux \u0153uvres qui ont \u00e9largi le d\u00e9bat sur la race le pouvoir le savoir et l\u2019antiracisme au Br\u00e9sil.\" \/>\n<meta name=\"robots\" content=\"index, follow, max-snippet:-1, max-image-preview:large, max-video-preview:-1\" \/>\n<link rel=\"canonical\" href=\"https:\/\/www.djamilaribeiro.com.br\/fr\/deux-livres-djamila-ribeiro-meilleurs-ouvrages-bresiliens-non-fiction-xxie-siecle\/\" \/>\n<meta property=\"og:locale\" content=\"pt_BR\" \/>\n<meta property=\"og:type\" content=\"article\" \/>\n<meta property=\"og:title\" content=\"Deux livres de Djamila Ribeiro figurent parmi les meilleurs ouvrages br\u00e9siliens de non-fiction du XXIe si\u00e8cle - Djamila Ribeiro\" \/>\n<meta property=\"og:description\" content=\"Cette reconnaissance souligne la force de deux \u0153uvres qui ont \u00e9largi le d\u00e9bat sur la race le pouvoir le savoir et l\u2019antiracisme au Br\u00e9sil.\" \/>\n<meta property=\"og:url\" content=\"https:\/\/www.djamilaribeiro.com.br\/fr\/deux-livres-djamila-ribeiro-meilleurs-ouvrages-bresiliens-non-fiction-xxie-siecle\/\" \/>\n<meta property=\"og:site_name\" content=\"Djamila Ribeiro\" \/>\n<meta property=\"article:published_time\" content=\"2026-04-27T13:15:11+00:00\" \/>\n<meta property=\"article:modified_time\" content=\"2026-04-27T14:09:05+00:00\" \/>\n<meta property=\"og:image\" content=\"https:\/\/www.djamilaribeiro.com.br\/wp-content\/uploads\/2026\/04\/frances-2.png\" \/>\n\t<meta property=\"og:image:width\" content=\"1126\" \/>\n\t<meta property=\"og:image:height\" content=\"1397\" \/>\n\t<meta property=\"og:image:type\" content=\"image\/png\" \/>\n<meta name=\"author\" content=\"Reda\u00e7\u00e3o\" \/>\n<meta name=\"twitter:card\" content=\"summary_large_image\" \/>\n<meta name=\"twitter:label1\" content=\"Escrito por\" \/>\n\t<meta name=\"twitter:data1\" content=\"Reda\u00e7\u00e3o\" \/>\n\t<meta name=\"twitter:label2\" content=\"Est. tempo de leitura\" \/>\n\t<meta name=\"twitter:data2\" content=\"5 minutos\" \/>\n<script type=\"application\/ld+json\" class=\"yoast-schema-graph\">{\"@context\":\"https:\/\/schema.org\",\"@graph\":[{\"@type\":\"WebPage\",\"@id\":\"https:\/\/www.djamilaribeiro.com.br\/fr\/deux-livres-djamila-ribeiro-meilleurs-ouvrages-bresiliens-non-fiction-xxie-siecle\/\",\"url\":\"https:\/\/www.djamilaribeiro.com.br\/fr\/deux-livres-djamila-ribeiro-meilleurs-ouvrages-bresiliens-non-fiction-xxie-siecle\/\",\"name\":\"Deux livres de Djamila Ribeiro figurent parmi les meilleurs ouvrages br\u00e9siliens de non-fiction du XXIe si\u00e8cle - Djamila Ribeiro\",\"isPartOf\":{\"@id\":\"https:\/\/www.djamilaribeiro.com.br\/#website\"},\"datePublished\":\"2026-04-27T13:15:11+00:00\",\"dateModified\":\"2026-04-27T14:09:05+00:00\",\"author\":{\"@id\":\"https:\/\/www.djamilaribeiro.com.br\/#\/schema\/person\/a928f404cf733e4c62686bedd437b9ee\"},\"description\":\"Cette reconnaissance souligne la force de deux \u0153uvres qui ont \u00e9largi le d\u00e9bat sur la race le pouvoir le savoir et l\u2019antiracisme au Br\u00e9sil.\",\"breadcrumb\":{\"@id\":\"https:\/\/www.djamilaribeiro.com.br\/fr\/deux-livres-djamila-ribeiro-meilleurs-ouvrages-bresiliens-non-fiction-xxie-siecle\/#breadcrumb\"},\"inLanguage\":\"pt-BR\",\"potentialAction\":[{\"@type\":\"ReadAction\",\"target\":[\"https:\/\/www.djamilaribeiro.com.br\/fr\/deux-livres-djamila-ribeiro-meilleurs-ouvrages-bresiliens-non-fiction-xxie-siecle\/\"]}]},{\"@type\":\"BreadcrumbList\",\"@id\":\"https:\/\/www.djamilaribeiro.com.br\/fr\/deux-livres-djamila-ribeiro-meilleurs-ouvrages-bresiliens-non-fiction-xxie-siecle\/#breadcrumb\",\"itemListElement\":[{\"@type\":\"ListItem\",\"position\":1,\"name\":\"In\u00edcio\",\"item\":\"https:\/\/www.djamilaribeiro.com.br\/fr\/\"},{\"@type\":\"ListItem\",\"position\":2,\"name\":\"Deux livres de Djamila Ribeiro figurent parmi les meilleurs ouvrages br\u00e9siliens de non-fiction du XXIe si\u00e8cle\"}]},{\"@type\":\"WebSite\",\"@id\":\"https:\/\/www.djamilaribeiro.com.br\/#website\",\"url\":\"https:\/\/www.djamilaribeiro.com.br\/\",\"name\":\"Djamila Ribeiro\",\"description\":\"\",\"potentialAction\":[{\"@type\":\"SearchAction\",\"target\":{\"@type\":\"EntryPoint\",\"urlTemplate\":\"https:\/\/www.djamilaribeiro.com.br\/?s={search_term_string}\"},\"query-input\":\"required name=search_term_string\"}],\"inLanguage\":\"pt-BR\"},{\"@type\":\"Person\",\"@id\":\"https:\/\/www.djamilaribeiro.com.br\/#\/schema\/person\/a928f404cf733e4c62686bedd437b9ee\",\"name\":\"Reda\u00e7\u00e3o\",\"image\":{\"@type\":\"ImageObject\",\"inLanguage\":\"pt-BR\",\"@id\":\"https:\/\/www.djamilaribeiro.com.br\/#\/schema\/person\/image\/\",\"url\":\"https:\/\/secure.gravatar.com\/avatar\/e22ea52208b383d899430021cb4ecf26?s=96&d=mm&r=g\",\"contentUrl\":\"https:\/\/secure.gravatar.com\/avatar\/e22ea52208b383d899430021cb4ecf26?s=96&d=mm&r=g\",\"caption\":\"Reda\u00e7\u00e3o\"},\"sameAs\":[\"https:\/\/localhost\"],\"url\":\"https:\/\/www.djamilaribeiro.com.br\/fr\/author\/djamila\/\"}]}<\/script>\n<!-- \/ Yoast SEO plugin. -->","yoast_head_json":{"title":"Deux livres de Djamila Ribeiro figurent parmi les meilleurs ouvrages br\u00e9siliens de non-fiction du XXIe si\u00e8cle - Djamila Ribeiro","description":"Cette reconnaissance souligne la force de deux \u0153uvres qui ont \u00e9largi le d\u00e9bat sur la race le pouvoir le savoir et l\u2019antiracisme au Br\u00e9sil.","robots":{"index":"index","follow":"follow","max-snippet":"max-snippet:-1","max-image-preview":"max-image-preview:large","max-video-preview":"max-video-preview:-1"},"canonical":"https:\/\/www.djamilaribeiro.com.br\/fr\/deux-livres-djamila-ribeiro-meilleurs-ouvrages-bresiliens-non-fiction-xxie-siecle\/","og_locale":"pt_BR","og_type":"article","og_title":"Deux livres de Djamila Ribeiro figurent parmi les meilleurs ouvrages br\u00e9siliens de non-fiction du XXIe si\u00e8cle - Djamila Ribeiro","og_description":"Cette reconnaissance souligne la force de deux \u0153uvres qui ont \u00e9largi le d\u00e9bat sur la race le pouvoir le savoir et l\u2019antiracisme au Br\u00e9sil.","og_url":"https:\/\/www.djamilaribeiro.com.br\/fr\/deux-livres-djamila-ribeiro-meilleurs-ouvrages-bresiliens-non-fiction-xxie-siecle\/","og_site_name":"Djamila Ribeiro","article_published_time":"2026-04-27T13:15:11+00:00","article_modified_time":"2026-04-27T14:09:05+00:00","og_image":[{"width":1126,"height":1397,"url":"https:\/\/www.djamilaribeiro.com.br\/wp-content\/uploads\/2026\/04\/frances-2.png","type":"image\/png"}],"author":"Reda\u00e7\u00e3o","twitter_card":"summary_large_image","twitter_misc":{"Escrito por":"Reda\u00e7\u00e3o","Est. tempo de leitura":"5 minutos"},"schema":{"@context":"https:\/\/schema.org","@graph":[{"@type":"WebPage","@id":"https:\/\/www.djamilaribeiro.com.br\/fr\/deux-livres-djamila-ribeiro-meilleurs-ouvrages-bresiliens-non-fiction-xxie-siecle\/","url":"https:\/\/www.djamilaribeiro.com.br\/fr\/deux-livres-djamila-ribeiro-meilleurs-ouvrages-bresiliens-non-fiction-xxie-siecle\/","name":"Deux livres de Djamila Ribeiro figurent parmi les meilleurs ouvrages br\u00e9siliens de non-fiction du XXIe si\u00e8cle - Djamila Ribeiro","isPartOf":{"@id":"https:\/\/www.djamilaribeiro.com.br\/#website"},"datePublished":"2026-04-27T13:15:11+00:00","dateModified":"2026-04-27T14:09:05+00:00","author":{"@id":"https:\/\/www.djamilaribeiro.com.br\/#\/schema\/person\/a928f404cf733e4c62686bedd437b9ee"},"description":"Cette reconnaissance souligne la force de deux \u0153uvres qui ont \u00e9largi le d\u00e9bat sur la race le pouvoir le savoir et l\u2019antiracisme au Br\u00e9sil.","breadcrumb":{"@id":"https:\/\/www.djamilaribeiro.com.br\/fr\/deux-livres-djamila-ribeiro-meilleurs-ouvrages-bresiliens-non-fiction-xxie-siecle\/#breadcrumb"},"inLanguage":"pt-BR","potentialAction":[{"@type":"ReadAction","target":["https:\/\/www.djamilaribeiro.com.br\/fr\/deux-livres-djamila-ribeiro-meilleurs-ouvrages-bresiliens-non-fiction-xxie-siecle\/"]}]},{"@type":"BreadcrumbList","@id":"https:\/\/www.djamilaribeiro.com.br\/fr\/deux-livres-djamila-ribeiro-meilleurs-ouvrages-bresiliens-non-fiction-xxie-siecle\/#breadcrumb","itemListElement":[{"@type":"ListItem","position":1,"name":"In\u00edcio","item":"https:\/\/www.djamilaribeiro.com.br\/fr\/"},{"@type":"ListItem","position":2,"name":"Deux livres de Djamila Ribeiro figurent parmi les meilleurs ouvrages br\u00e9siliens de non-fiction du XXIe si\u00e8cle"}]},{"@type":"WebSite","@id":"https:\/\/www.djamilaribeiro.com.br\/#website","url":"https:\/\/www.djamilaribeiro.com.br\/","name":"Djamila Ribeiro","description":"","potentialAction":[{"@type":"SearchAction","target":{"@type":"EntryPoint","urlTemplate":"https:\/\/www.djamilaribeiro.com.br\/?s={search_term_string}"},"query-input":"required name=search_term_string"}],"inLanguage":"pt-BR"},{"@type":"Person","@id":"https:\/\/www.djamilaribeiro.com.br\/#\/schema\/person\/a928f404cf733e4c62686bedd437b9ee","name":"Reda\u00e7\u00e3o","image":{"@type":"ImageObject","inLanguage":"pt-BR","@id":"https:\/\/www.djamilaribeiro.com.br\/#\/schema\/person\/image\/","url":"https:\/\/secure.gravatar.com\/avatar\/e22ea52208b383d899430021cb4ecf26?s=96&d=mm&r=g","contentUrl":"https:\/\/secure.gravatar.com\/avatar\/e22ea52208b383d899430021cb4ecf26?s=96&d=mm&r=g","caption":"Reda\u00e7\u00e3o"},"sameAs":["https:\/\/localhost"],"url":"https:\/\/www.djamilaribeiro.com.br\/fr\/author\/djamila\/"}]}},"amp_enabled":true,"_links":{"self":[{"href":"https:\/\/www.djamilaribeiro.com.br\/fr\/wp-json\/wp\/v2\/posts\/5521"}],"collection":[{"href":"https:\/\/www.djamilaribeiro.com.br\/fr\/wp-json\/wp\/v2\/posts"}],"about":[{"href":"https:\/\/www.djamilaribeiro.com.br\/fr\/wp-json\/wp\/v2\/types\/post"}],"author":[{"embeddable":true,"href":"https:\/\/www.djamilaribeiro.com.br\/fr\/wp-json\/wp\/v2\/users\/1"}],"replies":[{"embeddable":true,"href":"https:\/\/www.djamilaribeiro.com.br\/fr\/wp-json\/wp\/v2\/comments?post=5521"}],"version-history":[{"count":4,"href":"https:\/\/www.djamilaribeiro.com.br\/fr\/wp-json\/wp\/v2\/posts\/5521\/revisions"}],"predecessor-version":[{"id":5538,"href":"https:\/\/www.djamilaribeiro.com.br\/fr\/wp-json\/wp\/v2\/posts\/5521\/revisions\/5538"}],"wp:featuredmedia":[{"embeddable":true,"href":"https:\/\/www.djamilaribeiro.com.br\/fr\/wp-json\/wp\/v2\/media\/5532"}],"wp:attachment":[{"href":"https:\/\/www.djamilaribeiro.com.br\/fr\/wp-json\/wp\/v2\/media?parent=5521"}],"wp:term":[{"taxonomy":"category","embeddable":true,"href":"https:\/\/www.djamilaribeiro.com.br\/fr\/wp-json\/wp\/v2\/categories?post=5521"},{"taxonomy":"post_tag","embeddable":true,"href":"https:\/\/www.djamilaribeiro.com.br\/fr\/wp-json\/wp\/v2\/tags?post=5521"}],"curies":[{"name":"wp","href":"https:\/\/api.w.org\/{rel}","templated":true}]}}