{"id":5549,"date":"2026-05-02T12:11:06","date_gmt":"2026-05-02T15:11:06","guid":{"rendered":"https:\/\/www.djamilaribeiro.com.br\/djamila-ribeiro-lota-auditorio-em-estreia-no-festival-metropolis-bleu-em-montreal\/"},"modified":"2026-05-02T12:28:49","modified_gmt":"2026-05-02T15:28:49","slug":"djamila-ribeiro-remplit-un-auditorium-pour-ses-debuts-au-festival-metropolis-bleu","status":"publish","type":"post","link":"https:\/\/www.djamilaribeiro.com.br\/fr\/djamila-ribeiro-remplit-un-auditorium-pour-ses-debuts-au-festival-metropolis-bleu\/","title":{"rendered":"Djamila Ribeiro remplit un auditorium pour ses d\u00e9buts au Festival Metropolis Bleu \u00e0 Montr\u00e9al"},"content":{"rendered":"<p data-start=\"88\" data-end=\"307\"><em><strong>La philosophe br\u00e9silienne a particip\u00e9 \u00e0 la programmation avec le soutien du Consulat du Br\u00e9sil \u00e0 Montr\u00e9al et de l\u2019Instituto Guimar\u00e3es Rosa ; la repr\u00e9sentation diplomatique a soulign\u00e9 le succ\u00e8s de son passage au Canada.<\/strong><\/em><\/p>\n<p data-start=\"3896\" data-end=\"4379\">La participation de Djamila Ribeiro au Festival litt\u00e9raire international Metropolis Bleu, \u00e0 Montr\u00e9al, a confirm\u00e9 la port\u00e9e internationale de sa production intellectuelle. Pour sa premi\u00e8re pr\u00e9sence \u00e0 cet \u00e9v\u00e9nement canadien, la philosophe, professeure et \u00e9crivaine br\u00e9silienne a attir\u00e9 un large public, particip\u00e9 \u00e0 des rencontres avec des auteurs du Qu\u00e9bec et re\u00e7u la reconnaissance du Consulat du Br\u00e9sil \u00e0 Montr\u00e9al, qui a c\u00e9l\u00e9br\u00e9 sur les r\u00e9seaux sociaux le succ\u00e8s de sa programmation.<\/p>\n<p data-start=\"4381\" data-end=\"4729\">Avec le soutien de l\u2019Instituto Guimar\u00e3es Rosa, rattach\u00e9 au minist\u00e8re des Affaires \u00e9trang\u00e8res du Br\u00e9sil, Djamila a int\u00e9gr\u00e9 le volet \u00ab Bleu \u00bb du festival, consacr\u00e9 \u00e0 la litt\u00e9rature en portugais et en espagnol. L\u2019\u00e9dition 2026 de Metropolis Bleu s\u2019est tenue du 24 au 26 avril et a r\u00e9uni des auteurs tels que Leonardo Padura, Azar Nafisi et Guy Delisle.<\/p>\n<p data-start=\"4731\" data-end=\"5198\">Djamila a particip\u00e9 \u00e0 l\u2019ouverture du festival aux c\u00f4t\u00e9s d\u2019auteurs internationaux et, le 25 avril, a accueilli dix \u00e9crivains du Qu\u00e9bec lors du \u00ab Morning Meet-Up \u00bb. Parmi eux figuraient J. D. Kurtness, Eric Dupont, Nicholas Dawson, Ioanna Georgescu et Joanne Rochette, \u00ab int\u00e9ress\u00e9s \u00e0 pr\u00e9senter leurs \u0153uvres et \u00e0 mieux conna\u00eetre le march\u00e9 \u00e9ditorial br\u00e9silien, dans lequel s\u2019inscrit la <strong>collection Feminismos Plurais<\/strong> \u00bb, a soulign\u00e9 la publication du Consulat sur Instagram.<\/p>\n<p data-start=\"5200\" data-end=\"5519\">Toujours le samedi, l\u2019autrice a pr\u00e9sent\u00e9, en portugais, la table <strong>\u00ab Lugar de Fala : Une conversation avec Djamila Ribeiro \u00bb<\/strong>, en dialogue avec la journaliste et professeure Ingrid Bejerman. La rencontre a rempli l\u2019auditorium, r\u00e9unissant sp\u00e9cialistes, membres de la communaut\u00e9 br\u00e9silienne et publics lusophones \u00e0 Montr\u00e9al.<\/p>\n<p data-start=\"5521\" data-end=\"6045\">La demande pour sa participation avait d\u00e9j\u00e0 d\u00e9pass\u00e9 les attentes avant m\u00eame le d\u00e9but du festival. Les billets pour la premi\u00e8re session \u00e9tant \u00e9puis\u00e9s, les organisateurs ont ouvert une s\u00e9ance suppl\u00e9mentaire en anglais, tenue le dimanche 26 avril, sous le titre <strong>\u00ab Who Gets to Speak: A Conversation with Djamila Ribeiro \u00bb<\/strong>. Le public a pu d\u00e9couvrir le parcours de l\u2019autrice et poser des questions sur le concept de lieu de parole, sa circulation dans le milieu acad\u00e9mique des \u00c9tats-Unis et dans d\u2019autres contextes internationaux.<\/p>\n<p data-start=\"6047\" data-end=\"6493\">Le passage \u00e0 Montr\u00e9al a renforc\u00e9 la pr\u00e9sence de Djamila Ribeiro dans le circuit intellectuel mondial. Autrice d\u2019ouvrages qui ont repositionn\u00e9 le d\u00e9bat public br\u00e9silien sur le racisme structurel, le f\u00e9minisme noir, la responsabilit\u00e9 politique et le lieu de parole, elle a repris, apr\u00e8s le festival, ses activit\u00e9s en tant que professeure invit\u00e9e dans le programme Dr. Martin Luther King Jr. au Massachusetts Institute of Technology (MIT), \u00e0 Boston.<\/p>\n<p data-start=\"6495\" data-end=\"6751\">En relatant cette participation, le Consulat du Br\u00e9sil \u00e0 Montr\u00e9al a soulign\u00e9 l\u2019accueil chaleureux du public canadien et lusophone : \u00ab Elle laissera un souvenir \u00e0 Montr\u00e9al. Que ce soit la premi\u00e8re de nombreuses visites au Canada ! \u00bb, conclut la publication.<\/p>\n<blockquote class=\"instagram-media\" style=\"background: #FFF; border: 0; border-radius: 3px; box-shadow: 0 0 1px 0 rgba(0,0,0,0.5),0 1px 10px 0 rgba(0,0,0,0.15); margin: 1px; max-width: 540px; min-width: 326px; padding: 0; width: calc(100% - 2px);\" data-instgrm-captioned=\"\" data-instgrm-permalink=\"https:\/\/www.instagram.com\/p\/DXo_jDoERlh\/?utm_source=ig_embed&amp;utm_campaign=loading\" data-instgrm-version=\"14\">\n<div style=\"padding: 16px;\">\n<p>&nbsp;<\/p>\n<div style=\"display: flex; flex-direction: row; align-items: center;\">\n<div style=\"background-color: #f4f4f4; border-radius: 50%; flex-grow: 0; height: 40px; margin-right: 14px; width: 40px;\"><\/div>\n<div style=\"display: flex; flex-direction: column; flex-grow: 1; justify-content: center;\">\n<div style=\"background-color: #f4f4f4; border-radius: 4px; flex-grow: 0; height: 14px; margin-bottom: 6px; width: 100px;\"><\/div>\n<div style=\"background-color: #f4f4f4; border-radius: 4px; flex-grow: 0; height: 14px; width: 60px;\"><\/div>\n<\/div>\n<\/div>\n<div style=\"padding: 19% 0;\"><\/div>\n<div style=\"display: block; height: 50px; margin: 0 auto 12px; width: 50px;\"><\/div>\n<div style=\"padding-top: 8px;\">\n<div style=\"color: #3897f0; font-family: Arial,sans-serif; font-size: 14px; font-style: normal; font-weight: 550; line-height: 18px;\">Ver essa foto no Instagram<\/div>\n<\/div>\n<div style=\"padding: 12.5% 0;\"><\/div>\n<div style=\"display: flex; flex-direction: row; margin-bottom: 14px; align-items: center;\">\n<div>\n<div style=\"background-color: #f4f4f4; border-radius: 50%; height: 12.5px; width: 12.5px; transform: translateX(0px) translateY(7px);\"><\/div>\n<div style=\"background-color: #f4f4f4; height: 12.5px; transform: rotate(-45deg) translateX(3px) translateY(1px); width: 12.5px; flex-grow: 0; margin-right: 14px; margin-left: 2px;\"><\/div>\n<div style=\"background-color: #f4f4f4; border-radius: 50%; height: 12.5px; width: 12.5px; transform: translateX(9px) translateY(-18px);\"><\/div>\n<\/div>\n<div style=\"margin-left: 8px;\">\n<div style=\"background-color: #f4f4f4; border-radius: 50%; flex-grow: 0; height: 20px; width: 20px;\"><\/div>\n<div style=\"width: 0; height: 0; border-top: 2px solid transparent; border-left: 6px solid #f4f4f4; border-bottom: 2px solid transparent; transform: translateX(16px) translateY(-4px) rotate(30deg);\"><\/div>\n<\/div>\n<div style=\"margin-left: auto;\">\n<div style=\"width: 0px; border-top: 8px solid #F4F4F4; border-right: 8px solid transparent; transform: translateY(16px);\"><\/div>\n<div style=\"background-color: #f4f4f4; flex-grow: 0; height: 12px; width: 16px; transform: translateY(-4px);\"><\/div>\n<div style=\"width: 0; height: 0; border-top: 8px solid #F4F4F4; border-left: 8px solid transparent; transform: translateY(-4px) translateX(8px);\"><\/div>\n<\/div>\n<\/div>\n<div style=\"display: flex; flex-direction: column; flex-grow: 1; justify-content: center; margin-bottom: 24px;\">\n<div style=\"background-color: #f4f4f4; border-radius: 4px; flex-grow: 0; height: 14px; margin-bottom: 6px; width: 224px;\"><\/div>\n<div style=\"background-color: #f4f4f4; border-radius: 4px; flex-grow: 0; height: 14px; width: 144px;\"><\/div>\n<\/div>\n<p>&nbsp;<\/p>\n<p style=\"color: #c9c8cd; font-family: Arial,sans-serif; font-size: 14px; line-height: 17px; margin-bottom: 0; margin-top: 8px; overflow: hidden; padding: 8px 0 7px; text-align: center; text-overflow: ellipsis; white-space: nowrap;\"><a style=\"color: #c9c8cd; font-family: Arial,sans-serif; font-size: 14px; font-style: normal; font-weight: normal; line-height: 17px; text-decoration: none;\" href=\"https:\/\/www.instagram.com\/p\/DXo_jDoERlh\/?utm_source=ig_embed&amp;utm_campaign=loading\" target=\"_blank\" rel=\"noopener\">Um post compartilhado por Consulado do Brasil em MTL (@brasilemmontreal)<\/a><\/p>\n<\/div>\n<\/blockquote>\n<p><script async src=\"\/\/www.instagram.com\/embed.js\"><\/script><\/p>\n","protected":false},"excerpt":{"rendered":"<p>La philosophe br\u00e9silienne a particip\u00e9 \u00e0 la programmation avec le soutien du Consulat du Br\u00e9sil \u00e0 Montr\u00e9al et de l\u2019Instituto Guimar\u00e3es Rosa ; la repr\u00e9sentation diplomatique a soulign\u00e9 le succ\u00e8s de son passage au Canada. La participation de Djamila Ribeiro au Festival litt\u00e9raire international Metropolis Bleu, \u00e0 Montr\u00e9al, a confirm\u00e9 la port\u00e9e internationale de sa [&hellip;]<\/p>\n","protected":false},"author":1,"featured_media":5558,"comment_status":"open","ping_status":"open","sticky":false,"template":"","format":"standard","meta":{"inline_featured_image":false},"categories":[785],"tags":[2028,2033,969,939,1429,2029,935,1486,2034,1995,1336,1996,1490],"acf":[],"yoast_head":"<!-- This site is optimized with the Yoast SEO plugin v20.5 - https:\/\/yoast.com\/wordpress\/plugins\/seo\/ -->\n<title>Djamila Ribeiro remplit un auditorium pour ses d\u00e9buts au Festival Metropolis Bleu \u00e0 Montr\u00e9al - Djamila Ribeiro<\/title>\n<meta name=\"description\" content=\"La philosophe br\u00e9silienne attire un large public \u00e0 Montr\u00e9al avec ses r\u00e9flexions sur la place de la parole, le racisme et le d\u00e9bat mondial.\" \/>\n<meta name=\"robots\" content=\"index, follow, max-snippet:-1, max-image-preview:large, max-video-preview:-1\" \/>\n<link rel=\"canonical\" href=\"https:\/\/www.djamilaribeiro.com.br\/fr\/djamila-ribeiro-remplit-un-auditorium-pour-ses-debuts-au-festival-metropolis-bleu\/\" \/>\n<meta property=\"og:locale\" content=\"pt_BR\" \/>\n<meta property=\"og:type\" content=\"article\" \/>\n<meta property=\"og:title\" content=\"Djamila Ribeiro remplit un auditorium pour ses d\u00e9buts au Festival Metropolis Bleu \u00e0 Montr\u00e9al - Djamila Ribeiro\" \/>\n<meta property=\"og:description\" content=\"La philosophe br\u00e9silienne attire un large public \u00e0 Montr\u00e9al avec ses r\u00e9flexions sur la place de la parole, le racisme et le d\u00e9bat mondial.\" \/>\n<meta property=\"og:url\" content=\"https:\/\/www.djamilaribeiro.com.br\/fr\/djamila-ribeiro-remplit-un-auditorium-pour-ses-debuts-au-festival-metropolis-bleu\/\" \/>\n<meta property=\"og:site_name\" content=\"Djamila Ribeiro\" \/>\n<meta property=\"article:published_time\" content=\"2026-05-02T15:11:06+00:00\" \/>\n<meta property=\"article:modified_time\" content=\"2026-05-02T15:28:49+00:00\" \/>\n<meta property=\"og:image\" content=\"https:\/\/www.djamilaribeiro.com.br\/wp-content\/uploads\/2026\/05\/foto-2.png\" \/>\n\t<meta property=\"og:image:width\" content=\"782\" \/>\n\t<meta property=\"og:image:height\" content=\"542\" \/>\n\t<meta property=\"og:image:type\" content=\"image\/png\" \/>\n<meta name=\"author\" content=\"Reda\u00e7\u00e3o\" \/>\n<meta name=\"twitter:card\" content=\"summary_large_image\" \/>\n<meta name=\"twitter:label1\" content=\"Escrito por\" \/>\n\t<meta name=\"twitter:data1\" content=\"Reda\u00e7\u00e3o\" \/>\n\t<meta name=\"twitter:label2\" content=\"Est. tempo de leitura\" \/>\n\t<meta name=\"twitter:data2\" content=\"3 minutos\" \/>\n<script type=\"application\/ld+json\" class=\"yoast-schema-graph\">{\"@context\":\"https:\/\/schema.org\",\"@graph\":[{\"@type\":\"WebPage\",\"@id\":\"https:\/\/www.djamilaribeiro.com.br\/fr\/djamila-ribeiro-remplit-un-auditorium-pour-ses-debuts-au-festival-metropolis-bleu\/\",\"url\":\"https:\/\/www.djamilaribeiro.com.br\/fr\/djamila-ribeiro-remplit-un-auditorium-pour-ses-debuts-au-festival-metropolis-bleu\/\",\"name\":\"Djamila Ribeiro remplit un auditorium pour ses d\u00e9buts au Festival Metropolis Bleu \u00e0 Montr\u00e9al - Djamila Ribeiro\",\"isPartOf\":{\"@id\":\"https:\/\/www.djamilaribeiro.com.br\/#website\"},\"datePublished\":\"2026-05-02T15:11:06+00:00\",\"dateModified\":\"2026-05-02T15:28:49+00:00\",\"author\":{\"@id\":\"https:\/\/www.djamilaribeiro.com.br\/#\/schema\/person\/a928f404cf733e4c62686bedd437b9ee\"},\"description\":\"La philosophe br\u00e9silienne attire un large public \u00e0 Montr\u00e9al avec ses r\u00e9flexions sur la place de la parole, le racisme et le d\u00e9bat mondial.\",\"breadcrumb\":{\"@id\":\"https:\/\/www.djamilaribeiro.com.br\/fr\/djamila-ribeiro-remplit-un-auditorium-pour-ses-debuts-au-festival-metropolis-bleu\/#breadcrumb\"},\"inLanguage\":\"pt-BR\",\"potentialAction\":[{\"@type\":\"ReadAction\",\"target\":[\"https:\/\/www.djamilaribeiro.com.br\/fr\/djamila-ribeiro-remplit-un-auditorium-pour-ses-debuts-au-festival-metropolis-bleu\/\"]}]},{\"@type\":\"BreadcrumbList\",\"@id\":\"https:\/\/www.djamilaribeiro.com.br\/fr\/djamila-ribeiro-remplit-un-auditorium-pour-ses-debuts-au-festival-metropolis-bleu\/#breadcrumb\",\"itemListElement\":[{\"@type\":\"ListItem\",\"position\":1,\"name\":\"In\u00edcio\",\"item\":\"https:\/\/www.djamilaribeiro.com.br\/fr\/\"},{\"@type\":\"ListItem\",\"position\":2,\"name\":\"Djamila Ribeiro remplit un auditorium pour ses d\u00e9buts au Festival Metropolis Bleu \u00e0 Montr\u00e9al\"}]},{\"@type\":\"WebSite\",\"@id\":\"https:\/\/www.djamilaribeiro.com.br\/#website\",\"url\":\"https:\/\/www.djamilaribeiro.com.br\/\",\"name\":\"Djamila Ribeiro\",\"description\":\"\",\"potentialAction\":[{\"@type\":\"SearchAction\",\"target\":{\"@type\":\"EntryPoint\",\"urlTemplate\":\"https:\/\/www.djamilaribeiro.com.br\/?s={search_term_string}\"},\"query-input\":\"required name=search_term_string\"}],\"inLanguage\":\"pt-BR\"},{\"@type\":\"Person\",\"@id\":\"https:\/\/www.djamilaribeiro.com.br\/#\/schema\/person\/a928f404cf733e4c62686bedd437b9ee\",\"name\":\"Reda\u00e7\u00e3o\",\"image\":{\"@type\":\"ImageObject\",\"inLanguage\":\"pt-BR\",\"@id\":\"https:\/\/www.djamilaribeiro.com.br\/#\/schema\/person\/image\/\",\"url\":\"https:\/\/secure.gravatar.com\/avatar\/e22ea52208b383d899430021cb4ecf26?s=96&d=mm&r=g\",\"contentUrl\":\"https:\/\/secure.gravatar.com\/avatar\/e22ea52208b383d899430021cb4ecf26?s=96&d=mm&r=g\",\"caption\":\"Reda\u00e7\u00e3o\"},\"sameAs\":[\"https:\/\/localhost\"],\"url\":\"https:\/\/www.djamilaribeiro.com.br\/fr\/author\/djamila\/\"}]}<\/script>\n<!-- \/ Yoast SEO plugin. -->","yoast_head_json":{"title":"Djamila Ribeiro remplit un auditorium pour ses d\u00e9buts au Festival Metropolis Bleu \u00e0 Montr\u00e9al - Djamila Ribeiro","description":"La philosophe br\u00e9silienne attire un large public \u00e0 Montr\u00e9al avec ses r\u00e9flexions sur la place de la parole, le racisme et le d\u00e9bat mondial.","robots":{"index":"index","follow":"follow","max-snippet":"max-snippet:-1","max-image-preview":"max-image-preview:large","max-video-preview":"max-video-preview:-1"},"canonical":"https:\/\/www.djamilaribeiro.com.br\/fr\/djamila-ribeiro-remplit-un-auditorium-pour-ses-debuts-au-festival-metropolis-bleu\/","og_locale":"pt_BR","og_type":"article","og_title":"Djamila Ribeiro remplit un auditorium pour ses d\u00e9buts au Festival Metropolis Bleu \u00e0 Montr\u00e9al - Djamila Ribeiro","og_description":"La philosophe br\u00e9silienne attire un large public \u00e0 Montr\u00e9al avec ses r\u00e9flexions sur la place de la parole, le racisme et le d\u00e9bat mondial.","og_url":"https:\/\/www.djamilaribeiro.com.br\/fr\/djamila-ribeiro-remplit-un-auditorium-pour-ses-debuts-au-festival-metropolis-bleu\/","og_site_name":"Djamila Ribeiro","article_published_time":"2026-05-02T15:11:06+00:00","article_modified_time":"2026-05-02T15:28:49+00:00","og_image":[{"width":782,"height":542,"url":"https:\/\/www.djamilaribeiro.com.br\/wp-content\/uploads\/2026\/05\/foto-2.png","type":"image\/png"}],"author":"Reda\u00e7\u00e3o","twitter_card":"summary_large_image","twitter_misc":{"Escrito por":"Reda\u00e7\u00e3o","Est. tempo de leitura":"3 minutos"},"schema":{"@context":"https:\/\/schema.org","@graph":[{"@type":"WebPage","@id":"https:\/\/www.djamilaribeiro.com.br\/fr\/djamila-ribeiro-remplit-un-auditorium-pour-ses-debuts-au-festival-metropolis-bleu\/","url":"https:\/\/www.djamilaribeiro.com.br\/fr\/djamila-ribeiro-remplit-un-auditorium-pour-ses-debuts-au-festival-metropolis-bleu\/","name":"Djamila Ribeiro remplit un auditorium pour ses d\u00e9buts au Festival Metropolis Bleu \u00e0 Montr\u00e9al - Djamila Ribeiro","isPartOf":{"@id":"https:\/\/www.djamilaribeiro.com.br\/#website"},"datePublished":"2026-05-02T15:11:06+00:00","dateModified":"2026-05-02T15:28:49+00:00","author":{"@id":"https:\/\/www.djamilaribeiro.com.br\/#\/schema\/person\/a928f404cf733e4c62686bedd437b9ee"},"description":"La philosophe br\u00e9silienne attire un large public \u00e0 Montr\u00e9al avec ses r\u00e9flexions sur la place de la parole, le racisme et le d\u00e9bat mondial.","breadcrumb":{"@id":"https:\/\/www.djamilaribeiro.com.br\/fr\/djamila-ribeiro-remplit-un-auditorium-pour-ses-debuts-au-festival-metropolis-bleu\/#breadcrumb"},"inLanguage":"pt-BR","potentialAction":[{"@type":"ReadAction","target":["https:\/\/www.djamilaribeiro.com.br\/fr\/djamila-ribeiro-remplit-un-auditorium-pour-ses-debuts-au-festival-metropolis-bleu\/"]}]},{"@type":"BreadcrumbList","@id":"https:\/\/www.djamilaribeiro.com.br\/fr\/djamila-ribeiro-remplit-un-auditorium-pour-ses-debuts-au-festival-metropolis-bleu\/#breadcrumb","itemListElement":[{"@type":"ListItem","position":1,"name":"In\u00edcio","item":"https:\/\/www.djamilaribeiro.com.br\/fr\/"},{"@type":"ListItem","position":2,"name":"Djamila Ribeiro remplit un auditorium pour ses d\u00e9buts au Festival Metropolis Bleu \u00e0 Montr\u00e9al"}]},{"@type":"WebSite","@id":"https:\/\/www.djamilaribeiro.com.br\/#website","url":"https:\/\/www.djamilaribeiro.com.br\/","name":"Djamila Ribeiro","description":"","potentialAction":[{"@type":"SearchAction","target":{"@type":"EntryPoint","urlTemplate":"https:\/\/www.djamilaribeiro.com.br\/?s={search_term_string}"},"query-input":"required name=search_term_string"}],"inLanguage":"pt-BR"},{"@type":"Person","@id":"https:\/\/www.djamilaribeiro.com.br\/#\/schema\/person\/a928f404cf733e4c62686bedd437b9ee","name":"Reda\u00e7\u00e3o","image":{"@type":"ImageObject","inLanguage":"pt-BR","@id":"https:\/\/www.djamilaribeiro.com.br\/#\/schema\/person\/image\/","url":"https:\/\/secure.gravatar.com\/avatar\/e22ea52208b383d899430021cb4ecf26?s=96&d=mm&r=g","contentUrl":"https:\/\/secure.gravatar.com\/avatar\/e22ea52208b383d899430021cb4ecf26?s=96&d=mm&r=g","caption":"Reda\u00e7\u00e3o"},"sameAs":["https:\/\/localhost"],"url":"https:\/\/www.djamilaribeiro.com.br\/fr\/author\/djamila\/"}]}},"amp_enabled":true,"_links":{"self":[{"href":"https:\/\/www.djamilaribeiro.com.br\/fr\/wp-json\/wp\/v2\/posts\/5549"}],"collection":[{"href":"https:\/\/www.djamilaribeiro.com.br\/fr\/wp-json\/wp\/v2\/posts"}],"about":[{"href":"https:\/\/www.djamilaribeiro.com.br\/fr\/wp-json\/wp\/v2\/types\/post"}],"author":[{"embeddable":true,"href":"https:\/\/www.djamilaribeiro.com.br\/fr\/wp-json\/wp\/v2\/users\/1"}],"replies":[{"embeddable":true,"href":"https:\/\/www.djamilaribeiro.com.br\/fr\/wp-json\/wp\/v2\/comments?post=5549"}],"version-history":[{"count":4,"href":"https:\/\/www.djamilaribeiro.com.br\/fr\/wp-json\/wp\/v2\/posts\/5549\/revisions"}],"predecessor-version":[{"id":5556,"href":"https:\/\/www.djamilaribeiro.com.br\/fr\/wp-json\/wp\/v2\/posts\/5549\/revisions\/5556"}],"wp:featuredmedia":[{"embeddable":true,"href":"https:\/\/www.djamilaribeiro.com.br\/fr\/wp-json\/wp\/v2\/media\/5558"}],"wp:attachment":[{"href":"https:\/\/www.djamilaribeiro.com.br\/fr\/wp-json\/wp\/v2\/media?parent=5549"}],"wp:term":[{"taxonomy":"category","embeddable":true,"href":"https:\/\/www.djamilaribeiro.com.br\/fr\/wp-json\/wp\/v2\/categories?post=5549"},{"taxonomy":"post_tag","embeddable":true,"href":"https:\/\/www.djamilaribeiro.com.br\/fr\/wp-json\/wp\/v2\/tags?post=5549"}],"curies":[{"name":"wp","href":"https:\/\/api.w.org\/{rel}","templated":true}]}}