{"id":6342,"date":"2026-08-27T14:56:21","date_gmt":"2026-08-27T17:56:21","guid":{"rendered":"https:\/\/www.djamilaribeiro.com.br\/djamila-ribeiro-leva-edicao-ampliada-de-lugar-de-fala-a-belem-em-noite-com-sessao-de-autografos-concorrida\/"},"modified":"2026-08-27T16:03:06","modified_gmt":"2026-08-27T19:03:06","slug":"djamila-ribeiro-lugar-de-fala-belem-edition-augmentee-dedicaces","status":"publish","type":"post","link":"https:\/\/www.djamilaribeiro.com.br\/fr\/djamila-ribeiro-lugar-de-fala-belem-edition-augmentee-dedicaces\/","title":{"rendered":"Djamila Ribeiro pr\u00e9sente \u00e0 Bel\u00e9m l&#8217;\u00e9dition augment\u00e9e de \u00ab Lugar de Fala \u00bb lors d&#8217;une soir\u00e9e de d\u00e9dicaces tr\u00e8s suivie"},"content":{"rendered":"<p><em>La rencontre avec le public s&#8217;est tenue \u00e0 la Livraria Leitura, au Boulevard Shopping Bel\u00e9m<\/em><\/p>\n<p dir=\"ltr\">Bel\u00e9m a accueilli, mardi 25 au soir, la philosophe et \u00e9crivaine Djamila Ribeiro \u00e0 l&#8217;occasion de la pr\u00e9sentation de la nouvelle \u00e9dition de Lugar de Fala (<em>place de la parole<\/em>).<\/p>\n<p dir=\"ltr\">D\u00e8s le d\u00e9but de la rencontre, Djamila a remerci\u00e9 le public, l&#8217;\u00e9quipe organisatrice ainsi que l&#8217;\u00e9ditrice L\u00edvia Vianna. Devant ses lecteurs, elle est \u00e9galement revenue sur ses pr\u00e9c\u00e9dents s\u00e9jours dans la capitale de l&#8217;\u00c9tat du Par\u00e1. Elle a notamment \u00e9voqu\u00e9 sa participation, en 2019, \u00e0 la 23\u00aa Feira Pan-Amaz\u00f4nica do Livro e das Multivozes (23e Foire panamazonienne du livre et des multivoix), organis\u00e9e au Hangar Centro de Conven\u00e7\u00f5es e Feiras da Amaz\u00f4nia (Centre de conventions et d&#8217;expositions de l&#8217;Amazonie).<\/p>\n<p dir=\"ltr\">\u00ab Je suis tr\u00e8s heureuse d&#8217;\u00eatre de retour \u00e0 Bel\u00e9m. La derni\u00e8re fois que je suis venue ici pour le lancement d&#8217;un livre, c&#8217;\u00e9tait \u00e0 la Feira do Livro Par\u00e1-Amaz\u00f4nica. Je suis revenue ensuite pour d&#8217;autres engagements, et je suis \u00e9galement venue pour le C\u00edrio de Nazar\u00e9, la grande procession catholique de la ville. Je suis tr\u00e8s heureuse de pouvoir aujourd&#8217;hui pr\u00e9senter l&#8217;\u00e9dition augment\u00e9e de Lugar de Fala \u00bb, a-t-elle d\u00e9clar\u00e9.<\/p>\n\n\t\t<style type=\"text\/css\">\n\t\t\t#gallery-1 {\n\t\t\t\tmargin: auto;\n\t\t\t}\n\t\t\t#gallery-1 .gallery-item {\n\t\t\t\tfloat: left;\n\t\t\t\tmargin-top: 10px;\n\t\t\t\ttext-align: center;\n\t\t\t\twidth: 33%;\n\t\t\t}\n\t\t\t#gallery-1 img {\n\t\t\t\tborder: 2px solid #cfcfcf;\n\t\t\t}\n\t\t\t#gallery-1 .gallery-caption {\n\t\t\t\tmargin-left: 0;\n\t\t\t}\n\t\t\t\/* see gallery_shortcode() in wp-includes\/media.php *\/\n\t\t<\/style>\n\t\t<div id='gallery-1' class='gallery galleryid-6342 gallery-columns-3 gallery-size-large'><dl class='gallery-item'>\n\t\t\t<dt class='gallery-icon landscape'>\n\t\t\t\t<a href='https:\/\/www.djamilaribeiro.com.br\/fr\/djamila-ribeiro-lugar-de-fala-belem-edition-augmentee-dedicaces\/djamila-6-2\/'><img width=\"1024\" height=\"684\" src=\"https:\/\/www.djamilaribeiro.com.br\/wp-content\/uploads\/2026\/08\/Djamila-6-1024x684.jpg\" class=\"attachment-large size-large\" alt=\"\" decoding=\"async\" loading=\"lazy\" srcset=\"https:\/\/www.djamilaribeiro.com.br\/wp-content\/uploads\/2026\/08\/Djamila-6-1024x684.jpg 1024w, https:\/\/www.djamilaribeiro.com.br\/wp-content\/uploads\/2026\/08\/Djamila-6-300x200.jpg 300w, https:\/\/www.djamilaribeiro.com.br\/wp-content\/uploads\/2026\/08\/Djamila-6-768x513.jpg 768w, https:\/\/www.djamilaribeiro.com.br\/wp-content\/uploads\/2026\/08\/Djamila-6-1536x1025.jpg 1536w, https:\/\/www.djamilaribeiro.com.br\/wp-content\/uploads\/2026\/08\/Djamila-6-2048x1367.jpg 2048w\" sizes=\"(max-width: 1024px) 100vw, 1024px\" \/><\/a>\n\t\t\t<\/dt><\/dl><dl class='gallery-item'>\n\t\t\t<dt class='gallery-icon landscape'>\n\t\t\t\t<a href='https:\/\/www.djamilaribeiro.com.br\/fr\/djamila-ribeiro-lugar-de-fala-belem-edition-augmentee-dedicaces\/djamila-5-3\/'><img width=\"1024\" height=\"684\" src=\"https:\/\/www.djamilaribeiro.com.br\/wp-content\/uploads\/2026\/08\/Djamila-5-1024x684.jpg\" class=\"attachment-large size-large\" alt=\"\" decoding=\"async\" loading=\"lazy\" srcset=\"https:\/\/www.djamilaribeiro.com.br\/wp-content\/uploads\/2026\/08\/Djamila-5-1024x684.jpg 1024w, https:\/\/www.djamilaribeiro.com.br\/wp-content\/uploads\/2026\/08\/Djamila-5-300x200.jpg 300w, https:\/\/www.djamilaribeiro.com.br\/wp-content\/uploads\/2026\/08\/Djamila-5-768x513.jpg 768w, https:\/\/www.djamilaribeiro.com.br\/wp-content\/uploads\/2026\/08\/Djamila-5-1536x1025.jpg 1536w, https:\/\/www.djamilaribeiro.com.br\/wp-content\/uploads\/2026\/08\/Djamila-5-2048x1367.jpg 2048w\" sizes=\"(max-width: 1024px) 100vw, 1024px\" \/><\/a>\n\t\t\t<\/dt><\/dl><dl class='gallery-item'>\n\t\t\t<dt class='gallery-icon landscape'>\n\t\t\t\t<a href='https:\/\/www.djamilaribeiro.com.br\/fr\/djamila-ribeiro-lugar-de-fala-belem-edition-augmentee-dedicaces\/djamila-4-5-2\/'><img width=\"1024\" height=\"684\" src=\"https:\/\/www.djamilaribeiro.com.br\/wp-content\/uploads\/2026\/08\/Djamila-4-1024x684.jpg\" class=\"attachment-large size-large\" alt=\"\" decoding=\"async\" loading=\"lazy\" srcset=\"https:\/\/www.djamilaribeiro.com.br\/wp-content\/uploads\/2026\/08\/Djamila-4-1024x684.jpg 1024w, https:\/\/www.djamilaribeiro.com.br\/wp-content\/uploads\/2026\/08\/Djamila-4-300x200.jpg 300w, https:\/\/www.djamilaribeiro.com.br\/wp-content\/uploads\/2026\/08\/Djamila-4-768x513.jpg 768w, https:\/\/www.djamilaribeiro.com.br\/wp-content\/uploads\/2026\/08\/Djamila-4-1536x1025.jpg 1536w, https:\/\/www.djamilaribeiro.com.br\/wp-content\/uploads\/2026\/08\/Djamila-4-2048x1367.jpg 2048w\" sizes=\"(max-width: 1024px) 100vw, 1024px\" \/><\/a>\n\t\t\t<\/dt><\/dl><br style=\"clear: both\" \/><dl class='gallery-item'>\n\t\t\t<dt class='gallery-icon landscape'>\n\t\t\t\t<a href='https:\/\/www.djamilaribeiro.com.br\/fr\/djamila-ribeiro-lugar-de-fala-belem-edition-augmentee-dedicaces\/djamila-3-3-2\/'><img width=\"1024\" height=\"683\" src=\"https:\/\/www.djamilaribeiro.com.br\/wp-content\/uploads\/2026\/08\/Djamila-3-1024x683.jpg\" class=\"attachment-large size-large\" alt=\"\" decoding=\"async\" loading=\"lazy\" srcset=\"https:\/\/www.djamilaribeiro.com.br\/wp-content\/uploads\/2026\/08\/Djamila-3-1024x683.jpg 1024w, https:\/\/www.djamilaribeiro.com.br\/wp-content\/uploads\/2026\/08\/Djamila-3-300x200.jpg 300w, https:\/\/www.djamilaribeiro.com.br\/wp-content\/uploads\/2026\/08\/Djamila-3-768x512.jpg 768w, https:\/\/www.djamilaribeiro.com.br\/wp-content\/uploads\/2026\/08\/Djamila-3-1536x1024.jpg 1536w, https:\/\/www.djamilaribeiro.com.br\/wp-content\/uploads\/2026\/08\/Djamila-3-2048x1365.jpg 2048w\" sizes=\"(max-width: 1024px) 100vw, 1024px\" \/><\/a>\n\t\t\t<\/dt><\/dl><dl class='gallery-item'>\n\t\t\t<dt class='gallery-icon landscape'>\n\t\t\t\t<a href='https:\/\/www.djamilaribeiro.com.br\/fr\/djamila-ribeiro-lugar-de-fala-belem-edition-augmentee-dedicaces\/djamila-2-5-2\/'><img width=\"1024\" height=\"684\" src=\"https:\/\/www.djamilaribeiro.com.br\/wp-content\/uploads\/2026\/08\/Djamila-2-1024x684.jpg\" class=\"attachment-large size-large\" alt=\"\" decoding=\"async\" loading=\"lazy\" srcset=\"https:\/\/www.djamilaribeiro.com.br\/wp-content\/uploads\/2026\/08\/Djamila-2-1024x684.jpg 1024w, https:\/\/www.djamilaribeiro.com.br\/wp-content\/uploads\/2026\/08\/Djamila-2-300x200.jpg 300w, https:\/\/www.djamilaribeiro.com.br\/wp-content\/uploads\/2026\/08\/Djamila-2-768x513.jpg 768w, https:\/\/www.djamilaribeiro.com.br\/wp-content\/uploads\/2026\/08\/Djamila-2-1536x1025.jpg 1536w, https:\/\/www.djamilaribeiro.com.br\/wp-content\/uploads\/2026\/08\/Djamila-2-2048x1367.jpg 2048w\" sizes=\"(max-width: 1024px) 100vw, 1024px\" \/><\/a>\n\t\t\t<\/dt><\/dl><dl class='gallery-item'>\n\t\t\t<dt class='gallery-icon landscape'>\n\t\t\t\t<a href='https:\/\/www.djamilaribeiro.com.br\/fr\/djamila-ribeiro-lugar-de-fala-belem-edition-augmentee-dedicaces\/djamila-7-2\/'><img width=\"1024\" height=\"684\" src=\"https:\/\/www.djamilaribeiro.com.br\/wp-content\/uploads\/2026\/08\/Djamila-7-1024x684.jpg\" class=\"attachment-large size-large\" alt=\"\" decoding=\"async\" loading=\"lazy\" srcset=\"https:\/\/www.djamilaribeiro.com.br\/wp-content\/uploads\/2026\/08\/Djamila-7-1024x684.jpg 1024w, https:\/\/www.djamilaribeiro.com.br\/wp-content\/uploads\/2026\/08\/Djamila-7-300x200.jpg 300w, https:\/\/www.djamilaribeiro.com.br\/wp-content\/uploads\/2026\/08\/Djamila-7-768x513.jpg 768w, https:\/\/www.djamilaribeiro.com.br\/wp-content\/uploads\/2026\/08\/Djamila-7-1536x1025.jpg 1536w, https:\/\/www.djamilaribeiro.com.br\/wp-content\/uploads\/2026\/08\/Djamila-7-2048x1367.jpg 2048w\" sizes=\"(max-width: 1024px) 100vw, 1024px\" \/><\/a>\n\t\t\t<\/dt><\/dl><br style=\"clear: both\" \/>\n\t\t<\/div>\n\n<p dir=\"ltr\">Publi\u00e9 pour la premi\u00e8re fois en 2017 comme premier titre de la Cole\u00e7\u00e3o Feminismos Plurais (collection F\u00e9minismes pluriels), Lugar de Fala a fait l&#8217;objet, en 2026, d&#8217;une \u00e9dition revue et augment\u00e9e publi\u00e9e par Rosa dos Tempos. Ce nouveau volume compte 476 pages et comprend quatre chapitres in\u00e9dits, ainsi que des donn\u00e9es actualis\u00e9es, de nouvelles r\u00e9f\u00e9rences intellectuelles et des travaux d\u00e9velopp\u00e9s par Djamila au cours des derni\u00e8res ann\u00e9es. L&#8217;ouvrage s&#8217;ouvre sur une pr\u00e9face de l&#8217;\u00e9crivaine nig\u00e9riane Chimamanda Ngozi Adichie et une pr\u00e9sentation de l&#8217;\u00e9crivaine et artiste portugaise Grada Kilomba.<\/p>\n<p dir=\"ltr\">Cette nouvelle \u00e9dition marque \u00e9galement un changement \u00e9ditorial. En 2026, Lugar de Fala et une partie de la Cole\u00e7\u00e3o Feminismos Plurais ont rejoint le Grupo Editorial Record, sous le label \u00e9ditorial Rosa dos Tempos.<\/p>\n<h4 dir=\"ltr\">Pacte pour l&#8217;\u00e9quit\u00e9 raciale<\/h4>\n<p dir=\"ltr\">Le programme de la philosophe br\u00e9silienne dans la capitale du Par\u00e1 s&#8217;est poursuivi mercredi 26, avec sa participation \u00e0 la II Jornada de Boas Pr\u00e1ticas para a Equidade Racial (IIe Journ\u00e9e des bonnes pratiques pour l&#8217;\u00e9quit\u00e9 raciale), organis\u00e9e par le Tribunal de Contas do Estado do Par\u00e1 (TCE-PA), la Cour des comptes de l&#8217;\u00c9tat du Par\u00e1.<\/p>\n\n\t\t<style type=\"text\/css\">\n\t\t\t#gallery-2 {\n\t\t\t\tmargin: auto;\n\t\t\t}\n\t\t\t#gallery-2 .gallery-item {\n\t\t\t\tfloat: left;\n\t\t\t\tmargin-top: 10px;\n\t\t\t\ttext-align: center;\n\t\t\t\twidth: 50%;\n\t\t\t}\n\t\t\t#gallery-2 img {\n\t\t\t\tborder: 2px solid #cfcfcf;\n\t\t\t}\n\t\t\t#gallery-2 .gallery-caption {\n\t\t\t\tmargin-left: 0;\n\t\t\t}\n\t\t\t\/* see gallery_shortcode() in wp-includes\/media.php *\/\n\t\t<\/style>\n\t\t<div id='gallery-2' class='gallery galleryid-6342 gallery-columns-2 gallery-size-large'><dl class='gallery-item'>\n\t\t\t<dt class='gallery-icon landscape'>\n\t\t\t\t<a href='https:\/\/www.djamilaribeiro.com.br\/fr\/djamila-ribeiro-lugar-de-fala-belem-edition-augmentee-dedicaces\/tce-pa_2-2\/'><img width=\"1024\" height=\"681\" src=\"https:\/\/www.djamilaribeiro.com.br\/wp-content\/uploads\/2026\/08\/TCE-PA_2-1024x681.jpeg\" class=\"attachment-large size-large\" alt=\"\" decoding=\"async\" loading=\"lazy\" srcset=\"https:\/\/www.djamilaribeiro.com.br\/wp-content\/uploads\/2026\/08\/TCE-PA_2-1024x681.jpeg 1024w, https:\/\/www.djamilaribeiro.com.br\/wp-content\/uploads\/2026\/08\/TCE-PA_2-300x200.jpeg 300w, https:\/\/www.djamilaribeiro.com.br\/wp-content\/uploads\/2026\/08\/TCE-PA_2-768x511.jpeg 768w, https:\/\/www.djamilaribeiro.com.br\/wp-content\/uploads\/2026\/08\/TCE-PA_2.jpeg 1512w\" sizes=\"(max-width: 1024px) 100vw, 1024px\" \/><\/a>\n\t\t\t<\/dt><\/dl><dl class='gallery-item'>\n\t\t\t<dt class='gallery-icon landscape'>\n\t\t\t\t<a href='https:\/\/www.djamilaribeiro.com.br\/fr\/djamila-ribeiro-lugar-de-fala-belem-edition-augmentee-dedicaces\/tce-pa-2\/'><img width=\"1024\" height=\"681\" src=\"https:\/\/www.djamilaribeiro.com.br\/wp-content\/uploads\/2026\/08\/TCE-PA-1024x681.jpeg\" class=\"attachment-large size-large\" alt=\"\" decoding=\"async\" loading=\"lazy\" srcset=\"https:\/\/www.djamilaribeiro.com.br\/wp-content\/uploads\/2026\/08\/TCE-PA-1024x681.jpeg 1024w, https:\/\/www.djamilaribeiro.com.br\/wp-content\/uploads\/2026\/08\/TCE-PA-300x200.jpeg 300w, https:\/\/www.djamilaribeiro.com.br\/wp-content\/uploads\/2026\/08\/TCE-PA-768x511.jpeg 768w, https:\/\/www.djamilaribeiro.com.br\/wp-content\/uploads\/2026\/08\/TCE-PA.jpeg 1512w\" sizes=\"(max-width: 1024px) 100vw, 1024px\" \/><\/a>\n\t\t\t<\/dt><\/dl><br style=\"clear: both\" \/>\n\t\t<\/div>\n\n<p dir=\"ltr\">Cette initiative s&#8217;inscrit dans la politique d&#8217;\u00e9quit\u00e9 raciale mise en \u0153uvre par l&#8217;institution, qui a cr\u00e9\u00e9 en 2024 le Pacto Interinstitucional Pr\u00f3-Equidade Racial (Pacte interinstitutionnel pour l&#8217;\u00e9quit\u00e9 raciale). Celui-ci vise \u00e0 mobiliser des institutions publiques et priv\u00e9es autour d&#8217;actions destin\u00e9es \u00e0 lutter contre les discriminations et les in\u00e9galit\u00e9s raciales.<\/p>\n<p dir=\"ltr\">Coordonn\u00e9 par l&#8217;Escola de Contas Alberto Veloso (ECAV), l&#8217;\u00c9cole des comptes Alberto Veloso, le pacte mise sur la formation, le partage d&#8217;exp\u00e9riences et la diffusion de pratiques antiracistes \u2014 autant d&#8217;axes qui s&#8217;inscrivent \u00e9galement dans la mission p\u00e9dagogique et d&#8217;accompagnement du Tribunal.<\/p>\n<p dir=\"ltr\"><em>Traduit par IA<\/em><\/p>\n","protected":false},"excerpt":{"rendered":"<p>La rencontre avec le public s&#8217;est tenue \u00e0 la Livraria Leitura, au Boulevard Shopping Bel\u00e9m Bel\u00e9m a accueilli, mardi 25 au soir, la philosophe et \u00e9crivaine Djamila Ribeiro \u00e0 l&#8217;occasion de la pr\u00e9sentation de la nouvelle \u00e9dition de Lugar de Fala (place de la parole). D\u00e8s le d\u00e9but de la rencontre, Djamila a remerci\u00e9 le [&hellip;]<\/p>\n","protected":false},"author":1,"featured_media":6301,"comment_status":"open","ping_status":"open","sticky":false,"template":"","format":"standard","meta":{"inline_featured_image":false},"categories":[785],"tags":[2140,2371,2417,2418,2009,969,939,1429,1237,2419,971],"acf":[],"yoast_head":"<!-- This site is optimized with the Yoast SEO plugin v20.5 - https:\/\/yoast.com\/wordpress\/plugins\/seo\/ -->\n<title>Djamila Ribeiro pr\u00e9sente \u00e0 Bel\u00e9m l&#039;\u00e9dition augment\u00e9e de \u00ab Lugar de Fala \u00bb lors d&#039;une soir\u00e9e de d\u00e9dicaces tr\u00e8s suivie - Djamila Ribeiro<\/title>\n<meta name=\"description\" content=\"Djamila Ribeiro a lanc\u00e9 l&#039;\u00e9dition augment\u00e9e de Lugar de Fala \u00e0 Bel\u00e9m, lors d&#039;une s\u00e9ance de d\u00e9dicaces tr\u00e8s suivie au Boulevard Shopping.\" \/>\n<meta name=\"robots\" content=\"index, follow, max-snippet:-1, max-image-preview:large, max-video-preview:-1\" \/>\n<link rel=\"canonical\" href=\"https:\/\/www.djamilaribeiro.com.br\/fr\/djamila-ribeiro-lugar-de-fala-belem-edition-augmentee-dedicaces\/\" \/>\n<meta property=\"og:locale\" content=\"pt_BR\" \/>\n<meta property=\"og:type\" content=\"article\" \/>\n<meta property=\"og:title\" content=\"Djamila Ribeiro pr\u00e9sente \u00e0 Bel\u00e9m l&#039;\u00e9dition augment\u00e9e de \u00ab Lugar de Fala \u00bb lors d&#039;une soir\u00e9e de d\u00e9dicaces tr\u00e8s suivie - Djamila Ribeiro\" \/>\n<meta property=\"og:description\" content=\"Djamila Ribeiro a lanc\u00e9 l&#039;\u00e9dition augment\u00e9e de Lugar de Fala \u00e0 Bel\u00e9m, lors d&#039;une s\u00e9ance de d\u00e9dicaces tr\u00e8s suivie au Boulevard Shopping.\" \/>\n<meta property=\"og:url\" content=\"https:\/\/www.djamilaribeiro.com.br\/fr\/djamila-ribeiro-lugar-de-fala-belem-edition-augmentee-dedicaces\/\" \/>\n<meta property=\"og:site_name\" content=\"Djamila Ribeiro\" \/>\n<meta property=\"article:published_time\" content=\"2026-08-27T17:56:21+00:00\" \/>\n<meta property=\"article:modified_time\" content=\"2026-08-27T19:03:06+00:00\" \/>\n<meta property=\"og:image\" content=\"https:\/\/www.djamilaribeiro.com.br\/wp-content\/uploads\/2026\/08\/Djamila-1-scaled.jpg\" \/>\n\t<meta property=\"og:image:width\" content=\"2560\" \/>\n\t<meta property=\"og:image:height\" content=\"1709\" \/>\n\t<meta property=\"og:image:type\" content=\"image\/jpeg\" \/>\n<meta name=\"author\" content=\"Reda\u00e7\u00e3o\" \/>\n<meta name=\"twitter:card\" content=\"summary_large_image\" \/>\n<meta name=\"twitter:label1\" content=\"Escrito por\" \/>\n\t<meta name=\"twitter:data1\" content=\"Reda\u00e7\u00e3o\" \/>\n\t<meta name=\"twitter:label2\" content=\"Est. tempo de leitura\" \/>\n\t<meta name=\"twitter:data2\" content=\"3 minutos\" \/>\n<script type=\"application\/ld+json\" class=\"yoast-schema-graph\">{\"@context\":\"https:\/\/schema.org\",\"@graph\":[{\"@type\":\"WebPage\",\"@id\":\"https:\/\/www.djamilaribeiro.com.br\/fr\/djamila-ribeiro-lugar-de-fala-belem-edition-augmentee-dedicaces\/\",\"url\":\"https:\/\/www.djamilaribeiro.com.br\/fr\/djamila-ribeiro-lugar-de-fala-belem-edition-augmentee-dedicaces\/\",\"name\":\"Djamila Ribeiro pr\u00e9sente \u00e0 Bel\u00e9m l'\u00e9dition augment\u00e9e de \u00ab Lugar de Fala \u00bb lors d'une soir\u00e9e de d\u00e9dicaces tr\u00e8s suivie - Djamila Ribeiro\",\"isPartOf\":{\"@id\":\"https:\/\/www.djamilaribeiro.com.br\/#website\"},\"datePublished\":\"2026-08-27T17:56:21+00:00\",\"dateModified\":\"2026-08-27T19:03:06+00:00\",\"author\":{\"@id\":\"https:\/\/www.djamilaribeiro.com.br\/#\/schema\/person\/a928f404cf733e4c62686bedd437b9ee\"},\"description\":\"Djamila Ribeiro a lanc\u00e9 l'\u00e9dition augment\u00e9e de Lugar de Fala \u00e0 Bel\u00e9m, lors d'une s\u00e9ance de d\u00e9dicaces tr\u00e8s suivie au Boulevard Shopping.\",\"breadcrumb\":{\"@id\":\"https:\/\/www.djamilaribeiro.com.br\/fr\/djamila-ribeiro-lugar-de-fala-belem-edition-augmentee-dedicaces\/#breadcrumb\"},\"inLanguage\":\"pt-BR\",\"potentialAction\":[{\"@type\":\"ReadAction\",\"target\":[\"https:\/\/www.djamilaribeiro.com.br\/fr\/djamila-ribeiro-lugar-de-fala-belem-edition-augmentee-dedicaces\/\"]}]},{\"@type\":\"BreadcrumbList\",\"@id\":\"https:\/\/www.djamilaribeiro.com.br\/fr\/djamila-ribeiro-lugar-de-fala-belem-edition-augmentee-dedicaces\/#breadcrumb\",\"itemListElement\":[{\"@type\":\"ListItem\",\"position\":1,\"name\":\"In\u00edcio\",\"item\":\"https:\/\/www.djamilaribeiro.com.br\/fr\/\"},{\"@type\":\"ListItem\",\"position\":2,\"name\":\"Djamila Ribeiro pr\u00e9sente \u00e0 Bel\u00e9m l&#8217;\u00e9dition augment\u00e9e de \u00ab Lugar de Fala \u00bb lors d&#8217;une soir\u00e9e de d\u00e9dicaces tr\u00e8s suivie\"}]},{\"@type\":\"WebSite\",\"@id\":\"https:\/\/www.djamilaribeiro.com.br\/#website\",\"url\":\"https:\/\/www.djamilaribeiro.com.br\/\",\"name\":\"Djamila Ribeiro\",\"description\":\"\",\"potentialAction\":[{\"@type\":\"SearchAction\",\"target\":{\"@type\":\"EntryPoint\",\"urlTemplate\":\"https:\/\/www.djamilaribeiro.com.br\/?s={search_term_string}\"},\"query-input\":\"required name=search_term_string\"}],\"inLanguage\":\"pt-BR\"},{\"@type\":\"Person\",\"@id\":\"https:\/\/www.djamilaribeiro.com.br\/#\/schema\/person\/a928f404cf733e4c62686bedd437b9ee\",\"name\":\"Reda\u00e7\u00e3o\",\"image\":{\"@type\":\"ImageObject\",\"inLanguage\":\"pt-BR\",\"@id\":\"https:\/\/www.djamilaribeiro.com.br\/#\/schema\/person\/image\/\",\"url\":\"https:\/\/secure.gravatar.com\/avatar\/e22ea52208b383d899430021cb4ecf26?s=96&d=mm&r=g\",\"contentUrl\":\"https:\/\/secure.gravatar.com\/avatar\/e22ea52208b383d899430021cb4ecf26?s=96&d=mm&r=g\",\"caption\":\"Reda\u00e7\u00e3o\"},\"sameAs\":[\"https:\/\/localhost\"],\"url\":\"https:\/\/www.djamilaribeiro.com.br\/fr\/author\/djamila\/\"}]}<\/script>\n<!-- \/ Yoast SEO plugin. -->","yoast_head_json":{"title":"Djamila Ribeiro pr\u00e9sente \u00e0 Bel\u00e9m l'\u00e9dition augment\u00e9e de \u00ab Lugar de Fala \u00bb lors d'une soir\u00e9e de d\u00e9dicaces tr\u00e8s suivie - Djamila Ribeiro","description":"Djamila Ribeiro a lanc\u00e9 l'\u00e9dition augment\u00e9e de Lugar de Fala \u00e0 Bel\u00e9m, lors d'une s\u00e9ance de d\u00e9dicaces tr\u00e8s suivie au Boulevard Shopping.","robots":{"index":"index","follow":"follow","max-snippet":"max-snippet:-1","max-image-preview":"max-image-preview:large","max-video-preview":"max-video-preview:-1"},"canonical":"https:\/\/www.djamilaribeiro.com.br\/fr\/djamila-ribeiro-lugar-de-fala-belem-edition-augmentee-dedicaces\/","og_locale":"pt_BR","og_type":"article","og_title":"Djamila Ribeiro pr\u00e9sente \u00e0 Bel\u00e9m l'\u00e9dition augment\u00e9e de \u00ab Lugar de Fala \u00bb lors d'une soir\u00e9e de d\u00e9dicaces tr\u00e8s suivie - Djamila Ribeiro","og_description":"Djamila Ribeiro a lanc\u00e9 l'\u00e9dition augment\u00e9e de Lugar de Fala \u00e0 Bel\u00e9m, lors d'une s\u00e9ance de d\u00e9dicaces tr\u00e8s suivie au Boulevard Shopping.","og_url":"https:\/\/www.djamilaribeiro.com.br\/fr\/djamila-ribeiro-lugar-de-fala-belem-edition-augmentee-dedicaces\/","og_site_name":"Djamila Ribeiro","article_published_time":"2026-08-27T17:56:21+00:00","article_modified_time":"2026-08-27T19:03:06+00:00","og_image":[{"width":2560,"height":1709,"url":"https:\/\/www.djamilaribeiro.com.br\/wp-content\/uploads\/2026\/08\/Djamila-1-scaled.jpg","type":"image\/jpeg"}],"author":"Reda\u00e7\u00e3o","twitter_card":"summary_large_image","twitter_misc":{"Escrito por":"Reda\u00e7\u00e3o","Est. tempo de leitura":"3 minutos"},"schema":{"@context":"https:\/\/schema.org","@graph":[{"@type":"WebPage","@id":"https:\/\/www.djamilaribeiro.com.br\/fr\/djamila-ribeiro-lugar-de-fala-belem-edition-augmentee-dedicaces\/","url":"https:\/\/www.djamilaribeiro.com.br\/fr\/djamila-ribeiro-lugar-de-fala-belem-edition-augmentee-dedicaces\/","name":"Djamila Ribeiro pr\u00e9sente \u00e0 Bel\u00e9m l'\u00e9dition augment\u00e9e de \u00ab Lugar de Fala \u00bb lors d'une soir\u00e9e de d\u00e9dicaces tr\u00e8s suivie - Djamila Ribeiro","isPartOf":{"@id":"https:\/\/www.djamilaribeiro.com.br\/#website"},"datePublished":"2026-08-27T17:56:21+00:00","dateModified":"2026-08-27T19:03:06+00:00","author":{"@id":"https:\/\/www.djamilaribeiro.com.br\/#\/schema\/person\/a928f404cf733e4c62686bedd437b9ee"},"description":"Djamila Ribeiro a lanc\u00e9 l'\u00e9dition augment\u00e9e de Lugar de Fala \u00e0 Bel\u00e9m, lors d'une s\u00e9ance de d\u00e9dicaces tr\u00e8s suivie au Boulevard Shopping.","breadcrumb":{"@id":"https:\/\/www.djamilaribeiro.com.br\/fr\/djamila-ribeiro-lugar-de-fala-belem-edition-augmentee-dedicaces\/#breadcrumb"},"inLanguage":"pt-BR","potentialAction":[{"@type":"ReadAction","target":["https:\/\/www.djamilaribeiro.com.br\/fr\/djamila-ribeiro-lugar-de-fala-belem-edition-augmentee-dedicaces\/"]}]},{"@type":"BreadcrumbList","@id":"https:\/\/www.djamilaribeiro.com.br\/fr\/djamila-ribeiro-lugar-de-fala-belem-edition-augmentee-dedicaces\/#breadcrumb","itemListElement":[{"@type":"ListItem","position":1,"name":"In\u00edcio","item":"https:\/\/www.djamilaribeiro.com.br\/fr\/"},{"@type":"ListItem","position":2,"name":"Djamila Ribeiro pr\u00e9sente \u00e0 Bel\u00e9m l&#8217;\u00e9dition augment\u00e9e de \u00ab Lugar de Fala \u00bb lors d&#8217;une soir\u00e9e de d\u00e9dicaces tr\u00e8s suivie"}]},{"@type":"WebSite","@id":"https:\/\/www.djamilaribeiro.com.br\/#website","url":"https:\/\/www.djamilaribeiro.com.br\/","name":"Djamila Ribeiro","description":"","potentialAction":[{"@type":"SearchAction","target":{"@type":"EntryPoint","urlTemplate":"https:\/\/www.djamilaribeiro.com.br\/?s={search_term_string}"},"query-input":"required name=search_term_string"}],"inLanguage":"pt-BR"},{"@type":"Person","@id":"https:\/\/www.djamilaribeiro.com.br\/#\/schema\/person\/a928f404cf733e4c62686bedd437b9ee","name":"Reda\u00e7\u00e3o","image":{"@type":"ImageObject","inLanguage":"pt-BR","@id":"https:\/\/www.djamilaribeiro.com.br\/#\/schema\/person\/image\/","url":"https:\/\/secure.gravatar.com\/avatar\/e22ea52208b383d899430021cb4ecf26?s=96&d=mm&r=g","contentUrl":"https:\/\/secure.gravatar.com\/avatar\/e22ea52208b383d899430021cb4ecf26?s=96&d=mm&r=g","caption":"Reda\u00e7\u00e3o"},"sameAs":["https:\/\/localhost"],"url":"https:\/\/www.djamilaribeiro.com.br\/fr\/author\/djamila\/"}]}},"amp_enabled":true,"_links":{"self":[{"href":"https:\/\/www.djamilaribeiro.com.br\/fr\/wp-json\/wp\/v2\/posts\/6342"}],"collection":[{"href":"https:\/\/www.djamilaribeiro.com.br\/fr\/wp-json\/wp\/v2\/posts"}],"about":[{"href":"https:\/\/www.djamilaribeiro.com.br\/fr\/wp-json\/wp\/v2\/types\/post"}],"author":[{"embeddable":true,"href":"https:\/\/www.djamilaribeiro.com.br\/fr\/wp-json\/wp\/v2\/users\/1"}],"replies":[{"embeddable":true,"href":"https:\/\/www.djamilaribeiro.com.br\/fr\/wp-json\/wp\/v2\/comments?post=6342"}],"version-history":[{"count":3,"href":"https:\/\/www.djamilaribeiro.com.br\/fr\/wp-json\/wp\/v2\/posts\/6342\/revisions"}],"predecessor-version":[{"id":6359,"href":"https:\/\/www.djamilaribeiro.com.br\/fr\/wp-json\/wp\/v2\/posts\/6342\/revisions\/6359"}],"wp:featuredmedia":[{"embeddable":true,"href":"https:\/\/www.djamilaribeiro.com.br\/fr\/wp-json\/wp\/v2\/media\/6301"}],"wp:attachment":[{"href":"https:\/\/www.djamilaribeiro.com.br\/fr\/wp-json\/wp\/v2\/media?parent=6342"}],"wp:term":[{"taxonomy":"category","embeddable":true,"href":"https:\/\/www.djamilaribeiro.com.br\/fr\/wp-json\/wp\/v2\/categories?post=6342"},{"taxonomy":"post_tag","embeddable":true,"href":"https:\/\/www.djamilaribeiro.com.br\/fr\/wp-json\/wp\/v2\/tags?post=6342"}],"curies":[{"name":"wp","href":"https:\/\/api.w.org\/{rel}","templated":true}]}}