{"id":6352,"date":"2026-08-27T15:31:41","date_gmt":"2026-08-27T18:31:41","guid":{"rendered":"https:\/\/www.djamilaribeiro.com.br\/djamila-ribeiro-encerra-agosto-no-espirito-santo-com-debate-sobre-educacao-antirracista-e-sessao-de-autografos\/"},"modified":"2026-08-27T15:41:02","modified_gmt":"2026-08-27T18:41:02","slug":"djamila-ribeiro-encerra-agosto-no-espirito-santo-com-debate-sobre-educacao-antirracista-e-sessao-de-autografos","status":"publish","type":"post","link":"https:\/\/www.djamilaribeiro.com.br\/fr\/djamila-ribeiro-encerra-agosto-no-espirito-santo-com-debate-sobre-educacao-antirracista-e-sessao-de-autografos\/","title":{"rendered":"Djamila Ribeiro encerra agosto no Esp\u00edrito Santo com debate sobre educa\u00e7\u00e3o antirracista e sess\u00e3o de aut\u00f3grafos"},"content":{"rendered":"<p class=\"PDq2pG_selectionAnchorContainer\" data-start=\"115\" data-end=\"536\"><strong data-start=\"115\" data-end=\"134\">Djamila Ribeiro<\/strong> encerra o m\u00eas de agosto com dois compromissos p\u00fablicos no Esp\u00edrito Santo. Neste s\u00e1bado, 29, \u00e0s 9h, ela participa do Sapion Summit, em Colatina, com a palestra <strong data-start=\"287\" data-end=\"349\">\u201cLugar de fala e educa\u00e7\u00e3o para as rela\u00e7\u00f5es \u00e9tnico-raciais\u201d<\/strong>, seguida de sess\u00e3o de aut\u00f3grafos.<\/p>\n<p class=\"PDq2pG_selectionAnchorContainer\" data-start=\"115\" data-end=\"536\">Na segunda-feira, 31, \u00e0s 19h, Djamila encontra leitores na Livraria Leitura, no Shopping Vit\u00f3ria, para autografar a nova edi\u00e7\u00e3o de <em data-start=\"520\" data-end=\"535\">Lugar de fala<\/em>.<\/p>\n<p data-start=\"538\" data-end=\"1015\">A passagem marca os primeiros eventos p\u00fablicos de Djamila no estado desde a publica\u00e7\u00e3o da primeira edi\u00e7\u00e3o de <em>Lugar de Fala<\/em>, em 2017.<\/p>\n<p data-start=\"538\" data-end=\"1015\">Tamb\u00e9m ser\u00e1 a primeira vez da fil\u00f3sofa brasileira em Colatina: o Sapion Summit \u00e9 o maior congresso de educa\u00e7\u00e3o do Esp\u00edrito Santo ser\u00e1 realizado na Arena North Star.<\/p>\n<p data-start=\"538\" data-end=\"1015\">Ao anunciar os eventos, no Instagram, Djamila celebrou a volta ao estado:<\/p>\n<blockquote>\n<p data-start=\"538\" data-end=\"1015\">\u201cEstou muito feliz com esse reencontro e espero voc\u00eas para conversarmos e nos abra\u00e7armos!\u201d, postou.<\/p>\n<\/blockquote>\n<p data-start=\"1017\" data-end=\"1539\">O tema escolhido para a palestra em Colatina dialoga com pontos centrais da produ\u00e7\u00e3o intelectual de Djamila: as condi\u00e7\u00f5es sociais que posicionam diferentes grupos nas rela\u00e7\u00f5es de poder.<\/p>\n<p data-start=\"1017\" data-end=\"1539\">O debate n\u00e3o se reduz \u00e0 experi\u00eancia individual nem determina quem est\u00e1 ou n\u00e3o autorizado a falar. Trata-se de compreender como a estrutura social amplia ou restringe acesso, legitimidade, visibilidade e participa\u00e7\u00e3o na vida p\u00fablica.<\/p>\n<p data-start=\"1541\" data-end=\"1973\">Aplicada \u00e0 educa\u00e7\u00e3o, essa perspectiva permite perguntar quais conhecimentos chegam \u00e0s salas de aula, quem aparece como produtor de pensamento e quais trajet\u00f3rias foram historicamente colocadas \u00e0 margem dos curr\u00edculos.<\/p>\n<p data-start=\"1541\" data-end=\"1973\">Em sua obra, a fil\u00f3sofa relaciona a diversidade de perspectivas \u00e0 ruptura de uma vis\u00e3o universal que toma determinadas experi\u00eancias como regra enquanto transforma outras em exce\u00e7\u00e3o.<\/p>\n<p data-start=\"1975\" data-end=\"2560\">No <em>Pequeno manual antirracista<\/em>, Djamila aborda a educa\u00e7\u00e3o como parte concreta da pr\u00e1tica antirracista e destaca a import\u00e2ncia da Lei 10.639\/2003, que alterou a Lei de Diretrizes e Bases da Educa\u00e7\u00e3o para incluir a obrigatoriedade do ensino da hist\u00f3ria africana e afro-brasileira.<\/p>\n<p data-start=\"1975\" data-end=\"2560\">O argumento vai al\u00e9m da inclus\u00e3o de conte\u00fados no curr\u00edculo: um ensino que valorize diferentes exist\u00eancias e referencie positivamente a popula\u00e7\u00e3o negra contribui para a constru\u00e7\u00e3o das subjetividades, questiona vis\u00f5es hierarquizadas da cultura negra e ajuda a enfrentar desigualdades.<\/p>\n<h4 data-start=\"1975\" data-end=\"2560\">Em Vit\u00f3ria<\/h4>\n<p data-start=\"2979\" data-end=\"3418\">No dia 31, o lan\u00e7amento da nova edi\u00e7\u00e3o de <em>Lugar de Fala<\/em>, seguido de sess\u00e3o de sess\u00e3o de aut\u00f3grafos, ser\u00e1 realizado \u00e0s 19h na Livraria Leitura do Shopping Vit\u00f3ria, na Avenida Am\u00e9rico Buaiz, 200, Enseada do Su\u00e1.<\/p>\n<p data-start=\"3420\" data-end=\"3893\">A passagem pelo Esp\u00edrito Santo, nove anos depois, articula tr\u00eas dimens\u00f5es que atravessam a trajet\u00f3ria de Djamila Ribeiro: circula\u00e7\u00e3o de pensamento, forma\u00e7\u00e3o cr\u00edtica e encontro com o p\u00fablico.<\/p>\n<blockquote class=\"instagram-media\" style=\"background: #FFF; border: 0; border-radius: 3px; box-shadow: 0 0 1px 0 rgba(0,0,0,0.5),0 1px 10px 0 rgba(0,0,0,0.15); margin: 1px; max-width: 540px; min-width: 326px; padding: 0; width: calc(100% - 2px);\" data-instgrm-captioned=\"\" data-instgrm-permalink=\"https:\/\/www.instagram.com\/p\/DcR4zFWEWFe\/?utm_source=ig_embed&amp;utm_campaign=loading\" data-instgrm-version=\"14\">\n<div style=\"padding: 16px;\">\n<p>&nbsp;<\/p>\n<div style=\"display: flex; flex-direction: row; align-items: center;\">\n<div style=\"background-color: #f4f4f4; border-radius: 50%; flex-grow: 0; height: 40px; margin-right: 14px; width: 40px;\"><\/div>\n<div style=\"display: flex; flex-direction: column; flex-grow: 1; justify-content: center;\">\n<div style=\"background-color: #f4f4f4; border-radius: 4px; flex-grow: 0; height: 14px; margin-bottom: 6px; width: 100px;\"><\/div>\n<div style=\"background-color: #f4f4f4; border-radius: 4px; flex-grow: 0; height: 14px; width: 60px;\"><\/div>\n<\/div>\n<\/div>\n<div style=\"padding: 19% 0;\"><\/div>\n<div style=\"display: block; height: 50px; margin: 0 auto 12px; width: 50px;\"><\/div>\n<div style=\"padding-top: 8px;\">\n<div style=\"color: #3897f0; font-family: Arial,sans-serif; font-size: 14px; font-style: normal; font-weight: 550; line-height: 18px;\">Ver essa foto no Instagram<\/div>\n<\/div>\n<div style=\"padding: 12.5% 0;\"><\/div>\n<div style=\"display: flex; flex-direction: row; margin-bottom: 14px; align-items: center;\">\n<div>\n<div style=\"background-color: #f4f4f4; border-radius: 50%; height: 12.5px; width: 12.5px; transform: translateX(0px) translateY(7px);\"><\/div>\n<div style=\"background-color: #f4f4f4; height: 12.5px; transform: rotate(-45deg) translateX(3px) translateY(1px); width: 12.5px; flex-grow: 0; margin-right: 14px; margin-left: 2px;\"><\/div>\n<div style=\"background-color: #f4f4f4; border-radius: 50%; height: 12.5px; width: 12.5px; transform: translateX(9px) translateY(-18px);\"><\/div>\n<\/div>\n<div style=\"margin-left: 8px;\">\n<div style=\"background-color: #f4f4f4; border-radius: 50%; flex-grow: 0; height: 20px; width: 20px;\"><\/div>\n<div style=\"width: 0; height: 0; border-top: 2px solid transparent; border-left: 6px solid #f4f4f4; border-bottom: 2px solid transparent; transform: translateX(16px) translateY(-4px) rotate(30deg);\"><\/div>\n<\/div>\n<div style=\"margin-left: auto;\">\n<div style=\"width: 0px; border-top: 8px solid #F4F4F4; border-right: 8px solid transparent; transform: translateY(16px);\"><\/div>\n<div style=\"background-color: #f4f4f4; flex-grow: 0; height: 12px; width: 16px; transform: translateY(-4px);\"><\/div>\n<div style=\"width: 0; height: 0; border-top: 8px solid #F4F4F4; border-left: 8px solid transparent; transform: translateY(-4px) translateX(8px);\"><\/div>\n<\/div>\n<\/div>\n<div style=\"display: flex; flex-direction: column; flex-grow: 1; justify-content: center; margin-bottom: 24px;\">\n<div style=\"background-color: #f4f4f4; border-radius: 4px; flex-grow: 0; height: 14px; margin-bottom: 6px; width: 224px;\"><\/div>\n<div style=\"background-color: #f4f4f4; border-radius: 4px; flex-grow: 0; height: 14px; width: 144px;\"><\/div>\n<\/div>\n<p>&nbsp;<\/p>\n<p style=\"color: #c9c8cd; font-family: Arial,sans-serif; font-size: 14px; line-height: 17px; margin-bottom: 0; margin-top: 8px; overflow: hidden; padding: 8px 0 7px; text-align: center; text-overflow: ellipsis; white-space: nowrap;\"><a style=\"color: #c9c8cd; font-family: Arial,sans-serif; font-size: 14px; font-style: normal; font-weight: normal; line-height: 17px; text-decoration: none;\" href=\"https:\/\/www.instagram.com\/p\/DcR4zFWEWFe\/?utm_source=ig_embed&amp;utm_campaign=loading\" target=\"_blank\" rel=\"noopener\">Um post compartilhado por Djamila Ribeiro (@djamilaribeiro1)<\/a><\/p>\n<\/div>\n<\/blockquote>\n<p><script async src=\"\/\/www.instagram.com\/embed.js\"><\/script><\/p>\n","protected":false},"excerpt":{"rendered":"<p>Djamila Ribeiro encerra o m\u00eas de agosto com dois compromissos p\u00fablicos no Esp\u00edrito Santo. Neste s\u00e1bado, 29, \u00e0s 9h, ela participa do Sapion Summit, em Colatina, com a palestra \u201cLugar de fala e educa\u00e7\u00e3o para as rela\u00e7\u00f5es \u00e9tnico-raciais\u201d, seguida de sess\u00e3o de aut\u00f3grafos. Na segunda-feira, 31, \u00e0s 19h, Djamila encontra leitores na Livraria Leitura, no [&hellip;]<\/p>\n","protected":false},"author":1,"featured_media":6348,"comment_status":"open","ping_status":"open","sticky":false,"template":"","format":"standard","meta":{"inline_featured_image":false},"categories":[785],"tags":[2430,969,2406,2431,1429,2432,971,2433,2434,2435],"acf":[],"yoast_head":"<!-- This site is optimized with the Yoast SEO plugin v20.5 - https:\/\/yoast.com\/wordpress\/plugins\/seo\/ -->\n<title>Djamila Ribeiro encerra agosto no Esp\u00edrito Santo com debate sobre educa\u00e7\u00e3o antirracista e sess\u00e3o de aut\u00f3grafos - Djamila Ribeiro<\/title>\n<meta name=\"description\" content=\"Com passagem por Colatina e Vit\u00f3ria, Djamila conecta forma\u00e7\u00e3o cr\u00edtica e encontro com leitores no Esp\u00edrito Santo.\" \/>\n<meta name=\"robots\" content=\"index, follow, max-snippet:-1, max-image-preview:large, max-video-preview:-1\" \/>\n<link rel=\"canonical\" href=\"https:\/\/www.djamilaribeiro.com.br\/fr\/djamila-ribeiro-encerra-agosto-no-espirito-santo-com-debate-sobre-educacao-antirracista-e-sessao-de-autografos\/\" \/>\n<meta property=\"og:locale\" content=\"pt_BR\" \/>\n<meta property=\"og:type\" content=\"article\" \/>\n<meta property=\"og:title\" content=\"Djamila Ribeiro encerra agosto no Esp\u00edrito Santo com debate sobre educa\u00e7\u00e3o antirracista e sess\u00e3o de aut\u00f3grafos - Djamila Ribeiro\" \/>\n<meta property=\"og:description\" content=\"Com passagem por Colatina e Vit\u00f3ria, Djamila conecta forma\u00e7\u00e3o cr\u00edtica e encontro com leitores no Esp\u00edrito Santo.\" \/>\n<meta property=\"og:url\" content=\"https:\/\/www.djamilaribeiro.com.br\/fr\/djamila-ribeiro-encerra-agosto-no-espirito-santo-com-debate-sobre-educacao-antirracista-e-sessao-de-autografos\/\" \/>\n<meta property=\"og:site_name\" content=\"Djamila Ribeiro\" \/>\n<meta property=\"article:published_time\" content=\"2026-08-27T18:31:41+00:00\" \/>\n<meta property=\"article:modified_time\" content=\"2026-08-27T18:41:02+00:00\" \/>\n<meta property=\"og:image\" content=\"https:\/\/www.djamilaribeiro.com.br\/wp-content\/uploads\/2026\/08\/ES_1.png\" \/>\n\t<meta property=\"og:image:width\" content=\"568\" \/>\n\t<meta property=\"og:image:height\" content=\"800\" \/>\n\t<meta property=\"og:image:type\" content=\"image\/png\" \/>\n<meta name=\"author\" content=\"Reda\u00e7\u00e3o\" \/>\n<meta name=\"twitter:card\" content=\"summary_large_image\" \/>\n<meta name=\"twitter:label1\" content=\"Escrito por\" \/>\n\t<meta name=\"twitter:data1\" content=\"Reda\u00e7\u00e3o\" \/>\n\t<meta name=\"twitter:label2\" content=\"Est. tempo de leitura\" \/>\n\t<meta name=\"twitter:data2\" content=\"3 minutos\" \/>\n<script type=\"application\/ld+json\" class=\"yoast-schema-graph\">{\"@context\":\"https:\/\/schema.org\",\"@graph\":[{\"@type\":\"WebPage\",\"@id\":\"https:\/\/www.djamilaribeiro.com.br\/fr\/djamila-ribeiro-encerra-agosto-no-espirito-santo-com-debate-sobre-educacao-antirracista-e-sessao-de-autografos\/\",\"url\":\"https:\/\/www.djamilaribeiro.com.br\/fr\/djamila-ribeiro-encerra-agosto-no-espirito-santo-com-debate-sobre-educacao-antirracista-e-sessao-de-autografos\/\",\"name\":\"Djamila Ribeiro encerra agosto no Esp\u00edrito Santo com debate sobre educa\u00e7\u00e3o antirracista e sess\u00e3o de aut\u00f3grafos - Djamila Ribeiro\",\"isPartOf\":{\"@id\":\"https:\/\/www.djamilaribeiro.com.br\/#website\"},\"datePublished\":\"2026-08-27T18:31:41+00:00\",\"dateModified\":\"2026-08-27T18:41:02+00:00\",\"author\":{\"@id\":\"https:\/\/www.djamilaribeiro.com.br\/#\/schema\/person\/a928f404cf733e4c62686bedd437b9ee\"},\"description\":\"Com passagem por Colatina e Vit\u00f3ria, Djamila conecta forma\u00e7\u00e3o cr\u00edtica e encontro com leitores no Esp\u00edrito Santo.\",\"breadcrumb\":{\"@id\":\"https:\/\/www.djamilaribeiro.com.br\/fr\/djamila-ribeiro-encerra-agosto-no-espirito-santo-com-debate-sobre-educacao-antirracista-e-sessao-de-autografos\/#breadcrumb\"},\"inLanguage\":\"pt-BR\",\"potentialAction\":[{\"@type\":\"ReadAction\",\"target\":[\"https:\/\/www.djamilaribeiro.com.br\/fr\/djamila-ribeiro-encerra-agosto-no-espirito-santo-com-debate-sobre-educacao-antirracista-e-sessao-de-autografos\/\"]}]},{\"@type\":\"BreadcrumbList\",\"@id\":\"https:\/\/www.djamilaribeiro.com.br\/fr\/djamila-ribeiro-encerra-agosto-no-espirito-santo-com-debate-sobre-educacao-antirracista-e-sessao-de-autografos\/#breadcrumb\",\"itemListElement\":[{\"@type\":\"ListItem\",\"position\":1,\"name\":\"In\u00edcio\",\"item\":\"https:\/\/www.djamilaribeiro.com.br\/fr\/\"},{\"@type\":\"ListItem\",\"position\":2,\"name\":\"Djamila Ribeiro encerra agosto no Esp\u00edrito Santo com debate sobre educa\u00e7\u00e3o antirracista e sess\u00e3o de aut\u00f3grafos\"}]},{\"@type\":\"WebSite\",\"@id\":\"https:\/\/www.djamilaribeiro.com.br\/#website\",\"url\":\"https:\/\/www.djamilaribeiro.com.br\/\",\"name\":\"Djamila Ribeiro\",\"description\":\"\",\"potentialAction\":[{\"@type\":\"SearchAction\",\"target\":{\"@type\":\"EntryPoint\",\"urlTemplate\":\"https:\/\/www.djamilaribeiro.com.br\/?s={search_term_string}\"},\"query-input\":\"required name=search_term_string\"}],\"inLanguage\":\"pt-BR\"},{\"@type\":\"Person\",\"@id\":\"https:\/\/www.djamilaribeiro.com.br\/#\/schema\/person\/a928f404cf733e4c62686bedd437b9ee\",\"name\":\"Reda\u00e7\u00e3o\",\"image\":{\"@type\":\"ImageObject\",\"inLanguage\":\"pt-BR\",\"@id\":\"https:\/\/www.djamilaribeiro.com.br\/#\/schema\/person\/image\/\",\"url\":\"https:\/\/secure.gravatar.com\/avatar\/e22ea52208b383d899430021cb4ecf26?s=96&d=mm&r=g\",\"contentUrl\":\"https:\/\/secure.gravatar.com\/avatar\/e22ea52208b383d899430021cb4ecf26?s=96&d=mm&r=g\",\"caption\":\"Reda\u00e7\u00e3o\"},\"sameAs\":[\"https:\/\/localhost\"],\"url\":\"https:\/\/www.djamilaribeiro.com.br\/fr\/author\/djamila\/\"}]}<\/script>\n<!-- \/ Yoast SEO plugin. -->","yoast_head_json":{"title":"Djamila Ribeiro encerra agosto no Esp\u00edrito Santo com debate sobre educa\u00e7\u00e3o antirracista e sess\u00e3o de aut\u00f3grafos - Djamila Ribeiro","description":"Com passagem por Colatina e Vit\u00f3ria, Djamila conecta forma\u00e7\u00e3o cr\u00edtica e encontro com leitores no Esp\u00edrito Santo.","robots":{"index":"index","follow":"follow","max-snippet":"max-snippet:-1","max-image-preview":"max-image-preview:large","max-video-preview":"max-video-preview:-1"},"canonical":"https:\/\/www.djamilaribeiro.com.br\/fr\/djamila-ribeiro-encerra-agosto-no-espirito-santo-com-debate-sobre-educacao-antirracista-e-sessao-de-autografos\/","og_locale":"pt_BR","og_type":"article","og_title":"Djamila Ribeiro encerra agosto no Esp\u00edrito Santo com debate sobre educa\u00e7\u00e3o antirracista e sess\u00e3o de aut\u00f3grafos - Djamila Ribeiro","og_description":"Com passagem por Colatina e Vit\u00f3ria, Djamila conecta forma\u00e7\u00e3o cr\u00edtica e encontro com leitores no Esp\u00edrito Santo.","og_url":"https:\/\/www.djamilaribeiro.com.br\/fr\/djamila-ribeiro-encerra-agosto-no-espirito-santo-com-debate-sobre-educacao-antirracista-e-sessao-de-autografos\/","og_site_name":"Djamila Ribeiro","article_published_time":"2026-08-27T18:31:41+00:00","article_modified_time":"2026-08-27T18:41:02+00:00","og_image":[{"width":568,"height":800,"url":"https:\/\/www.djamilaribeiro.com.br\/wp-content\/uploads\/2026\/08\/ES_1.png","type":"image\/png"}],"author":"Reda\u00e7\u00e3o","twitter_card":"summary_large_image","twitter_misc":{"Escrito por":"Reda\u00e7\u00e3o","Est. tempo de leitura":"3 minutos"},"schema":{"@context":"https:\/\/schema.org","@graph":[{"@type":"WebPage","@id":"https:\/\/www.djamilaribeiro.com.br\/fr\/djamila-ribeiro-encerra-agosto-no-espirito-santo-com-debate-sobre-educacao-antirracista-e-sessao-de-autografos\/","url":"https:\/\/www.djamilaribeiro.com.br\/fr\/djamila-ribeiro-encerra-agosto-no-espirito-santo-com-debate-sobre-educacao-antirracista-e-sessao-de-autografos\/","name":"Djamila Ribeiro encerra agosto no Esp\u00edrito Santo com debate sobre educa\u00e7\u00e3o antirracista e sess\u00e3o de aut\u00f3grafos - Djamila Ribeiro","isPartOf":{"@id":"https:\/\/www.djamilaribeiro.com.br\/#website"},"datePublished":"2026-08-27T18:31:41+00:00","dateModified":"2026-08-27T18:41:02+00:00","author":{"@id":"https:\/\/www.djamilaribeiro.com.br\/#\/schema\/person\/a928f404cf733e4c62686bedd437b9ee"},"description":"Com passagem por Colatina e Vit\u00f3ria, Djamila conecta forma\u00e7\u00e3o cr\u00edtica e encontro com leitores no Esp\u00edrito Santo.","breadcrumb":{"@id":"https:\/\/www.djamilaribeiro.com.br\/fr\/djamila-ribeiro-encerra-agosto-no-espirito-santo-com-debate-sobre-educacao-antirracista-e-sessao-de-autografos\/#breadcrumb"},"inLanguage":"pt-BR","potentialAction":[{"@type":"ReadAction","target":["https:\/\/www.djamilaribeiro.com.br\/fr\/djamila-ribeiro-encerra-agosto-no-espirito-santo-com-debate-sobre-educacao-antirracista-e-sessao-de-autografos\/"]}]},{"@type":"BreadcrumbList","@id":"https:\/\/www.djamilaribeiro.com.br\/fr\/djamila-ribeiro-encerra-agosto-no-espirito-santo-com-debate-sobre-educacao-antirracista-e-sessao-de-autografos\/#breadcrumb","itemListElement":[{"@type":"ListItem","position":1,"name":"In\u00edcio","item":"https:\/\/www.djamilaribeiro.com.br\/fr\/"},{"@type":"ListItem","position":2,"name":"Djamila Ribeiro encerra agosto no Esp\u00edrito Santo com debate sobre educa\u00e7\u00e3o antirracista e sess\u00e3o de aut\u00f3grafos"}]},{"@type":"WebSite","@id":"https:\/\/www.djamilaribeiro.com.br\/#website","url":"https:\/\/www.djamilaribeiro.com.br\/","name":"Djamila Ribeiro","description":"","potentialAction":[{"@type":"SearchAction","target":{"@type":"EntryPoint","urlTemplate":"https:\/\/www.djamilaribeiro.com.br\/?s={search_term_string}"},"query-input":"required name=search_term_string"}],"inLanguage":"pt-BR"},{"@type":"Person","@id":"https:\/\/www.djamilaribeiro.com.br\/#\/schema\/person\/a928f404cf733e4c62686bedd437b9ee","name":"Reda\u00e7\u00e3o","image":{"@type":"ImageObject","inLanguage":"pt-BR","@id":"https:\/\/www.djamilaribeiro.com.br\/#\/schema\/person\/image\/","url":"https:\/\/secure.gravatar.com\/avatar\/e22ea52208b383d899430021cb4ecf26?s=96&d=mm&r=g","contentUrl":"https:\/\/secure.gravatar.com\/avatar\/e22ea52208b383d899430021cb4ecf26?s=96&d=mm&r=g","caption":"Reda\u00e7\u00e3o"},"sameAs":["https:\/\/localhost"],"url":"https:\/\/www.djamilaribeiro.com.br\/fr\/author\/djamila\/"}]}},"amp_enabled":true,"_links":{"self":[{"href":"https:\/\/www.djamilaribeiro.com.br\/fr\/wp-json\/wp\/v2\/posts\/6352"}],"collection":[{"href":"https:\/\/www.djamilaribeiro.com.br\/fr\/wp-json\/wp\/v2\/posts"}],"about":[{"href":"https:\/\/www.djamilaribeiro.com.br\/fr\/wp-json\/wp\/v2\/types\/post"}],"author":[{"embeddable":true,"href":"https:\/\/www.djamilaribeiro.com.br\/fr\/wp-json\/wp\/v2\/users\/1"}],"replies":[{"embeddable":true,"href":"https:\/\/www.djamilaribeiro.com.br\/fr\/wp-json\/wp\/v2\/comments?post=6352"}],"version-history":[{"count":1,"href":"https:\/\/www.djamilaribeiro.com.br\/fr\/wp-json\/wp\/v2\/posts\/6352\/revisions"}],"predecessor-version":[{"id":6356,"href":"https:\/\/www.djamilaribeiro.com.br\/fr\/wp-json\/wp\/v2\/posts\/6352\/revisions\/6356"}],"wp:featuredmedia":[{"embeddable":true,"href":"https:\/\/www.djamilaribeiro.com.br\/fr\/wp-json\/wp\/v2\/media\/6348"}],"wp:attachment":[{"href":"https:\/\/www.djamilaribeiro.com.br\/fr\/wp-json\/wp\/v2\/media?parent=6352"}],"wp:term":[{"taxonomy":"category","embeddable":true,"href":"https:\/\/www.djamilaribeiro.com.br\/fr\/wp-json\/wp\/v2\/categories?post=6352"},{"taxonomy":"post_tag","embeddable":true,"href":"https:\/\/www.djamilaribeiro.com.br\/fr\/wp-json\/wp\/v2\/tags?post=6352"}],"curies":[{"name":"wp","href":"https:\/\/api.w.org\/{rel}","templated":true}]}}